{"id":33363,"date":"2024-10-04T07:55:14","date_gmt":"2024-10-04T11:55:14","guid":{"rendered":"https:\/\/conexion23.com\/?p=33363"},"modified":"2024-10-04T07:55:16","modified_gmt":"2024-10-04T11:55:16","slug":"el-general-wandy-made-visita-la-destileria-brugal","status":"publish","type":"post","link":"https:\/\/conexion23.com\/?p=33363","title":{"rendered":"El general Wandy Made visita La Destileria Brugal."},"content":{"rendered":"\n<p>El Director Regional Sureste, P.N., General Wandy M. Mad\u00e9 Montilla, realiz\u00f3 un recorrido de inspecci\u00f3n y supervisi\u00f3n junto a las dem\u00e1s instituciones de socorro y rescate, en la destiler\u00eda \u201cCasa Brugal\u201d ubicada en esta ciudad, tras generarse una implosion en unos de los tanques de vinaza de dicha empresa, a consecuencia de los gases que genera este producto, mientras realizaban trabajos de soldaduras por tecnicos de una empresa contratista.<\/p>\n\n\n\n<p>Le acompa\u00f1aron adem\u00e1s en el recorrido, el Ing. Roberto Peisner, Gerente de la empresa, la Licda. B\u00e9lgica M\u00e9ndez, encargada del dispensario m\u00e9dico de la misma.<\/p>\n\n\n\n<p>Los t\u00e9cnicos que realizaban dichos trabajos, quedaron atrapados en el tanque tras la implosion y posteriormente fueron encontrados sus cuerpos sin vida.<\/p>\n\n\n\n<p>Tras ocurrir el incidente, nuestros agentes de la Polic\u00eda Preventiva y del Dicrim junto al general Made Montilla, inmediatamente hicieron acto de presencia para establecer la seguridad en el \u00e1rea y brindar el apoyo necesario a las dem\u00e1s instituciones de emergencia presentes el referido lugar.<\/p>\n\n\n\n<p>La Polic\u00eda Nacional se solidariza y se une al dolor de las familias por el fallecimiento a destiempo de estos t\u00e9cnicos. Que lamentablemente perdieron sus vidas mientras realizaban su labor profesional.<\/p>\n\n\n\n<p>Desde esta direcci\u00f3n regional sureste de la Polic\u00eda Nacional nos unimos en su dolor por la perdida de sus familiares.<\/p>\n","protected":false},"excerpt":{"rendered":"<p>El Director Regional Sureste, P.N., General Wandy M. Mad\u00e9 Montilla, realiz\u00f3 un recorrido de inspecci\u00f3n y supervisi\u00f3n junto a las dem\u00e1s instituciones de socorro y rescate, en la destiler\u00eda \u201cCasa Brugal\u201d ubicada en esta ciudad, tras generarse una implosion en unos de los tanques de vinaza de dicha empresa, a consecuencia de los gases que [&hellip;]<\/p>\n","protected":false},"author":15,"featured_media":33364,"comment_status":"open","ping_status":"open","sticky":false,"template":"","format":"standard","meta":{"footnotes":""},"categories":[35],"tags":[],"class_list":{"0":"post-33363","1":"post","2":"type-post","3":"status-publish","4":"format-standard","5":"has-post-thumbnail","7":"category-spm"},"yoast_head":"<!-- This site is optimized with the Yoast SEO plugin v27.1.1 - https:\/\/yoast.com\/product\/yoast-seo-wordpress\/ -->\n<title>El general Wandy Made visita La Destileria Brugal. - Conexi\u00f3n 23<\/title>\n<meta name=\"robots\" content=\"index, follow, max-snippet:-1, max-image-preview:large, max-video-preview:-1\" \/>\n<link rel=\"canonical\" href=\"http:\/\/conexion23.com\/?p=33363\" \/>\n<meta property=\"og:locale\" content=\"es_ES\" \/>\n<meta property=\"og:type\" content=\"article\" \/>\n<meta property=\"og:title\" content=\"El general Wandy Made visita La Destileria Brugal. - Conexi\u00f3n 23\" \/>\n<meta property=\"og:description\" content=\"El Director Regional Sureste, P.N., General Wandy M. Mad\u00e9 Montilla, realiz\u00f3 un recorrido de inspecci\u00f3n y supervisi\u00f3n junto a las dem\u00e1s instituciones de socorro y rescate, en la destiler\u00eda \u201cCasa Brugal\u201d ubicada en esta ciudad, tras generarse una implosion en unos de los tanques de vinaza de dicha empresa, a consecuencia de los gases que [&hellip;]\" \/>\n<meta property=\"og:url\" content=\"http:\/\/conexion23.com\/?p=33363\" \/>\n<meta property=\"og:site_name\" content=\"Conexi\u00f3n 23\" \/>\n<meta property=\"article:publisher\" content=\"https:\/\/www.facebook.com\/conexion23com\" \/>\n<meta property=\"article:published_time\" content=\"2024-10-04T11:55:14+00:00\" \/>\n<meta property=\"article:modified_time\" content=\"2024-10-04T11:55:16+00:00\" \/>\n<meta property=\"og:image\" content=\"http:\/\/conexion23.com\/wp-content\/uploads\/2024\/10\/yhgyh.jpg\" \/>\n\t<meta property=\"og:image:width\" content=\"1236\" \/>\n\t<meta property=\"og:image:height\" content=\"960\" \/>\n\t<meta property=\"og:image:type\" content=\"image\/jpeg\" \/>\n<meta name=\"author\" content=\"Raffy Ben\u00edtez\" \/>\n<meta name=\"twitter:card\" content=\"summary_large_image\" \/>\n<meta name=\"twitter:label1\" content=\"Escrito por\" \/>\n\t<meta name=\"twitter:data1\" content=\"Raffy Ben\u00edtez\" \/>\n\t<meta name=\"twitter:label2\" content=\"Tiempo de lectura\" \/>\n\t<meta name=\"twitter:data2\" content=\"2 minutos\" \/>\n<script type=\"application\/ld+json\" class=\"yoast-schema-graph\">{\"@context\":\"https:\/\/schema.org\",\"@graph\":[{\"@type\":\"Article\",\"@id\":\"http:\/\/conexion23.com\/?p=33363#article\",\"isPartOf\":{\"@id\":\"http:\/\/conexion23.com\/?p=33363\"},\"author\":{\"name\":\"Raffy Ben\u00edtez\",\"@id\":\"https:\/\/conexion23.com\/#\/schema\/person\/03e36043331117e97a373299bbcd30a6\"},\"headline\":\"El general Wandy Made visita La Destileria Brugal.\",\"datePublished\":\"2024-10-04T11:55:14+00:00\",\"dateModified\":\"2024-10-04T11:55:16+00:00\",\"mainEntityOfPage\":{\"@id\":\"http:\/\/conexion23.com\/?p=33363\"},\"wordCount\":237,\"commentCount\":0,\"publisher\":{\"@id\":\"https:\/\/conexion23.com\/#organization\"},\"image\":{\"@id\":\"http:\/\/conexion23.com\/?p=33363#primaryimage\"},\"thumbnailUrl\":\"https:\/\/conexion23.com\/wp-content\/uploads\/2024\/10\/yhgyh.jpg\",\"articleSection\":[\"SPM\"],\"inLanguage\":\"es\",\"potentialAction\":[{\"@type\":\"CommentAction\",\"name\":\"Comment\",\"target\":[\"http:\/\/conexion23.com\/?p=33363#respond\"]}]},{\"@type\":\"WebPage\",\"@id\":\"http:\/\/conexion23.com\/?p=33363\",\"url\":\"http:\/\/conexion23.com\/?p=33363\",\"name\":\"El general Wandy Made visita La Destileria Brugal. - Conexi\u00f3n 23\",\"isPartOf\":{\"@id\":\"https:\/\/conexion23.com\/#website\"},\"primaryImageOfPage\":{\"@id\":\"http:\/\/conexion23.com\/?p=33363#primaryimage\"},\"image\":{\"@id\":\"http:\/\/conexion23.com\/?p=33363#primaryimage\"},\"thumbnailUrl\":\"https:\/\/conexion23.com\/wp-content\/uploads\/2024\/10\/yhgyh.jpg\",\"datePublished\":\"2024-10-04T11:55:14+00:00\",\"dateModified\":\"2024-10-04T11:55:16+00:00\",\"breadcrumb\":{\"@id\":\"http:\/\/conexion23.com\/?p=33363#breadcrumb\"},\"inLanguage\":\"es\",\"potentialAction\":[{\"@type\":\"ReadAction\",\"target\":[\"http:\/\/conexion23.com\/?p=33363\"]}]},{\"@type\":\"ImageObject\",\"inLanguage\":\"es\",\"@id\":\"http:\/\/conexion23.com\/?p=33363#primaryimage\",\"url\":\"https:\/\/conexion23.com\/wp-content\/uploads\/2024\/10\/yhgyh.jpg\",\"contentUrl\":\"https:\/\/conexion23.com\/wp-content\/uploads\/2024\/10\/yhgyh.jpg\",\"width\":1236,\"height\":960},{\"@type\":\"BreadcrumbList\",\"@id\":\"http:\/\/conexion23.com\/?p=33363#breadcrumb\",\"itemListElement\":[{\"@type\":\"ListItem\",\"position\":1,\"name\":\"Portada\",\"item\":\"https:\/\/conexion23.com\/\"},{\"@type\":\"ListItem\",\"position\":2,\"name\":\"El general Wandy Made visita La Destileria Brugal.\"}]},{\"@type\":\"WebSite\",\"@id\":\"https:\/\/conexion23.com\/#website\",\"url\":\"https:\/\/conexion23.com\/\",\"name\":\"Conexi\u00f3n 23\",\"description\":\"Peri\u00f3dico 100% Petromacorisano\",\"publisher\":{\"@id\":\"https:\/\/conexion23.com\/#organization\"},\"potentialAction\":[{\"@type\":\"SearchAction\",\"target\":{\"@type\":\"EntryPoint\",\"urlTemplate\":\"https:\/\/conexion23.com\/?s={search_term_string}\"},\"query-input\":{\"@type\":\"PropertyValueSpecification\",\"valueRequired\":true,\"valueName\":\"search_term_string\"}}],\"inLanguage\":\"es\"},{\"@type\":\"Organization\",\"@id\":\"https:\/\/conexion23.com\/#organization\",\"name\":\"Conexion 23\",\"url\":\"https:\/\/conexion23.com\/\",\"logo\":{\"@type\":\"ImageObject\",\"inLanguage\":\"es\",\"@id\":\"https:\/\/conexion23.com\/#\/schema\/logo\/image\/\",\"url\":\"https:\/\/conexion23.com\/wp-content\/uploads\/2021\/11\/Diseno-sin-titulo-2.png\",\"contentUrl\":\"https:\/\/conexion23.com\/wp-content\/uploads\/2021\/11\/Diseno-sin-titulo-2.png\",\"width\":541,\"height\":90,\"caption\":\"Conexion 23\"},\"image\":{\"@id\":\"https:\/\/conexion23.com\/#\/schema\/logo\/image\/\"},\"sameAs\":[\"https:\/\/www.facebook.com\/conexion23com\",\"https:\/\/www.instagram.com\/conexion23com\/\",\"https:\/\/www.youtube.com\/channel\/UCYc7vxxFZMYLIHNsHHxPZ3Q\"]},{\"@type\":\"Person\",\"@id\":\"https:\/\/conexion23.com\/#\/schema\/person\/03e36043331117e97a373299bbcd30a6\",\"name\":\"Raffy Ben\u00edtez\",\"image\":{\"@type\":\"ImageObject\",\"inLanguage\":\"es\",\"@id\":\"https:\/\/conexion23.com\/#\/schema\/person\/image\/\",\"url\":\"https:\/\/secure.gravatar.com\/avatar\/3190a6a6c5e1b0327500f7d6c56b6242472ee6cb974cf09b401ee6b3b0798f23?s=96&d=mm&r=g\",\"contentUrl\":\"https:\/\/secure.gravatar.com\/avatar\/3190a6a6c5e1b0327500f7d6c56b6242472ee6cb974cf09b401ee6b3b0798f23?s=96&d=mm&r=g\",\"caption\":\"Raffy Ben\u00edtez\"},\"url\":\"https:\/\/conexion23.com\/?author=15\"}]}<\/script>\n<!-- \/ Yoast SEO plugin. -->","yoast_head_json":{"title":"El general Wandy Made visita La Destileria Brugal. - Conexi\u00f3n 23","robots":{"index":"index","follow":"follow","max-snippet":"max-snippet:-1","max-image-preview":"max-image-preview:large","max-video-preview":"max-video-preview:-1"},"canonical":"http:\/\/conexion23.com\/?p=33363","og_locale":"es_ES","og_type":"article","og_title":"El general Wandy Made visita La Destileria Brugal. - Conexi\u00f3n 23","og_description":"El Director Regional Sureste, P.N., General Wandy M. Mad\u00e9 Montilla, realiz\u00f3 un recorrido de inspecci\u00f3n y supervisi\u00f3n junto a las dem\u00e1s instituciones de socorro y rescate, en la destiler\u00eda \u201cCasa Brugal\u201d ubicada en esta ciudad, tras generarse una implosion en unos de los tanques de vinaza de dicha empresa, a consecuencia de los gases que [&hellip;]","og_url":"http:\/\/conexion23.com\/?p=33363","og_site_name":"Conexi\u00f3n 23","article_publisher":"https:\/\/www.facebook.com\/conexion23com","article_published_time":"2024-10-04T11:55:14+00:00","article_modified_time":"2024-10-04T11:55:16+00:00","og_image":[{"width":1236,"height":960,"url":"http:\/\/conexion23.com\/wp-content\/uploads\/2024\/10\/yhgyh.jpg","type":"image\/jpeg"}],"author":"Raffy Ben\u00edtez","twitter_card":"summary_large_image","twitter_misc":{"Escrito por":"Raffy Ben\u00edtez","Tiempo de lectura":"2 minutos"},"schema":{"@context":"https:\/\/schema.org","@graph":[{"@type":"Article","@id":"http:\/\/conexion23.com\/?p=33363#article","isPartOf":{"@id":"http:\/\/conexion23.com\/?p=33363"},"author":{"name":"Raffy Ben\u00edtez","@id":"https:\/\/conexion23.com\/#\/schema\/person\/03e36043331117e97a373299bbcd30a6"},"headline":"El general Wandy Made visita La Destileria Brugal.","datePublished":"2024-10-04T11:55:14+00:00","dateModified":"2024-10-04T11:55:16+00:00","mainEntityOfPage":{"@id":"http:\/\/conexion23.com\/?p=33363"},"wordCount":237,"commentCount":0,"publisher":{"@id":"https:\/\/conexion23.com\/#organization"},"image":{"@id":"http:\/\/conexion23.com\/?p=33363#primaryimage"},"thumbnailUrl":"https:\/\/conexion23.com\/wp-content\/uploads\/2024\/10\/yhgyh.jpg","articleSection":["SPM"],"inLanguage":"es","potentialAction":[{"@type":"CommentAction","name":"Comment","target":["http:\/\/conexion23.com\/?p=33363#respond"]}]},{"@type":"WebPage","@id":"http:\/\/conexion23.com\/?p=33363","url":"http:\/\/conexion23.com\/?p=33363","name":"El general Wandy Made visita La Destileria Brugal. - Conexi\u00f3n 23","isPartOf":{"@id":"https:\/\/conexion23.com\/#website"},"primaryImageOfPage":{"@id":"http:\/\/conexion23.com\/?p=33363#primaryimage"},"image":{"@id":"http:\/\/conexion23.com\/?p=33363#primaryimage"},"thumbnailUrl":"https:\/\/conexion23.com\/wp-content\/uploads\/2024\/10\/yhgyh.jpg","datePublished":"2024-10-04T11:55:14+00:00","dateModified":"2024-10-04T11:55:16+00:00","breadcrumb":{"@id":"http:\/\/conexion23.com\/?p=33363#breadcrumb"},"inLanguage":"es","potentialAction":[{"@type":"ReadAction","target":["http:\/\/conexion23.com\/?p=33363"]}]},{"@type":"ImageObject","inLanguage":"es","@id":"http:\/\/conexion23.com\/?p=33363#primaryimage","url":"https:\/\/conexion23.com\/wp-content\/uploads\/2024\/10\/yhgyh.jpg","contentUrl":"https:\/\/conexion23.com\/wp-content\/uploads\/2024\/10\/yhgyh.jpg","width":1236,"height":960},{"@type":"BreadcrumbList","@id":"http:\/\/conexion23.com\/?p=33363#breadcrumb","itemListElement":[{"@type":"ListItem","position":1,"name":"Portada","item":"https:\/\/conexion23.com\/"},{"@type":"ListItem","position":2,"name":"El general Wandy Made visita La Destileria Brugal."}]},{"@type":"WebSite","@id":"https:\/\/conexion23.com\/#website","url":"https:\/\/conexion23.com\/","name":"Conexi\u00f3n 23","description":"Peri\u00f3dico 100% Petromacorisano","publisher":{"@id":"https:\/\/conexion23.com\/#organization"},"potentialAction":[{"@type":"SearchAction","target":{"@type":"EntryPoint","urlTemplate":"https:\/\/conexion23.com\/?s={search_term_string}"},"query-input":{"@type":"PropertyValueSpecification","valueRequired":true,"valueName":"search_term_string"}}],"inLanguage":"es"},{"@type":"Organization","@id":"https:\/\/conexion23.com\/#organization","name":"Conexion 23","url":"https:\/\/conexion23.com\/","logo":{"@type":"ImageObject","inLanguage":"es","@id":"https:\/\/conexion23.com\/#\/schema\/logo\/image\/","url":"https:\/\/conexion23.com\/wp-content\/uploads\/2021\/11\/Diseno-sin-titulo-2.png","contentUrl":"https:\/\/conexion23.com\/wp-content\/uploads\/2021\/11\/Diseno-sin-titulo-2.png","width":541,"height":90,"caption":"Conexion 23"},"image":{"@id":"https:\/\/conexion23.com\/#\/schema\/logo\/image\/"},"sameAs":["https:\/\/www.facebook.com\/conexion23com","https:\/\/www.instagram.com\/conexion23com\/","https:\/\/www.youtube.com\/channel\/UCYc7vxxFZMYLIHNsHHxPZ3Q"]},{"@type":"Person","@id":"https:\/\/conexion23.com\/#\/schema\/person\/03e36043331117e97a373299bbcd30a6","name":"Raffy Ben\u00edtez","image":{"@type":"ImageObject","inLanguage":"es","@id":"https:\/\/conexion23.com\/#\/schema\/person\/image\/","url":"https:\/\/secure.gravatar.com\/avatar\/3190a6a6c5e1b0327500f7d6c56b6242472ee6cb974cf09b401ee6b3b0798f23?s=96&d=mm&r=g","contentUrl":"https:\/\/secure.gravatar.com\/avatar\/3190a6a6c5e1b0327500f7d6c56b6242472ee6cb974cf09b401ee6b3b0798f23?s=96&d=mm&r=g","caption":"Raffy Ben\u00edtez"},"url":"https:\/\/conexion23.com\/?author=15"}]}},"_links":{"self":[{"href":"https:\/\/conexion23.com\/index.php?rest_route=\/wp\/v2\/posts\/33363","targetHints":{"allow":["GET"]}}],"collection":[{"href":"https:\/\/conexion23.com\/index.php?rest_route=\/wp\/v2\/posts"}],"about":[{"href":"https:\/\/conexion23.com\/index.php?rest_route=\/wp\/v2\/types\/post"}],"author":[{"embeddable":true,"href":"https:\/\/conexion23.com\/index.php?rest_route=\/wp\/v2\/users\/15"}],"replies":[{"embeddable":true,"href":"https:\/\/conexion23.com\/index.php?rest_route=%2Fwp%2Fv2%2Fcomments&post=33363"}],"version-history":[{"count":1,"href":"https:\/\/conexion23.com\/index.php?rest_route=\/wp\/v2\/posts\/33363\/revisions"}],"predecessor-version":[{"id":33365,"href":"https:\/\/conexion23.com\/index.php?rest_route=\/wp\/v2\/posts\/33363\/revisions\/33365"}],"wp:featuredmedia":[{"embeddable":true,"href":"https:\/\/conexion23.com\/index.php?rest_route=\/wp\/v2\/media\/33364"}],"wp:attachment":[{"href":"https:\/\/conexion23.com\/index.php?rest_route=%2Fwp%2Fv2%2Fmedia&parent=33363"}],"wp:term":[{"taxonomy":"category","embeddable":true,"href":"https:\/\/conexion23.com\/index.php?rest_route=%2Fwp%2Fv2%2Fcategories&post=33363"},{"taxonomy":"post_tag","embeddable":true,"href":"https:\/\/conexion23.com\/index.php?rest_route=%2Fwp%2Fv2%2Ftags&post=33363"}],"curies":[{"name":"wp","href":"https:\/\/api.w.org\/{rel}","templated":true}]}}