{"id":33439,"date":"2024-10-07T07:56:47","date_gmt":"2024-10-07T11:56:47","guid":{"rendered":"https:\/\/conexion23.com\/?p=33439"},"modified":"2024-10-07T07:56:49","modified_gmt":"2024-10-07T11:56:49","slug":"joven-pierde-la-vida-al-impactar-poste-del-tendido-electrico-en-el-municipio-sanchez","status":"publish","type":"post","link":"https:\/\/conexion23.com\/?p=33439","title":{"rendered":"Joven pierde la vida al impactar poste del tendido el\u00e9ctrico en el municipio S\u00e1nchez."},"content":{"rendered":"\n<p>Un tr\u00e1gico accidente ocurri\u00f3 la noche de este domingo cuando el joven identificado como joven Tom\u00e1s Andr\u00e9s D\u00edaz Carrasco (Tommy)de 27 a\u00f1os de edad impacto un poste del tendido el\u00e9ctrico cuando se desplazaba en su motocicleta tipo pasola la cual seg\u00fan informaci\u00f3n se le hab\u00eda explotado un neum\u00e1tico en la calle Libertad del casco urbano del referido municipio.<\/p>\n\n\n\n<p>Al momento del accidente el joven se trasladaba con su hijo menor de un a\u00f1o de edad quien afortunadamente no sufri\u00f3 ning\u00fan tipo de lesi\u00f3n y se mantiene en observaci\u00f3n m\u00e9dica.<\/p>\n\n\n\n<p>La comunidad del referido municipio se siente consternada ya que Tom\u00e1s era un joven trabajador y servidor, el cuerpo de la v\u00edctima se encuentra en la morgue del Hospital Dr. Alberto Gautreaux para ser entregado a sus familiares y posteriormente sepultutado.<\/p>\n","protected":false},"excerpt":{"rendered":"<p>Un tr\u00e1gico accidente ocurri\u00f3 la noche de este domingo cuando el joven identificado como joven Tom\u00e1s Andr\u00e9s D\u00edaz Carrasco (Tommy)de 27 a\u00f1os de edad impacto un poste del tendido el\u00e9ctrico cuando se desplazaba en su motocicleta tipo pasola la cual seg\u00fan informaci\u00f3n se le hab\u00eda explotado un neum\u00e1tico en la calle Libertad del casco urbano [&hellip;]<\/p>\n","protected":false},"author":15,"featured_media":33440,"comment_status":"open","ping_status":"open","sticky":false,"template":"","format":"standard","meta":{"footnotes":""},"categories":[1],"tags":[],"class_list":{"0":"post-33439","1":"post","2":"type-post","3":"status-publish","4":"format-standard","5":"has-post-thumbnail","7":"category-uncategorized"},"yoast_head":"<!-- This site is optimized with the Yoast SEO plugin v27.1.1 - https:\/\/yoast.com\/product\/yoast-seo-wordpress\/ -->\n<title>Joven pierde la vida al impactar poste del tendido el\u00e9ctrico en el municipio S\u00e1nchez. - Conexi\u00f3n 23<\/title>\n<meta name=\"robots\" content=\"index, follow, max-snippet:-1, max-image-preview:large, max-video-preview:-1\" \/>\n<link rel=\"canonical\" href=\"http:\/\/conexion23.com\/?p=33439\" \/>\n<meta property=\"og:locale\" content=\"es_ES\" \/>\n<meta property=\"og:type\" content=\"article\" \/>\n<meta property=\"og:title\" content=\"Joven pierde la vida al impactar poste del tendido el\u00e9ctrico en el municipio S\u00e1nchez. - Conexi\u00f3n 23\" \/>\n<meta property=\"og:description\" content=\"Un tr\u00e1gico accidente ocurri\u00f3 la noche de este domingo cuando el joven identificado como joven Tom\u00e1s Andr\u00e9s D\u00edaz Carrasco (Tommy)de 27 a\u00f1os de edad impacto un poste del tendido el\u00e9ctrico cuando se desplazaba en su motocicleta tipo pasola la cual seg\u00fan informaci\u00f3n se le hab\u00eda explotado un neum\u00e1tico en la calle Libertad del casco urbano [&hellip;]\" \/>\n<meta property=\"og:url\" content=\"http:\/\/conexion23.com\/?p=33439\" \/>\n<meta property=\"og:site_name\" content=\"Conexi\u00f3n 23\" \/>\n<meta property=\"article:publisher\" content=\"https:\/\/www.facebook.com\/conexion23com\" \/>\n<meta property=\"article:published_time\" content=\"2024-10-07T11:56:47+00:00\" \/>\n<meta property=\"article:modified_time\" content=\"2024-10-07T11:56:49+00:00\" \/>\n<meta property=\"og:image\" content=\"http:\/\/conexion23.com\/wp-content\/uploads\/2024\/10\/462274426_1006527568151622_5998829927219641120_n.jpg\" \/>\n\t<meta property=\"og:image:width\" content=\"600\" \/>\n\t<meta property=\"og:image:height\" content=\"455\" \/>\n\t<meta property=\"og:image:type\" content=\"image\/jpeg\" \/>\n<meta name=\"author\" content=\"Raffy Ben\u00edtez\" \/>\n<meta name=\"twitter:card\" content=\"summary_large_image\" \/>\n<meta name=\"twitter:label1\" content=\"Escrito por\" \/>\n\t<meta name=\"twitter:data1\" content=\"Raffy Ben\u00edtez\" \/>\n\t<meta name=\"twitter:label2\" content=\"Tiempo de lectura\" \/>\n\t<meta name=\"twitter:data2\" content=\"1 minuto\" \/>\n<script type=\"application\/ld+json\" class=\"yoast-schema-graph\">{\"@context\":\"https:\/\/schema.org\",\"@graph\":[{\"@type\":\"Article\",\"@id\":\"http:\/\/conexion23.com\/?p=33439#article\",\"isPartOf\":{\"@id\":\"http:\/\/conexion23.com\/?p=33439\"},\"author\":{\"name\":\"Raffy Ben\u00edtez\",\"@id\":\"https:\/\/conexion23.com\/#\/schema\/person\/03e36043331117e97a373299bbcd30a6\"},\"headline\":\"Joven pierde la vida al impactar poste del tendido el\u00e9ctrico en el municipio S\u00e1nchez.\",\"datePublished\":\"2024-10-07T11:56:47+00:00\",\"dateModified\":\"2024-10-07T11:56:49+00:00\",\"mainEntityOfPage\":{\"@id\":\"http:\/\/conexion23.com\/?p=33439\"},\"wordCount\":163,\"commentCount\":0,\"publisher\":{\"@id\":\"https:\/\/conexion23.com\/#organization\"},\"image\":{\"@id\":\"http:\/\/conexion23.com\/?p=33439#primaryimage\"},\"thumbnailUrl\":\"https:\/\/conexion23.com\/wp-content\/uploads\/2024\/10\/462274426_1006527568151622_5998829927219641120_n.jpg\",\"articleSection\":[\"Uncategorized\"],\"inLanguage\":\"es\",\"potentialAction\":[{\"@type\":\"CommentAction\",\"name\":\"Comment\",\"target\":[\"http:\/\/conexion23.com\/?p=33439#respond\"]}]},{\"@type\":\"WebPage\",\"@id\":\"http:\/\/conexion23.com\/?p=33439\",\"url\":\"http:\/\/conexion23.com\/?p=33439\",\"name\":\"Joven pierde la vida al impactar poste del tendido el\u00e9ctrico en el municipio S\u00e1nchez. - Conexi\u00f3n 23\",\"isPartOf\":{\"@id\":\"https:\/\/conexion23.com\/#website\"},\"primaryImageOfPage\":{\"@id\":\"http:\/\/conexion23.com\/?p=33439#primaryimage\"},\"image\":{\"@id\":\"http:\/\/conexion23.com\/?p=33439#primaryimage\"},\"thumbnailUrl\":\"https:\/\/conexion23.com\/wp-content\/uploads\/2024\/10\/462274426_1006527568151622_5998829927219641120_n.jpg\",\"datePublished\":\"2024-10-07T11:56:47+00:00\",\"dateModified\":\"2024-10-07T11:56:49+00:00\",\"breadcrumb\":{\"@id\":\"http:\/\/conexion23.com\/?p=33439#breadcrumb\"},\"inLanguage\":\"es\",\"potentialAction\":[{\"@type\":\"ReadAction\",\"target\":[\"http:\/\/conexion23.com\/?p=33439\"]}]},{\"@type\":\"ImageObject\",\"inLanguage\":\"es\",\"@id\":\"http:\/\/conexion23.com\/?p=33439#primaryimage\",\"url\":\"https:\/\/conexion23.com\/wp-content\/uploads\/2024\/10\/462274426_1006527568151622_5998829927219641120_n.jpg\",\"contentUrl\":\"https:\/\/conexion23.com\/wp-content\/uploads\/2024\/10\/462274426_1006527568151622_5998829927219641120_n.jpg\",\"width\":600,\"height\":455},{\"@type\":\"BreadcrumbList\",\"@id\":\"http:\/\/conexion23.com\/?p=33439#breadcrumb\",\"itemListElement\":[{\"@type\":\"ListItem\",\"position\":1,\"name\":\"Portada\",\"item\":\"https:\/\/conexion23.com\/\"},{\"@type\":\"ListItem\",\"position\":2,\"name\":\"Joven pierde la vida al impactar poste del tendido el\u00e9ctrico en el municipio S\u00e1nchez.\"}]},{\"@type\":\"WebSite\",\"@id\":\"https:\/\/conexion23.com\/#website\",\"url\":\"https:\/\/conexion23.com\/\",\"name\":\"Conexi\u00f3n 23\",\"description\":\"Peri\u00f3dico 100% Petromacorisano\",\"publisher\":{\"@id\":\"https:\/\/conexion23.com\/#organization\"},\"potentialAction\":[{\"@type\":\"SearchAction\",\"target\":{\"@type\":\"EntryPoint\",\"urlTemplate\":\"https:\/\/conexion23.com\/?s={search_term_string}\"},\"query-input\":{\"@type\":\"PropertyValueSpecification\",\"valueRequired\":true,\"valueName\":\"search_term_string\"}}],\"inLanguage\":\"es\"},{\"@type\":\"Organization\",\"@id\":\"https:\/\/conexion23.com\/#organization\",\"name\":\"Conexion 23\",\"url\":\"https:\/\/conexion23.com\/\",\"logo\":{\"@type\":\"ImageObject\",\"inLanguage\":\"es\",\"@id\":\"https:\/\/conexion23.com\/#\/schema\/logo\/image\/\",\"url\":\"https:\/\/conexion23.com\/wp-content\/uploads\/2021\/11\/Diseno-sin-titulo-2.png\",\"contentUrl\":\"https:\/\/conexion23.com\/wp-content\/uploads\/2021\/11\/Diseno-sin-titulo-2.png\",\"width\":541,\"height\":90,\"caption\":\"Conexion 23\"},\"image\":{\"@id\":\"https:\/\/conexion23.com\/#\/schema\/logo\/image\/\"},\"sameAs\":[\"https:\/\/www.facebook.com\/conexion23com\",\"https:\/\/www.instagram.com\/conexion23com\/\",\"https:\/\/www.youtube.com\/channel\/UCYc7vxxFZMYLIHNsHHxPZ3Q\"]},{\"@type\":\"Person\",\"@id\":\"https:\/\/conexion23.com\/#\/schema\/person\/03e36043331117e97a373299bbcd30a6\",\"name\":\"Raffy Ben\u00edtez\",\"image\":{\"@type\":\"ImageObject\",\"inLanguage\":\"es\",\"@id\":\"https:\/\/conexion23.com\/#\/schema\/person\/image\/\",\"url\":\"https:\/\/secure.gravatar.com\/avatar\/3190a6a6c5e1b0327500f7d6c56b6242472ee6cb974cf09b401ee6b3b0798f23?s=96&d=mm&r=g\",\"contentUrl\":\"https:\/\/secure.gravatar.com\/avatar\/3190a6a6c5e1b0327500f7d6c56b6242472ee6cb974cf09b401ee6b3b0798f23?s=96&d=mm&r=g\",\"caption\":\"Raffy Ben\u00edtez\"},\"url\":\"https:\/\/conexion23.com\/?author=15\"}]}<\/script>\n<!-- \/ Yoast SEO plugin. -->","yoast_head_json":{"title":"Joven pierde la vida al impactar poste del tendido el\u00e9ctrico en el municipio S\u00e1nchez. - Conexi\u00f3n 23","robots":{"index":"index","follow":"follow","max-snippet":"max-snippet:-1","max-image-preview":"max-image-preview:large","max-video-preview":"max-video-preview:-1"},"canonical":"http:\/\/conexion23.com\/?p=33439","og_locale":"es_ES","og_type":"article","og_title":"Joven pierde la vida al impactar poste del tendido el\u00e9ctrico en el municipio S\u00e1nchez. - Conexi\u00f3n 23","og_description":"Un tr\u00e1gico accidente ocurri\u00f3 la noche de este domingo cuando el joven identificado como joven Tom\u00e1s Andr\u00e9s D\u00edaz Carrasco (Tommy)de 27 a\u00f1os de edad impacto un poste del tendido el\u00e9ctrico cuando se desplazaba en su motocicleta tipo pasola la cual seg\u00fan informaci\u00f3n se le hab\u00eda explotado un neum\u00e1tico en la calle Libertad del casco urbano [&hellip;]","og_url":"http:\/\/conexion23.com\/?p=33439","og_site_name":"Conexi\u00f3n 23","article_publisher":"https:\/\/www.facebook.com\/conexion23com","article_published_time":"2024-10-07T11:56:47+00:00","article_modified_time":"2024-10-07T11:56:49+00:00","og_image":[{"width":600,"height":455,"url":"http:\/\/conexion23.com\/wp-content\/uploads\/2024\/10\/462274426_1006527568151622_5998829927219641120_n.jpg","type":"image\/jpeg"}],"author":"Raffy Ben\u00edtez","twitter_card":"summary_large_image","twitter_misc":{"Escrito por":"Raffy Ben\u00edtez","Tiempo de lectura":"1 minuto"},"schema":{"@context":"https:\/\/schema.org","@graph":[{"@type":"Article","@id":"http:\/\/conexion23.com\/?p=33439#article","isPartOf":{"@id":"http:\/\/conexion23.com\/?p=33439"},"author":{"name":"Raffy Ben\u00edtez","@id":"https:\/\/conexion23.com\/#\/schema\/person\/03e36043331117e97a373299bbcd30a6"},"headline":"Joven pierde la vida al impactar poste del tendido el\u00e9ctrico en el municipio S\u00e1nchez.","datePublished":"2024-10-07T11:56:47+00:00","dateModified":"2024-10-07T11:56:49+00:00","mainEntityOfPage":{"@id":"http:\/\/conexion23.com\/?p=33439"},"wordCount":163,"commentCount":0,"publisher":{"@id":"https:\/\/conexion23.com\/#organization"},"image":{"@id":"http:\/\/conexion23.com\/?p=33439#primaryimage"},"thumbnailUrl":"https:\/\/conexion23.com\/wp-content\/uploads\/2024\/10\/462274426_1006527568151622_5998829927219641120_n.jpg","articleSection":["Uncategorized"],"inLanguage":"es","potentialAction":[{"@type":"CommentAction","name":"Comment","target":["http:\/\/conexion23.com\/?p=33439#respond"]}]},{"@type":"WebPage","@id":"http:\/\/conexion23.com\/?p=33439","url":"http:\/\/conexion23.com\/?p=33439","name":"Joven pierde la vida al impactar poste del tendido el\u00e9ctrico en el municipio S\u00e1nchez. - Conexi\u00f3n 23","isPartOf":{"@id":"https:\/\/conexion23.com\/#website"},"primaryImageOfPage":{"@id":"http:\/\/conexion23.com\/?p=33439#primaryimage"},"image":{"@id":"http:\/\/conexion23.com\/?p=33439#primaryimage"},"thumbnailUrl":"https:\/\/conexion23.com\/wp-content\/uploads\/2024\/10\/462274426_1006527568151622_5998829927219641120_n.jpg","datePublished":"2024-10-07T11:56:47+00:00","dateModified":"2024-10-07T11:56:49+00:00","breadcrumb":{"@id":"http:\/\/conexion23.com\/?p=33439#breadcrumb"},"inLanguage":"es","potentialAction":[{"@type":"ReadAction","target":["http:\/\/conexion23.com\/?p=33439"]}]},{"@type":"ImageObject","inLanguage":"es","@id":"http:\/\/conexion23.com\/?p=33439#primaryimage","url":"https:\/\/conexion23.com\/wp-content\/uploads\/2024\/10\/462274426_1006527568151622_5998829927219641120_n.jpg","contentUrl":"https:\/\/conexion23.com\/wp-content\/uploads\/2024\/10\/462274426_1006527568151622_5998829927219641120_n.jpg","width":600,"height":455},{"@type":"BreadcrumbList","@id":"http:\/\/conexion23.com\/?p=33439#breadcrumb","itemListElement":[{"@type":"ListItem","position":1,"name":"Portada","item":"https:\/\/conexion23.com\/"},{"@type":"ListItem","position":2,"name":"Joven pierde la vida al impactar poste del tendido el\u00e9ctrico en el municipio S\u00e1nchez."}]},{"@type":"WebSite","@id":"https:\/\/conexion23.com\/#website","url":"https:\/\/conexion23.com\/","name":"Conexi\u00f3n 23","description":"Peri\u00f3dico 100% Petromacorisano","publisher":{"@id":"https:\/\/conexion23.com\/#organization"},"potentialAction":[{"@type":"SearchAction","target":{"@type":"EntryPoint","urlTemplate":"https:\/\/conexion23.com\/?s={search_term_string}"},"query-input":{"@type":"PropertyValueSpecification","valueRequired":true,"valueName":"search_term_string"}}],"inLanguage":"es"},{"@type":"Organization","@id":"https:\/\/conexion23.com\/#organization","name":"Conexion 23","url":"https:\/\/conexion23.com\/","logo":{"@type":"ImageObject","inLanguage":"es","@id":"https:\/\/conexion23.com\/#\/schema\/logo\/image\/","url":"https:\/\/conexion23.com\/wp-content\/uploads\/2021\/11\/Diseno-sin-titulo-2.png","contentUrl":"https:\/\/conexion23.com\/wp-content\/uploads\/2021\/11\/Diseno-sin-titulo-2.png","width":541,"height":90,"caption":"Conexion 23"},"image":{"@id":"https:\/\/conexion23.com\/#\/schema\/logo\/image\/"},"sameAs":["https:\/\/www.facebook.com\/conexion23com","https:\/\/www.instagram.com\/conexion23com\/","https:\/\/www.youtube.com\/channel\/UCYc7vxxFZMYLIHNsHHxPZ3Q"]},{"@type":"Person","@id":"https:\/\/conexion23.com\/#\/schema\/person\/03e36043331117e97a373299bbcd30a6","name":"Raffy Ben\u00edtez","image":{"@type":"ImageObject","inLanguage":"es","@id":"https:\/\/conexion23.com\/#\/schema\/person\/image\/","url":"https:\/\/secure.gravatar.com\/avatar\/3190a6a6c5e1b0327500f7d6c56b6242472ee6cb974cf09b401ee6b3b0798f23?s=96&d=mm&r=g","contentUrl":"https:\/\/secure.gravatar.com\/avatar\/3190a6a6c5e1b0327500f7d6c56b6242472ee6cb974cf09b401ee6b3b0798f23?s=96&d=mm&r=g","caption":"Raffy Ben\u00edtez"},"url":"https:\/\/conexion23.com\/?author=15"}]}},"_links":{"self":[{"href":"https:\/\/conexion23.com\/index.php?rest_route=\/wp\/v2\/posts\/33439","targetHints":{"allow":["GET"]}}],"collection":[{"href":"https:\/\/conexion23.com\/index.php?rest_route=\/wp\/v2\/posts"}],"about":[{"href":"https:\/\/conexion23.com\/index.php?rest_route=\/wp\/v2\/types\/post"}],"author":[{"embeddable":true,"href":"https:\/\/conexion23.com\/index.php?rest_route=\/wp\/v2\/users\/15"}],"replies":[{"embeddable":true,"href":"https:\/\/conexion23.com\/index.php?rest_route=%2Fwp%2Fv2%2Fcomments&post=33439"}],"version-history":[{"count":1,"href":"https:\/\/conexion23.com\/index.php?rest_route=\/wp\/v2\/posts\/33439\/revisions"}],"predecessor-version":[{"id":33441,"href":"https:\/\/conexion23.com\/index.php?rest_route=\/wp\/v2\/posts\/33439\/revisions\/33441"}],"wp:featuredmedia":[{"embeddable":true,"href":"https:\/\/conexion23.com\/index.php?rest_route=\/wp\/v2\/media\/33440"}],"wp:attachment":[{"href":"https:\/\/conexion23.com\/index.php?rest_route=%2Fwp%2Fv2%2Fmedia&parent=33439"}],"wp:term":[{"taxonomy":"category","embeddable":true,"href":"https:\/\/conexion23.com\/index.php?rest_route=%2Fwp%2Fv2%2Fcategories&post=33439"},{"taxonomy":"post_tag","embeddable":true,"href":"https:\/\/conexion23.com\/index.php?rest_route=%2Fwp%2Fv2%2Ftags&post=33439"}],"curies":[{"name":"wp","href":"https:\/\/api.w.org\/{rel}","templated":true}]}}