{"id":33522,"date":"2024-10-09T08:23:33","date_gmt":"2024-10-09T12:23:33","guid":{"rendered":"https:\/\/conexion23.com\/?p=33522"},"modified":"2024-10-09T08:23:34","modified_gmt":"2024-10-09T12:23:34","slug":"mujer-estadounidense-se-convierte-en-la-primera-persona-en-utilizar-una-capsula-suicida","status":"publish","type":"post","link":"https:\/\/conexion23.com\/?p=33522","title":{"rendered":"Mujer estadounidense se convierte en la primera persona en utilizar una capsula suicida."},"content":{"rendered":"\n<p>La investigaci\u00f3n suiza sobre la muerte voluntaria de una mujer hace que los grupos de defensa de la \u00abc\u00e1psula suicida\u00bb suspendan su uso<\/p>\n\n\n\n<p>Una mujer estadounidense de 64 a\u00f1os se convirti\u00f3 en la primera persona en usar el dispositivo para terminar voluntariamente con su vida en Suiza<\/p>\n\n\n\n<p>Los grupos de defensa de la \u00abc\u00e1psula suicida\u00bb anunciaron el domingo que han suspendido las solicitudes para utilizar el dispositivo hasta que las autoridades en Suiza completen una investigaci\u00f3n criminal sobre la muerte voluntaria de una mujer tras su primer uso.<\/p>\n\n\n\n<p>El presidente de The Last Resort, con sede en Suiza, Florian Willet, se encuentra en prisi\u00f3n preventiva, seg\u00fan el grupo y Exit International, una filial fundada en Australia. Ambas organizaciones defienden el derecho al suicidio asistido.<\/p>\n\n\n\n<p>La polic\u00eda suiza arrest\u00f3 a Willet y a varias personas m\u00e1s tras la muerte de una mujer estadounidense de 64 a\u00f1os que el mes pasado se convirti\u00f3 en la primera persona en usar el dispositivo para terminar voluntariamente con su vida, seg\u00fan The Associated Press .<\/p>\n\n\n\n<p>El dispositivo, conocido como \u00abSarco\u00bb, fue utilizado en un bosque en la regi\u00f3n norte\u00f1a de Schaffhausen, en Suiza, cerca de la frontera con Alemania, el 23 de septiembre.<\/p>\n","protected":false},"excerpt":{"rendered":"<p>La investigaci\u00f3n suiza sobre la muerte voluntaria de una mujer hace que los grupos de defensa de la \u00abc\u00e1psula suicida\u00bb suspendan su uso Una mujer estadounidense de 64 a\u00f1os se convirti\u00f3 en la primera persona en usar el dispositivo para terminar voluntariamente con su vida en Suiza Los grupos de defensa de la \u00abc\u00e1psula suicida\u00bb [&hellip;]<\/p>\n","protected":false},"author":15,"featured_media":33523,"comment_status":"open","ping_status":"open","sticky":false,"template":"","format":"standard","meta":{"footnotes":""},"categories":[1],"tags":[],"class_list":{"0":"post-33522","1":"post","2":"type-post","3":"status-publish","4":"format-standard","5":"has-post-thumbnail","7":"category-uncategorized"},"yoast_head":"<!-- This site is optimized with the Yoast SEO plugin v27.1.1 - https:\/\/yoast.com\/product\/yoast-seo-wordpress\/ -->\n<title>Mujer estadounidense se convierte en la primera persona en utilizar una capsula suicida. - Conexi\u00f3n 23<\/title>\n<meta name=\"robots\" content=\"index, follow, max-snippet:-1, max-image-preview:large, max-video-preview:-1\" \/>\n<link rel=\"canonical\" href=\"http:\/\/conexion23.com\/?p=33522\" \/>\n<meta property=\"og:locale\" content=\"es_ES\" \/>\n<meta property=\"og:type\" content=\"article\" \/>\n<meta property=\"og:title\" content=\"Mujer estadounidense se convierte en la primera persona en utilizar una capsula suicida. - Conexi\u00f3n 23\" \/>\n<meta property=\"og:description\" content=\"La investigaci\u00f3n suiza sobre la muerte voluntaria de una mujer hace que los grupos de defensa de la \u00abc\u00e1psula suicida\u00bb suspendan su uso Una mujer estadounidense de 64 a\u00f1os se convirti\u00f3 en la primera persona en usar el dispositivo para terminar voluntariamente con su vida en Suiza Los grupos de defensa de la \u00abc\u00e1psula suicida\u00bb [&hellip;]\" \/>\n<meta property=\"og:url\" content=\"http:\/\/conexion23.com\/?p=33522\" \/>\n<meta property=\"og:site_name\" content=\"Conexi\u00f3n 23\" \/>\n<meta property=\"article:publisher\" content=\"https:\/\/www.facebook.com\/conexion23com\" \/>\n<meta property=\"article:published_time\" content=\"2024-10-09T12:23:33+00:00\" \/>\n<meta property=\"article:modified_time\" content=\"2024-10-09T12:23:34+00:00\" \/>\n<meta property=\"og:image\" content=\"http:\/\/conexion23.com\/wp-content\/uploads\/2024\/10\/29707faf-80c4-4cc7-b1bf-b3cf136d9ffd.jpg\" \/>\n\t<meta property=\"og:image:width\" content=\"486\" \/>\n\t<meta property=\"og:image:height\" content=\"225\" \/>\n\t<meta property=\"og:image:type\" content=\"image\/jpeg\" \/>\n<meta name=\"author\" content=\"Raffy Ben\u00edtez\" \/>\n<meta name=\"twitter:card\" content=\"summary_large_image\" \/>\n<meta name=\"twitter:label1\" content=\"Escrito por\" \/>\n\t<meta name=\"twitter:data1\" content=\"Raffy Ben\u00edtez\" \/>\n\t<meta name=\"twitter:label2\" content=\"Tiempo de lectura\" \/>\n\t<meta name=\"twitter:data2\" content=\"2 minutos\" \/>\n<script type=\"application\/ld+json\" class=\"yoast-schema-graph\">{\"@context\":\"https:\/\/schema.org\",\"@graph\":[{\"@type\":\"Article\",\"@id\":\"http:\/\/conexion23.com\/?p=33522#article\",\"isPartOf\":{\"@id\":\"http:\/\/conexion23.com\/?p=33522\"},\"author\":{\"name\":\"Raffy Ben\u00edtez\",\"@id\":\"https:\/\/conexion23.com\/#\/schema\/person\/03e36043331117e97a373299bbcd30a6\"},\"headline\":\"Mujer estadounidense se convierte en la primera persona en utilizar una capsula suicida.\",\"datePublished\":\"2024-10-09T12:23:33+00:00\",\"dateModified\":\"2024-10-09T12:23:34+00:00\",\"mainEntityOfPage\":{\"@id\":\"http:\/\/conexion23.com\/?p=33522\"},\"wordCount\":220,\"commentCount\":0,\"publisher\":{\"@id\":\"https:\/\/conexion23.com\/#organization\"},\"image\":{\"@id\":\"http:\/\/conexion23.com\/?p=33522#primaryimage\"},\"thumbnailUrl\":\"https:\/\/conexion23.com\/wp-content\/uploads\/2024\/10\/29707faf-80c4-4cc7-b1bf-b3cf136d9ffd.jpg\",\"articleSection\":[\"Uncategorized\"],\"inLanguage\":\"es\",\"potentialAction\":[{\"@type\":\"CommentAction\",\"name\":\"Comment\",\"target\":[\"http:\/\/conexion23.com\/?p=33522#respond\"]}]},{\"@type\":\"WebPage\",\"@id\":\"http:\/\/conexion23.com\/?p=33522\",\"url\":\"http:\/\/conexion23.com\/?p=33522\",\"name\":\"Mujer estadounidense se convierte en la primera persona en utilizar una capsula suicida. - Conexi\u00f3n 23\",\"isPartOf\":{\"@id\":\"https:\/\/conexion23.com\/#website\"},\"primaryImageOfPage\":{\"@id\":\"http:\/\/conexion23.com\/?p=33522#primaryimage\"},\"image\":{\"@id\":\"http:\/\/conexion23.com\/?p=33522#primaryimage\"},\"thumbnailUrl\":\"https:\/\/conexion23.com\/wp-content\/uploads\/2024\/10\/29707faf-80c4-4cc7-b1bf-b3cf136d9ffd.jpg\",\"datePublished\":\"2024-10-09T12:23:33+00:00\",\"dateModified\":\"2024-10-09T12:23:34+00:00\",\"breadcrumb\":{\"@id\":\"http:\/\/conexion23.com\/?p=33522#breadcrumb\"},\"inLanguage\":\"es\",\"potentialAction\":[{\"@type\":\"ReadAction\",\"target\":[\"http:\/\/conexion23.com\/?p=33522\"]}]},{\"@type\":\"ImageObject\",\"inLanguage\":\"es\",\"@id\":\"http:\/\/conexion23.com\/?p=33522#primaryimage\",\"url\":\"https:\/\/conexion23.com\/wp-content\/uploads\/2024\/10\/29707faf-80c4-4cc7-b1bf-b3cf136d9ffd.jpg\",\"contentUrl\":\"https:\/\/conexion23.com\/wp-content\/uploads\/2024\/10\/29707faf-80c4-4cc7-b1bf-b3cf136d9ffd.jpg\",\"width\":486,\"height\":225},{\"@type\":\"BreadcrumbList\",\"@id\":\"http:\/\/conexion23.com\/?p=33522#breadcrumb\",\"itemListElement\":[{\"@type\":\"ListItem\",\"position\":1,\"name\":\"Portada\",\"item\":\"https:\/\/conexion23.com\/\"},{\"@type\":\"ListItem\",\"position\":2,\"name\":\"Mujer estadounidense se convierte en la primera persona en utilizar una capsula suicida.\"}]},{\"@type\":\"WebSite\",\"@id\":\"https:\/\/conexion23.com\/#website\",\"url\":\"https:\/\/conexion23.com\/\",\"name\":\"Conexi\u00f3n 23\",\"description\":\"Peri\u00f3dico 100% Petromacorisano\",\"publisher\":{\"@id\":\"https:\/\/conexion23.com\/#organization\"},\"potentialAction\":[{\"@type\":\"SearchAction\",\"target\":{\"@type\":\"EntryPoint\",\"urlTemplate\":\"https:\/\/conexion23.com\/?s={search_term_string}\"},\"query-input\":{\"@type\":\"PropertyValueSpecification\",\"valueRequired\":true,\"valueName\":\"search_term_string\"}}],\"inLanguage\":\"es\"},{\"@type\":\"Organization\",\"@id\":\"https:\/\/conexion23.com\/#organization\",\"name\":\"Conexion 23\",\"url\":\"https:\/\/conexion23.com\/\",\"logo\":{\"@type\":\"ImageObject\",\"inLanguage\":\"es\",\"@id\":\"https:\/\/conexion23.com\/#\/schema\/logo\/image\/\",\"url\":\"https:\/\/conexion23.com\/wp-content\/uploads\/2021\/11\/Diseno-sin-titulo-2.png\",\"contentUrl\":\"https:\/\/conexion23.com\/wp-content\/uploads\/2021\/11\/Diseno-sin-titulo-2.png\",\"width\":541,\"height\":90,\"caption\":\"Conexion 23\"},\"image\":{\"@id\":\"https:\/\/conexion23.com\/#\/schema\/logo\/image\/\"},\"sameAs\":[\"https:\/\/www.facebook.com\/conexion23com\",\"https:\/\/www.instagram.com\/conexion23com\/\",\"https:\/\/www.youtube.com\/channel\/UCYc7vxxFZMYLIHNsHHxPZ3Q\"]},{\"@type\":\"Person\",\"@id\":\"https:\/\/conexion23.com\/#\/schema\/person\/03e36043331117e97a373299bbcd30a6\",\"name\":\"Raffy Ben\u00edtez\",\"image\":{\"@type\":\"ImageObject\",\"inLanguage\":\"es\",\"@id\":\"https:\/\/conexion23.com\/#\/schema\/person\/image\/\",\"url\":\"https:\/\/secure.gravatar.com\/avatar\/3190a6a6c5e1b0327500f7d6c56b6242472ee6cb974cf09b401ee6b3b0798f23?s=96&d=mm&r=g\",\"contentUrl\":\"https:\/\/secure.gravatar.com\/avatar\/3190a6a6c5e1b0327500f7d6c56b6242472ee6cb974cf09b401ee6b3b0798f23?s=96&d=mm&r=g\",\"caption\":\"Raffy Ben\u00edtez\"},\"url\":\"https:\/\/conexion23.com\/?author=15\"}]}<\/script>\n<!-- \/ Yoast SEO plugin. -->","yoast_head_json":{"title":"Mujer estadounidense se convierte en la primera persona en utilizar una capsula suicida. - Conexi\u00f3n 23","robots":{"index":"index","follow":"follow","max-snippet":"max-snippet:-1","max-image-preview":"max-image-preview:large","max-video-preview":"max-video-preview:-1"},"canonical":"http:\/\/conexion23.com\/?p=33522","og_locale":"es_ES","og_type":"article","og_title":"Mujer estadounidense se convierte en la primera persona en utilizar una capsula suicida. - Conexi\u00f3n 23","og_description":"La investigaci\u00f3n suiza sobre la muerte voluntaria de una mujer hace que los grupos de defensa de la \u00abc\u00e1psula suicida\u00bb suspendan su uso Una mujer estadounidense de 64 a\u00f1os se convirti\u00f3 en la primera persona en usar el dispositivo para terminar voluntariamente con su vida en Suiza Los grupos de defensa de la \u00abc\u00e1psula suicida\u00bb [&hellip;]","og_url":"http:\/\/conexion23.com\/?p=33522","og_site_name":"Conexi\u00f3n 23","article_publisher":"https:\/\/www.facebook.com\/conexion23com","article_published_time":"2024-10-09T12:23:33+00:00","article_modified_time":"2024-10-09T12:23:34+00:00","og_image":[{"width":486,"height":225,"url":"http:\/\/conexion23.com\/wp-content\/uploads\/2024\/10\/29707faf-80c4-4cc7-b1bf-b3cf136d9ffd.jpg","type":"image\/jpeg"}],"author":"Raffy Ben\u00edtez","twitter_card":"summary_large_image","twitter_misc":{"Escrito por":"Raffy Ben\u00edtez","Tiempo de lectura":"2 minutos"},"schema":{"@context":"https:\/\/schema.org","@graph":[{"@type":"Article","@id":"http:\/\/conexion23.com\/?p=33522#article","isPartOf":{"@id":"http:\/\/conexion23.com\/?p=33522"},"author":{"name":"Raffy Ben\u00edtez","@id":"https:\/\/conexion23.com\/#\/schema\/person\/03e36043331117e97a373299bbcd30a6"},"headline":"Mujer estadounidense se convierte en la primera persona en utilizar una capsula suicida.","datePublished":"2024-10-09T12:23:33+00:00","dateModified":"2024-10-09T12:23:34+00:00","mainEntityOfPage":{"@id":"http:\/\/conexion23.com\/?p=33522"},"wordCount":220,"commentCount":0,"publisher":{"@id":"https:\/\/conexion23.com\/#organization"},"image":{"@id":"http:\/\/conexion23.com\/?p=33522#primaryimage"},"thumbnailUrl":"https:\/\/conexion23.com\/wp-content\/uploads\/2024\/10\/29707faf-80c4-4cc7-b1bf-b3cf136d9ffd.jpg","articleSection":["Uncategorized"],"inLanguage":"es","potentialAction":[{"@type":"CommentAction","name":"Comment","target":["http:\/\/conexion23.com\/?p=33522#respond"]}]},{"@type":"WebPage","@id":"http:\/\/conexion23.com\/?p=33522","url":"http:\/\/conexion23.com\/?p=33522","name":"Mujer estadounidense se convierte en la primera persona en utilizar una capsula suicida. - Conexi\u00f3n 23","isPartOf":{"@id":"https:\/\/conexion23.com\/#website"},"primaryImageOfPage":{"@id":"http:\/\/conexion23.com\/?p=33522#primaryimage"},"image":{"@id":"http:\/\/conexion23.com\/?p=33522#primaryimage"},"thumbnailUrl":"https:\/\/conexion23.com\/wp-content\/uploads\/2024\/10\/29707faf-80c4-4cc7-b1bf-b3cf136d9ffd.jpg","datePublished":"2024-10-09T12:23:33+00:00","dateModified":"2024-10-09T12:23:34+00:00","breadcrumb":{"@id":"http:\/\/conexion23.com\/?p=33522#breadcrumb"},"inLanguage":"es","potentialAction":[{"@type":"ReadAction","target":["http:\/\/conexion23.com\/?p=33522"]}]},{"@type":"ImageObject","inLanguage":"es","@id":"http:\/\/conexion23.com\/?p=33522#primaryimage","url":"https:\/\/conexion23.com\/wp-content\/uploads\/2024\/10\/29707faf-80c4-4cc7-b1bf-b3cf136d9ffd.jpg","contentUrl":"https:\/\/conexion23.com\/wp-content\/uploads\/2024\/10\/29707faf-80c4-4cc7-b1bf-b3cf136d9ffd.jpg","width":486,"height":225},{"@type":"BreadcrumbList","@id":"http:\/\/conexion23.com\/?p=33522#breadcrumb","itemListElement":[{"@type":"ListItem","position":1,"name":"Portada","item":"https:\/\/conexion23.com\/"},{"@type":"ListItem","position":2,"name":"Mujer estadounidense se convierte en la primera persona en utilizar una capsula suicida."}]},{"@type":"WebSite","@id":"https:\/\/conexion23.com\/#website","url":"https:\/\/conexion23.com\/","name":"Conexi\u00f3n 23","description":"Peri\u00f3dico 100% Petromacorisano","publisher":{"@id":"https:\/\/conexion23.com\/#organization"},"potentialAction":[{"@type":"SearchAction","target":{"@type":"EntryPoint","urlTemplate":"https:\/\/conexion23.com\/?s={search_term_string}"},"query-input":{"@type":"PropertyValueSpecification","valueRequired":true,"valueName":"search_term_string"}}],"inLanguage":"es"},{"@type":"Organization","@id":"https:\/\/conexion23.com\/#organization","name":"Conexion 23","url":"https:\/\/conexion23.com\/","logo":{"@type":"ImageObject","inLanguage":"es","@id":"https:\/\/conexion23.com\/#\/schema\/logo\/image\/","url":"https:\/\/conexion23.com\/wp-content\/uploads\/2021\/11\/Diseno-sin-titulo-2.png","contentUrl":"https:\/\/conexion23.com\/wp-content\/uploads\/2021\/11\/Diseno-sin-titulo-2.png","width":541,"height":90,"caption":"Conexion 23"},"image":{"@id":"https:\/\/conexion23.com\/#\/schema\/logo\/image\/"},"sameAs":["https:\/\/www.facebook.com\/conexion23com","https:\/\/www.instagram.com\/conexion23com\/","https:\/\/www.youtube.com\/channel\/UCYc7vxxFZMYLIHNsHHxPZ3Q"]},{"@type":"Person","@id":"https:\/\/conexion23.com\/#\/schema\/person\/03e36043331117e97a373299bbcd30a6","name":"Raffy Ben\u00edtez","image":{"@type":"ImageObject","inLanguage":"es","@id":"https:\/\/conexion23.com\/#\/schema\/person\/image\/","url":"https:\/\/secure.gravatar.com\/avatar\/3190a6a6c5e1b0327500f7d6c56b6242472ee6cb974cf09b401ee6b3b0798f23?s=96&d=mm&r=g","contentUrl":"https:\/\/secure.gravatar.com\/avatar\/3190a6a6c5e1b0327500f7d6c56b6242472ee6cb974cf09b401ee6b3b0798f23?s=96&d=mm&r=g","caption":"Raffy Ben\u00edtez"},"url":"https:\/\/conexion23.com\/?author=15"}]}},"_links":{"self":[{"href":"https:\/\/conexion23.com\/index.php?rest_route=\/wp\/v2\/posts\/33522","targetHints":{"allow":["GET"]}}],"collection":[{"href":"https:\/\/conexion23.com\/index.php?rest_route=\/wp\/v2\/posts"}],"about":[{"href":"https:\/\/conexion23.com\/index.php?rest_route=\/wp\/v2\/types\/post"}],"author":[{"embeddable":true,"href":"https:\/\/conexion23.com\/index.php?rest_route=\/wp\/v2\/users\/15"}],"replies":[{"embeddable":true,"href":"https:\/\/conexion23.com\/index.php?rest_route=%2Fwp%2Fv2%2Fcomments&post=33522"}],"version-history":[{"count":1,"href":"https:\/\/conexion23.com\/index.php?rest_route=\/wp\/v2\/posts\/33522\/revisions"}],"predecessor-version":[{"id":33524,"href":"https:\/\/conexion23.com\/index.php?rest_route=\/wp\/v2\/posts\/33522\/revisions\/33524"}],"wp:featuredmedia":[{"embeddable":true,"href":"https:\/\/conexion23.com\/index.php?rest_route=\/wp\/v2\/media\/33523"}],"wp:attachment":[{"href":"https:\/\/conexion23.com\/index.php?rest_route=%2Fwp%2Fv2%2Fmedia&parent=33522"}],"wp:term":[{"taxonomy":"category","embeddable":true,"href":"https:\/\/conexion23.com\/index.php?rest_route=%2Fwp%2Fv2%2Fcategories&post=33522"},{"taxonomy":"post_tag","embeddable":true,"href":"https:\/\/conexion23.com\/index.php?rest_route=%2Fwp%2Fv2%2Ftags&post=33522"}],"curies":[{"name":"wp","href":"https:\/\/api.w.org\/{rel}","templated":true}]}}