{"id":33525,"date":"2024-10-09T08:31:15","date_gmt":"2024-10-09T12:31:15","guid":{"rendered":"https:\/\/conexion23.com\/?p=33525"},"modified":"2024-10-09T08:31:17","modified_gmt":"2024-10-09T12:31:17","slug":"residentes-en-el-barrio-24-de-abril-en-san-pedro-de-macoris-exigen-solucion-a-constantes-averias-electricas","status":"publish","type":"post","link":"https:\/\/conexion23.com\/?p=33525","title":{"rendered":"Residentes en el barrio 24 de Abril en San Pedro de Macor\u00eds exigen soluci\u00f3n a constantes aver\u00edas el\u00e9ctricas."},"content":{"rendered":"\n<p>Residentes en el barrio 24 de Abril, de San Pedro de Macor\u00eds, espec\u00edficamente en las calles Marcelino Vega y Miguel Rom\u00e1n, han expresaron su malestar por las continuas aver\u00edas el\u00e9ctricas que les afectan desde hace casi una semana.<\/p>\n\n\n\n<p>Seg\u00fan los afectados, el problema se debe al sobrecargo que sufre el transformador de la zona, lo que provoca que los cables se desconecten frecuentemente, dejando a m\u00e1s de 100 viviendas sin electricidad.Aunque las brigadas de la Empresa Distribuidora de Electricidad del Este (EDESTE) han acudido a reparar las fallas, la situaci\u00f3n persiste, ya que las aver\u00edas se repiten pocas horas despu\u00e9s de cada intervenci\u00f3n.<\/p>\n\n\n\n<p>Los residentes afirman que llevan m\u00e1s de un a\u00f1o enfrentando esta problem\u00e1tica y consideran urgente la instalaci\u00f3n de nuevos cables y un transformador de mayor capacidad para aliviar la sobrecarga.Ante la falta de una soluci\u00f3n definitiva, los vecinos advierten que podr\u00edan organizar protestas si la direcci\u00f3n de EDESTE en San Pedro de Macor\u00eds no toma acciones inmediatas para resolver el problema.<\/p>\n","protected":false},"excerpt":{"rendered":"<p>Residentes en el barrio 24 de Abril, de San Pedro de Macor\u00eds, espec\u00edficamente en las calles Marcelino Vega y Miguel Rom\u00e1n, han expresaron su malestar por las continuas aver\u00edas el\u00e9ctricas que les afectan desde hace casi una semana. Seg\u00fan los afectados, el problema se debe al sobrecargo que sufre el transformador de la zona, lo [&hellip;]<\/p>\n","protected":false},"author":15,"featured_media":33526,"comment_status":"open","ping_status":"open","sticky":false,"template":"","format":"standard","meta":{"footnotes":""},"categories":[35],"tags":[],"class_list":{"0":"post-33525","1":"post","2":"type-post","3":"status-publish","4":"format-standard","5":"has-post-thumbnail","7":"category-spm"},"yoast_head":"<!-- This site is optimized with the Yoast SEO plugin v27.1.1 - https:\/\/yoast.com\/product\/yoast-seo-wordpress\/ -->\n<title>Residentes en el barrio 24 de Abril en San Pedro de Macor\u00eds exigen soluci\u00f3n a constantes aver\u00edas el\u00e9ctricas. - Conexi\u00f3n 23<\/title>\n<meta name=\"robots\" content=\"index, follow, max-snippet:-1, max-image-preview:large, max-video-preview:-1\" \/>\n<link rel=\"canonical\" href=\"http:\/\/conexion23.com\/?p=33525\" \/>\n<meta property=\"og:locale\" content=\"es_ES\" \/>\n<meta property=\"og:type\" content=\"article\" \/>\n<meta property=\"og:title\" content=\"Residentes en el barrio 24 de Abril en San Pedro de Macor\u00eds exigen soluci\u00f3n a constantes aver\u00edas el\u00e9ctricas. - Conexi\u00f3n 23\" \/>\n<meta property=\"og:description\" content=\"Residentes en el barrio 24 de Abril, de San Pedro de Macor\u00eds, espec\u00edficamente en las calles Marcelino Vega y Miguel Rom\u00e1n, han expresaron su malestar por las continuas aver\u00edas el\u00e9ctricas que les afectan desde hace casi una semana. Seg\u00fan los afectados, el problema se debe al sobrecargo que sufre el transformador de la zona, lo [&hellip;]\" \/>\n<meta property=\"og:url\" content=\"http:\/\/conexion23.com\/?p=33525\" \/>\n<meta property=\"og:site_name\" content=\"Conexi\u00f3n 23\" \/>\n<meta property=\"article:publisher\" content=\"https:\/\/www.facebook.com\/conexion23com\" \/>\n<meta property=\"article:published_time\" content=\"2024-10-09T12:31:15+00:00\" \/>\n<meta property=\"article:modified_time\" content=\"2024-10-09T12:31:17+00:00\" \/>\n<meta property=\"og:image\" content=\"http:\/\/conexion23.com\/wp-content\/uploads\/2024\/10\/IMG-20241006-WA0003.jpg\" \/>\n\t<meta property=\"og:image:width\" content=\"213\" \/>\n\t<meta property=\"og:image:height\" content=\"234\" \/>\n\t<meta property=\"og:image:type\" content=\"image\/jpeg\" \/>\n<meta name=\"author\" content=\"Raffy Ben\u00edtez\" \/>\n<meta name=\"twitter:card\" content=\"summary_large_image\" \/>\n<meta name=\"twitter:label1\" content=\"Escrito por\" \/>\n\t<meta name=\"twitter:data1\" content=\"Raffy Ben\u00edtez\" \/>\n\t<meta name=\"twitter:label2\" content=\"Tiempo de lectura\" \/>\n\t<meta name=\"twitter:data2\" content=\"1 minuto\" \/>\n<script type=\"application\/ld+json\" class=\"yoast-schema-graph\">{\"@context\":\"https:\/\/schema.org\",\"@graph\":[{\"@type\":\"Article\",\"@id\":\"http:\/\/conexion23.com\/?p=33525#article\",\"isPartOf\":{\"@id\":\"http:\/\/conexion23.com\/?p=33525\"},\"author\":{\"name\":\"Raffy Ben\u00edtez\",\"@id\":\"https:\/\/conexion23.com\/#\/schema\/person\/03e36043331117e97a373299bbcd30a6\"},\"headline\":\"Residentes en el barrio 24 de Abril en San Pedro de Macor\u00eds exigen soluci\u00f3n a constantes aver\u00edas el\u00e9ctricas.\",\"datePublished\":\"2024-10-09T12:31:15+00:00\",\"dateModified\":\"2024-10-09T12:31:17+00:00\",\"mainEntityOfPage\":{\"@id\":\"http:\/\/conexion23.com\/?p=33525\"},\"wordCount\":204,\"commentCount\":0,\"publisher\":{\"@id\":\"https:\/\/conexion23.com\/#organization\"},\"image\":{\"@id\":\"http:\/\/conexion23.com\/?p=33525#primaryimage\"},\"thumbnailUrl\":\"https:\/\/conexion23.com\/wp-content\/uploads\/2024\/10\/IMG-20241006-WA0003.jpg\",\"articleSection\":[\"SPM\"],\"inLanguage\":\"es\",\"potentialAction\":[{\"@type\":\"CommentAction\",\"name\":\"Comment\",\"target\":[\"http:\/\/conexion23.com\/?p=33525#respond\"]}]},{\"@type\":\"WebPage\",\"@id\":\"http:\/\/conexion23.com\/?p=33525\",\"url\":\"http:\/\/conexion23.com\/?p=33525\",\"name\":\"Residentes en el barrio 24 de Abril en San Pedro de Macor\u00eds exigen soluci\u00f3n a constantes aver\u00edas el\u00e9ctricas. - Conexi\u00f3n 23\",\"isPartOf\":{\"@id\":\"https:\/\/conexion23.com\/#website\"},\"primaryImageOfPage\":{\"@id\":\"http:\/\/conexion23.com\/?p=33525#primaryimage\"},\"image\":{\"@id\":\"http:\/\/conexion23.com\/?p=33525#primaryimage\"},\"thumbnailUrl\":\"https:\/\/conexion23.com\/wp-content\/uploads\/2024\/10\/IMG-20241006-WA0003.jpg\",\"datePublished\":\"2024-10-09T12:31:15+00:00\",\"dateModified\":\"2024-10-09T12:31:17+00:00\",\"breadcrumb\":{\"@id\":\"http:\/\/conexion23.com\/?p=33525#breadcrumb\"},\"inLanguage\":\"es\",\"potentialAction\":[{\"@type\":\"ReadAction\",\"target\":[\"http:\/\/conexion23.com\/?p=33525\"]}]},{\"@type\":\"ImageObject\",\"inLanguage\":\"es\",\"@id\":\"http:\/\/conexion23.com\/?p=33525#primaryimage\",\"url\":\"https:\/\/conexion23.com\/wp-content\/uploads\/2024\/10\/IMG-20241006-WA0003.jpg\",\"contentUrl\":\"https:\/\/conexion23.com\/wp-content\/uploads\/2024\/10\/IMG-20241006-WA0003.jpg\",\"width\":213,\"height\":234},{\"@type\":\"BreadcrumbList\",\"@id\":\"http:\/\/conexion23.com\/?p=33525#breadcrumb\",\"itemListElement\":[{\"@type\":\"ListItem\",\"position\":1,\"name\":\"Portada\",\"item\":\"https:\/\/conexion23.com\/\"},{\"@type\":\"ListItem\",\"position\":2,\"name\":\"Residentes en el barrio 24 de Abril en San Pedro de Macor\u00eds exigen soluci\u00f3n a constantes aver\u00edas el\u00e9ctricas.\"}]},{\"@type\":\"WebSite\",\"@id\":\"https:\/\/conexion23.com\/#website\",\"url\":\"https:\/\/conexion23.com\/\",\"name\":\"Conexi\u00f3n 23\",\"description\":\"Peri\u00f3dico 100% Petromacorisano\",\"publisher\":{\"@id\":\"https:\/\/conexion23.com\/#organization\"},\"potentialAction\":[{\"@type\":\"SearchAction\",\"target\":{\"@type\":\"EntryPoint\",\"urlTemplate\":\"https:\/\/conexion23.com\/?s={search_term_string}\"},\"query-input\":{\"@type\":\"PropertyValueSpecification\",\"valueRequired\":true,\"valueName\":\"search_term_string\"}}],\"inLanguage\":\"es\"},{\"@type\":\"Organization\",\"@id\":\"https:\/\/conexion23.com\/#organization\",\"name\":\"Conexion 23\",\"url\":\"https:\/\/conexion23.com\/\",\"logo\":{\"@type\":\"ImageObject\",\"inLanguage\":\"es\",\"@id\":\"https:\/\/conexion23.com\/#\/schema\/logo\/image\/\",\"url\":\"https:\/\/conexion23.com\/wp-content\/uploads\/2021\/11\/Diseno-sin-titulo-2.png\",\"contentUrl\":\"https:\/\/conexion23.com\/wp-content\/uploads\/2021\/11\/Diseno-sin-titulo-2.png\",\"width\":541,\"height\":90,\"caption\":\"Conexion 23\"},\"image\":{\"@id\":\"https:\/\/conexion23.com\/#\/schema\/logo\/image\/\"},\"sameAs\":[\"https:\/\/www.facebook.com\/conexion23com\",\"https:\/\/www.instagram.com\/conexion23com\/\",\"https:\/\/www.youtube.com\/channel\/UCYc7vxxFZMYLIHNsHHxPZ3Q\"]},{\"@type\":\"Person\",\"@id\":\"https:\/\/conexion23.com\/#\/schema\/person\/03e36043331117e97a373299bbcd30a6\",\"name\":\"Raffy Ben\u00edtez\",\"image\":{\"@type\":\"ImageObject\",\"inLanguage\":\"es\",\"@id\":\"https:\/\/conexion23.com\/#\/schema\/person\/image\/\",\"url\":\"https:\/\/secure.gravatar.com\/avatar\/3190a6a6c5e1b0327500f7d6c56b6242472ee6cb974cf09b401ee6b3b0798f23?s=96&d=mm&r=g\",\"contentUrl\":\"https:\/\/secure.gravatar.com\/avatar\/3190a6a6c5e1b0327500f7d6c56b6242472ee6cb974cf09b401ee6b3b0798f23?s=96&d=mm&r=g\",\"caption\":\"Raffy Ben\u00edtez\"},\"url\":\"https:\/\/conexion23.com\/?author=15\"}]}<\/script>\n<!-- \/ Yoast SEO plugin. -->","yoast_head_json":{"title":"Residentes en el barrio 24 de Abril en San Pedro de Macor\u00eds exigen soluci\u00f3n a constantes aver\u00edas el\u00e9ctricas. - Conexi\u00f3n 23","robots":{"index":"index","follow":"follow","max-snippet":"max-snippet:-1","max-image-preview":"max-image-preview:large","max-video-preview":"max-video-preview:-1"},"canonical":"http:\/\/conexion23.com\/?p=33525","og_locale":"es_ES","og_type":"article","og_title":"Residentes en el barrio 24 de Abril en San Pedro de Macor\u00eds exigen soluci\u00f3n a constantes aver\u00edas el\u00e9ctricas. - Conexi\u00f3n 23","og_description":"Residentes en el barrio 24 de Abril, de San Pedro de Macor\u00eds, espec\u00edficamente en las calles Marcelino Vega y Miguel Rom\u00e1n, han expresaron su malestar por las continuas aver\u00edas el\u00e9ctricas que les afectan desde hace casi una semana. Seg\u00fan los afectados, el problema se debe al sobrecargo que sufre el transformador de la zona, lo [&hellip;]","og_url":"http:\/\/conexion23.com\/?p=33525","og_site_name":"Conexi\u00f3n 23","article_publisher":"https:\/\/www.facebook.com\/conexion23com","article_published_time":"2024-10-09T12:31:15+00:00","article_modified_time":"2024-10-09T12:31:17+00:00","og_image":[{"width":213,"height":234,"url":"http:\/\/conexion23.com\/wp-content\/uploads\/2024\/10\/IMG-20241006-WA0003.jpg","type":"image\/jpeg"}],"author":"Raffy Ben\u00edtez","twitter_card":"summary_large_image","twitter_misc":{"Escrito por":"Raffy Ben\u00edtez","Tiempo de lectura":"1 minuto"},"schema":{"@context":"https:\/\/schema.org","@graph":[{"@type":"Article","@id":"http:\/\/conexion23.com\/?p=33525#article","isPartOf":{"@id":"http:\/\/conexion23.com\/?p=33525"},"author":{"name":"Raffy Ben\u00edtez","@id":"https:\/\/conexion23.com\/#\/schema\/person\/03e36043331117e97a373299bbcd30a6"},"headline":"Residentes en el barrio 24 de Abril en San Pedro de Macor\u00eds exigen soluci\u00f3n a constantes aver\u00edas el\u00e9ctricas.","datePublished":"2024-10-09T12:31:15+00:00","dateModified":"2024-10-09T12:31:17+00:00","mainEntityOfPage":{"@id":"http:\/\/conexion23.com\/?p=33525"},"wordCount":204,"commentCount":0,"publisher":{"@id":"https:\/\/conexion23.com\/#organization"},"image":{"@id":"http:\/\/conexion23.com\/?p=33525#primaryimage"},"thumbnailUrl":"https:\/\/conexion23.com\/wp-content\/uploads\/2024\/10\/IMG-20241006-WA0003.jpg","articleSection":["SPM"],"inLanguage":"es","potentialAction":[{"@type":"CommentAction","name":"Comment","target":["http:\/\/conexion23.com\/?p=33525#respond"]}]},{"@type":"WebPage","@id":"http:\/\/conexion23.com\/?p=33525","url":"http:\/\/conexion23.com\/?p=33525","name":"Residentes en el barrio 24 de Abril en San Pedro de Macor\u00eds exigen soluci\u00f3n a constantes aver\u00edas el\u00e9ctricas. - Conexi\u00f3n 23","isPartOf":{"@id":"https:\/\/conexion23.com\/#website"},"primaryImageOfPage":{"@id":"http:\/\/conexion23.com\/?p=33525#primaryimage"},"image":{"@id":"http:\/\/conexion23.com\/?p=33525#primaryimage"},"thumbnailUrl":"https:\/\/conexion23.com\/wp-content\/uploads\/2024\/10\/IMG-20241006-WA0003.jpg","datePublished":"2024-10-09T12:31:15+00:00","dateModified":"2024-10-09T12:31:17+00:00","breadcrumb":{"@id":"http:\/\/conexion23.com\/?p=33525#breadcrumb"},"inLanguage":"es","potentialAction":[{"@type":"ReadAction","target":["http:\/\/conexion23.com\/?p=33525"]}]},{"@type":"ImageObject","inLanguage":"es","@id":"http:\/\/conexion23.com\/?p=33525#primaryimage","url":"https:\/\/conexion23.com\/wp-content\/uploads\/2024\/10\/IMG-20241006-WA0003.jpg","contentUrl":"https:\/\/conexion23.com\/wp-content\/uploads\/2024\/10\/IMG-20241006-WA0003.jpg","width":213,"height":234},{"@type":"BreadcrumbList","@id":"http:\/\/conexion23.com\/?p=33525#breadcrumb","itemListElement":[{"@type":"ListItem","position":1,"name":"Portada","item":"https:\/\/conexion23.com\/"},{"@type":"ListItem","position":2,"name":"Residentes en el barrio 24 de Abril en San Pedro de Macor\u00eds exigen soluci\u00f3n a constantes aver\u00edas el\u00e9ctricas."}]},{"@type":"WebSite","@id":"https:\/\/conexion23.com\/#website","url":"https:\/\/conexion23.com\/","name":"Conexi\u00f3n 23","description":"Peri\u00f3dico 100% Petromacorisano","publisher":{"@id":"https:\/\/conexion23.com\/#organization"},"potentialAction":[{"@type":"SearchAction","target":{"@type":"EntryPoint","urlTemplate":"https:\/\/conexion23.com\/?s={search_term_string}"},"query-input":{"@type":"PropertyValueSpecification","valueRequired":true,"valueName":"search_term_string"}}],"inLanguage":"es"},{"@type":"Organization","@id":"https:\/\/conexion23.com\/#organization","name":"Conexion 23","url":"https:\/\/conexion23.com\/","logo":{"@type":"ImageObject","inLanguage":"es","@id":"https:\/\/conexion23.com\/#\/schema\/logo\/image\/","url":"https:\/\/conexion23.com\/wp-content\/uploads\/2021\/11\/Diseno-sin-titulo-2.png","contentUrl":"https:\/\/conexion23.com\/wp-content\/uploads\/2021\/11\/Diseno-sin-titulo-2.png","width":541,"height":90,"caption":"Conexion 23"},"image":{"@id":"https:\/\/conexion23.com\/#\/schema\/logo\/image\/"},"sameAs":["https:\/\/www.facebook.com\/conexion23com","https:\/\/www.instagram.com\/conexion23com\/","https:\/\/www.youtube.com\/channel\/UCYc7vxxFZMYLIHNsHHxPZ3Q"]},{"@type":"Person","@id":"https:\/\/conexion23.com\/#\/schema\/person\/03e36043331117e97a373299bbcd30a6","name":"Raffy Ben\u00edtez","image":{"@type":"ImageObject","inLanguage":"es","@id":"https:\/\/conexion23.com\/#\/schema\/person\/image\/","url":"https:\/\/secure.gravatar.com\/avatar\/3190a6a6c5e1b0327500f7d6c56b6242472ee6cb974cf09b401ee6b3b0798f23?s=96&d=mm&r=g","contentUrl":"https:\/\/secure.gravatar.com\/avatar\/3190a6a6c5e1b0327500f7d6c56b6242472ee6cb974cf09b401ee6b3b0798f23?s=96&d=mm&r=g","caption":"Raffy Ben\u00edtez"},"url":"https:\/\/conexion23.com\/?author=15"}]}},"_links":{"self":[{"href":"https:\/\/conexion23.com\/index.php?rest_route=\/wp\/v2\/posts\/33525","targetHints":{"allow":["GET"]}}],"collection":[{"href":"https:\/\/conexion23.com\/index.php?rest_route=\/wp\/v2\/posts"}],"about":[{"href":"https:\/\/conexion23.com\/index.php?rest_route=\/wp\/v2\/types\/post"}],"author":[{"embeddable":true,"href":"https:\/\/conexion23.com\/index.php?rest_route=\/wp\/v2\/users\/15"}],"replies":[{"embeddable":true,"href":"https:\/\/conexion23.com\/index.php?rest_route=%2Fwp%2Fv2%2Fcomments&post=33525"}],"version-history":[{"count":1,"href":"https:\/\/conexion23.com\/index.php?rest_route=\/wp\/v2\/posts\/33525\/revisions"}],"predecessor-version":[{"id":33527,"href":"https:\/\/conexion23.com\/index.php?rest_route=\/wp\/v2\/posts\/33525\/revisions\/33527"}],"wp:featuredmedia":[{"embeddable":true,"href":"https:\/\/conexion23.com\/index.php?rest_route=\/wp\/v2\/media\/33526"}],"wp:attachment":[{"href":"https:\/\/conexion23.com\/index.php?rest_route=%2Fwp%2Fv2%2Fmedia&parent=33525"}],"wp:term":[{"taxonomy":"category","embeddable":true,"href":"https:\/\/conexion23.com\/index.php?rest_route=%2Fwp%2Fv2%2Fcategories&post=33525"},{"taxonomy":"post_tag","embeddable":true,"href":"https:\/\/conexion23.com\/index.php?rest_route=%2Fwp%2Fv2%2Ftags&post=33525"}],"curies":[{"name":"wp","href":"https:\/\/api.w.org\/{rel}","templated":true}]}}