{"id":33534,"date":"2024-10-09T08:46:24","date_gmt":"2024-10-09T12:46:24","guid":{"rendered":"https:\/\/conexion23.com\/?p=33534"},"modified":"2024-10-09T08:46:26","modified_gmt":"2024-10-09T12:46:26","slug":"la-onu-reclama-el-cumplimiento-pleno-del-embargo-de-armas-a-bandas-criminales-en-haiti","status":"publish","type":"post","link":"https:\/\/conexion23.com\/?p=33534","title":{"rendered":"La ONU reclama el cumplimiento pleno del embargo de armas a bandas criminales en Hait\u00ed"},"content":{"rendered":"\n<p class=\"wp-block-paragraph\">La Oficina de Derechos Humanos de la ONU reclam\u00f3 este martes el cumplimiento pleno del embargo de armas para frenar los suministros que reciben las bandas criminales en Hait\u00ed, una decisi\u00f3n adoptada por el Consejo de Seguridad de Naciones Unidas y cuya renovaci\u00f3n por un a\u00f1o m\u00e1s se debatir\u00e1 la pr\u00f3xima semana.<\/p>\n\n\n\n<p class=\"wp-block-paragraph\">\u00abLas armas y las municiones no se fabrican en Hait\u00ed, vienen de empresas de otros lugares. Los Estados deben hacer m\u00e1s para aplicar plenamente el embargo del Consejo de Seguridad a los exportadores de armas que operan en o desde su territorio\u00bb, dijo el alto comisionado para los derechos humanos, Volker T\u00fcrk.<\/p>\n\n\n\n<p class=\"wp-block-paragraph\">En el debate dedicado en el Consejo de Derechos Humanos a la situaci\u00f3n en Hait\u00ed, T\u00fcrk record\u00f3 que este acceso al armamento ha causado miles de asesinatos, desplazamientos masivos y otras violaciones de los derechos humanos entre febrero y julio de este a\u00f1o, periodo que cubre el \u00faltimo informe elaborado por su organismo.<\/p>\n\n\n\n<p class=\"wp-block-paragraph\">ADVERTISING<\/p>\n\n\n\n<p class=\"wp-block-paragraph\">Las investigaciones de la ONU han permitido documentar asesinatos selectivos, tiroteos al azar, secuestros masivos, reclutamiento forzoso, trata de menores e incendios y saqueos de pueblos y ciudades, todos estos actos criminales perpetrados \u00abpor bandas cada vez m\u00e1s poderosas\u00bb.<\/p>\n\n\n\n<p class=\"wp-block-paragraph\">Denunci\u00f3 tambi\u00e9n que la violencia sexual \u00abha alcanzado nuevas cotas de brutalidad\u00bb, tras haberse documentado violaciones colectivas.<\/p>\n\n\n\n<p class=\"wp-block-paragraph\">La ONU ha denunciado varias veces en las \u00faltimas semanas la violencia ca\u00f3tica en la que est\u00e1 sumida Hait\u00ed, donde el control que ejercen las bandas de las v\u00edas terrestres ha interrumpido la provisi\u00f3n de servicios b\u00e1sicos.<\/p>\n","protected":false},"excerpt":{"rendered":"<p>La Oficina de Derechos Humanos de la ONU reclam\u00f3 este martes el cumplimiento pleno del embargo de armas para frenar los suministros que reciben las bandas criminales en Hait\u00ed, una decisi\u00f3n adoptada por el Consejo de Seguridad de Naciones Unidas y cuya renovaci\u00f3n por un a\u00f1o m\u00e1s se debatir\u00e1 la pr\u00f3xima semana. \u00abLas armas y [&hellip;]<\/p>\n","protected":false},"author":15,"featured_media":33535,"comment_status":"open","ping_status":"open","sticky":false,"template":"","format":"standard","meta":{"footnotes":""},"categories":[1],"tags":[],"class_list":["post-33534","post","type-post","status-publish","format-standard","has-post-thumbnail","category-uncategorized"],"yoast_head":"<!-- This site is optimized with the Yoast SEO plugin v27.6 - https:\/\/yoast.com\/product\/yoast-seo-wordpress\/ -->\n<title>La ONU reclama el cumplimiento pleno del embargo de armas a bandas criminales en Hait\u00ed - Conexi\u00f3n 23<\/title>\n<meta name=\"robots\" content=\"index, follow, max-snippet:-1, max-image-preview:large, max-video-preview:-1\" \/>\n<link rel=\"canonical\" href=\"https:\/\/conexion23.com\/?p=33534\" \/>\n<meta property=\"og:locale\" content=\"es_ES\" \/>\n<meta property=\"og:type\" content=\"article\" \/>\n<meta property=\"og:title\" content=\"La ONU reclama el cumplimiento pleno del embargo de armas a bandas criminales en Hait\u00ed - Conexi\u00f3n 23\" \/>\n<meta property=\"og:description\" content=\"La Oficina de Derechos Humanos de la ONU reclam\u00f3 este martes el cumplimiento pleno del embargo de armas para frenar los suministros que reciben las bandas criminales en Hait\u00ed, una decisi\u00f3n adoptada por el Consejo de Seguridad de Naciones Unidas y cuya renovaci\u00f3n por un a\u00f1o m\u00e1s se debatir\u00e1 la pr\u00f3xima semana. \u00abLas armas y [&hellip;]\" \/>\n<meta property=\"og:url\" content=\"https:\/\/conexion23.com\/?p=33534\" \/>\n<meta property=\"og:site_name\" content=\"Conexi\u00f3n 23\" \/>\n<meta property=\"article:publisher\" content=\"https:\/\/www.facebook.com\/conexion23com\" \/>\n<meta property=\"article:published_time\" content=\"2024-10-09T12:46:24+00:00\" \/>\n<meta property=\"article:modified_time\" content=\"2024-10-09T12:46:26+00:00\" \/>\n<meta property=\"og:image\" content=\"https:\/\/conexion23.com\/wp-content\/uploads\/2024\/10\/66bb55eb6ac6e.jpeg\" \/>\n\t<meta property=\"og:image:width\" content=\"800\" \/>\n\t<meta property=\"og:image:height\" content=\"536\" \/>\n\t<meta property=\"og:image:type\" content=\"image\/jpeg\" \/>\n<meta name=\"author\" content=\"Raffy Ben\u00edtez\" \/>\n<meta name=\"twitter:card\" content=\"summary_large_image\" \/>\n<meta name=\"twitter:label1\" content=\"Escrito por\" \/>\n\t<meta name=\"twitter:data1\" content=\"Raffy Ben\u00edtez\" \/>\n\t<meta name=\"twitter:label2\" content=\"Tiempo de lectura\" \/>\n\t<meta name=\"twitter:data2\" content=\"2 minutos\" \/>\n<script type=\"application\/ld+json\" class=\"yoast-schema-graph\">{\"@context\":\"https:\\\/\\\/schema.org\",\"@graph\":[{\"@type\":\"Article\",\"@id\":\"https:\\\/\\\/conexion23.com\\\/?p=33534#article\",\"isPartOf\":{\"@id\":\"https:\\\/\\\/conexion23.com\\\/?p=33534\"},\"author\":{\"name\":\"Raffy Ben\u00edtez\",\"@id\":\"http:\\\/\\\/conexion23.com\\\/#\\\/schema\\\/person\\\/03e36043331117e97a373299bbcd30a6\"},\"headline\":\"La ONU reclama el cumplimiento pleno del embargo de armas a bandas criminales en Hait\u00ed\",\"datePublished\":\"2024-10-09T12:46:24+00:00\",\"dateModified\":\"2024-10-09T12:46:26+00:00\",\"mainEntityOfPage\":{\"@id\":\"https:\\\/\\\/conexion23.com\\\/?p=33534\"},\"wordCount\":282,\"commentCount\":0,\"publisher\":{\"@id\":\"http:\\\/\\\/conexion23.com\\\/#organization\"},\"image\":{\"@id\":\"https:\\\/\\\/conexion23.com\\\/?p=33534#primaryimage\"},\"thumbnailUrl\":\"https:\\\/\\\/conexion23.com\\\/wp-content\\\/uploads\\\/2024\\\/10\\\/66bb55eb6ac6e.jpeg\",\"articleSection\":[\"Uncategorized\"],\"inLanguage\":\"es\",\"potentialAction\":[{\"@type\":\"CommentAction\",\"name\":\"Comment\",\"target\":[\"https:\\\/\\\/conexion23.com\\\/?p=33534#respond\"]}]},{\"@type\":\"WebPage\",\"@id\":\"https:\\\/\\\/conexion23.com\\\/?p=33534\",\"url\":\"https:\\\/\\\/conexion23.com\\\/?p=33534\",\"name\":\"La ONU reclama el cumplimiento pleno del embargo de armas a bandas criminales en Hait\u00ed - Conexi\u00f3n 23\",\"isPartOf\":{\"@id\":\"http:\\\/\\\/conexion23.com\\\/#website\"},\"primaryImageOfPage\":{\"@id\":\"https:\\\/\\\/conexion23.com\\\/?p=33534#primaryimage\"},\"image\":{\"@id\":\"https:\\\/\\\/conexion23.com\\\/?p=33534#primaryimage\"},\"thumbnailUrl\":\"https:\\\/\\\/conexion23.com\\\/wp-content\\\/uploads\\\/2024\\\/10\\\/66bb55eb6ac6e.jpeg\",\"datePublished\":\"2024-10-09T12:46:24+00:00\",\"dateModified\":\"2024-10-09T12:46:26+00:00\",\"breadcrumb\":{\"@id\":\"https:\\\/\\\/conexion23.com\\\/?p=33534#breadcrumb\"},\"inLanguage\":\"es\",\"potentialAction\":[{\"@type\":\"ReadAction\",\"target\":[\"https:\\\/\\\/conexion23.com\\\/?p=33534\"]}]},{\"@type\":\"ImageObject\",\"inLanguage\":\"es\",\"@id\":\"https:\\\/\\\/conexion23.com\\\/?p=33534#primaryimage\",\"url\":\"https:\\\/\\\/conexion23.com\\\/wp-content\\\/uploads\\\/2024\\\/10\\\/66bb55eb6ac6e.jpeg\",\"contentUrl\":\"https:\\\/\\\/conexion23.com\\\/wp-content\\\/uploads\\\/2024\\\/10\\\/66bb55eb6ac6e.jpeg\",\"width\":800,\"height\":536},{\"@type\":\"BreadcrumbList\",\"@id\":\"https:\\\/\\\/conexion23.com\\\/?p=33534#breadcrumb\",\"itemListElement\":[{\"@type\":\"ListItem\",\"position\":1,\"name\":\"Portada\",\"item\":\"http:\\\/\\\/conexion23.com\\\/\"},{\"@type\":\"ListItem\",\"position\":2,\"name\":\"La ONU reclama el cumplimiento pleno del embargo de armas a bandas criminales en Hait\u00ed\"}]},{\"@type\":\"WebSite\",\"@id\":\"http:\\\/\\\/conexion23.com\\\/#website\",\"url\":\"http:\\\/\\\/conexion23.com\\\/\",\"name\":\"Conexi\u00f3n 23\",\"description\":\"Peri\u00f3dico 100% Petromacorisano\",\"publisher\":{\"@id\":\"http:\\\/\\\/conexion23.com\\\/#organization\"},\"potentialAction\":[{\"@type\":\"SearchAction\",\"target\":{\"@type\":\"EntryPoint\",\"urlTemplate\":\"http:\\\/\\\/conexion23.com\\\/?s={search_term_string}\"},\"query-input\":{\"@type\":\"PropertyValueSpecification\",\"valueRequired\":true,\"valueName\":\"search_term_string\"}}],\"inLanguage\":\"es\"},{\"@type\":\"Organization\",\"@id\":\"http:\\\/\\\/conexion23.com\\\/#organization\",\"name\":\"Conexion 23\",\"url\":\"http:\\\/\\\/conexion23.com\\\/\",\"logo\":{\"@type\":\"ImageObject\",\"inLanguage\":\"es\",\"@id\":\"http:\\\/\\\/conexion23.com\\\/#\\\/schema\\\/logo\\\/image\\\/\",\"url\":\"https:\\\/\\\/conexion23.com\\\/wp-content\\\/uploads\\\/2021\\\/11\\\/Diseno-sin-titulo-2.png\",\"contentUrl\":\"https:\\\/\\\/conexion23.com\\\/wp-content\\\/uploads\\\/2021\\\/11\\\/Diseno-sin-titulo-2.png\",\"width\":541,\"height\":90,\"caption\":\"Conexion 23\"},\"image\":{\"@id\":\"http:\\\/\\\/conexion23.com\\\/#\\\/schema\\\/logo\\\/image\\\/\"},\"sameAs\":[\"https:\\\/\\\/www.facebook.com\\\/conexion23com\",\"https:\\\/\\\/www.instagram.com\\\/conexion23com\\\/\",\"https:\\\/\\\/www.youtube.com\\\/channel\\\/UCYc7vxxFZMYLIHNsHHxPZ3Q\"]},{\"@type\":\"Person\",\"@id\":\"http:\\\/\\\/conexion23.com\\\/#\\\/schema\\\/person\\\/03e36043331117e97a373299bbcd30a6\",\"name\":\"Raffy Ben\u00edtez\",\"image\":{\"@type\":\"ImageObject\",\"inLanguage\":\"es\",\"@id\":\"https:\\\/\\\/secure.gravatar.com\\\/avatar\\\/3190a6a6c5e1b0327500f7d6c56b6242472ee6cb974cf09b401ee6b3b0798f23?s=96&d=mm&r=g\",\"url\":\"https:\\\/\\\/secure.gravatar.com\\\/avatar\\\/3190a6a6c5e1b0327500f7d6c56b6242472ee6cb974cf09b401ee6b3b0798f23?s=96&d=mm&r=g\",\"contentUrl\":\"https:\\\/\\\/secure.gravatar.com\\\/avatar\\\/3190a6a6c5e1b0327500f7d6c56b6242472ee6cb974cf09b401ee6b3b0798f23?s=96&d=mm&r=g\",\"caption\":\"Raffy Ben\u00edtez\"},\"url\":\"https:\\\/\\\/conexion23.com\\\/?author=15\"}]}<\/script>\n<!-- \/ Yoast SEO plugin. -->","yoast_head_json":{"title":"La ONU reclama el cumplimiento pleno del embargo de armas a bandas criminales en Hait\u00ed - Conexi\u00f3n 23","robots":{"index":"index","follow":"follow","max-snippet":"max-snippet:-1","max-image-preview":"max-image-preview:large","max-video-preview":"max-video-preview:-1"},"canonical":"https:\/\/conexion23.com\/?p=33534","og_locale":"es_ES","og_type":"article","og_title":"La ONU reclama el cumplimiento pleno del embargo de armas a bandas criminales en Hait\u00ed - Conexi\u00f3n 23","og_description":"La Oficina de Derechos Humanos de la ONU reclam\u00f3 este martes el cumplimiento pleno del embargo de armas para frenar los suministros que reciben las bandas criminales en Hait\u00ed, una decisi\u00f3n adoptada por el Consejo de Seguridad de Naciones Unidas y cuya renovaci\u00f3n por un a\u00f1o m\u00e1s se debatir\u00e1 la pr\u00f3xima semana. \u00abLas armas y [&hellip;]","og_url":"https:\/\/conexion23.com\/?p=33534","og_site_name":"Conexi\u00f3n 23","article_publisher":"https:\/\/www.facebook.com\/conexion23com","article_published_time":"2024-10-09T12:46:24+00:00","article_modified_time":"2024-10-09T12:46:26+00:00","og_image":[{"width":800,"height":536,"url":"https:\/\/conexion23.com\/wp-content\/uploads\/2024\/10\/66bb55eb6ac6e.jpeg","type":"image\/jpeg"}],"author":"Raffy Ben\u00edtez","twitter_card":"summary_large_image","twitter_misc":{"Escrito por":"Raffy Ben\u00edtez","Tiempo de lectura":"2 minutos"},"schema":{"@context":"https:\/\/schema.org","@graph":[{"@type":"Article","@id":"https:\/\/conexion23.com\/?p=33534#article","isPartOf":{"@id":"https:\/\/conexion23.com\/?p=33534"},"author":{"name":"Raffy Ben\u00edtez","@id":"http:\/\/conexion23.com\/#\/schema\/person\/03e36043331117e97a373299bbcd30a6"},"headline":"La ONU reclama el cumplimiento pleno del embargo de armas a bandas criminales en Hait\u00ed","datePublished":"2024-10-09T12:46:24+00:00","dateModified":"2024-10-09T12:46:26+00:00","mainEntityOfPage":{"@id":"https:\/\/conexion23.com\/?p=33534"},"wordCount":282,"commentCount":0,"publisher":{"@id":"http:\/\/conexion23.com\/#organization"},"image":{"@id":"https:\/\/conexion23.com\/?p=33534#primaryimage"},"thumbnailUrl":"https:\/\/conexion23.com\/wp-content\/uploads\/2024\/10\/66bb55eb6ac6e.jpeg","articleSection":["Uncategorized"],"inLanguage":"es","potentialAction":[{"@type":"CommentAction","name":"Comment","target":["https:\/\/conexion23.com\/?p=33534#respond"]}]},{"@type":"WebPage","@id":"https:\/\/conexion23.com\/?p=33534","url":"https:\/\/conexion23.com\/?p=33534","name":"La ONU reclama el cumplimiento pleno del embargo de armas a bandas criminales en Hait\u00ed - Conexi\u00f3n 23","isPartOf":{"@id":"http:\/\/conexion23.com\/#website"},"primaryImageOfPage":{"@id":"https:\/\/conexion23.com\/?p=33534#primaryimage"},"image":{"@id":"https:\/\/conexion23.com\/?p=33534#primaryimage"},"thumbnailUrl":"https:\/\/conexion23.com\/wp-content\/uploads\/2024\/10\/66bb55eb6ac6e.jpeg","datePublished":"2024-10-09T12:46:24+00:00","dateModified":"2024-10-09T12:46:26+00:00","breadcrumb":{"@id":"https:\/\/conexion23.com\/?p=33534#breadcrumb"},"inLanguage":"es","potentialAction":[{"@type":"ReadAction","target":["https:\/\/conexion23.com\/?p=33534"]}]},{"@type":"ImageObject","inLanguage":"es","@id":"https:\/\/conexion23.com\/?p=33534#primaryimage","url":"https:\/\/conexion23.com\/wp-content\/uploads\/2024\/10\/66bb55eb6ac6e.jpeg","contentUrl":"https:\/\/conexion23.com\/wp-content\/uploads\/2024\/10\/66bb55eb6ac6e.jpeg","width":800,"height":536},{"@type":"BreadcrumbList","@id":"https:\/\/conexion23.com\/?p=33534#breadcrumb","itemListElement":[{"@type":"ListItem","position":1,"name":"Portada","item":"http:\/\/conexion23.com\/"},{"@type":"ListItem","position":2,"name":"La ONU reclama el cumplimiento pleno del embargo de armas a bandas criminales en Hait\u00ed"}]},{"@type":"WebSite","@id":"http:\/\/conexion23.com\/#website","url":"http:\/\/conexion23.com\/","name":"Conexi\u00f3n 23","description":"Peri\u00f3dico 100% Petromacorisano","publisher":{"@id":"http:\/\/conexion23.com\/#organization"},"potentialAction":[{"@type":"SearchAction","target":{"@type":"EntryPoint","urlTemplate":"http:\/\/conexion23.com\/?s={search_term_string}"},"query-input":{"@type":"PropertyValueSpecification","valueRequired":true,"valueName":"search_term_string"}}],"inLanguage":"es"},{"@type":"Organization","@id":"http:\/\/conexion23.com\/#organization","name":"Conexion 23","url":"http:\/\/conexion23.com\/","logo":{"@type":"ImageObject","inLanguage":"es","@id":"http:\/\/conexion23.com\/#\/schema\/logo\/image\/","url":"https:\/\/conexion23.com\/wp-content\/uploads\/2021\/11\/Diseno-sin-titulo-2.png","contentUrl":"https:\/\/conexion23.com\/wp-content\/uploads\/2021\/11\/Diseno-sin-titulo-2.png","width":541,"height":90,"caption":"Conexion 23"},"image":{"@id":"http:\/\/conexion23.com\/#\/schema\/logo\/image\/"},"sameAs":["https:\/\/www.facebook.com\/conexion23com","https:\/\/www.instagram.com\/conexion23com\/","https:\/\/www.youtube.com\/channel\/UCYc7vxxFZMYLIHNsHHxPZ3Q"]},{"@type":"Person","@id":"http:\/\/conexion23.com\/#\/schema\/person\/03e36043331117e97a373299bbcd30a6","name":"Raffy Ben\u00edtez","image":{"@type":"ImageObject","inLanguage":"es","@id":"https:\/\/secure.gravatar.com\/avatar\/3190a6a6c5e1b0327500f7d6c56b6242472ee6cb974cf09b401ee6b3b0798f23?s=96&d=mm&r=g","url":"https:\/\/secure.gravatar.com\/avatar\/3190a6a6c5e1b0327500f7d6c56b6242472ee6cb974cf09b401ee6b3b0798f23?s=96&d=mm&r=g","contentUrl":"https:\/\/secure.gravatar.com\/avatar\/3190a6a6c5e1b0327500f7d6c56b6242472ee6cb974cf09b401ee6b3b0798f23?s=96&d=mm&r=g","caption":"Raffy Ben\u00edtez"},"url":"https:\/\/conexion23.com\/?author=15"}]}},"_links":{"self":[{"href":"https:\/\/conexion23.com\/index.php?rest_route=\/wp\/v2\/posts\/33534","targetHints":{"allow":["GET"]}}],"collection":[{"href":"https:\/\/conexion23.com\/index.php?rest_route=\/wp\/v2\/posts"}],"about":[{"href":"https:\/\/conexion23.com\/index.php?rest_route=\/wp\/v2\/types\/post"}],"author":[{"embeddable":true,"href":"https:\/\/conexion23.com\/index.php?rest_route=\/wp\/v2\/users\/15"}],"replies":[{"embeddable":true,"href":"https:\/\/conexion23.com\/index.php?rest_route=%2Fwp%2Fv2%2Fcomments&post=33534"}],"version-history":[{"count":1,"href":"https:\/\/conexion23.com\/index.php?rest_route=\/wp\/v2\/posts\/33534\/revisions"}],"predecessor-version":[{"id":33536,"href":"https:\/\/conexion23.com\/index.php?rest_route=\/wp\/v2\/posts\/33534\/revisions\/33536"}],"wp:featuredmedia":[{"embeddable":true,"href":"https:\/\/conexion23.com\/index.php?rest_route=\/wp\/v2\/media\/33535"}],"wp:attachment":[{"href":"https:\/\/conexion23.com\/index.php?rest_route=%2Fwp%2Fv2%2Fmedia&parent=33534"}],"wp:term":[{"taxonomy":"category","embeddable":true,"href":"https:\/\/conexion23.com\/index.php?rest_route=%2Fwp%2Fv2%2Fcategories&post=33534"},{"taxonomy":"post_tag","embeddable":true,"href":"https:\/\/conexion23.com\/index.php?rest_route=%2Fwp%2Fv2%2Ftags&post=33534"}],"curies":[{"name":"wp","href":"https:\/\/api.w.org\/{rel}","templated":true}]}}