{"id":33547,"date":"2024-10-10T07:33:03","date_gmt":"2024-10-10T11:33:03","guid":{"rendered":"https:\/\/conexion23.com\/?p=33547"},"modified":"2024-10-10T07:33:04","modified_gmt":"2024-10-10T11:33:04","slug":"san-pedro-de-macoris-duarte-y-la-romana-con-mayor-indice-de-embarazos-adolescentes","status":"publish","type":"post","link":"https:\/\/conexion23.com\/?p=33547","title":{"rendered":"San Pedro de Macor\u00eds, Duarte y La Romana con mayor \u00edndice de embarazos adolescentes"},"content":{"rendered":"\n<p class=\"wp-block-paragraph\">Desde la izquierda: Jeannie Ferreras, oficial nacional de Programas de G\u00e9nero y Juventud; Alanna Armitage, directora de UNFPA para RD, Cuba y M\u00e9xico y Jos\u00e9 Monegro, director de El D\u00eda, durante el almuerzo semanal del Grupo de Comunicaciones Corripio. \/foto Jos\u00e9 de Le\u00f3n.<\/p>\n\n\n\n<p class=\"wp-block-paragraph\">Santo Domingo.- El&nbsp;<a href=\"https:\/\/x.com\/UNFPA_RD\" target=\"_blank\" rel=\"noreferrer noopener\">Fondo de Poblaci\u00f3n de las Naciones Unidas (UNFPA)<\/a>&nbsp;dio a conocer este mi\u00e9rcoles las provincias en donde se ha registrado el mayor n\u00famero de embarazos adolescentes en lo que va del 2024, destacando que, a pesar de que en los \u00faltimos a\u00f1os Rep\u00fablica Dominicana ha experimentado una disminuci\u00f3n en estos casos, todav\u00eda queda mucho por hacer.<\/p>\n\n\n\n<p class=\"wp-block-paragraph\">ADVERTISING<\/p>\n\n\n\n<h3 class=\"wp-block-heading\">Hasta el momento San Pedro de Macor\u00eds, Duarte y La Romana encabezan la lista, y se considera a esta \u00faltima como la que m\u00e1s embarazos en mujeres menores ha registrado.<\/h3>\n\n\n\n<p class=\"wp-block-paragraph\">Se indic\u00f3 que este orden puede cambiar a final de a\u00f1o cuando realicen un reconteo a nivel nacional y en donde puede que se vean reflejadas provincias de la regi\u00f3n Sur, en donde por lo general se registran los \u00edndices m\u00e1s altos.<\/p>\n\n\n\n<figure class=\"wp-block-image is-resized\"><img decoding=\"async\" src=\"https:\/\/elnacional.com.do\/wp-content\/uploads\/2024\/10\/ELNACIONAL_0021609462-1024x637.jpg\" alt=\"San Pedro de Macor\u00eds, Duarte y La Romana con mayor \u00edndice de embarazos adolescentes\" class=\"wp-image-1756922\" style=\"width:528px;height:auto\"\/><figcaption class=\"wp-element-caption\">Alanna Armitage, directora de UNFPA para RD, Cuba y M\u00e9xico, durante el almuerzo semanal del Grupo de Comunicaciones Corripio. \/foto Jos\u00e9 de Le\u00f3\/foto Jos\u00e9 de Le\u00f3n.<\/figcaption><\/figure>\n\n\n\n<h4 class=\"wp-block-heading\">Asimismo, el UNFPA se\u00f1al\u00f3 las provincias y municipios en donde por m\u00e1s de 20 a\u00f1os la cifra de embarazos adolescentes se ha mantenido al alza y a las que se les ha dado prioridad a la hora de hacer frente con pol\u00edticas p\u00fablicas.<\/h4>\n\n\n\n<p class=\"wp-block-paragraph\"><strong>Tambi\u00e9n te podr\u00eda interesar:&nbsp;<\/strong><a href=\"https:\/\/elnacional.com.do\/embarazos-en-adolescentes-bajan-advierten-aun-es-un-reto-para-el-pais\/\">Embarazos en adolescentes todav\u00eda es reto para RD<\/a><\/p>\n\n\n\n<p class=\"wp-block-paragraph\">Entre estas se encuentran Santo Domingo Este, Santo Domingo Norte, Santo Domingo Oeste, Santiago de los Caballeros, San Juan, Hig\u00fcey y San Crist\u00f3bal.<\/p>\n\n\n\n<p class=\"wp-block-paragraph\">Del mismo modo, los Alcarrizos, Puerto Plata, San Francisco de Macor\u00eds, Ban\u00ed, San Pedro de Macor\u00eds, Barahona, Azua, Bajos de Haina, Boca Chica, Dajab\u00f3n, El Cercado y Las Matas de Farf\u00e1n.<\/p>\n\n\n\n<p class=\"wp-block-paragraph\">\u201cEl embarazo adolescente es un fen\u00f3meno multifactorial y el poder hoy d\u00eda estar reportando un descenso en la tasa de fecundidad en adolescentes es definitivamente un gran avance, pero a\u00fan estamos por encima de la regi\u00f3n y queda mucho trabajo por hacer\u201d, dijo Alanna Armitage, directora de UNFPA para RD, Cuba y M\u00e9xico.<\/p>\n\n\n\n<figure class=\"wp-block-image is-resized\"><img decoding=\"async\" src=\"https:\/\/elnacional.com.do\/wp-content\/uploads\/2024\/10\/WhatsApp-Image-2024-10-09-at-4.39.49-PM-1024x587.jpeg\" alt=\"\" class=\"wp-image-1756923\" style=\"width:579px;height:auto\"\/><figcaption class=\"wp-element-caption\">Desde la izquierda: Jeannie Ferreras, oficial nacional de Programas de G\u00e9nero y Juventud; Laura Suazo, oficial nacional del Programa de Poblaci\u00f3n y Desarrollo; Jos\u00e9 Monegro, director de El D\u00eda; Alanna Armitage, directora de UNFPA para RD, Cuba y M\u00e9xico; Mario Serrano Marte, representante nacional; Mar\u00eda Villala\u00edn, coordinadora de Movilizaci\u00f3n de Recursos y Alianzas Estrat\u00e9gicas y Dulce Chah\u00edn, oficial nacional de Programas de Salud Sexual y Reproductiva\/ foto Jos\u00e9 de Le\u00f3n.<\/figcaption><\/figure>\n\n\n\n<p class=\"wp-block-paragraph\"><strong>Partos, ces\u00e1reas, abortos e incestos &nbsp;<\/strong><\/p>\n\n\n\n<p class=\"wp-block-paragraph\">Seg\u00fan los n\u00fameros registrados en la Red P\u00fablica de Servicios de Salud, el UNFPA subray\u00f3 que solo en lo que va del 2024 el pa\u00eds cuenta con 355 casos de ni\u00f1as menores de 15 a\u00f1os que han tenido partos, ces\u00e1reas y abortos.<\/p>\n\n\n\n<p class=\"wp-block-paragraph\">Por su parte, seg\u00fan informes de la Procuradur\u00eda General de la Rep\u00fablica (PGR) unas 1485 menores han sido v\u00edctimas de seducci\u00f3n y otras 379 de incesto; destacaron que estos casos de incesto no necesariamente corresponden a embarazos.<\/p>\n\n\n\n<p class=\"wp-block-paragraph\">Estos datos fueron ofrecidos en el almuerzo semanal del Grupo de Comunicaciones Corripio en donde tambi\u00e9n estuvieron presentes Mario Serrano Marte, representante nacional; Jeannie Ferreras, oficial nacional de Programas de G\u00e9nero y Juventud; Dulce Chah\u00edn, oficial nacional de Programas de Salud Sexual y Reproductiva; Laura Suazo, oficial nacional del Programa de Poblaci\u00f3n y Desarrollo y Mar\u00eda Villala\u00edn, coordinadora de Movilizaci\u00f3n de Recursos y Alianzas Estrat\u00e9gicas.<\/p>\n","protected":false},"excerpt":{"rendered":"<p>Desde la izquierda: Jeannie Ferreras, oficial nacional de Programas de G\u00e9nero y Juventud; Alanna Armitage, directora de UNFPA para RD, Cuba y M\u00e9xico y Jos\u00e9 Monegro, director de El D\u00eda, durante el almuerzo semanal del Grupo de Comunicaciones Corripio. \/foto Jos\u00e9 de Le\u00f3n. Santo Domingo.- El&nbsp;Fondo de Poblaci\u00f3n de las Naciones Unidas (UNFPA)&nbsp;dio a conocer [&hellip;]<\/p>\n","protected":false},"author":15,"featured_media":33548,"comment_status":"open","ping_status":"open","sticky":false,"template":"","format":"standard","meta":{"footnotes":""},"categories":[1],"tags":[],"class_list":["post-33547","post","type-post","status-publish","format-standard","has-post-thumbnail","category-uncategorized"],"yoast_head":"<!-- This site is optimized with the Yoast SEO plugin v27.6 - https:\/\/yoast.com\/product\/yoast-seo-wordpress\/ -->\n<title>San Pedro de Macor\u00eds, Duarte y La Romana con mayor \u00edndice de embarazos adolescentes - Conexi\u00f3n 23<\/title>\n<meta name=\"robots\" content=\"index, follow, max-snippet:-1, max-image-preview:large, max-video-preview:-1\" \/>\n<link rel=\"canonical\" href=\"https:\/\/conexion23.com\/?p=33547\" \/>\n<meta property=\"og:locale\" content=\"es_ES\" \/>\n<meta property=\"og:type\" content=\"article\" \/>\n<meta property=\"og:title\" content=\"San Pedro de Macor\u00eds, Duarte y La Romana con mayor \u00edndice de embarazos adolescentes - Conexi\u00f3n 23\" \/>\n<meta property=\"og:description\" content=\"Desde la izquierda: Jeannie Ferreras, oficial nacional de Programas de G\u00e9nero y Juventud; Alanna Armitage, directora de UNFPA para RD, Cuba y M\u00e9xico y Jos\u00e9 Monegro, director de El D\u00eda, durante el almuerzo semanal del Grupo de Comunicaciones Corripio. \/foto Jos\u00e9 de Le\u00f3n. Santo Domingo.- El&nbsp;Fondo de Poblaci\u00f3n de las Naciones Unidas (UNFPA)&nbsp;dio a conocer [&hellip;]\" \/>\n<meta property=\"og:url\" content=\"https:\/\/conexion23.com\/?p=33547\" \/>\n<meta property=\"og:site_name\" content=\"Conexi\u00f3n 23\" \/>\n<meta property=\"article:publisher\" content=\"https:\/\/www.facebook.com\/conexion23com\" \/>\n<meta property=\"article:published_time\" content=\"2024-10-10T11:33:03+00:00\" \/>\n<meta property=\"article:modified_time\" content=\"2024-10-10T11:33:04+00:00\" \/>\n<meta property=\"og:image\" content=\"https:\/\/conexion23.com\/wp-content\/uploads\/2024\/10\/download-4.jpg\" \/>\n\t<meta property=\"og:image:width\" content=\"297\" \/>\n\t<meta property=\"og:image:height\" content=\"141\" \/>\n\t<meta property=\"og:image:type\" content=\"image\/jpeg\" \/>\n<meta name=\"author\" content=\"Raffy Ben\u00edtez\" \/>\n<meta name=\"twitter:card\" content=\"summary_large_image\" \/>\n<meta name=\"twitter:label1\" content=\"Escrito por\" \/>\n\t<meta name=\"twitter:data1\" content=\"Raffy Ben\u00edtez\" \/>\n\t<meta name=\"twitter:label2\" content=\"Tiempo de lectura\" \/>\n\t<meta name=\"twitter:data2\" content=\"4 minutos\" \/>\n<script type=\"application\/ld+json\" class=\"yoast-schema-graph\">{\"@context\":\"https:\\\/\\\/schema.org\",\"@graph\":[{\"@type\":\"Article\",\"@id\":\"https:\\\/\\\/conexion23.com\\\/?p=33547#article\",\"isPartOf\":{\"@id\":\"https:\\\/\\\/conexion23.com\\\/?p=33547\"},\"author\":{\"name\":\"Raffy Ben\u00edtez\",\"@id\":\"https:\\\/\\\/conexion23.com\\\/#\\\/schema\\\/person\\\/03e36043331117e97a373299bbcd30a6\"},\"headline\":\"San Pedro de Macor\u00eds, Duarte y La Romana con mayor \u00edndice de embarazos adolescentes\",\"datePublished\":\"2024-10-10T11:33:03+00:00\",\"dateModified\":\"2024-10-10T11:33:04+00:00\",\"mainEntityOfPage\":{\"@id\":\"https:\\\/\\\/conexion23.com\\\/?p=33547\"},\"wordCount\":664,\"commentCount\":0,\"publisher\":{\"@id\":\"https:\\\/\\\/conexion23.com\\\/#organization\"},\"image\":{\"@id\":\"https:\\\/\\\/conexion23.com\\\/?p=33547#primaryimage\"},\"thumbnailUrl\":\"https:\\\/\\\/conexion23.com\\\/wp-content\\\/uploads\\\/2024\\\/10\\\/download-4.jpg\",\"articleSection\":[\"Uncategorized\"],\"inLanguage\":\"es\",\"potentialAction\":[{\"@type\":\"CommentAction\",\"name\":\"Comment\",\"target\":[\"https:\\\/\\\/conexion23.com\\\/?p=33547#respond\"]}]},{\"@type\":\"WebPage\",\"@id\":\"https:\\\/\\\/conexion23.com\\\/?p=33547\",\"url\":\"https:\\\/\\\/conexion23.com\\\/?p=33547\",\"name\":\"San Pedro de Macor\u00eds, Duarte y La Romana con mayor \u00edndice de embarazos adolescentes - Conexi\u00f3n 23\",\"isPartOf\":{\"@id\":\"https:\\\/\\\/conexion23.com\\\/#website\"},\"primaryImageOfPage\":{\"@id\":\"https:\\\/\\\/conexion23.com\\\/?p=33547#primaryimage\"},\"image\":{\"@id\":\"https:\\\/\\\/conexion23.com\\\/?p=33547#primaryimage\"},\"thumbnailUrl\":\"https:\\\/\\\/conexion23.com\\\/wp-content\\\/uploads\\\/2024\\\/10\\\/download-4.jpg\",\"datePublished\":\"2024-10-10T11:33:03+00:00\",\"dateModified\":\"2024-10-10T11:33:04+00:00\",\"breadcrumb\":{\"@id\":\"https:\\\/\\\/conexion23.com\\\/?p=33547#breadcrumb\"},\"inLanguage\":\"es\",\"potentialAction\":[{\"@type\":\"ReadAction\",\"target\":[\"https:\\\/\\\/conexion23.com\\\/?p=33547\"]}]},{\"@type\":\"ImageObject\",\"inLanguage\":\"es\",\"@id\":\"https:\\\/\\\/conexion23.com\\\/?p=33547#primaryimage\",\"url\":\"https:\\\/\\\/conexion23.com\\\/wp-content\\\/uploads\\\/2024\\\/10\\\/download-4.jpg\",\"contentUrl\":\"https:\\\/\\\/conexion23.com\\\/wp-content\\\/uploads\\\/2024\\\/10\\\/download-4.jpg\",\"width\":297,\"height\":141},{\"@type\":\"BreadcrumbList\",\"@id\":\"https:\\\/\\\/conexion23.com\\\/?p=33547#breadcrumb\",\"itemListElement\":[{\"@type\":\"ListItem\",\"position\":1,\"name\":\"Portada\",\"item\":\"https:\\\/\\\/conexion23.com\\\/\"},{\"@type\":\"ListItem\",\"position\":2,\"name\":\"San Pedro de Macor\u00eds, Duarte y La Romana con mayor \u00edndice de embarazos adolescentes\"}]},{\"@type\":\"WebSite\",\"@id\":\"https:\\\/\\\/conexion23.com\\\/#website\",\"url\":\"https:\\\/\\\/conexion23.com\\\/\",\"name\":\"Conexi\u00f3n 23\",\"description\":\"Peri\u00f3dico 100% Petromacorisano\",\"publisher\":{\"@id\":\"https:\\\/\\\/conexion23.com\\\/#organization\"},\"potentialAction\":[{\"@type\":\"SearchAction\",\"target\":{\"@type\":\"EntryPoint\",\"urlTemplate\":\"https:\\\/\\\/conexion23.com\\\/?s={search_term_string}\"},\"query-input\":{\"@type\":\"PropertyValueSpecification\",\"valueRequired\":true,\"valueName\":\"search_term_string\"}}],\"inLanguage\":\"es\"},{\"@type\":\"Organization\",\"@id\":\"https:\\\/\\\/conexion23.com\\\/#organization\",\"name\":\"Conexion 23\",\"url\":\"https:\\\/\\\/conexion23.com\\\/\",\"logo\":{\"@type\":\"ImageObject\",\"inLanguage\":\"es\",\"@id\":\"https:\\\/\\\/conexion23.com\\\/#\\\/schema\\\/logo\\\/image\\\/\",\"url\":\"https:\\\/\\\/conexion23.com\\\/wp-content\\\/uploads\\\/2021\\\/11\\\/Diseno-sin-titulo-2.png\",\"contentUrl\":\"https:\\\/\\\/conexion23.com\\\/wp-content\\\/uploads\\\/2021\\\/11\\\/Diseno-sin-titulo-2.png\",\"width\":541,\"height\":90,\"caption\":\"Conexion 23\"},\"image\":{\"@id\":\"https:\\\/\\\/conexion23.com\\\/#\\\/schema\\\/logo\\\/image\\\/\"},\"sameAs\":[\"https:\\\/\\\/www.facebook.com\\\/conexion23com\",\"https:\\\/\\\/www.instagram.com\\\/conexion23com\\\/\",\"https:\\\/\\\/www.youtube.com\\\/channel\\\/UCYc7vxxFZMYLIHNsHHxPZ3Q\"]},{\"@type\":\"Person\",\"@id\":\"https:\\\/\\\/conexion23.com\\\/#\\\/schema\\\/person\\\/03e36043331117e97a373299bbcd30a6\",\"name\":\"Raffy Ben\u00edtez\",\"image\":{\"@type\":\"ImageObject\",\"inLanguage\":\"es\",\"@id\":\"https:\\\/\\\/secure.gravatar.com\\\/avatar\\\/3190a6a6c5e1b0327500f7d6c56b6242472ee6cb974cf09b401ee6b3b0798f23?s=96&d=mm&r=g\",\"url\":\"https:\\\/\\\/secure.gravatar.com\\\/avatar\\\/3190a6a6c5e1b0327500f7d6c56b6242472ee6cb974cf09b401ee6b3b0798f23?s=96&d=mm&r=g\",\"contentUrl\":\"https:\\\/\\\/secure.gravatar.com\\\/avatar\\\/3190a6a6c5e1b0327500f7d6c56b6242472ee6cb974cf09b401ee6b3b0798f23?s=96&d=mm&r=g\",\"caption\":\"Raffy Ben\u00edtez\"},\"url\":\"https:\\\/\\\/conexion23.com\\\/?author=15\"}]}<\/script>\n<!-- \/ Yoast SEO plugin. -->","yoast_head_json":{"title":"San Pedro de Macor\u00eds, Duarte y La Romana con mayor \u00edndice de embarazos adolescentes - Conexi\u00f3n 23","robots":{"index":"index","follow":"follow","max-snippet":"max-snippet:-1","max-image-preview":"max-image-preview:large","max-video-preview":"max-video-preview:-1"},"canonical":"https:\/\/conexion23.com\/?p=33547","og_locale":"es_ES","og_type":"article","og_title":"San Pedro de Macor\u00eds, Duarte y La Romana con mayor \u00edndice de embarazos adolescentes - Conexi\u00f3n 23","og_description":"Desde la izquierda: Jeannie Ferreras, oficial nacional de Programas de G\u00e9nero y Juventud; Alanna Armitage, directora de UNFPA para RD, Cuba y M\u00e9xico y Jos\u00e9 Monegro, director de El D\u00eda, durante el almuerzo semanal del Grupo de Comunicaciones Corripio. \/foto Jos\u00e9 de Le\u00f3n. Santo Domingo.- El&nbsp;Fondo de Poblaci\u00f3n de las Naciones Unidas (UNFPA)&nbsp;dio a conocer [&hellip;]","og_url":"https:\/\/conexion23.com\/?p=33547","og_site_name":"Conexi\u00f3n 23","article_publisher":"https:\/\/www.facebook.com\/conexion23com","article_published_time":"2024-10-10T11:33:03+00:00","article_modified_time":"2024-10-10T11:33:04+00:00","og_image":[{"width":297,"height":141,"url":"https:\/\/conexion23.com\/wp-content\/uploads\/2024\/10\/download-4.jpg","type":"image\/jpeg"}],"author":"Raffy Ben\u00edtez","twitter_card":"summary_large_image","twitter_misc":{"Escrito por":"Raffy Ben\u00edtez","Tiempo de lectura":"4 minutos"},"schema":{"@context":"https:\/\/schema.org","@graph":[{"@type":"Article","@id":"https:\/\/conexion23.com\/?p=33547#article","isPartOf":{"@id":"https:\/\/conexion23.com\/?p=33547"},"author":{"name":"Raffy Ben\u00edtez","@id":"https:\/\/conexion23.com\/#\/schema\/person\/03e36043331117e97a373299bbcd30a6"},"headline":"San Pedro de Macor\u00eds, Duarte y La Romana con mayor \u00edndice de embarazos adolescentes","datePublished":"2024-10-10T11:33:03+00:00","dateModified":"2024-10-10T11:33:04+00:00","mainEntityOfPage":{"@id":"https:\/\/conexion23.com\/?p=33547"},"wordCount":664,"commentCount":0,"publisher":{"@id":"https:\/\/conexion23.com\/#organization"},"image":{"@id":"https:\/\/conexion23.com\/?p=33547#primaryimage"},"thumbnailUrl":"https:\/\/conexion23.com\/wp-content\/uploads\/2024\/10\/download-4.jpg","articleSection":["Uncategorized"],"inLanguage":"es","potentialAction":[{"@type":"CommentAction","name":"Comment","target":["https:\/\/conexion23.com\/?p=33547#respond"]}]},{"@type":"WebPage","@id":"https:\/\/conexion23.com\/?p=33547","url":"https:\/\/conexion23.com\/?p=33547","name":"San Pedro de Macor\u00eds, Duarte y La Romana con mayor \u00edndice de embarazos adolescentes - Conexi\u00f3n 23","isPartOf":{"@id":"https:\/\/conexion23.com\/#website"},"primaryImageOfPage":{"@id":"https:\/\/conexion23.com\/?p=33547#primaryimage"},"image":{"@id":"https:\/\/conexion23.com\/?p=33547#primaryimage"},"thumbnailUrl":"https:\/\/conexion23.com\/wp-content\/uploads\/2024\/10\/download-4.jpg","datePublished":"2024-10-10T11:33:03+00:00","dateModified":"2024-10-10T11:33:04+00:00","breadcrumb":{"@id":"https:\/\/conexion23.com\/?p=33547#breadcrumb"},"inLanguage":"es","potentialAction":[{"@type":"ReadAction","target":["https:\/\/conexion23.com\/?p=33547"]}]},{"@type":"ImageObject","inLanguage":"es","@id":"https:\/\/conexion23.com\/?p=33547#primaryimage","url":"https:\/\/conexion23.com\/wp-content\/uploads\/2024\/10\/download-4.jpg","contentUrl":"https:\/\/conexion23.com\/wp-content\/uploads\/2024\/10\/download-4.jpg","width":297,"height":141},{"@type":"BreadcrumbList","@id":"https:\/\/conexion23.com\/?p=33547#breadcrumb","itemListElement":[{"@type":"ListItem","position":1,"name":"Portada","item":"https:\/\/conexion23.com\/"},{"@type":"ListItem","position":2,"name":"San Pedro de Macor\u00eds, Duarte y La Romana con mayor \u00edndice de embarazos adolescentes"}]},{"@type":"WebSite","@id":"https:\/\/conexion23.com\/#website","url":"https:\/\/conexion23.com\/","name":"Conexi\u00f3n 23","description":"Peri\u00f3dico 100% Petromacorisano","publisher":{"@id":"https:\/\/conexion23.com\/#organization"},"potentialAction":[{"@type":"SearchAction","target":{"@type":"EntryPoint","urlTemplate":"https:\/\/conexion23.com\/?s={search_term_string}"},"query-input":{"@type":"PropertyValueSpecification","valueRequired":true,"valueName":"search_term_string"}}],"inLanguage":"es"},{"@type":"Organization","@id":"https:\/\/conexion23.com\/#organization","name":"Conexion 23","url":"https:\/\/conexion23.com\/","logo":{"@type":"ImageObject","inLanguage":"es","@id":"https:\/\/conexion23.com\/#\/schema\/logo\/image\/","url":"https:\/\/conexion23.com\/wp-content\/uploads\/2021\/11\/Diseno-sin-titulo-2.png","contentUrl":"https:\/\/conexion23.com\/wp-content\/uploads\/2021\/11\/Diseno-sin-titulo-2.png","width":541,"height":90,"caption":"Conexion 23"},"image":{"@id":"https:\/\/conexion23.com\/#\/schema\/logo\/image\/"},"sameAs":["https:\/\/www.facebook.com\/conexion23com","https:\/\/www.instagram.com\/conexion23com\/","https:\/\/www.youtube.com\/channel\/UCYc7vxxFZMYLIHNsHHxPZ3Q"]},{"@type":"Person","@id":"https:\/\/conexion23.com\/#\/schema\/person\/03e36043331117e97a373299bbcd30a6","name":"Raffy Ben\u00edtez","image":{"@type":"ImageObject","inLanguage":"es","@id":"https:\/\/secure.gravatar.com\/avatar\/3190a6a6c5e1b0327500f7d6c56b6242472ee6cb974cf09b401ee6b3b0798f23?s=96&d=mm&r=g","url":"https:\/\/secure.gravatar.com\/avatar\/3190a6a6c5e1b0327500f7d6c56b6242472ee6cb974cf09b401ee6b3b0798f23?s=96&d=mm&r=g","contentUrl":"https:\/\/secure.gravatar.com\/avatar\/3190a6a6c5e1b0327500f7d6c56b6242472ee6cb974cf09b401ee6b3b0798f23?s=96&d=mm&r=g","caption":"Raffy Ben\u00edtez"},"url":"https:\/\/conexion23.com\/?author=15"}]}},"_links":{"self":[{"href":"https:\/\/conexion23.com\/index.php?rest_route=\/wp\/v2\/posts\/33547","targetHints":{"allow":["GET"]}}],"collection":[{"href":"https:\/\/conexion23.com\/index.php?rest_route=\/wp\/v2\/posts"}],"about":[{"href":"https:\/\/conexion23.com\/index.php?rest_route=\/wp\/v2\/types\/post"}],"author":[{"embeddable":true,"href":"https:\/\/conexion23.com\/index.php?rest_route=\/wp\/v2\/users\/15"}],"replies":[{"embeddable":true,"href":"https:\/\/conexion23.com\/index.php?rest_route=%2Fwp%2Fv2%2Fcomments&post=33547"}],"version-history":[{"count":1,"href":"https:\/\/conexion23.com\/index.php?rest_route=\/wp\/v2\/posts\/33547\/revisions"}],"predecessor-version":[{"id":33549,"href":"https:\/\/conexion23.com\/index.php?rest_route=\/wp\/v2\/posts\/33547\/revisions\/33549"}],"wp:featuredmedia":[{"embeddable":true,"href":"https:\/\/conexion23.com\/index.php?rest_route=\/wp\/v2\/media\/33548"}],"wp:attachment":[{"href":"https:\/\/conexion23.com\/index.php?rest_route=%2Fwp%2Fv2%2Fmedia&parent=33547"}],"wp:term":[{"taxonomy":"category","embeddable":true,"href":"https:\/\/conexion23.com\/index.php?rest_route=%2Fwp%2Fv2%2Fcategories&post=33547"},{"taxonomy":"post_tag","embeddable":true,"href":"https:\/\/conexion23.com\/index.php?rest_route=%2Fwp%2Fv2%2Ftags&post=33547"}],"curies":[{"name":"wp","href":"https:\/\/api.w.org\/{rel}","templated":true}]}}