{"id":33551,"date":"2024-10-10T07:34:58","date_gmt":"2024-10-10T11:34:58","guid":{"rendered":"https:\/\/conexion23.com\/?p=33551"},"modified":"2024-10-10T07:35:00","modified_gmt":"2024-10-10T11:35:00","slug":"ejercito-detiene-a-capitan-de-la-policia-por-trafico-de-indocumentados","status":"publish","type":"post","link":"https:\/\/conexion23.com\/?p=33551","title":{"rendered":"Ej\u00e9rcito detiene a capit\u00e1n de la Polic\u00eda por tr\u00e1fico de indocumentados."},"content":{"rendered":"\n<p class=\"wp-block-paragraph\">Miembros del Ej\u00e9rcito apresaron este martes a un capit\u00e1n de la Polic\u00eda Nacional con dos mujeres haitianas en estatus irregular, en Mao.<\/p>\n\n\n\n<p class=\"wp-block-paragraph\"><strong>El capit\u00e1n de la PN Roberto Brito fue detenido en el municipio de Ranchadero<\/strong>, mientras transitaba uniformado a bordo de un veh\u00edculo Hyundai Sonata color blanco con los indocumentados.<\/p>\n\n\n\n<p class=\"wp-block-paragraph\">Al oficial se le ocup\u00f3 el arma de fuego que portaba al momento de su detenci\u00f3n. Ser\u00e1 presentado ante el Ministerio P\u00fablico de esa jurisdicci\u00f3n para los fines correspondientes.<\/p>\n\n\n\n<h3 class=\"wp-block-heading\">Contrabando de cigarrillos<\/h3>\n\n\n\n<p class=\"wp-block-paragraph\">Continuando con las operaciones para enfrentar las diferentes amenazas que afectan la seguridad nacional, uniformados del Ej\u00e9rcito ocuparon 405,200 unidades de cigarrillos de contrabando en distintos puntos de San Juan de la Maguana.<\/p>\n\n\n\n<p class=\"wp-block-paragraph\">Luego de una persecuci\u00f3n en el distrito municipal La Zanja, en San Juan de la Maguana, fue retenida una camioneta Toyota Hilux, color plateado, la cual al ser requisada fueron encontradas 361, 200 unidades de cigarrillos marca Capital contenidas en 1,806 paquetes. El conductor emprendi\u00f3 la huida, dejando abandonado el veh\u00edculo en cuesti\u00f3n.<\/p>\n\n\n\n<p class=\"wp-block-paragraph\">En otro orden, fueron detenidos tres nacionales haitianos, en condici\u00f3n migratoria irregular, cargando cada uno un saco, conteniendo 220 paquetes de cigarrillos, equivalentes a 44,000 unidades, en la comunidad de Los Montones, distrito municipal Juan de Herrera.<\/p>\n\n\n\n<p class=\"wp-block-paragraph\">Los extranjeros junto a la mercanc\u00eda ocupada en ambos casos, fueron trasladados a la Fortaleza de la 3era brigada de Infanter\u00eda, ERD, para los fines de ley correspondientes.<\/p>\n\n\n\n<h3 class=\"wp-block-heading\">Migraci\u00f3n ilegal<\/h3>\n\n\n\n<p class=\"wp-block-paragraph\">Con relaci\u00f3n a la migraci\u00f3n irregular, fueron detenidos 400 nacionales haitianos durante operativos realizados este lunes en diferentes provincias correspondientes las brigadas de la regi\u00f3n fronteriza.<\/p>\n","protected":false},"excerpt":{"rendered":"<p>Miembros del Ej\u00e9rcito apresaron este martes a un capit\u00e1n de la Polic\u00eda Nacional con dos mujeres haitianas en estatus irregular, en Mao. El capit\u00e1n de la PN Roberto Brito fue detenido en el municipio de Ranchadero, mientras transitaba uniformado a bordo de un veh\u00edculo Hyundai Sonata color blanco con los indocumentados. Al oficial se le [&hellip;]<\/p>\n","protected":false},"author":15,"featured_media":33552,"comment_status":"open","ping_status":"open","sticky":false,"template":"","format":"standard","meta":{"footnotes":""},"categories":[1],"tags":[],"class_list":["post-33551","post","type-post","status-publish","format-standard","has-post-thumbnail","category-uncategorized"],"yoast_head":"<!-- This site is optimized with the Yoast SEO plugin v27.6 - https:\/\/yoast.com\/product\/yoast-seo-wordpress\/ -->\n<title>Ej\u00e9rcito detiene a capit\u00e1n de la Polic\u00eda por tr\u00e1fico de indocumentados. - Conexi\u00f3n 23<\/title>\n<meta name=\"robots\" content=\"index, follow, max-snippet:-1, max-image-preview:large, max-video-preview:-1\" \/>\n<link rel=\"canonical\" href=\"https:\/\/conexion23.com\/?p=33551\" \/>\n<meta property=\"og:locale\" content=\"es_ES\" \/>\n<meta property=\"og:type\" content=\"article\" \/>\n<meta property=\"og:title\" content=\"Ej\u00e9rcito detiene a capit\u00e1n de la Polic\u00eda por tr\u00e1fico de indocumentados. - Conexi\u00f3n 23\" \/>\n<meta property=\"og:description\" content=\"Miembros del Ej\u00e9rcito apresaron este martes a un capit\u00e1n de la Polic\u00eda Nacional con dos mujeres haitianas en estatus irregular, en Mao. El capit\u00e1n de la PN Roberto Brito fue detenido en el municipio de Ranchadero, mientras transitaba uniformado a bordo de un veh\u00edculo Hyundai Sonata color blanco con los indocumentados. Al oficial se le [&hellip;]\" \/>\n<meta property=\"og:url\" content=\"https:\/\/conexion23.com\/?p=33551\" \/>\n<meta property=\"og:site_name\" content=\"Conexi\u00f3n 23\" \/>\n<meta property=\"article:publisher\" content=\"https:\/\/www.facebook.com\/conexion23com\" \/>\n<meta property=\"article:published_time\" content=\"2024-10-10T11:34:58+00:00\" \/>\n<meta property=\"article:modified_time\" content=\"2024-10-10T11:35:00+00:00\" \/>\n<meta property=\"og:image\" content=\"https:\/\/conexion23.com\/wp-content\/uploads\/2024\/10\/image-1.jpg\" \/>\n\t<meta property=\"og:image:width\" content=\"800\" \/>\n\t<meta property=\"og:image:height\" content=\"600\" \/>\n\t<meta property=\"og:image:type\" content=\"image\/jpeg\" \/>\n<meta name=\"author\" content=\"Raffy Ben\u00edtez\" \/>\n<meta name=\"twitter:card\" content=\"summary_large_image\" \/>\n<meta name=\"twitter:label1\" content=\"Escrito por\" \/>\n\t<meta name=\"twitter:data1\" content=\"Raffy Ben\u00edtez\" \/>\n\t<meta name=\"twitter:label2\" content=\"Tiempo de lectura\" \/>\n\t<meta name=\"twitter:data2\" content=\"2 minutos\" \/>\n<script type=\"application\/ld+json\" class=\"yoast-schema-graph\">{\"@context\":\"https:\\\/\\\/schema.org\",\"@graph\":[{\"@type\":\"Article\",\"@id\":\"https:\\\/\\\/conexion23.com\\\/?p=33551#article\",\"isPartOf\":{\"@id\":\"https:\\\/\\\/conexion23.com\\\/?p=33551\"},\"author\":{\"name\":\"Raffy Ben\u00edtez\",\"@id\":\"https:\\\/\\\/conexion23.com\\\/#\\\/schema\\\/person\\\/03e36043331117e97a373299bbcd30a6\"},\"headline\":\"Ej\u00e9rcito detiene a capit\u00e1n de la Polic\u00eda por tr\u00e1fico de indocumentados.\",\"datePublished\":\"2024-10-10T11:34:58+00:00\",\"dateModified\":\"2024-10-10T11:35:00+00:00\",\"mainEntityOfPage\":{\"@id\":\"https:\\\/\\\/conexion23.com\\\/?p=33551\"},\"wordCount\":289,\"commentCount\":0,\"publisher\":{\"@id\":\"https:\\\/\\\/conexion23.com\\\/#organization\"},\"image\":{\"@id\":\"https:\\\/\\\/conexion23.com\\\/?p=33551#primaryimage\"},\"thumbnailUrl\":\"https:\\\/\\\/conexion23.com\\\/wp-content\\\/uploads\\\/2024\\\/10\\\/image-1.jpg\",\"articleSection\":[\"Uncategorized\"],\"inLanguage\":\"es\",\"potentialAction\":[{\"@type\":\"CommentAction\",\"name\":\"Comment\",\"target\":[\"https:\\\/\\\/conexion23.com\\\/?p=33551#respond\"]}]},{\"@type\":\"WebPage\",\"@id\":\"https:\\\/\\\/conexion23.com\\\/?p=33551\",\"url\":\"https:\\\/\\\/conexion23.com\\\/?p=33551\",\"name\":\"Ej\u00e9rcito detiene a capit\u00e1n de la Polic\u00eda por tr\u00e1fico de indocumentados. - Conexi\u00f3n 23\",\"isPartOf\":{\"@id\":\"https:\\\/\\\/conexion23.com\\\/#website\"},\"primaryImageOfPage\":{\"@id\":\"https:\\\/\\\/conexion23.com\\\/?p=33551#primaryimage\"},\"image\":{\"@id\":\"https:\\\/\\\/conexion23.com\\\/?p=33551#primaryimage\"},\"thumbnailUrl\":\"https:\\\/\\\/conexion23.com\\\/wp-content\\\/uploads\\\/2024\\\/10\\\/image-1.jpg\",\"datePublished\":\"2024-10-10T11:34:58+00:00\",\"dateModified\":\"2024-10-10T11:35:00+00:00\",\"breadcrumb\":{\"@id\":\"https:\\\/\\\/conexion23.com\\\/?p=33551#breadcrumb\"},\"inLanguage\":\"es\",\"potentialAction\":[{\"@type\":\"ReadAction\",\"target\":[\"https:\\\/\\\/conexion23.com\\\/?p=33551\"]}]},{\"@type\":\"ImageObject\",\"inLanguage\":\"es\",\"@id\":\"https:\\\/\\\/conexion23.com\\\/?p=33551#primaryimage\",\"url\":\"https:\\\/\\\/conexion23.com\\\/wp-content\\\/uploads\\\/2024\\\/10\\\/image-1.jpg\",\"contentUrl\":\"https:\\\/\\\/conexion23.com\\\/wp-content\\\/uploads\\\/2024\\\/10\\\/image-1.jpg\",\"width\":800,\"height\":600},{\"@type\":\"BreadcrumbList\",\"@id\":\"https:\\\/\\\/conexion23.com\\\/?p=33551#breadcrumb\",\"itemListElement\":[{\"@type\":\"ListItem\",\"position\":1,\"name\":\"Portada\",\"item\":\"https:\\\/\\\/conexion23.com\\\/\"},{\"@type\":\"ListItem\",\"position\":2,\"name\":\"Ej\u00e9rcito detiene a capit\u00e1n de la Polic\u00eda por tr\u00e1fico de indocumentados.\"}]},{\"@type\":\"WebSite\",\"@id\":\"https:\\\/\\\/conexion23.com\\\/#website\",\"url\":\"https:\\\/\\\/conexion23.com\\\/\",\"name\":\"Conexi\u00f3n 23\",\"description\":\"Peri\u00f3dico 100% Petromacorisano\",\"publisher\":{\"@id\":\"https:\\\/\\\/conexion23.com\\\/#organization\"},\"potentialAction\":[{\"@type\":\"SearchAction\",\"target\":{\"@type\":\"EntryPoint\",\"urlTemplate\":\"https:\\\/\\\/conexion23.com\\\/?s={search_term_string}\"},\"query-input\":{\"@type\":\"PropertyValueSpecification\",\"valueRequired\":true,\"valueName\":\"search_term_string\"}}],\"inLanguage\":\"es\"},{\"@type\":\"Organization\",\"@id\":\"https:\\\/\\\/conexion23.com\\\/#organization\",\"name\":\"Conexion 23\",\"url\":\"https:\\\/\\\/conexion23.com\\\/\",\"logo\":{\"@type\":\"ImageObject\",\"inLanguage\":\"es\",\"@id\":\"https:\\\/\\\/conexion23.com\\\/#\\\/schema\\\/logo\\\/image\\\/\",\"url\":\"https:\\\/\\\/conexion23.com\\\/wp-content\\\/uploads\\\/2021\\\/11\\\/Diseno-sin-titulo-2.png\",\"contentUrl\":\"https:\\\/\\\/conexion23.com\\\/wp-content\\\/uploads\\\/2021\\\/11\\\/Diseno-sin-titulo-2.png\",\"width\":541,\"height\":90,\"caption\":\"Conexion 23\"},\"image\":{\"@id\":\"https:\\\/\\\/conexion23.com\\\/#\\\/schema\\\/logo\\\/image\\\/\"},\"sameAs\":[\"https:\\\/\\\/www.facebook.com\\\/conexion23com\",\"https:\\\/\\\/www.instagram.com\\\/conexion23com\\\/\",\"https:\\\/\\\/www.youtube.com\\\/channel\\\/UCYc7vxxFZMYLIHNsHHxPZ3Q\"]},{\"@type\":\"Person\",\"@id\":\"https:\\\/\\\/conexion23.com\\\/#\\\/schema\\\/person\\\/03e36043331117e97a373299bbcd30a6\",\"name\":\"Raffy Ben\u00edtez\",\"image\":{\"@type\":\"ImageObject\",\"inLanguage\":\"es\",\"@id\":\"https:\\\/\\\/secure.gravatar.com\\\/avatar\\\/3190a6a6c5e1b0327500f7d6c56b6242472ee6cb974cf09b401ee6b3b0798f23?s=96&d=mm&r=g\",\"url\":\"https:\\\/\\\/secure.gravatar.com\\\/avatar\\\/3190a6a6c5e1b0327500f7d6c56b6242472ee6cb974cf09b401ee6b3b0798f23?s=96&d=mm&r=g\",\"contentUrl\":\"https:\\\/\\\/secure.gravatar.com\\\/avatar\\\/3190a6a6c5e1b0327500f7d6c56b6242472ee6cb974cf09b401ee6b3b0798f23?s=96&d=mm&r=g\",\"caption\":\"Raffy Ben\u00edtez\"},\"url\":\"https:\\\/\\\/conexion23.com\\\/?author=15\"}]}<\/script>\n<!-- \/ Yoast SEO plugin. -->","yoast_head_json":{"title":"Ej\u00e9rcito detiene a capit\u00e1n de la Polic\u00eda por tr\u00e1fico de indocumentados. - Conexi\u00f3n 23","robots":{"index":"index","follow":"follow","max-snippet":"max-snippet:-1","max-image-preview":"max-image-preview:large","max-video-preview":"max-video-preview:-1"},"canonical":"https:\/\/conexion23.com\/?p=33551","og_locale":"es_ES","og_type":"article","og_title":"Ej\u00e9rcito detiene a capit\u00e1n de la Polic\u00eda por tr\u00e1fico de indocumentados. - Conexi\u00f3n 23","og_description":"Miembros del Ej\u00e9rcito apresaron este martes a un capit\u00e1n de la Polic\u00eda Nacional con dos mujeres haitianas en estatus irregular, en Mao. El capit\u00e1n de la PN Roberto Brito fue detenido en el municipio de Ranchadero, mientras transitaba uniformado a bordo de un veh\u00edculo Hyundai Sonata color blanco con los indocumentados. Al oficial se le [&hellip;]","og_url":"https:\/\/conexion23.com\/?p=33551","og_site_name":"Conexi\u00f3n 23","article_publisher":"https:\/\/www.facebook.com\/conexion23com","article_published_time":"2024-10-10T11:34:58+00:00","article_modified_time":"2024-10-10T11:35:00+00:00","og_image":[{"width":800,"height":600,"url":"https:\/\/conexion23.com\/wp-content\/uploads\/2024\/10\/image-1.jpg","type":"image\/jpeg"}],"author":"Raffy Ben\u00edtez","twitter_card":"summary_large_image","twitter_misc":{"Escrito por":"Raffy Ben\u00edtez","Tiempo de lectura":"2 minutos"},"schema":{"@context":"https:\/\/schema.org","@graph":[{"@type":"Article","@id":"https:\/\/conexion23.com\/?p=33551#article","isPartOf":{"@id":"https:\/\/conexion23.com\/?p=33551"},"author":{"name":"Raffy Ben\u00edtez","@id":"https:\/\/conexion23.com\/#\/schema\/person\/03e36043331117e97a373299bbcd30a6"},"headline":"Ej\u00e9rcito detiene a capit\u00e1n de la Polic\u00eda por tr\u00e1fico de indocumentados.","datePublished":"2024-10-10T11:34:58+00:00","dateModified":"2024-10-10T11:35:00+00:00","mainEntityOfPage":{"@id":"https:\/\/conexion23.com\/?p=33551"},"wordCount":289,"commentCount":0,"publisher":{"@id":"https:\/\/conexion23.com\/#organization"},"image":{"@id":"https:\/\/conexion23.com\/?p=33551#primaryimage"},"thumbnailUrl":"https:\/\/conexion23.com\/wp-content\/uploads\/2024\/10\/image-1.jpg","articleSection":["Uncategorized"],"inLanguage":"es","potentialAction":[{"@type":"CommentAction","name":"Comment","target":["https:\/\/conexion23.com\/?p=33551#respond"]}]},{"@type":"WebPage","@id":"https:\/\/conexion23.com\/?p=33551","url":"https:\/\/conexion23.com\/?p=33551","name":"Ej\u00e9rcito detiene a capit\u00e1n de la Polic\u00eda por tr\u00e1fico de indocumentados. - Conexi\u00f3n 23","isPartOf":{"@id":"https:\/\/conexion23.com\/#website"},"primaryImageOfPage":{"@id":"https:\/\/conexion23.com\/?p=33551#primaryimage"},"image":{"@id":"https:\/\/conexion23.com\/?p=33551#primaryimage"},"thumbnailUrl":"https:\/\/conexion23.com\/wp-content\/uploads\/2024\/10\/image-1.jpg","datePublished":"2024-10-10T11:34:58+00:00","dateModified":"2024-10-10T11:35:00+00:00","breadcrumb":{"@id":"https:\/\/conexion23.com\/?p=33551#breadcrumb"},"inLanguage":"es","potentialAction":[{"@type":"ReadAction","target":["https:\/\/conexion23.com\/?p=33551"]}]},{"@type":"ImageObject","inLanguage":"es","@id":"https:\/\/conexion23.com\/?p=33551#primaryimage","url":"https:\/\/conexion23.com\/wp-content\/uploads\/2024\/10\/image-1.jpg","contentUrl":"https:\/\/conexion23.com\/wp-content\/uploads\/2024\/10\/image-1.jpg","width":800,"height":600},{"@type":"BreadcrumbList","@id":"https:\/\/conexion23.com\/?p=33551#breadcrumb","itemListElement":[{"@type":"ListItem","position":1,"name":"Portada","item":"https:\/\/conexion23.com\/"},{"@type":"ListItem","position":2,"name":"Ej\u00e9rcito detiene a capit\u00e1n de la Polic\u00eda por tr\u00e1fico de indocumentados."}]},{"@type":"WebSite","@id":"https:\/\/conexion23.com\/#website","url":"https:\/\/conexion23.com\/","name":"Conexi\u00f3n 23","description":"Peri\u00f3dico 100% Petromacorisano","publisher":{"@id":"https:\/\/conexion23.com\/#organization"},"potentialAction":[{"@type":"SearchAction","target":{"@type":"EntryPoint","urlTemplate":"https:\/\/conexion23.com\/?s={search_term_string}"},"query-input":{"@type":"PropertyValueSpecification","valueRequired":true,"valueName":"search_term_string"}}],"inLanguage":"es"},{"@type":"Organization","@id":"https:\/\/conexion23.com\/#organization","name":"Conexion 23","url":"https:\/\/conexion23.com\/","logo":{"@type":"ImageObject","inLanguage":"es","@id":"https:\/\/conexion23.com\/#\/schema\/logo\/image\/","url":"https:\/\/conexion23.com\/wp-content\/uploads\/2021\/11\/Diseno-sin-titulo-2.png","contentUrl":"https:\/\/conexion23.com\/wp-content\/uploads\/2021\/11\/Diseno-sin-titulo-2.png","width":541,"height":90,"caption":"Conexion 23"},"image":{"@id":"https:\/\/conexion23.com\/#\/schema\/logo\/image\/"},"sameAs":["https:\/\/www.facebook.com\/conexion23com","https:\/\/www.instagram.com\/conexion23com\/","https:\/\/www.youtube.com\/channel\/UCYc7vxxFZMYLIHNsHHxPZ3Q"]},{"@type":"Person","@id":"https:\/\/conexion23.com\/#\/schema\/person\/03e36043331117e97a373299bbcd30a6","name":"Raffy Ben\u00edtez","image":{"@type":"ImageObject","inLanguage":"es","@id":"https:\/\/secure.gravatar.com\/avatar\/3190a6a6c5e1b0327500f7d6c56b6242472ee6cb974cf09b401ee6b3b0798f23?s=96&d=mm&r=g","url":"https:\/\/secure.gravatar.com\/avatar\/3190a6a6c5e1b0327500f7d6c56b6242472ee6cb974cf09b401ee6b3b0798f23?s=96&d=mm&r=g","contentUrl":"https:\/\/secure.gravatar.com\/avatar\/3190a6a6c5e1b0327500f7d6c56b6242472ee6cb974cf09b401ee6b3b0798f23?s=96&d=mm&r=g","caption":"Raffy Ben\u00edtez"},"url":"https:\/\/conexion23.com\/?author=15"}]}},"_links":{"self":[{"href":"https:\/\/conexion23.com\/index.php?rest_route=\/wp\/v2\/posts\/33551","targetHints":{"allow":["GET"]}}],"collection":[{"href":"https:\/\/conexion23.com\/index.php?rest_route=\/wp\/v2\/posts"}],"about":[{"href":"https:\/\/conexion23.com\/index.php?rest_route=\/wp\/v2\/types\/post"}],"author":[{"embeddable":true,"href":"https:\/\/conexion23.com\/index.php?rest_route=\/wp\/v2\/users\/15"}],"replies":[{"embeddable":true,"href":"https:\/\/conexion23.com\/index.php?rest_route=%2Fwp%2Fv2%2Fcomments&post=33551"}],"version-history":[{"count":1,"href":"https:\/\/conexion23.com\/index.php?rest_route=\/wp\/v2\/posts\/33551\/revisions"}],"predecessor-version":[{"id":33553,"href":"https:\/\/conexion23.com\/index.php?rest_route=\/wp\/v2\/posts\/33551\/revisions\/33553"}],"wp:featuredmedia":[{"embeddable":true,"href":"https:\/\/conexion23.com\/index.php?rest_route=\/wp\/v2\/media\/33552"}],"wp:attachment":[{"href":"https:\/\/conexion23.com\/index.php?rest_route=%2Fwp%2Fv2%2Fmedia&parent=33551"}],"wp:term":[{"taxonomy":"category","embeddable":true,"href":"https:\/\/conexion23.com\/index.php?rest_route=%2Fwp%2Fv2%2Fcategories&post=33551"},{"taxonomy":"post_tag","embeddable":true,"href":"https:\/\/conexion23.com\/index.php?rest_route=%2Fwp%2Fv2%2Ftags&post=33551"}],"curies":[{"name":"wp","href":"https:\/\/api.w.org\/{rel}","templated":true}]}}