{"id":33557,"date":"2024-10-10T07:44:04","date_gmt":"2024-10-10T11:44:04","guid":{"rendered":"https:\/\/conexion23.com\/?p=33557"},"modified":"2024-10-10T07:44:06","modified_gmt":"2024-10-10T11:44:06","slug":"vandalizan-oficina-del-congresista-adriano-espaillat-en-manhattan","status":"publish","type":"post","link":"https:\/\/conexion23.com\/?p=33557","title":{"rendered":"Vandalizan oficina del congresista Adriano Espaillat en Manhattan."},"content":{"rendered":"\n<p class=\"wp-block-paragraph\">La oficina en Manhattan del&nbsp;<strong>congresista<\/strong>&nbsp;de EE.UU.&nbsp;<strong>Adriano Espaillat<\/strong>, fue vandalizada el pasado martes 7 de octubre, aniversario del ataque de Ham\u00e1s a Israel, y el inicio de la ofensiva israel\u00ed en territorio palestino. El acto fue condenado por varios miembros del&nbsp;<strong>Partido<\/strong>&nbsp;<strong>Dem\u00f3crata<\/strong>.<\/p>\n\n\n\n<p class=\"wp-block-paragraph\">Las\u00a0<strong>fotos<\/strong>\u00a0publicadas en\u00a0<strong>redes sociales<\/strong>\u00a0muestran la fachada de la oficina cubierta con pintura roja, mientras que los cristales de las ventanas y las puertas muestran muestran grietas producto de objetos lanzados contra ella.<a href=\"https:\/\/www.instagram.com\/norbertorodprm\/\"><\/a><\/p>\n\n\n\n<p class=\"wp-block-paragraph\">En la acera frente al local, ubicado en la calle 181 de Washington Heights, se alcanza a leer\u00a0<em>\u00ab<strong>Free<\/strong>\u00a0<strong>Gaza<\/strong>\u00ab<\/em>\u00a0en espa\u00f1ol\u00a0<strong>Gaza<\/strong>\u00a0<strong>libre<\/strong>, escrito con tinta de color negro. La pintura roja tambi\u00e9n cubre el suelo a la entrada de la oficina.<a href=\"https:\/\/www.instagram.com\/norbertorodprm\/\"><\/a><\/p>\n\n\n\n<p class=\"wp-block-paragraph\">La vandalizaci\u00f3n de la oficina del&nbsp;<strong>congresista<\/strong>&nbsp;coincidi\u00f3 con el primer aniversario del ataque de&nbsp;<strong>Ham\u00e1s<\/strong>&nbsp;a&nbsp;<strong>Israel<\/strong>, que provoc\u00f3 la muerte de&nbsp;1,200 civiles y m\u00e1s de 200 personas tomadas por rehenes, y marc\u00f3 el inicio de una escalada en Medio Oriente por la brutal represalia de&nbsp;<strong>Israel<\/strong>&nbsp;contra el movimiento islamista&nbsp;<strong>palestino<\/strong>.<\/p>\n\n\n\n<p class=\"wp-block-paragraph\">Desde entonces parte del&nbsp;<strong>territorio<\/strong>&nbsp;<strong>palestino<\/strong>&nbsp;ha quedado reducido a&nbsp;escombros, casi todos sus 2.4 millones de habitantes han sido desplazados y al menos 41,909 palestinos han muerto, la mayor\u00eda civiles, seg\u00fan datos del ministerio de Salud del gobierno de&nbsp;<strong>Ham\u00e1s<\/strong>, considerados fiables por la ONU.<\/p>\n\n\n\n<p class=\"wp-block-paragraph\">En la tarde del lunes un grupo de&nbsp;<strong>manifestantes<\/strong>&nbsp;pro&nbsp;<strong>Palestina<\/strong>&nbsp;se reunieron al frente de la oficina del distrito de Espaillat para protestar por los impactos de la guerra entre&nbsp;<strong>Israel<\/strong>&nbsp;y&nbsp;<strong>Ham\u00e1s<\/strong>&nbsp;en la zona de&nbsp;<strong>Gaza<\/strong>.<\/p>\n\n\n\n<p class=\"wp-block-paragraph\">El grupo recrimina el apoyo de la&nbsp;<strong>Administraci\u00f3n<\/strong>&nbsp;<strong>Biden-Harris<\/strong>&nbsp;a&nbsp;<strong>Israel<\/strong>&nbsp;en medio del conflicto. Washington ha destinado 4,860 millones adicionales a&nbsp;operaciones militares&nbsp;en la regi\u00f3n desde octubre de 2023, incluyendo su campa\u00f1a naval para hacer frente a los ataques de los rebeldes chi\u00edes hut\u00edes del Yemen contra buques en el Mar Rojo.<\/p>\n\n\n\n<p class=\"wp-block-paragraph\"><a href=\"https:\/\/puntoprints.com\/\"><\/a><\/p>\n\n\n\n<p class=\"wp-block-paragraph\"><strong>Israel<\/strong>&nbsp;es el mayor receptor de&nbsp;<strong>ayuda<\/strong>&nbsp;estadounidense&nbsp;desde la Segunda Guerra Mundial y, actualmente, se encuentra en medio de un acuerdo de 10 a\u00f1os de asistencia militar por valor de 38,000 millones de d\u00f3lares para el periodo 2019-2028, que fue negociado durante el Gobierno de&nbsp;Barack Obama&nbsp;(2009-2017).<\/p>\n\n\n\n<p class=\"wp-block-paragraph\">Este pacto establece que EE.UU. dar\u00e1 a&nbsp;<strong>Israel<\/strong>&nbsp;cada a\u00f1o 3,300 millones de d\u00f3lares en&nbsp;<strong>ayuda<\/strong>&nbsp;militar&nbsp;y 500 espec\u00edficamente para sistemas de&nbsp;defensa antimisiles.<\/p>\n\n\n\n<h2 class=\"wp-block-heading\">Condena del&nbsp;<strong>Partido<\/strong>&nbsp;<strong>Dem\u00f3crata<\/strong><\/h2>\n\n\n\n<p class=\"wp-block-paragraph\">Los representantes Jerrold Nadler, Hakeem Jeffries, Jamaal Bowman, Yvette Clarke, Dan Goldman, Tim Kennedy, Gregory Meeks, Grace Meng, Joe Morelle, Alexandria Ocasio-Cortez, Pat Ryan, Tom Suozzi, Paul Tonko, Ritchie Torres y Nydia Vel\u00e1zquez emitieron este martes una declaraci\u00f3n en respuesta al&nbsp;<strong>vandalismo<\/strong>&nbsp;dirigido a la oficina de Espaillat condenan el acto y proponen que los reponsables rindan cuentas.<\/p>\n\n\n\n<p class=\"wp-block-paragraph\">\u00abComo miembros&nbsp;<strong>dem\u00f3cratas del Congreso<\/strong>, creemos en la libertad de reuni\u00f3n y protesta pac\u00edfica como un derecho fundamental de nuestra gran naci\u00f3n. Cada d\u00eda, trabajamos incansablemente para defender esta libertad para todos los estadounidenses. Sin embargo, cuando las protestas se vuelven violentas, con acciones que cruzan la l\u00ednea de los&nbsp;<strong>actos<\/strong>&nbsp;de&nbsp;<strong>vandalismo<\/strong>, ya no son protestas; se convierten en cr\u00edmenes. Estos&nbsp;<strong>actos<\/strong>&nbsp;de intimidaci\u00f3n son inaceptables y no ser\u00e1n tolerados\u00bb, se\u00f1alan los congeresistas en la declaraci\u00f3n.<\/p>\n\n\n\n<p class=\"wp-block-paragraph\">En el documento los representantes indican que no se trata del primer ataque a la oficina de Espaillat y advierten que estos&nbsp;<strong>actos<\/strong>&nbsp;de&nbsp;<strong>vandalismo<\/strong>&nbsp;ponen en peligro \u00abtanto a los electores como al personal del Congreso, interrumpiendo las operaciones del Congreso y los servicios sociales de los que dependen los electores\u00bb.<\/p>\n\n\n\n<p class=\"wp-block-paragraph\">\u00abEl \u00faltimo&nbsp;<strong>vandalismo<\/strong>&nbsp;escandaloso ocurri\u00f3 en un d\u00eda de reflexi\u00f3n solemne para conmemorar un a\u00f1o desde que los terroristas de&nbsp;<strong>Ham\u00e1s<\/strong>&nbsp;atacaron&nbsp;<strong>Israel<\/strong>, asesinando a 1,200 civiles, incluidos m\u00e1s de 40 ciudadanos estadounidenses, y tomando 251 rehenes, incluidos 12 estadounidenses\u00bb, recordaron los congresistas.<\/p>\n\n\n\n<p class=\"wp-block-paragraph\">\u00abNuestra delegaci\u00f3n se mantiene unida para condenar p\u00fablicamente los&nbsp;<strong>actos de violencia, acoso e intimidaci\u00f3n<\/strong>. Juntos, seguiremos trabajando para garantizar que todos los perpetradores de tales&nbsp;<strong>actos<\/strong>&nbsp;dirigidos contra el&nbsp;<strong>congresista<\/strong>&nbsp;Espaillat, o cualquier oficina del Congreso, rindan cuentas y sean procesados con todo el peso de la ley\u00bb.<\/p>\n","protected":false},"excerpt":{"rendered":"<p>La oficina en Manhattan del&nbsp;congresista&nbsp;de EE.UU.&nbsp;Adriano Espaillat, fue vandalizada el pasado martes 7 de octubre, aniversario del ataque de Ham\u00e1s a Israel, y el inicio de la ofensiva israel\u00ed en territorio palestino. El acto fue condenado por varios miembros del&nbsp;Partido&nbsp;Dem\u00f3crata. Las\u00a0fotos\u00a0publicadas en\u00a0redes sociales\u00a0muestran la fachada de la oficina cubierta con pintura roja, mientras que los [&hellip;]<\/p>\n","protected":false},"author":15,"featured_media":33558,"comment_status":"open","ping_status":"open","sticky":false,"template":"","format":"standard","meta":{"footnotes":""},"categories":[1],"tags":[],"class_list":["post-33557","post","type-post","status-publish","format-standard","has-post-thumbnail","category-uncategorized"],"yoast_head":"<!-- This site is optimized with the Yoast SEO plugin v27.6 - https:\/\/yoast.com\/product\/yoast-seo-wordpress\/ -->\n<title>Vandalizan oficina del congresista Adriano Espaillat en Manhattan. - Conexi\u00f3n 23<\/title>\n<meta name=\"robots\" content=\"index, follow, max-snippet:-1, max-image-preview:large, max-video-preview:-1\" \/>\n<link rel=\"canonical\" href=\"https:\/\/conexion23.com\/?p=33557\" \/>\n<meta property=\"og:locale\" content=\"es_ES\" \/>\n<meta property=\"og:type\" content=\"article\" \/>\n<meta property=\"og:title\" content=\"Vandalizan oficina del congresista Adriano Espaillat en Manhattan. - Conexi\u00f3n 23\" \/>\n<meta property=\"og:description\" content=\"La oficina en Manhattan del&nbsp;congresista&nbsp;de EE.UU.&nbsp;Adriano Espaillat, fue vandalizada el pasado martes 7 de octubre, aniversario del ataque de Ham\u00e1s a Israel, y el inicio de la ofensiva israel\u00ed en territorio palestino. El acto fue condenado por varios miembros del&nbsp;Partido&nbsp;Dem\u00f3crata. Las\u00a0fotos\u00a0publicadas en\u00a0redes sociales\u00a0muestran la fachada de la oficina cubierta con pintura roja, mientras que los [&hellip;]\" \/>\n<meta property=\"og:url\" content=\"https:\/\/conexion23.com\/?p=33557\" \/>\n<meta property=\"og:site_name\" content=\"Conexi\u00f3n 23\" \/>\n<meta property=\"article:publisher\" content=\"https:\/\/www.facebook.com\/conexion23com\" \/>\n<meta property=\"article:published_time\" content=\"2024-10-10T11:44:04+00:00\" \/>\n<meta property=\"article:modified_time\" content=\"2024-10-10T11:44:06+00:00\" \/>\n<meta property=\"og:image\" content=\"https:\/\/conexion23.com\/wp-content\/uploads\/2024\/10\/democratas-del-congreso-condenan-vandalismo-focus-0.12-min0.28-896-504.jpg\" \/>\n\t<meta property=\"og:image:width\" content=\"896\" \/>\n\t<meta property=\"og:image:height\" content=\"504\" \/>\n\t<meta property=\"og:image:type\" content=\"image\/jpeg\" \/>\n<meta name=\"author\" content=\"Raffy Ben\u00edtez\" \/>\n<meta name=\"twitter:card\" content=\"summary_large_image\" \/>\n<meta name=\"twitter:label1\" content=\"Escrito por\" \/>\n\t<meta name=\"twitter:data1\" content=\"Raffy Ben\u00edtez\" \/>\n\t<meta name=\"twitter:label2\" content=\"Tiempo de lectura\" \/>\n\t<meta name=\"twitter:data2\" content=\"4 minutos\" \/>\n<script type=\"application\/ld+json\" class=\"yoast-schema-graph\">{\"@context\":\"https:\\\/\\\/schema.org\",\"@graph\":[{\"@type\":\"Article\",\"@id\":\"https:\\\/\\\/conexion23.com\\\/?p=33557#article\",\"isPartOf\":{\"@id\":\"https:\\\/\\\/conexion23.com\\\/?p=33557\"},\"author\":{\"name\":\"Raffy Ben\u00edtez\",\"@id\":\"https:\\\/\\\/conexion23.com\\\/#\\\/schema\\\/person\\\/03e36043331117e97a373299bbcd30a6\"},\"headline\":\"Vandalizan oficina del congresista Adriano Espaillat en Manhattan.\",\"datePublished\":\"2024-10-10T11:44:04+00:00\",\"dateModified\":\"2024-10-10T11:44:06+00:00\",\"mainEntityOfPage\":{\"@id\":\"https:\\\/\\\/conexion23.com\\\/?p=33557\"},\"wordCount\":781,\"commentCount\":0,\"publisher\":{\"@id\":\"https:\\\/\\\/conexion23.com\\\/#organization\"},\"image\":{\"@id\":\"https:\\\/\\\/conexion23.com\\\/?p=33557#primaryimage\"},\"thumbnailUrl\":\"https:\\\/\\\/conexion23.com\\\/wp-content\\\/uploads\\\/2024\\\/10\\\/democratas-del-congreso-condenan-vandalismo-focus-0.12-min0.28-896-504.jpg\",\"articleSection\":[\"Uncategorized\"],\"inLanguage\":\"es\",\"potentialAction\":[{\"@type\":\"CommentAction\",\"name\":\"Comment\",\"target\":[\"https:\\\/\\\/conexion23.com\\\/?p=33557#respond\"]}]},{\"@type\":\"WebPage\",\"@id\":\"https:\\\/\\\/conexion23.com\\\/?p=33557\",\"url\":\"https:\\\/\\\/conexion23.com\\\/?p=33557\",\"name\":\"Vandalizan oficina del congresista Adriano Espaillat en Manhattan. - Conexi\u00f3n 23\",\"isPartOf\":{\"@id\":\"https:\\\/\\\/conexion23.com\\\/#website\"},\"primaryImageOfPage\":{\"@id\":\"https:\\\/\\\/conexion23.com\\\/?p=33557#primaryimage\"},\"image\":{\"@id\":\"https:\\\/\\\/conexion23.com\\\/?p=33557#primaryimage\"},\"thumbnailUrl\":\"https:\\\/\\\/conexion23.com\\\/wp-content\\\/uploads\\\/2024\\\/10\\\/democratas-del-congreso-condenan-vandalismo-focus-0.12-min0.28-896-504.jpg\",\"datePublished\":\"2024-10-10T11:44:04+00:00\",\"dateModified\":\"2024-10-10T11:44:06+00:00\",\"breadcrumb\":{\"@id\":\"https:\\\/\\\/conexion23.com\\\/?p=33557#breadcrumb\"},\"inLanguage\":\"es\",\"potentialAction\":[{\"@type\":\"ReadAction\",\"target\":[\"https:\\\/\\\/conexion23.com\\\/?p=33557\"]}]},{\"@type\":\"ImageObject\",\"inLanguage\":\"es\",\"@id\":\"https:\\\/\\\/conexion23.com\\\/?p=33557#primaryimage\",\"url\":\"https:\\\/\\\/conexion23.com\\\/wp-content\\\/uploads\\\/2024\\\/10\\\/democratas-del-congreso-condenan-vandalismo-focus-0.12-min0.28-896-504.jpg\",\"contentUrl\":\"https:\\\/\\\/conexion23.com\\\/wp-content\\\/uploads\\\/2024\\\/10\\\/democratas-del-congreso-condenan-vandalismo-focus-0.12-min0.28-896-504.jpg\",\"width\":896,\"height\":504},{\"@type\":\"BreadcrumbList\",\"@id\":\"https:\\\/\\\/conexion23.com\\\/?p=33557#breadcrumb\",\"itemListElement\":[{\"@type\":\"ListItem\",\"position\":1,\"name\":\"Portada\",\"item\":\"https:\\\/\\\/conexion23.com\\\/\"},{\"@type\":\"ListItem\",\"position\":2,\"name\":\"Vandalizan oficina del congresista Adriano Espaillat en Manhattan.\"}]},{\"@type\":\"WebSite\",\"@id\":\"https:\\\/\\\/conexion23.com\\\/#website\",\"url\":\"https:\\\/\\\/conexion23.com\\\/\",\"name\":\"Conexi\u00f3n 23\",\"description\":\"Peri\u00f3dico 100% Petromacorisano\",\"publisher\":{\"@id\":\"https:\\\/\\\/conexion23.com\\\/#organization\"},\"potentialAction\":[{\"@type\":\"SearchAction\",\"target\":{\"@type\":\"EntryPoint\",\"urlTemplate\":\"https:\\\/\\\/conexion23.com\\\/?s={search_term_string}\"},\"query-input\":{\"@type\":\"PropertyValueSpecification\",\"valueRequired\":true,\"valueName\":\"search_term_string\"}}],\"inLanguage\":\"es\"},{\"@type\":\"Organization\",\"@id\":\"https:\\\/\\\/conexion23.com\\\/#organization\",\"name\":\"Conexion 23\",\"url\":\"https:\\\/\\\/conexion23.com\\\/\",\"logo\":{\"@type\":\"ImageObject\",\"inLanguage\":\"es\",\"@id\":\"https:\\\/\\\/conexion23.com\\\/#\\\/schema\\\/logo\\\/image\\\/\",\"url\":\"https:\\\/\\\/conexion23.com\\\/wp-content\\\/uploads\\\/2021\\\/11\\\/Diseno-sin-titulo-2.png\",\"contentUrl\":\"https:\\\/\\\/conexion23.com\\\/wp-content\\\/uploads\\\/2021\\\/11\\\/Diseno-sin-titulo-2.png\",\"width\":541,\"height\":90,\"caption\":\"Conexion 23\"},\"image\":{\"@id\":\"https:\\\/\\\/conexion23.com\\\/#\\\/schema\\\/logo\\\/image\\\/\"},\"sameAs\":[\"https:\\\/\\\/www.facebook.com\\\/conexion23com\",\"https:\\\/\\\/www.instagram.com\\\/conexion23com\\\/\",\"https:\\\/\\\/www.youtube.com\\\/channel\\\/UCYc7vxxFZMYLIHNsHHxPZ3Q\"]},{\"@type\":\"Person\",\"@id\":\"https:\\\/\\\/conexion23.com\\\/#\\\/schema\\\/person\\\/03e36043331117e97a373299bbcd30a6\",\"name\":\"Raffy Ben\u00edtez\",\"image\":{\"@type\":\"ImageObject\",\"inLanguage\":\"es\",\"@id\":\"https:\\\/\\\/secure.gravatar.com\\\/avatar\\\/3190a6a6c5e1b0327500f7d6c56b6242472ee6cb974cf09b401ee6b3b0798f23?s=96&d=mm&r=g\",\"url\":\"https:\\\/\\\/secure.gravatar.com\\\/avatar\\\/3190a6a6c5e1b0327500f7d6c56b6242472ee6cb974cf09b401ee6b3b0798f23?s=96&d=mm&r=g\",\"contentUrl\":\"https:\\\/\\\/secure.gravatar.com\\\/avatar\\\/3190a6a6c5e1b0327500f7d6c56b6242472ee6cb974cf09b401ee6b3b0798f23?s=96&d=mm&r=g\",\"caption\":\"Raffy Ben\u00edtez\"},\"url\":\"https:\\\/\\\/conexion23.com\\\/?author=15\"}]}<\/script>\n<!-- \/ Yoast SEO plugin. -->","yoast_head_json":{"title":"Vandalizan oficina del congresista Adriano Espaillat en Manhattan. - Conexi\u00f3n 23","robots":{"index":"index","follow":"follow","max-snippet":"max-snippet:-1","max-image-preview":"max-image-preview:large","max-video-preview":"max-video-preview:-1"},"canonical":"https:\/\/conexion23.com\/?p=33557","og_locale":"es_ES","og_type":"article","og_title":"Vandalizan oficina del congresista Adriano Espaillat en Manhattan. - Conexi\u00f3n 23","og_description":"La oficina en Manhattan del&nbsp;congresista&nbsp;de EE.UU.&nbsp;Adriano Espaillat, fue vandalizada el pasado martes 7 de octubre, aniversario del ataque de Ham\u00e1s a Israel, y el inicio de la ofensiva israel\u00ed en territorio palestino. El acto fue condenado por varios miembros del&nbsp;Partido&nbsp;Dem\u00f3crata. Las\u00a0fotos\u00a0publicadas en\u00a0redes sociales\u00a0muestran la fachada de la oficina cubierta con pintura roja, mientras que los [&hellip;]","og_url":"https:\/\/conexion23.com\/?p=33557","og_site_name":"Conexi\u00f3n 23","article_publisher":"https:\/\/www.facebook.com\/conexion23com","article_published_time":"2024-10-10T11:44:04+00:00","article_modified_time":"2024-10-10T11:44:06+00:00","og_image":[{"width":896,"height":504,"url":"https:\/\/conexion23.com\/wp-content\/uploads\/2024\/10\/democratas-del-congreso-condenan-vandalismo-focus-0.12-min0.28-896-504.jpg","type":"image\/jpeg"}],"author":"Raffy Ben\u00edtez","twitter_card":"summary_large_image","twitter_misc":{"Escrito por":"Raffy Ben\u00edtez","Tiempo de lectura":"4 minutos"},"schema":{"@context":"https:\/\/schema.org","@graph":[{"@type":"Article","@id":"https:\/\/conexion23.com\/?p=33557#article","isPartOf":{"@id":"https:\/\/conexion23.com\/?p=33557"},"author":{"name":"Raffy Ben\u00edtez","@id":"https:\/\/conexion23.com\/#\/schema\/person\/03e36043331117e97a373299bbcd30a6"},"headline":"Vandalizan oficina del congresista Adriano Espaillat en Manhattan.","datePublished":"2024-10-10T11:44:04+00:00","dateModified":"2024-10-10T11:44:06+00:00","mainEntityOfPage":{"@id":"https:\/\/conexion23.com\/?p=33557"},"wordCount":781,"commentCount":0,"publisher":{"@id":"https:\/\/conexion23.com\/#organization"},"image":{"@id":"https:\/\/conexion23.com\/?p=33557#primaryimage"},"thumbnailUrl":"https:\/\/conexion23.com\/wp-content\/uploads\/2024\/10\/democratas-del-congreso-condenan-vandalismo-focus-0.12-min0.28-896-504.jpg","articleSection":["Uncategorized"],"inLanguage":"es","potentialAction":[{"@type":"CommentAction","name":"Comment","target":["https:\/\/conexion23.com\/?p=33557#respond"]}]},{"@type":"WebPage","@id":"https:\/\/conexion23.com\/?p=33557","url":"https:\/\/conexion23.com\/?p=33557","name":"Vandalizan oficina del congresista Adriano Espaillat en Manhattan. - Conexi\u00f3n 23","isPartOf":{"@id":"https:\/\/conexion23.com\/#website"},"primaryImageOfPage":{"@id":"https:\/\/conexion23.com\/?p=33557#primaryimage"},"image":{"@id":"https:\/\/conexion23.com\/?p=33557#primaryimage"},"thumbnailUrl":"https:\/\/conexion23.com\/wp-content\/uploads\/2024\/10\/democratas-del-congreso-condenan-vandalismo-focus-0.12-min0.28-896-504.jpg","datePublished":"2024-10-10T11:44:04+00:00","dateModified":"2024-10-10T11:44:06+00:00","breadcrumb":{"@id":"https:\/\/conexion23.com\/?p=33557#breadcrumb"},"inLanguage":"es","potentialAction":[{"@type":"ReadAction","target":["https:\/\/conexion23.com\/?p=33557"]}]},{"@type":"ImageObject","inLanguage":"es","@id":"https:\/\/conexion23.com\/?p=33557#primaryimage","url":"https:\/\/conexion23.com\/wp-content\/uploads\/2024\/10\/democratas-del-congreso-condenan-vandalismo-focus-0.12-min0.28-896-504.jpg","contentUrl":"https:\/\/conexion23.com\/wp-content\/uploads\/2024\/10\/democratas-del-congreso-condenan-vandalismo-focus-0.12-min0.28-896-504.jpg","width":896,"height":504},{"@type":"BreadcrumbList","@id":"https:\/\/conexion23.com\/?p=33557#breadcrumb","itemListElement":[{"@type":"ListItem","position":1,"name":"Portada","item":"https:\/\/conexion23.com\/"},{"@type":"ListItem","position":2,"name":"Vandalizan oficina del congresista Adriano Espaillat en Manhattan."}]},{"@type":"WebSite","@id":"https:\/\/conexion23.com\/#website","url":"https:\/\/conexion23.com\/","name":"Conexi\u00f3n 23","description":"Peri\u00f3dico 100% Petromacorisano","publisher":{"@id":"https:\/\/conexion23.com\/#organization"},"potentialAction":[{"@type":"SearchAction","target":{"@type":"EntryPoint","urlTemplate":"https:\/\/conexion23.com\/?s={search_term_string}"},"query-input":{"@type":"PropertyValueSpecification","valueRequired":true,"valueName":"search_term_string"}}],"inLanguage":"es"},{"@type":"Organization","@id":"https:\/\/conexion23.com\/#organization","name":"Conexion 23","url":"https:\/\/conexion23.com\/","logo":{"@type":"ImageObject","inLanguage":"es","@id":"https:\/\/conexion23.com\/#\/schema\/logo\/image\/","url":"https:\/\/conexion23.com\/wp-content\/uploads\/2021\/11\/Diseno-sin-titulo-2.png","contentUrl":"https:\/\/conexion23.com\/wp-content\/uploads\/2021\/11\/Diseno-sin-titulo-2.png","width":541,"height":90,"caption":"Conexion 23"},"image":{"@id":"https:\/\/conexion23.com\/#\/schema\/logo\/image\/"},"sameAs":["https:\/\/www.facebook.com\/conexion23com","https:\/\/www.instagram.com\/conexion23com\/","https:\/\/www.youtube.com\/channel\/UCYc7vxxFZMYLIHNsHHxPZ3Q"]},{"@type":"Person","@id":"https:\/\/conexion23.com\/#\/schema\/person\/03e36043331117e97a373299bbcd30a6","name":"Raffy Ben\u00edtez","image":{"@type":"ImageObject","inLanguage":"es","@id":"https:\/\/secure.gravatar.com\/avatar\/3190a6a6c5e1b0327500f7d6c56b6242472ee6cb974cf09b401ee6b3b0798f23?s=96&d=mm&r=g","url":"https:\/\/secure.gravatar.com\/avatar\/3190a6a6c5e1b0327500f7d6c56b6242472ee6cb974cf09b401ee6b3b0798f23?s=96&d=mm&r=g","contentUrl":"https:\/\/secure.gravatar.com\/avatar\/3190a6a6c5e1b0327500f7d6c56b6242472ee6cb974cf09b401ee6b3b0798f23?s=96&d=mm&r=g","caption":"Raffy Ben\u00edtez"},"url":"https:\/\/conexion23.com\/?author=15"}]}},"_links":{"self":[{"href":"https:\/\/conexion23.com\/index.php?rest_route=\/wp\/v2\/posts\/33557","targetHints":{"allow":["GET"]}}],"collection":[{"href":"https:\/\/conexion23.com\/index.php?rest_route=\/wp\/v2\/posts"}],"about":[{"href":"https:\/\/conexion23.com\/index.php?rest_route=\/wp\/v2\/types\/post"}],"author":[{"embeddable":true,"href":"https:\/\/conexion23.com\/index.php?rest_route=\/wp\/v2\/users\/15"}],"replies":[{"embeddable":true,"href":"https:\/\/conexion23.com\/index.php?rest_route=%2Fwp%2Fv2%2Fcomments&post=33557"}],"version-history":[{"count":1,"href":"https:\/\/conexion23.com\/index.php?rest_route=\/wp\/v2\/posts\/33557\/revisions"}],"predecessor-version":[{"id":33559,"href":"https:\/\/conexion23.com\/index.php?rest_route=\/wp\/v2\/posts\/33557\/revisions\/33559"}],"wp:featuredmedia":[{"embeddable":true,"href":"https:\/\/conexion23.com\/index.php?rest_route=\/wp\/v2\/media\/33558"}],"wp:attachment":[{"href":"https:\/\/conexion23.com\/index.php?rest_route=%2Fwp%2Fv2%2Fmedia&parent=33557"}],"wp:term":[{"taxonomy":"category","embeddable":true,"href":"https:\/\/conexion23.com\/index.php?rest_route=%2Fwp%2Fv2%2Fcategories&post=33557"},{"taxonomy":"post_tag","embeddable":true,"href":"https:\/\/conexion23.com\/index.php?rest_route=%2Fwp%2Fv2%2Ftags&post=33557"}],"curies":[{"name":"wp","href":"https:\/\/api.w.org\/{rel}","templated":true}]}}