{"id":33626,"date":"2024-10-12T08:36:35","date_gmt":"2024-10-12T12:36:35","guid":{"rendered":"https:\/\/conexion23.com\/?p=33626"},"modified":"2024-10-12T08:36:36","modified_gmt":"2024-10-12T12:36:36","slug":"10-anos-de-prision-para-exencargado-de-migracion-en-jimani-por-trafico-de-migrantes","status":"publish","type":"post","link":"https:\/\/conexion23.com\/?p=33626","title":{"rendered":"10 a\u00f1os de prisi\u00f3n para exencargado de Migraci\u00f3n en Jiman\u00ed por tr\u00e1fico de migrantes"},"content":{"rendered":"\n<p>El Tribunal Colegiado de Jiman\u00ed conden\u00f3 al exencargado de Migraci\u00f3n de Jiman\u00ed, en la frontera dom\u00ednico-haitiana, Roberto M\u00e9ndez P\u00e9rez a 10 a\u00f1os de prisi\u00f3n y al pago de 150 salarios m\u00ednimos por tr\u00e1fico y secuestro de migrantes y que fue detenido durante la Operaci\u00f3n Iguana, en el 2022.<\/p>\n\n\n\n<p>M\u00e9ndez P\u00e9rez se desempe\u00f1aba como coordinador de control en el puesto fronterizo en Jiman\u00ed de la Direcci\u00f3n General de Migraci\u00f3n. Junto a \u00e9l tambi\u00e9n fueron condenados por la misma acusaci\u00f3n Johan Rosario Castillo, igualmente a 10 a\u00f1os de prisi\u00f3n, mientras que a 15 a\u00f1os fueron sentenciados Delson Manuel Medina D\u00edaz, Juan Mateo Feliciano y Quelinton Eduardo Volquez Guzm\u00e1n.<\/p>\n\n\n\n<p>\u201cTodos deber\u00e1n pagar una multa de 150 salarios m\u00ednimos\u201d, inform\u00f3 la Procuradur\u00eda General en una comunicaci\u00f3n de prensa.<\/p>\n\n\n\n<p>Seg\u00fan el Ministerio P\u00fablico, el tribunal dict\u00f3 una sentencia absolutoria respecto de los acusados Deivi Novas Reyes y Dominga Guzm\u00e1n.<\/p>\n\n\n\n<p>Secuestraban mujeres y ni\u00f1as<br>En la comunicaci\u00f3n de prensa sobre la condena a los cinco principales acusados de Operaci\u00f3n Iguana, la Procuradur\u00eda recuerda que durante los allanamientos contra la red, arrest\u00f3 a los hoy condenados y ocup\u00f3 como evidencias siete veh\u00edculos, 127 pasaportes de ciudadanos extranjeros, aproximadamente 116 mil pesos y 383 d\u00f3lares, cientos de documentos y un arma de fuego, calibre 9 mil\u00edmetros.<\/p>\n\n\n\n<p>Sostuvo que, con el apoyo del Departamento de Investigaci\u00f3n de la Direcci\u00f3n General de Migraci\u00f3n, dio inicio a la investigaci\u00f3n penal de este caso en diciembre del a\u00f1o 2021 contra los miembros de la red y que logr\u00f3 la obtenci\u00f3n de pruebas que los vinculan al tr\u00e1fico il\u00edcito agravado de migrantes y secuestro de dos mujeres y dos ni\u00f1as de nacionalidad cubana, as\u00ed como de otros hechos de tr\u00e1fico il\u00edcito de migrantes.<\/p>\n\n\n\n<p>El expediente acusatorio se\u00f1ala que los procesados recurr\u00edan a la amenaza y al chantaje para la obtenci\u00f3n de soborno. Igualmente, privaban de su libertad y manten\u00edan en cautiverio a las personas objeto de tr\u00e1fico il\u00edcito hasta recibir el pago exigido para la liberaci\u00f3n de las personas retenidas o secuestradas, llegando inclusive a recurrir a las amenazas para la recepci\u00f3n de los pagos.<\/p>\n\n\n\n<p>El grupo fue acusado de violar la Ley 137-03 sobre Tr\u00e1fico Il\u00edcito de Migrantes y Trata de Personas, el C\u00f3digo Penal Dominicano, la Ley 53-07 sobre Cr\u00edmenes y Delitos de Alta Tecnolog\u00eda, la Ley 631-16 para el Control y Regulaci\u00f3n de Armas, Municiones y Materiales Relacionados, y el C\u00f3digo para la Protecci\u00f3n y los Derechos Fundamentales de los Ni\u00f1os, Ni\u00f1as y Adolescentes (Ley 136-03), as\u00ed como la Ley 583 sobre Secuestro.<\/p>\n\n\n\n<p>A trav\u00e9s de un comunicado de prensa el Ministerio P\u00fablico destaca la importancia de la sanci\u00f3n contra esos graves delitos que afectan principalmente a personas en condici\u00f3n de vulnerabilidad, la mayor\u00eda mujeres, ni\u00f1os, ni\u00f1as y adolescentes.<\/p>\n\n\n\n<p>El equipo investigador<br>Los procuradores fiscales litigantes Aleika Almonte, Jhensy V\u00edctor y Miguel Crucey, de las procuradur\u00edas especializadas contra el Tr\u00e1fico Il\u00edcito de Migrantes y Trata de Personas (PETT) y de Persecuci\u00f3n de la Corrupci\u00f3n Administrativa (Pepca), aportaron diferentes elementos probatorios que fueron acogidos como buenos y v\u00e1lidos por los jueces Alejandro Antonio Garc\u00eda Cruz, Elaine del Pilar Lluberes y Freidy Hern\u00e1ndez White, quienes dictaron la sentencia condenatoria.<\/p>\n\n\n\n<p>La PETT, encabezada por la procuradora general de corte Yoanna Bejar\u00e1n \u00c1lvarez, desarroll\u00f3 la Operaci\u00f3n Iguana en el a\u00f1o 2022 con nueve allanamientos simult\u00e1neos en municipios de las provincias Independencia, Bahoruco y Pedernales, mediante los cuales fue desarticulada esta red que utiliz\u00f3 a la frontera dom\u00ednico haitiana como centro de operaciones.<\/p>\n","protected":false},"excerpt":{"rendered":"<p>El Tribunal Colegiado de Jiman\u00ed conden\u00f3 al exencargado de Migraci\u00f3n de Jiman\u00ed, en la frontera dom\u00ednico-haitiana, Roberto M\u00e9ndez P\u00e9rez a 10 a\u00f1os de prisi\u00f3n y al pago de 150 salarios m\u00ednimos por tr\u00e1fico y secuestro de migrantes y que fue detenido durante la Operaci\u00f3n Iguana, en el 2022. M\u00e9ndez P\u00e9rez se desempe\u00f1aba como coordinador de [&hellip;]<\/p>\n","protected":false},"author":15,"featured_media":33627,"comment_status":"open","ping_status":"open","sticky":false,"template":"","format":"standard","meta":{"footnotes":""},"categories":[1],"tags":[],"class_list":{"0":"post-33626","1":"post","2":"type-post","3":"status-publish","4":"format-standard","5":"has-post-thumbnail","7":"category-uncategorized"},"yoast_head":"<!-- This site is optimized with the Yoast SEO plugin v27.1.1 - https:\/\/yoast.com\/product\/yoast-seo-wordpress\/ -->\n<title>10 a\u00f1os de prisi\u00f3n para exencargado de Migraci\u00f3n en Jiman\u00ed por tr\u00e1fico de migrantes - Conexi\u00f3n 23<\/title>\n<meta name=\"robots\" content=\"index, follow, max-snippet:-1, max-image-preview:large, max-video-preview:-1\" \/>\n<link rel=\"canonical\" href=\"http:\/\/conexion23.com\/?p=33626\" \/>\n<meta property=\"og:locale\" content=\"es_ES\" \/>\n<meta property=\"og:type\" content=\"article\" \/>\n<meta property=\"og:title\" content=\"10 a\u00f1os de prisi\u00f3n para exencargado de Migraci\u00f3n en Jiman\u00ed por tr\u00e1fico de migrantes - Conexi\u00f3n 23\" \/>\n<meta property=\"og:description\" content=\"El Tribunal Colegiado de Jiman\u00ed conden\u00f3 al exencargado de Migraci\u00f3n de Jiman\u00ed, en la frontera dom\u00ednico-haitiana, Roberto M\u00e9ndez P\u00e9rez a 10 a\u00f1os de prisi\u00f3n y al pago de 150 salarios m\u00ednimos por tr\u00e1fico y secuestro de migrantes y que fue detenido durante la Operaci\u00f3n Iguana, en el 2022. M\u00e9ndez P\u00e9rez se desempe\u00f1aba como coordinador de [&hellip;]\" \/>\n<meta property=\"og:url\" content=\"http:\/\/conexion23.com\/?p=33626\" \/>\n<meta property=\"og:site_name\" content=\"Conexi\u00f3n 23\" \/>\n<meta property=\"article:publisher\" content=\"https:\/\/www.facebook.com\/conexion23com\" \/>\n<meta property=\"article:published_time\" content=\"2024-10-12T12:36:35+00:00\" \/>\n<meta property=\"article:modified_time\" content=\"2024-10-12T12:36:36+00:00\" \/>\n<meta property=\"og:image\" content=\"http:\/\/conexion23.com\/wp-content\/uploads\/2024\/10\/tribunal-condena-exencargado-de-migracion-por-trafico-de-personas-focus-0-0-896-504.jpg\" \/>\n\t<meta property=\"og:image:width\" content=\"896\" \/>\n\t<meta property=\"og:image:height\" content=\"504\" \/>\n\t<meta property=\"og:image:type\" content=\"image\/jpeg\" \/>\n<meta name=\"author\" content=\"Raffy Ben\u00edtez\" \/>\n<meta name=\"twitter:card\" content=\"summary_large_image\" \/>\n<meta name=\"twitter:label1\" content=\"Escrito por\" \/>\n\t<meta name=\"twitter:data1\" content=\"Raffy Ben\u00edtez\" \/>\n\t<meta name=\"twitter:label2\" content=\"Tiempo de lectura\" \/>\n\t<meta name=\"twitter:data2\" content=\"3 minutos\" \/>\n<script type=\"application\/ld+json\" class=\"yoast-schema-graph\">{\"@context\":\"https:\/\/schema.org\",\"@graph\":[{\"@type\":\"Article\",\"@id\":\"http:\/\/conexion23.com\/?p=33626#article\",\"isPartOf\":{\"@id\":\"http:\/\/conexion23.com\/?p=33626\"},\"author\":{\"name\":\"Raffy Ben\u00edtez\",\"@id\":\"https:\/\/conexion23.com\/#\/schema\/person\/03e36043331117e97a373299bbcd30a6\"},\"headline\":\"10 a\u00f1os de prisi\u00f3n para exencargado de Migraci\u00f3n en Jiman\u00ed por tr\u00e1fico de migrantes\",\"datePublished\":\"2024-10-12T12:36:35+00:00\",\"dateModified\":\"2024-10-12T12:36:36+00:00\",\"mainEntityOfPage\":{\"@id\":\"http:\/\/conexion23.com\/?p=33626\"},\"wordCount\":655,\"commentCount\":0,\"publisher\":{\"@id\":\"https:\/\/conexion23.com\/#organization\"},\"image\":{\"@id\":\"http:\/\/conexion23.com\/?p=33626#primaryimage\"},\"thumbnailUrl\":\"https:\/\/conexion23.com\/wp-content\/uploads\/2024\/10\/tribunal-condena-exencargado-de-migracion-por-trafico-de-personas-focus-0-0-896-504.jpg\",\"articleSection\":[\"Uncategorized\"],\"inLanguage\":\"es\",\"potentialAction\":[{\"@type\":\"CommentAction\",\"name\":\"Comment\",\"target\":[\"http:\/\/conexion23.com\/?p=33626#respond\"]}]},{\"@type\":\"WebPage\",\"@id\":\"http:\/\/conexion23.com\/?p=33626\",\"url\":\"http:\/\/conexion23.com\/?p=33626\",\"name\":\"10 a\u00f1os de prisi\u00f3n para exencargado de Migraci\u00f3n en Jiman\u00ed por tr\u00e1fico de migrantes - Conexi\u00f3n 23\",\"isPartOf\":{\"@id\":\"https:\/\/conexion23.com\/#website\"},\"primaryImageOfPage\":{\"@id\":\"http:\/\/conexion23.com\/?p=33626#primaryimage\"},\"image\":{\"@id\":\"http:\/\/conexion23.com\/?p=33626#primaryimage\"},\"thumbnailUrl\":\"https:\/\/conexion23.com\/wp-content\/uploads\/2024\/10\/tribunal-condena-exencargado-de-migracion-por-trafico-de-personas-focus-0-0-896-504.jpg\",\"datePublished\":\"2024-10-12T12:36:35+00:00\",\"dateModified\":\"2024-10-12T12:36:36+00:00\",\"breadcrumb\":{\"@id\":\"http:\/\/conexion23.com\/?p=33626#breadcrumb\"},\"inLanguage\":\"es\",\"potentialAction\":[{\"@type\":\"ReadAction\",\"target\":[\"http:\/\/conexion23.com\/?p=33626\"]}]},{\"@type\":\"ImageObject\",\"inLanguage\":\"es\",\"@id\":\"http:\/\/conexion23.com\/?p=33626#primaryimage\",\"url\":\"https:\/\/conexion23.com\/wp-content\/uploads\/2024\/10\/tribunal-condena-exencargado-de-migracion-por-trafico-de-personas-focus-0-0-896-504.jpg\",\"contentUrl\":\"https:\/\/conexion23.com\/wp-content\/uploads\/2024\/10\/tribunal-condena-exencargado-de-migracion-por-trafico-de-personas-focus-0-0-896-504.jpg\",\"width\":896,\"height\":504},{\"@type\":\"BreadcrumbList\",\"@id\":\"http:\/\/conexion23.com\/?p=33626#breadcrumb\",\"itemListElement\":[{\"@type\":\"ListItem\",\"position\":1,\"name\":\"Portada\",\"item\":\"https:\/\/conexion23.com\/\"},{\"@type\":\"ListItem\",\"position\":2,\"name\":\"10 a\u00f1os de prisi\u00f3n para exencargado de Migraci\u00f3n en Jiman\u00ed por tr\u00e1fico de migrantes\"}]},{\"@type\":\"WebSite\",\"@id\":\"https:\/\/conexion23.com\/#website\",\"url\":\"https:\/\/conexion23.com\/\",\"name\":\"Conexi\u00f3n 23\",\"description\":\"Peri\u00f3dico 100% Petromacorisano\",\"publisher\":{\"@id\":\"https:\/\/conexion23.com\/#organization\"},\"potentialAction\":[{\"@type\":\"SearchAction\",\"target\":{\"@type\":\"EntryPoint\",\"urlTemplate\":\"https:\/\/conexion23.com\/?s={search_term_string}\"},\"query-input\":{\"@type\":\"PropertyValueSpecification\",\"valueRequired\":true,\"valueName\":\"search_term_string\"}}],\"inLanguage\":\"es\"},{\"@type\":\"Organization\",\"@id\":\"https:\/\/conexion23.com\/#organization\",\"name\":\"Conexion 23\",\"url\":\"https:\/\/conexion23.com\/\",\"logo\":{\"@type\":\"ImageObject\",\"inLanguage\":\"es\",\"@id\":\"https:\/\/conexion23.com\/#\/schema\/logo\/image\/\",\"url\":\"https:\/\/conexion23.com\/wp-content\/uploads\/2021\/11\/Diseno-sin-titulo-2.png\",\"contentUrl\":\"https:\/\/conexion23.com\/wp-content\/uploads\/2021\/11\/Diseno-sin-titulo-2.png\",\"width\":541,\"height\":90,\"caption\":\"Conexion 23\"},\"image\":{\"@id\":\"https:\/\/conexion23.com\/#\/schema\/logo\/image\/\"},\"sameAs\":[\"https:\/\/www.facebook.com\/conexion23com\",\"https:\/\/www.instagram.com\/conexion23com\/\",\"https:\/\/www.youtube.com\/channel\/UCYc7vxxFZMYLIHNsHHxPZ3Q\"]},{\"@type\":\"Person\",\"@id\":\"https:\/\/conexion23.com\/#\/schema\/person\/03e36043331117e97a373299bbcd30a6\",\"name\":\"Raffy Ben\u00edtez\",\"image\":{\"@type\":\"ImageObject\",\"inLanguage\":\"es\",\"@id\":\"https:\/\/conexion23.com\/#\/schema\/person\/image\/\",\"url\":\"https:\/\/secure.gravatar.com\/avatar\/3190a6a6c5e1b0327500f7d6c56b6242472ee6cb974cf09b401ee6b3b0798f23?s=96&d=mm&r=g\",\"contentUrl\":\"https:\/\/secure.gravatar.com\/avatar\/3190a6a6c5e1b0327500f7d6c56b6242472ee6cb974cf09b401ee6b3b0798f23?s=96&d=mm&r=g\",\"caption\":\"Raffy Ben\u00edtez\"},\"url\":\"https:\/\/conexion23.com\/?author=15\"}]}<\/script>\n<!-- \/ Yoast SEO plugin. -->","yoast_head_json":{"title":"10 a\u00f1os de prisi\u00f3n para exencargado de Migraci\u00f3n en Jiman\u00ed por tr\u00e1fico de migrantes - Conexi\u00f3n 23","robots":{"index":"index","follow":"follow","max-snippet":"max-snippet:-1","max-image-preview":"max-image-preview:large","max-video-preview":"max-video-preview:-1"},"canonical":"http:\/\/conexion23.com\/?p=33626","og_locale":"es_ES","og_type":"article","og_title":"10 a\u00f1os de prisi\u00f3n para exencargado de Migraci\u00f3n en Jiman\u00ed por tr\u00e1fico de migrantes - Conexi\u00f3n 23","og_description":"El Tribunal Colegiado de Jiman\u00ed conden\u00f3 al exencargado de Migraci\u00f3n de Jiman\u00ed, en la frontera dom\u00ednico-haitiana, Roberto M\u00e9ndez P\u00e9rez a 10 a\u00f1os de prisi\u00f3n y al pago de 150 salarios m\u00ednimos por tr\u00e1fico y secuestro de migrantes y que fue detenido durante la Operaci\u00f3n Iguana, en el 2022. M\u00e9ndez P\u00e9rez se desempe\u00f1aba como coordinador de [&hellip;]","og_url":"http:\/\/conexion23.com\/?p=33626","og_site_name":"Conexi\u00f3n 23","article_publisher":"https:\/\/www.facebook.com\/conexion23com","article_published_time":"2024-10-12T12:36:35+00:00","article_modified_time":"2024-10-12T12:36:36+00:00","og_image":[{"width":896,"height":504,"url":"http:\/\/conexion23.com\/wp-content\/uploads\/2024\/10\/tribunal-condena-exencargado-de-migracion-por-trafico-de-personas-focus-0-0-896-504.jpg","type":"image\/jpeg"}],"author":"Raffy Ben\u00edtez","twitter_card":"summary_large_image","twitter_misc":{"Escrito por":"Raffy Ben\u00edtez","Tiempo de lectura":"3 minutos"},"schema":{"@context":"https:\/\/schema.org","@graph":[{"@type":"Article","@id":"http:\/\/conexion23.com\/?p=33626#article","isPartOf":{"@id":"http:\/\/conexion23.com\/?p=33626"},"author":{"name":"Raffy Ben\u00edtez","@id":"https:\/\/conexion23.com\/#\/schema\/person\/03e36043331117e97a373299bbcd30a6"},"headline":"10 a\u00f1os de prisi\u00f3n para exencargado de Migraci\u00f3n en Jiman\u00ed por tr\u00e1fico de migrantes","datePublished":"2024-10-12T12:36:35+00:00","dateModified":"2024-10-12T12:36:36+00:00","mainEntityOfPage":{"@id":"http:\/\/conexion23.com\/?p=33626"},"wordCount":655,"commentCount":0,"publisher":{"@id":"https:\/\/conexion23.com\/#organization"},"image":{"@id":"http:\/\/conexion23.com\/?p=33626#primaryimage"},"thumbnailUrl":"https:\/\/conexion23.com\/wp-content\/uploads\/2024\/10\/tribunal-condena-exencargado-de-migracion-por-trafico-de-personas-focus-0-0-896-504.jpg","articleSection":["Uncategorized"],"inLanguage":"es","potentialAction":[{"@type":"CommentAction","name":"Comment","target":["http:\/\/conexion23.com\/?p=33626#respond"]}]},{"@type":"WebPage","@id":"http:\/\/conexion23.com\/?p=33626","url":"http:\/\/conexion23.com\/?p=33626","name":"10 a\u00f1os de prisi\u00f3n para exencargado de Migraci\u00f3n en Jiman\u00ed por tr\u00e1fico de migrantes - Conexi\u00f3n 23","isPartOf":{"@id":"https:\/\/conexion23.com\/#website"},"primaryImageOfPage":{"@id":"http:\/\/conexion23.com\/?p=33626#primaryimage"},"image":{"@id":"http:\/\/conexion23.com\/?p=33626#primaryimage"},"thumbnailUrl":"https:\/\/conexion23.com\/wp-content\/uploads\/2024\/10\/tribunal-condena-exencargado-de-migracion-por-trafico-de-personas-focus-0-0-896-504.jpg","datePublished":"2024-10-12T12:36:35+00:00","dateModified":"2024-10-12T12:36:36+00:00","breadcrumb":{"@id":"http:\/\/conexion23.com\/?p=33626#breadcrumb"},"inLanguage":"es","potentialAction":[{"@type":"ReadAction","target":["http:\/\/conexion23.com\/?p=33626"]}]},{"@type":"ImageObject","inLanguage":"es","@id":"http:\/\/conexion23.com\/?p=33626#primaryimage","url":"https:\/\/conexion23.com\/wp-content\/uploads\/2024\/10\/tribunal-condena-exencargado-de-migracion-por-trafico-de-personas-focus-0-0-896-504.jpg","contentUrl":"https:\/\/conexion23.com\/wp-content\/uploads\/2024\/10\/tribunal-condena-exencargado-de-migracion-por-trafico-de-personas-focus-0-0-896-504.jpg","width":896,"height":504},{"@type":"BreadcrumbList","@id":"http:\/\/conexion23.com\/?p=33626#breadcrumb","itemListElement":[{"@type":"ListItem","position":1,"name":"Portada","item":"https:\/\/conexion23.com\/"},{"@type":"ListItem","position":2,"name":"10 a\u00f1os de prisi\u00f3n para exencargado de Migraci\u00f3n en Jiman\u00ed por tr\u00e1fico de migrantes"}]},{"@type":"WebSite","@id":"https:\/\/conexion23.com\/#website","url":"https:\/\/conexion23.com\/","name":"Conexi\u00f3n 23","description":"Peri\u00f3dico 100% Petromacorisano","publisher":{"@id":"https:\/\/conexion23.com\/#organization"},"potentialAction":[{"@type":"SearchAction","target":{"@type":"EntryPoint","urlTemplate":"https:\/\/conexion23.com\/?s={search_term_string}"},"query-input":{"@type":"PropertyValueSpecification","valueRequired":true,"valueName":"search_term_string"}}],"inLanguage":"es"},{"@type":"Organization","@id":"https:\/\/conexion23.com\/#organization","name":"Conexion 23","url":"https:\/\/conexion23.com\/","logo":{"@type":"ImageObject","inLanguage":"es","@id":"https:\/\/conexion23.com\/#\/schema\/logo\/image\/","url":"https:\/\/conexion23.com\/wp-content\/uploads\/2021\/11\/Diseno-sin-titulo-2.png","contentUrl":"https:\/\/conexion23.com\/wp-content\/uploads\/2021\/11\/Diseno-sin-titulo-2.png","width":541,"height":90,"caption":"Conexion 23"},"image":{"@id":"https:\/\/conexion23.com\/#\/schema\/logo\/image\/"},"sameAs":["https:\/\/www.facebook.com\/conexion23com","https:\/\/www.instagram.com\/conexion23com\/","https:\/\/www.youtube.com\/channel\/UCYc7vxxFZMYLIHNsHHxPZ3Q"]},{"@type":"Person","@id":"https:\/\/conexion23.com\/#\/schema\/person\/03e36043331117e97a373299bbcd30a6","name":"Raffy Ben\u00edtez","image":{"@type":"ImageObject","inLanguage":"es","@id":"https:\/\/conexion23.com\/#\/schema\/person\/image\/","url":"https:\/\/secure.gravatar.com\/avatar\/3190a6a6c5e1b0327500f7d6c56b6242472ee6cb974cf09b401ee6b3b0798f23?s=96&d=mm&r=g","contentUrl":"https:\/\/secure.gravatar.com\/avatar\/3190a6a6c5e1b0327500f7d6c56b6242472ee6cb974cf09b401ee6b3b0798f23?s=96&d=mm&r=g","caption":"Raffy Ben\u00edtez"},"url":"https:\/\/conexion23.com\/?author=15"}]}},"_links":{"self":[{"href":"https:\/\/conexion23.com\/index.php?rest_route=\/wp\/v2\/posts\/33626","targetHints":{"allow":["GET"]}}],"collection":[{"href":"https:\/\/conexion23.com\/index.php?rest_route=\/wp\/v2\/posts"}],"about":[{"href":"https:\/\/conexion23.com\/index.php?rest_route=\/wp\/v2\/types\/post"}],"author":[{"embeddable":true,"href":"https:\/\/conexion23.com\/index.php?rest_route=\/wp\/v2\/users\/15"}],"replies":[{"embeddable":true,"href":"https:\/\/conexion23.com\/index.php?rest_route=%2Fwp%2Fv2%2Fcomments&post=33626"}],"version-history":[{"count":1,"href":"https:\/\/conexion23.com\/index.php?rest_route=\/wp\/v2\/posts\/33626\/revisions"}],"predecessor-version":[{"id":33628,"href":"https:\/\/conexion23.com\/index.php?rest_route=\/wp\/v2\/posts\/33626\/revisions\/33628"}],"wp:featuredmedia":[{"embeddable":true,"href":"https:\/\/conexion23.com\/index.php?rest_route=\/wp\/v2\/media\/33627"}],"wp:attachment":[{"href":"https:\/\/conexion23.com\/index.php?rest_route=%2Fwp%2Fv2%2Fmedia&parent=33626"}],"wp:term":[{"taxonomy":"category","embeddable":true,"href":"https:\/\/conexion23.com\/index.php?rest_route=%2Fwp%2Fv2%2Fcategories&post=33626"},{"taxonomy":"post_tag","embeddable":true,"href":"https:\/\/conexion23.com\/index.php?rest_route=%2Fwp%2Fv2%2Ftags&post=33626"}],"curies":[{"name":"wp","href":"https:\/\/api.w.org\/{rel}","templated":true}]}}