{"id":33684,"date":"2024-10-14T07:45:42","date_gmt":"2024-10-14T11:45:42","guid":{"rendered":"https:\/\/conexion23.com\/?p=33684"},"modified":"2024-10-14T07:45:44","modified_gmt":"2024-10-14T11:45:44","slug":"inauguraran-remodelacion-del-estadio-tetelo-vargas-el-22-de-octubre","status":"publish","type":"post","link":"https:\/\/conexion23.com\/?p=33684","title":{"rendered":"Inaugurar\u00e1n remodelaci\u00f3n del Estadio Tetelo Vargas el 22 de octubre"},"content":{"rendered":"\n<p>La remodelaci\u00f3n del Estadio Tetelo Vargas se inaugurar\u00e1 el pr\u00f3ximo 22 de octubre (7:30 p.m.), cuando las Estrellas reciban a las \u00c1guilas Cibae\u00f1as, para el primer partido como due\u00f1o de casa en la temporada 2024-2025 para el equipo con sede en San Pedro de Macor\u00eds.<\/p>\n\n\n\n<p><br>Las Estrellas jugar\u00e1n como equipo visitante en sus primeros cinco partidos del campeonato de b\u00e9isbol profesional que en el pa\u00eds comenzar\u00e1 el 16 de octubre, inform\u00f3 el combinado de la ense\u00f1a verde, por medio a un despacho de prensa.<\/p>\n\n\n\n<p><br>De esos primeros cinco partidos, dos de ellos estaban originalmente programados por la Liga de B\u00e9isbol Profesional de la Rep\u00fablica Dominicana para celebrarse en el parque de San Pedro de Macor\u00eds: 17 de octubre frente a los Leones del Escogido; y el 20 de octubre (domingo) con los Toros del Este.<\/p>\n\n\n\n<p><br>En esas fechas (17 de octubre y 20 de octubre) las Estrellas jugar\u00e1n como equipo visitante en los estadios Quisqueya Juan Marichal, de Santo Domingo, y Francisco Micheli, de La Romana, respectivamente.<\/p>\n\n\n\n<p><br>Los partidos que correspond\u00edan a esas dos fechas en el Estadio Tetelo Vargas ser\u00e1n reprogramados para esa misma sede en los pr\u00f3ximos d\u00edas.<\/p>\n\n\n\n<p><br>En San Pedro de Macor\u00eds hay un gran entusiasmo por el inicio de la temporada 2024-2025 de la Liga de B\u00e9isbol Profesional de la Rep\u00fablica Dominicana, debido a la remodelaci\u00f3n del Estadio Tetelo Vargas y las buenas actuaciones de las Estrellas en campeonatos recientes, en los cuales llegaron a la Serie Final en cada uno de los \u00faltimos tres de ellos<\/p>\n","protected":false},"excerpt":{"rendered":"<p>La remodelaci\u00f3n del Estadio Tetelo Vargas se inaugurar\u00e1 el pr\u00f3ximo 22 de octubre (7:30 p.m.), cuando las Estrellas reciban a las \u00c1guilas Cibae\u00f1as, para el primer partido como due\u00f1o de casa en la temporada 2024-2025 para el equipo con sede en San Pedro de Macor\u00eds. Las Estrellas jugar\u00e1n como equipo visitante en sus primeros cinco [&hellip;]<\/p>\n","protected":false},"author":15,"featured_media":33685,"comment_status":"open","ping_status":"open","sticky":false,"template":"","format":"standard","meta":{"footnotes":""},"categories":[6],"tags":[],"class_list":{"0":"post-33684","1":"post","2":"type-post","3":"status-publish","4":"format-standard","5":"has-post-thumbnail","7":"category-deportes"},"yoast_head":"<!-- This site is optimized with the Yoast SEO plugin v27.1.1 - https:\/\/yoast.com\/product\/yoast-seo-wordpress\/ -->\n<title>Inaugurar\u00e1n remodelaci\u00f3n del Estadio Tetelo Vargas el 22 de octubre - Conexi\u00f3n 23<\/title>\n<meta name=\"robots\" content=\"index, follow, max-snippet:-1, max-image-preview:large, max-video-preview:-1\" \/>\n<link rel=\"canonical\" href=\"http:\/\/conexion23.com\/?p=33684\" \/>\n<meta property=\"og:locale\" content=\"es_ES\" \/>\n<meta property=\"og:type\" content=\"article\" \/>\n<meta property=\"og:title\" content=\"Inaugurar\u00e1n remodelaci\u00f3n del Estadio Tetelo Vargas el 22 de octubre - Conexi\u00f3n 23\" \/>\n<meta property=\"og:description\" content=\"La remodelaci\u00f3n del Estadio Tetelo Vargas se inaugurar\u00e1 el pr\u00f3ximo 22 de octubre (7:30 p.m.), cuando las Estrellas reciban a las \u00c1guilas Cibae\u00f1as, para el primer partido como due\u00f1o de casa en la temporada 2024-2025 para el equipo con sede en San Pedro de Macor\u00eds. Las Estrellas jugar\u00e1n como equipo visitante en sus primeros cinco [&hellip;]\" \/>\n<meta property=\"og:url\" content=\"http:\/\/conexion23.com\/?p=33684\" \/>\n<meta property=\"og:site_name\" content=\"Conexi\u00f3n 23\" \/>\n<meta property=\"article:publisher\" content=\"https:\/\/www.facebook.com\/conexion23com\" \/>\n<meta property=\"article:published_time\" content=\"2024-10-14T11:45:42+00:00\" \/>\n<meta property=\"article:modified_time\" content=\"2024-10-14T11:45:44+00:00\" \/>\n<meta property=\"og:image\" content=\"http:\/\/conexion23.com\/wp-content\/uploads\/2024\/10\/gjggdjfjgfdjg.jpg\" \/>\n\t<meta property=\"og:image:width\" content=\"266\" \/>\n\t<meta property=\"og:image:height\" content=\"188\" \/>\n\t<meta property=\"og:image:type\" content=\"image\/jpeg\" \/>\n<meta name=\"author\" content=\"Raffy Ben\u00edtez\" \/>\n<meta name=\"twitter:card\" content=\"summary_large_image\" \/>\n<meta name=\"twitter:label1\" content=\"Escrito por\" \/>\n\t<meta name=\"twitter:data1\" content=\"Raffy Ben\u00edtez\" \/>\n\t<meta name=\"twitter:label2\" content=\"Tiempo de lectura\" \/>\n\t<meta name=\"twitter:data2\" content=\"2 minutos\" \/>\n<script type=\"application\/ld+json\" class=\"yoast-schema-graph\">{\"@context\":\"https:\/\/schema.org\",\"@graph\":[{\"@type\":\"Article\",\"@id\":\"http:\/\/conexion23.com\/?p=33684#article\",\"isPartOf\":{\"@id\":\"http:\/\/conexion23.com\/?p=33684\"},\"author\":{\"name\":\"Raffy Ben\u00edtez\",\"@id\":\"https:\/\/conexion23.com\/#\/schema\/person\/03e36043331117e97a373299bbcd30a6\"},\"headline\":\"Inaugurar\u00e1n remodelaci\u00f3n del Estadio Tetelo Vargas el 22 de octubre\",\"datePublished\":\"2024-10-14T11:45:42+00:00\",\"dateModified\":\"2024-10-14T11:45:44+00:00\",\"mainEntityOfPage\":{\"@id\":\"http:\/\/conexion23.com\/?p=33684\"},\"wordCount\":277,\"commentCount\":0,\"publisher\":{\"@id\":\"https:\/\/conexion23.com\/#organization\"},\"image\":{\"@id\":\"http:\/\/conexion23.com\/?p=33684#primaryimage\"},\"thumbnailUrl\":\"https:\/\/conexion23.com\/wp-content\/uploads\/2024\/10\/gjggdjfjgfdjg.jpg\",\"articleSection\":[\"Deportes\"],\"inLanguage\":\"es\",\"potentialAction\":[{\"@type\":\"CommentAction\",\"name\":\"Comment\",\"target\":[\"http:\/\/conexion23.com\/?p=33684#respond\"]}]},{\"@type\":\"WebPage\",\"@id\":\"http:\/\/conexion23.com\/?p=33684\",\"url\":\"http:\/\/conexion23.com\/?p=33684\",\"name\":\"Inaugurar\u00e1n remodelaci\u00f3n del Estadio Tetelo Vargas el 22 de octubre - Conexi\u00f3n 23\",\"isPartOf\":{\"@id\":\"https:\/\/conexion23.com\/#website\"},\"primaryImageOfPage\":{\"@id\":\"http:\/\/conexion23.com\/?p=33684#primaryimage\"},\"image\":{\"@id\":\"http:\/\/conexion23.com\/?p=33684#primaryimage\"},\"thumbnailUrl\":\"https:\/\/conexion23.com\/wp-content\/uploads\/2024\/10\/gjggdjfjgfdjg.jpg\",\"datePublished\":\"2024-10-14T11:45:42+00:00\",\"dateModified\":\"2024-10-14T11:45:44+00:00\",\"breadcrumb\":{\"@id\":\"http:\/\/conexion23.com\/?p=33684#breadcrumb\"},\"inLanguage\":\"es\",\"potentialAction\":[{\"@type\":\"ReadAction\",\"target\":[\"http:\/\/conexion23.com\/?p=33684\"]}]},{\"@type\":\"ImageObject\",\"inLanguage\":\"es\",\"@id\":\"http:\/\/conexion23.com\/?p=33684#primaryimage\",\"url\":\"https:\/\/conexion23.com\/wp-content\/uploads\/2024\/10\/gjggdjfjgfdjg.jpg\",\"contentUrl\":\"https:\/\/conexion23.com\/wp-content\/uploads\/2024\/10\/gjggdjfjgfdjg.jpg\",\"width\":266,\"height\":188},{\"@type\":\"BreadcrumbList\",\"@id\":\"http:\/\/conexion23.com\/?p=33684#breadcrumb\",\"itemListElement\":[{\"@type\":\"ListItem\",\"position\":1,\"name\":\"Portada\",\"item\":\"https:\/\/conexion23.com\/\"},{\"@type\":\"ListItem\",\"position\":2,\"name\":\"Inaugurar\u00e1n remodelaci\u00f3n del Estadio Tetelo Vargas el 22 de octubre\"}]},{\"@type\":\"WebSite\",\"@id\":\"https:\/\/conexion23.com\/#website\",\"url\":\"https:\/\/conexion23.com\/\",\"name\":\"Conexi\u00f3n 23\",\"description\":\"Peri\u00f3dico 100% Petromacorisano\",\"publisher\":{\"@id\":\"https:\/\/conexion23.com\/#organization\"},\"potentialAction\":[{\"@type\":\"SearchAction\",\"target\":{\"@type\":\"EntryPoint\",\"urlTemplate\":\"https:\/\/conexion23.com\/?s={search_term_string}\"},\"query-input\":{\"@type\":\"PropertyValueSpecification\",\"valueRequired\":true,\"valueName\":\"search_term_string\"}}],\"inLanguage\":\"es\"},{\"@type\":\"Organization\",\"@id\":\"https:\/\/conexion23.com\/#organization\",\"name\":\"Conexion 23\",\"url\":\"https:\/\/conexion23.com\/\",\"logo\":{\"@type\":\"ImageObject\",\"inLanguage\":\"es\",\"@id\":\"https:\/\/conexion23.com\/#\/schema\/logo\/image\/\",\"url\":\"https:\/\/conexion23.com\/wp-content\/uploads\/2021\/11\/Diseno-sin-titulo-2.png\",\"contentUrl\":\"https:\/\/conexion23.com\/wp-content\/uploads\/2021\/11\/Diseno-sin-titulo-2.png\",\"width\":541,\"height\":90,\"caption\":\"Conexion 23\"},\"image\":{\"@id\":\"https:\/\/conexion23.com\/#\/schema\/logo\/image\/\"},\"sameAs\":[\"https:\/\/www.facebook.com\/conexion23com\",\"https:\/\/www.instagram.com\/conexion23com\/\",\"https:\/\/www.youtube.com\/channel\/UCYc7vxxFZMYLIHNsHHxPZ3Q\"]},{\"@type\":\"Person\",\"@id\":\"https:\/\/conexion23.com\/#\/schema\/person\/03e36043331117e97a373299bbcd30a6\",\"name\":\"Raffy Ben\u00edtez\",\"image\":{\"@type\":\"ImageObject\",\"inLanguage\":\"es\",\"@id\":\"https:\/\/conexion23.com\/#\/schema\/person\/image\/\",\"url\":\"https:\/\/secure.gravatar.com\/avatar\/3190a6a6c5e1b0327500f7d6c56b6242472ee6cb974cf09b401ee6b3b0798f23?s=96&d=mm&r=g\",\"contentUrl\":\"https:\/\/secure.gravatar.com\/avatar\/3190a6a6c5e1b0327500f7d6c56b6242472ee6cb974cf09b401ee6b3b0798f23?s=96&d=mm&r=g\",\"caption\":\"Raffy Ben\u00edtez\"},\"url\":\"https:\/\/conexion23.com\/?author=15\"}]}<\/script>\n<!-- \/ Yoast SEO plugin. -->","yoast_head_json":{"title":"Inaugurar\u00e1n remodelaci\u00f3n del Estadio Tetelo Vargas el 22 de octubre - Conexi\u00f3n 23","robots":{"index":"index","follow":"follow","max-snippet":"max-snippet:-1","max-image-preview":"max-image-preview:large","max-video-preview":"max-video-preview:-1"},"canonical":"http:\/\/conexion23.com\/?p=33684","og_locale":"es_ES","og_type":"article","og_title":"Inaugurar\u00e1n remodelaci\u00f3n del Estadio Tetelo Vargas el 22 de octubre - Conexi\u00f3n 23","og_description":"La remodelaci\u00f3n del Estadio Tetelo Vargas se inaugurar\u00e1 el pr\u00f3ximo 22 de octubre (7:30 p.m.), cuando las Estrellas reciban a las \u00c1guilas Cibae\u00f1as, para el primer partido como due\u00f1o de casa en la temporada 2024-2025 para el equipo con sede en San Pedro de Macor\u00eds. Las Estrellas jugar\u00e1n como equipo visitante en sus primeros cinco [&hellip;]","og_url":"http:\/\/conexion23.com\/?p=33684","og_site_name":"Conexi\u00f3n 23","article_publisher":"https:\/\/www.facebook.com\/conexion23com","article_published_time":"2024-10-14T11:45:42+00:00","article_modified_time":"2024-10-14T11:45:44+00:00","og_image":[{"width":266,"height":188,"url":"http:\/\/conexion23.com\/wp-content\/uploads\/2024\/10\/gjggdjfjgfdjg.jpg","type":"image\/jpeg"}],"author":"Raffy Ben\u00edtez","twitter_card":"summary_large_image","twitter_misc":{"Escrito por":"Raffy Ben\u00edtez","Tiempo de lectura":"2 minutos"},"schema":{"@context":"https:\/\/schema.org","@graph":[{"@type":"Article","@id":"http:\/\/conexion23.com\/?p=33684#article","isPartOf":{"@id":"http:\/\/conexion23.com\/?p=33684"},"author":{"name":"Raffy Ben\u00edtez","@id":"https:\/\/conexion23.com\/#\/schema\/person\/03e36043331117e97a373299bbcd30a6"},"headline":"Inaugurar\u00e1n remodelaci\u00f3n del Estadio Tetelo Vargas el 22 de octubre","datePublished":"2024-10-14T11:45:42+00:00","dateModified":"2024-10-14T11:45:44+00:00","mainEntityOfPage":{"@id":"http:\/\/conexion23.com\/?p=33684"},"wordCount":277,"commentCount":0,"publisher":{"@id":"https:\/\/conexion23.com\/#organization"},"image":{"@id":"http:\/\/conexion23.com\/?p=33684#primaryimage"},"thumbnailUrl":"https:\/\/conexion23.com\/wp-content\/uploads\/2024\/10\/gjggdjfjgfdjg.jpg","articleSection":["Deportes"],"inLanguage":"es","potentialAction":[{"@type":"CommentAction","name":"Comment","target":["http:\/\/conexion23.com\/?p=33684#respond"]}]},{"@type":"WebPage","@id":"http:\/\/conexion23.com\/?p=33684","url":"http:\/\/conexion23.com\/?p=33684","name":"Inaugurar\u00e1n remodelaci\u00f3n del Estadio Tetelo Vargas el 22 de octubre - Conexi\u00f3n 23","isPartOf":{"@id":"https:\/\/conexion23.com\/#website"},"primaryImageOfPage":{"@id":"http:\/\/conexion23.com\/?p=33684#primaryimage"},"image":{"@id":"http:\/\/conexion23.com\/?p=33684#primaryimage"},"thumbnailUrl":"https:\/\/conexion23.com\/wp-content\/uploads\/2024\/10\/gjggdjfjgfdjg.jpg","datePublished":"2024-10-14T11:45:42+00:00","dateModified":"2024-10-14T11:45:44+00:00","breadcrumb":{"@id":"http:\/\/conexion23.com\/?p=33684#breadcrumb"},"inLanguage":"es","potentialAction":[{"@type":"ReadAction","target":["http:\/\/conexion23.com\/?p=33684"]}]},{"@type":"ImageObject","inLanguage":"es","@id":"http:\/\/conexion23.com\/?p=33684#primaryimage","url":"https:\/\/conexion23.com\/wp-content\/uploads\/2024\/10\/gjggdjfjgfdjg.jpg","contentUrl":"https:\/\/conexion23.com\/wp-content\/uploads\/2024\/10\/gjggdjfjgfdjg.jpg","width":266,"height":188},{"@type":"BreadcrumbList","@id":"http:\/\/conexion23.com\/?p=33684#breadcrumb","itemListElement":[{"@type":"ListItem","position":1,"name":"Portada","item":"https:\/\/conexion23.com\/"},{"@type":"ListItem","position":2,"name":"Inaugurar\u00e1n remodelaci\u00f3n del Estadio Tetelo Vargas el 22 de octubre"}]},{"@type":"WebSite","@id":"https:\/\/conexion23.com\/#website","url":"https:\/\/conexion23.com\/","name":"Conexi\u00f3n 23","description":"Peri\u00f3dico 100% Petromacorisano","publisher":{"@id":"https:\/\/conexion23.com\/#organization"},"potentialAction":[{"@type":"SearchAction","target":{"@type":"EntryPoint","urlTemplate":"https:\/\/conexion23.com\/?s={search_term_string}"},"query-input":{"@type":"PropertyValueSpecification","valueRequired":true,"valueName":"search_term_string"}}],"inLanguage":"es"},{"@type":"Organization","@id":"https:\/\/conexion23.com\/#organization","name":"Conexion 23","url":"https:\/\/conexion23.com\/","logo":{"@type":"ImageObject","inLanguage":"es","@id":"https:\/\/conexion23.com\/#\/schema\/logo\/image\/","url":"https:\/\/conexion23.com\/wp-content\/uploads\/2021\/11\/Diseno-sin-titulo-2.png","contentUrl":"https:\/\/conexion23.com\/wp-content\/uploads\/2021\/11\/Diseno-sin-titulo-2.png","width":541,"height":90,"caption":"Conexion 23"},"image":{"@id":"https:\/\/conexion23.com\/#\/schema\/logo\/image\/"},"sameAs":["https:\/\/www.facebook.com\/conexion23com","https:\/\/www.instagram.com\/conexion23com\/","https:\/\/www.youtube.com\/channel\/UCYc7vxxFZMYLIHNsHHxPZ3Q"]},{"@type":"Person","@id":"https:\/\/conexion23.com\/#\/schema\/person\/03e36043331117e97a373299bbcd30a6","name":"Raffy Ben\u00edtez","image":{"@type":"ImageObject","inLanguage":"es","@id":"https:\/\/conexion23.com\/#\/schema\/person\/image\/","url":"https:\/\/secure.gravatar.com\/avatar\/3190a6a6c5e1b0327500f7d6c56b6242472ee6cb974cf09b401ee6b3b0798f23?s=96&d=mm&r=g","contentUrl":"https:\/\/secure.gravatar.com\/avatar\/3190a6a6c5e1b0327500f7d6c56b6242472ee6cb974cf09b401ee6b3b0798f23?s=96&d=mm&r=g","caption":"Raffy Ben\u00edtez"},"url":"https:\/\/conexion23.com\/?author=15"}]}},"_links":{"self":[{"href":"https:\/\/conexion23.com\/index.php?rest_route=\/wp\/v2\/posts\/33684","targetHints":{"allow":["GET"]}}],"collection":[{"href":"https:\/\/conexion23.com\/index.php?rest_route=\/wp\/v2\/posts"}],"about":[{"href":"https:\/\/conexion23.com\/index.php?rest_route=\/wp\/v2\/types\/post"}],"author":[{"embeddable":true,"href":"https:\/\/conexion23.com\/index.php?rest_route=\/wp\/v2\/users\/15"}],"replies":[{"embeddable":true,"href":"https:\/\/conexion23.com\/index.php?rest_route=%2Fwp%2Fv2%2Fcomments&post=33684"}],"version-history":[{"count":1,"href":"https:\/\/conexion23.com\/index.php?rest_route=\/wp\/v2\/posts\/33684\/revisions"}],"predecessor-version":[{"id":33686,"href":"https:\/\/conexion23.com\/index.php?rest_route=\/wp\/v2\/posts\/33684\/revisions\/33686"}],"wp:featuredmedia":[{"embeddable":true,"href":"https:\/\/conexion23.com\/index.php?rest_route=\/wp\/v2\/media\/33685"}],"wp:attachment":[{"href":"https:\/\/conexion23.com\/index.php?rest_route=%2Fwp%2Fv2%2Fmedia&parent=33684"}],"wp:term":[{"taxonomy":"category","embeddable":true,"href":"https:\/\/conexion23.com\/index.php?rest_route=%2Fwp%2Fv2%2Fcategories&post=33684"},{"taxonomy":"post_tag","embeddable":true,"href":"https:\/\/conexion23.com\/index.php?rest_route=%2Fwp%2Fv2%2Ftags&post=33684"}],"curies":[{"name":"wp","href":"https:\/\/api.w.org\/{rel}","templated":true}]}}