{"id":33743,"date":"2024-10-16T07:14:27","date_gmt":"2024-10-16T11:14:27","guid":{"rendered":"https:\/\/conexion23.com\/?p=33743"},"modified":"2024-10-16T07:14:29","modified_gmt":"2024-10-16T11:14:29","slug":"la-uce-celebra-54-anos-de-su-fundacion","status":"publish","type":"post","link":"https:\/\/conexion23.com\/?p=33743","title":{"rendered":"La UCE celebra 54 a\u00f1os de su fundaci\u00f3n."},"content":{"rendered":"\n<p>Escrito Por el profesor Ram\u00f3n D\u00edaz.<\/p>\n\n\n\n<p><br>En una \u00e9poca en la que la mayor\u00eda de las calles de San Pedro de Macor\u00eds eran polvorientas y la industria azucarera se encontraba en decadencia, un visionario ten\u00eda en mente una idea que muchos consideraban descabellada: fundar una universidad. Este hombre era don Jos\u00e9 Altagracia Hazim Azar, conocido tambi\u00e9n como \u00abJos\u00e9 Proyectos\u00bb.<\/p>\n\n\n\n<p><br>En esos a\u00f1os, la Rep\u00fablica Dominicana contaba \u00fanicamente con tres universidades: la Universidad Aut\u00f3noma de Santo Domingo (UASD), la Universidad Nacional Pedro Henr\u00edquez Ure\u00f1a (UNPHU) y la Pontificia Universidad Cat\u00f3lica Madre y Maestra (PUCMM). Estas estaban ubicadas, las dos primeras en Santo Domingo y la \u00faltima en Santiago, es decir, en las dos principales ciudades del pa\u00eds.<\/p>\n\n\n\n<p><br>A pesar de las adversidades, don Jos\u00e9 mantuvo firme su sue\u00f1o de que la regi\u00f3n Este tuviera su propia universidad. As\u00ed, conform\u00f3 un Comit\u00e9 Gestor con el objetivo de concretar su visi\u00f3n. Se llevaron a cabo numerosas reuniones, pero estas no lograron llegar a un acuerdo concreto. Ante la frustraci\u00f3n y las opiniones negativas, en un arrebato, don Jos\u00e9 golpe\u00f3 la mesa y exclam\u00f3: \u00ab\u00a1Carajo! \u00a1Se acabaron las opiniones! \u00a1Ya est\u00e1 fundada la universidad y se acab\u00f3!\u00bb. Fue en ese momento que, un 15 de octubre de 1970, naci\u00f3 la Universidad Central del Este (UCE).<\/p>\n\n\n\n<p><br>La UCE obtuvo personalidad jur\u00eddica mediante el Decreto No. 1205, expedido por el Poder Ejecutivo el 2 de julio de 1971. Sus primeras instalaciones se ubicaron en un viejo caser\u00f3n de la calle Duarte y en el sal\u00f3n principal de la C\u00e1mara Americana de Comercio. Las primeras aulas se dividieron con madera. La matr\u00edcula inicial contaba con 90 estudiantes, aunque esta lleg\u00f3 a reducirse a solo 13 en sus primeros a\u00f1os. Estos no fueron f\u00e1ciles, ya que, aunque la universidad estaba oficialmente establecida, no contaba con la aceptaci\u00f3n del pueblo, que dudaba de su viabilidad a largo plazo.<\/p>\n\n\n\n<figure class=\"wp-block-image size-full\"><img loading=\"lazy\" decoding=\"async\" width=\"720\" height=\"720\" src=\"https:\/\/conexion23.com\/wp-content\/uploads\/2024\/10\/463332461_1068939118565224_1311050618501154074_n-1.jpg\" alt=\"\" class=\"wp-image-33746\" srcset=\"https:\/\/conexion23.com\/wp-content\/uploads\/2024\/10\/463332461_1068939118565224_1311050618501154074_n-1.jpg 720w, https:\/\/conexion23.com\/wp-content\/uploads\/2024\/10\/463332461_1068939118565224_1311050618501154074_n-1-300x300.jpg 300w, https:\/\/conexion23.com\/wp-content\/uploads\/2024\/10\/463332461_1068939118565224_1311050618501154074_n-1-150x150.jpg 150w, https:\/\/conexion23.com\/wp-content\/uploads\/2024\/10\/463332461_1068939118565224_1311050618501154074_n-1-480x480.jpg 480w\" sizes=\"auto, (max-width: 720px) 100vw, 720px\" \/><\/figure>\n\n\n\n<p><br>En 1970, don Jos\u00e9 ten\u00eda 57 a\u00f1os; era un hombre maduro y determinado, aunque los comentarios negativos lo afectar\u00e1n en muchas ocasiones. Las condiciones no eran las m\u00e1s favorables para sacar adelante la universidad, pero llegaron los momentos de prosperidad. El apoyo del presidente Joaqu\u00edn Balaguer fue crucial para adquirir los terrenos donde hoy se encuentra el campus. Tambi\u00e9n recibi\u00f3 donaciones de instituciones y particulares, como Pedro Justo Carri\u00f3n. Un momento decisivo fue la inscripci\u00f3n de un estudiante extranjero, proveniente de Puerto Rico, lo que abri\u00f3 las puertas para que la UCE proyectara su alcance m\u00e1s all\u00e1 de las fronteras dominicanas. A partir de ese estudiante, la universidad comenz\u00f3 a recibir cada vez m\u00e1s inscripciones internacionales, alcanzando una matr\u00edcula de dos mil estudiantes de diversas nacionalidades en poco tiempo.<\/p>\n\n\n\n<p><br>En sus inicios, el costo de la matr\u00edcula por cuatrimestre era de 50 pesos, con un bono de 5 pesos, que en muchos casos los estudiantes no pod\u00edan pagar. Don Jos\u00e9, en su compromiso con la educaci\u00f3n, sol\u00eda prestar el dinero o simplemente exonerarlo, lo que gener\u00f3 problemas en el Departamento de Contabilidad debido a la cantidad de peque\u00f1as salidas de caja que deb\u00edan registrarse con exactitud.<\/p>\n\n\n\n<p><br>En el libro Biograf\u00eda del Dr. Jos\u00e9 Hazim del escritor Lipe Collado, don Jos\u00e9 relata en primera persona: \u00abYo era el rector, pero tambi\u00e9n era el secretario, el portero, profesor, y hasta inscrib\u00eda a la gente y hac\u00eda de conserje, porque limpiaba mi escritorio y los dem\u00e1s muebles de la oficina No me avergonzaba, ni me averg\u00fcenzo de haber hecho eso porque la UCE ha sido y es para mi vida algo determinante, y me he entregado a ella totalmente\u00bb. Es evidente que, de todos los logros alcanzados por el Dr. Jos\u00e9 Hazim, la fundaci\u00f3n de la UCE fue el que mayor satisfacci\u00f3n y compromiso le gener\u00f3.<\/p>\n\n\n\n<p><br>Adem\u00e1s de los esfuerzos incansables de don Jos\u00e9, muchas personalidades fueron fundamentales para que la UCE se convirtiera en una realidad. Entre ellos, se destacan docentes fundadores que lideraron la creaci\u00f3n de diversas facultades y carreras, como las de Medicina, Derecho e Ingenier\u00eda, las cuales son actualmente pilares de la universidad. Gracias a sus contribuciones, la UCE ha consolidado su reputaci\u00f3n como una de las instituciones educativas m\u00e1s importantes del pa\u00eds.<\/p>\n\n\n\n<p><br>A lo largo de m\u00e1s de medio siglo, la Universidad Central del Este (UCE) ha graduado a m\u00e1s de 45 mil profesionales en diversas \u00e1reas, destac\u00e1ndose especialmente en Medicina, su carrera m\u00e1s emblem\u00e1tica. La UCE se ha convertido en la instituci\u00f3n educativa m\u00e1s conocida de la regi\u00f3n Este de la Rep\u00fablica Dominicana. Su fundaci\u00f3n marc\u00f3 un resurgir para la \u00abSultana del Este\u00bb, trayendo dinamismo econ\u00f3mico, migraci\u00f3n y un aire renovado para la comunidad.<\/p>\n","protected":false},"excerpt":{"rendered":"<p>Escrito Por el profesor Ram\u00f3n D\u00edaz. En una \u00e9poca en la que la mayor\u00eda de las calles de San Pedro de Macor\u00eds eran polvorientas y la industria azucarera se encontraba en decadencia, un visionario ten\u00eda en mente una idea que muchos consideraban descabellada: fundar una universidad. Este hombre era don Jos\u00e9 Altagracia Hazim Azar, conocido [&hellip;]<\/p>\n","protected":false},"author":15,"featured_media":33745,"comment_status":"open","ping_status":"open","sticky":false,"template":"","format":"standard","meta":{"footnotes":""},"categories":[35],"tags":[],"class_list":{"0":"post-33743","1":"post","2":"type-post","3":"status-publish","4":"format-standard","5":"has-post-thumbnail","7":"category-spm"},"yoast_head":"<!-- This site is optimized with the Yoast SEO plugin v27.1.1 - https:\/\/yoast.com\/product\/yoast-seo-wordpress\/ -->\n<title>La UCE celebra 54 a\u00f1os de su fundaci\u00f3n. - Conexi\u00f3n 23<\/title>\n<meta name=\"robots\" content=\"index, follow, max-snippet:-1, max-image-preview:large, max-video-preview:-1\" \/>\n<link rel=\"canonical\" href=\"http:\/\/conexion23.com\/?p=33743\" \/>\n<meta property=\"og:locale\" content=\"es_ES\" \/>\n<meta property=\"og:type\" content=\"article\" \/>\n<meta property=\"og:title\" content=\"La UCE celebra 54 a\u00f1os de su fundaci\u00f3n. - Conexi\u00f3n 23\" \/>\n<meta property=\"og:description\" content=\"Escrito Por el profesor Ram\u00f3n D\u00edaz. En una \u00e9poca en la que la mayor\u00eda de las calles de San Pedro de Macor\u00eds eran polvorientas y la industria azucarera se encontraba en decadencia, un visionario ten\u00eda en mente una idea que muchos consideraban descabellada: fundar una universidad. Este hombre era don Jos\u00e9 Altagracia Hazim Azar, conocido [&hellip;]\" \/>\n<meta property=\"og:url\" content=\"http:\/\/conexion23.com\/?p=33743\" \/>\n<meta property=\"og:site_name\" content=\"Conexi\u00f3n 23\" \/>\n<meta property=\"article:publisher\" content=\"https:\/\/www.facebook.com\/conexion23com\" \/>\n<meta property=\"article:published_time\" content=\"2024-10-16T11:14:27+00:00\" \/>\n<meta property=\"article:modified_time\" content=\"2024-10-16T11:14:29+00:00\" \/>\n<meta property=\"og:image\" content=\"http:\/\/conexion23.com\/wp-content\/uploads\/2024\/10\/vnn-m.jpg\" \/>\n\t<meta property=\"og:image:width\" content=\"1080\" \/>\n\t<meta property=\"og:image:height\" content=\"1569\" \/>\n\t<meta property=\"og:image:type\" content=\"image\/jpeg\" \/>\n<meta name=\"author\" content=\"Raffy Ben\u00edtez\" \/>\n<meta name=\"twitter:card\" content=\"summary_large_image\" \/>\n<meta name=\"twitter:label1\" content=\"Escrito por\" \/>\n\t<meta name=\"twitter:data1\" content=\"Raffy Ben\u00edtez\" \/>\n\t<meta name=\"twitter:label2\" content=\"Tiempo de lectura\" \/>\n\t<meta name=\"twitter:data2\" content=\"4 minutos\" \/>\n<script type=\"application\/ld+json\" class=\"yoast-schema-graph\">{\"@context\":\"https:\/\/schema.org\",\"@graph\":[{\"@type\":\"Article\",\"@id\":\"http:\/\/conexion23.com\/?p=33743#article\",\"isPartOf\":{\"@id\":\"http:\/\/conexion23.com\/?p=33743\"},\"author\":{\"name\":\"Raffy Ben\u00edtez\",\"@id\":\"https:\/\/conexion23.com\/#\/schema\/person\/03e36043331117e97a373299bbcd30a6\"},\"headline\":\"La UCE celebra 54 a\u00f1os de su fundaci\u00f3n.\",\"datePublished\":\"2024-10-16T11:14:27+00:00\",\"dateModified\":\"2024-10-16T11:14:29+00:00\",\"mainEntityOfPage\":{\"@id\":\"http:\/\/conexion23.com\/?p=33743\"},\"wordCount\":821,\"commentCount\":0,\"publisher\":{\"@id\":\"https:\/\/conexion23.com\/#organization\"},\"image\":{\"@id\":\"http:\/\/conexion23.com\/?p=33743#primaryimage\"},\"thumbnailUrl\":\"https:\/\/conexion23.com\/wp-content\/uploads\/2024\/10\/vnn-m.jpg\",\"articleSection\":[\"SPM\"],\"inLanguage\":\"es\",\"potentialAction\":[{\"@type\":\"CommentAction\",\"name\":\"Comment\",\"target\":[\"http:\/\/conexion23.com\/?p=33743#respond\"]}]},{\"@type\":\"WebPage\",\"@id\":\"http:\/\/conexion23.com\/?p=33743\",\"url\":\"http:\/\/conexion23.com\/?p=33743\",\"name\":\"La UCE celebra 54 a\u00f1os de su fundaci\u00f3n. - Conexi\u00f3n 23\",\"isPartOf\":{\"@id\":\"https:\/\/conexion23.com\/#website\"},\"primaryImageOfPage\":{\"@id\":\"http:\/\/conexion23.com\/?p=33743#primaryimage\"},\"image\":{\"@id\":\"http:\/\/conexion23.com\/?p=33743#primaryimage\"},\"thumbnailUrl\":\"https:\/\/conexion23.com\/wp-content\/uploads\/2024\/10\/vnn-m.jpg\",\"datePublished\":\"2024-10-16T11:14:27+00:00\",\"dateModified\":\"2024-10-16T11:14:29+00:00\",\"breadcrumb\":{\"@id\":\"http:\/\/conexion23.com\/?p=33743#breadcrumb\"},\"inLanguage\":\"es\",\"potentialAction\":[{\"@type\":\"ReadAction\",\"target\":[\"http:\/\/conexion23.com\/?p=33743\"]}]},{\"@type\":\"ImageObject\",\"inLanguage\":\"es\",\"@id\":\"http:\/\/conexion23.com\/?p=33743#primaryimage\",\"url\":\"https:\/\/conexion23.com\/wp-content\/uploads\/2024\/10\/vnn-m.jpg\",\"contentUrl\":\"https:\/\/conexion23.com\/wp-content\/uploads\/2024\/10\/vnn-m.jpg\",\"width\":1080,\"height\":1569},{\"@type\":\"BreadcrumbList\",\"@id\":\"http:\/\/conexion23.com\/?p=33743#breadcrumb\",\"itemListElement\":[{\"@type\":\"ListItem\",\"position\":1,\"name\":\"Portada\",\"item\":\"https:\/\/conexion23.com\/\"},{\"@type\":\"ListItem\",\"position\":2,\"name\":\"La UCE celebra 54 a\u00f1os de su fundaci\u00f3n.\"}]},{\"@type\":\"WebSite\",\"@id\":\"https:\/\/conexion23.com\/#website\",\"url\":\"https:\/\/conexion23.com\/\",\"name\":\"Conexi\u00f3n 23\",\"description\":\"Peri\u00f3dico 100% Petromacorisano\",\"publisher\":{\"@id\":\"https:\/\/conexion23.com\/#organization\"},\"potentialAction\":[{\"@type\":\"SearchAction\",\"target\":{\"@type\":\"EntryPoint\",\"urlTemplate\":\"https:\/\/conexion23.com\/?s={search_term_string}\"},\"query-input\":{\"@type\":\"PropertyValueSpecification\",\"valueRequired\":true,\"valueName\":\"search_term_string\"}}],\"inLanguage\":\"es\"},{\"@type\":\"Organization\",\"@id\":\"https:\/\/conexion23.com\/#organization\",\"name\":\"Conexion 23\",\"url\":\"https:\/\/conexion23.com\/\",\"logo\":{\"@type\":\"ImageObject\",\"inLanguage\":\"es\",\"@id\":\"https:\/\/conexion23.com\/#\/schema\/logo\/image\/\",\"url\":\"https:\/\/conexion23.com\/wp-content\/uploads\/2021\/11\/Diseno-sin-titulo-2.png\",\"contentUrl\":\"https:\/\/conexion23.com\/wp-content\/uploads\/2021\/11\/Diseno-sin-titulo-2.png\",\"width\":541,\"height\":90,\"caption\":\"Conexion 23\"},\"image\":{\"@id\":\"https:\/\/conexion23.com\/#\/schema\/logo\/image\/\"},\"sameAs\":[\"https:\/\/www.facebook.com\/conexion23com\",\"https:\/\/www.instagram.com\/conexion23com\/\",\"https:\/\/www.youtube.com\/channel\/UCYc7vxxFZMYLIHNsHHxPZ3Q\"]},{\"@type\":\"Person\",\"@id\":\"https:\/\/conexion23.com\/#\/schema\/person\/03e36043331117e97a373299bbcd30a6\",\"name\":\"Raffy Ben\u00edtez\",\"image\":{\"@type\":\"ImageObject\",\"inLanguage\":\"es\",\"@id\":\"https:\/\/conexion23.com\/#\/schema\/person\/image\/\",\"url\":\"https:\/\/secure.gravatar.com\/avatar\/3190a6a6c5e1b0327500f7d6c56b6242472ee6cb974cf09b401ee6b3b0798f23?s=96&d=mm&r=g\",\"contentUrl\":\"https:\/\/secure.gravatar.com\/avatar\/3190a6a6c5e1b0327500f7d6c56b6242472ee6cb974cf09b401ee6b3b0798f23?s=96&d=mm&r=g\",\"caption\":\"Raffy Ben\u00edtez\"},\"url\":\"https:\/\/conexion23.com\/?author=15\"}]}<\/script>\n<!-- \/ Yoast SEO plugin. -->","yoast_head_json":{"title":"La UCE celebra 54 a\u00f1os de su fundaci\u00f3n. - Conexi\u00f3n 23","robots":{"index":"index","follow":"follow","max-snippet":"max-snippet:-1","max-image-preview":"max-image-preview:large","max-video-preview":"max-video-preview:-1"},"canonical":"http:\/\/conexion23.com\/?p=33743","og_locale":"es_ES","og_type":"article","og_title":"La UCE celebra 54 a\u00f1os de su fundaci\u00f3n. - Conexi\u00f3n 23","og_description":"Escrito Por el profesor Ram\u00f3n D\u00edaz. En una \u00e9poca en la que la mayor\u00eda de las calles de San Pedro de Macor\u00eds eran polvorientas y la industria azucarera se encontraba en decadencia, un visionario ten\u00eda en mente una idea que muchos consideraban descabellada: fundar una universidad. Este hombre era don Jos\u00e9 Altagracia Hazim Azar, conocido [&hellip;]","og_url":"http:\/\/conexion23.com\/?p=33743","og_site_name":"Conexi\u00f3n 23","article_publisher":"https:\/\/www.facebook.com\/conexion23com","article_published_time":"2024-10-16T11:14:27+00:00","article_modified_time":"2024-10-16T11:14:29+00:00","og_image":[{"width":1080,"height":1569,"url":"http:\/\/conexion23.com\/wp-content\/uploads\/2024\/10\/vnn-m.jpg","type":"image\/jpeg"}],"author":"Raffy Ben\u00edtez","twitter_card":"summary_large_image","twitter_misc":{"Escrito por":"Raffy Ben\u00edtez","Tiempo de lectura":"4 minutos"},"schema":{"@context":"https:\/\/schema.org","@graph":[{"@type":"Article","@id":"http:\/\/conexion23.com\/?p=33743#article","isPartOf":{"@id":"http:\/\/conexion23.com\/?p=33743"},"author":{"name":"Raffy Ben\u00edtez","@id":"https:\/\/conexion23.com\/#\/schema\/person\/03e36043331117e97a373299bbcd30a6"},"headline":"La UCE celebra 54 a\u00f1os de su fundaci\u00f3n.","datePublished":"2024-10-16T11:14:27+00:00","dateModified":"2024-10-16T11:14:29+00:00","mainEntityOfPage":{"@id":"http:\/\/conexion23.com\/?p=33743"},"wordCount":821,"commentCount":0,"publisher":{"@id":"https:\/\/conexion23.com\/#organization"},"image":{"@id":"http:\/\/conexion23.com\/?p=33743#primaryimage"},"thumbnailUrl":"https:\/\/conexion23.com\/wp-content\/uploads\/2024\/10\/vnn-m.jpg","articleSection":["SPM"],"inLanguage":"es","potentialAction":[{"@type":"CommentAction","name":"Comment","target":["http:\/\/conexion23.com\/?p=33743#respond"]}]},{"@type":"WebPage","@id":"http:\/\/conexion23.com\/?p=33743","url":"http:\/\/conexion23.com\/?p=33743","name":"La UCE celebra 54 a\u00f1os de su fundaci\u00f3n. - Conexi\u00f3n 23","isPartOf":{"@id":"https:\/\/conexion23.com\/#website"},"primaryImageOfPage":{"@id":"http:\/\/conexion23.com\/?p=33743#primaryimage"},"image":{"@id":"http:\/\/conexion23.com\/?p=33743#primaryimage"},"thumbnailUrl":"https:\/\/conexion23.com\/wp-content\/uploads\/2024\/10\/vnn-m.jpg","datePublished":"2024-10-16T11:14:27+00:00","dateModified":"2024-10-16T11:14:29+00:00","breadcrumb":{"@id":"http:\/\/conexion23.com\/?p=33743#breadcrumb"},"inLanguage":"es","potentialAction":[{"@type":"ReadAction","target":["http:\/\/conexion23.com\/?p=33743"]}]},{"@type":"ImageObject","inLanguage":"es","@id":"http:\/\/conexion23.com\/?p=33743#primaryimage","url":"https:\/\/conexion23.com\/wp-content\/uploads\/2024\/10\/vnn-m.jpg","contentUrl":"https:\/\/conexion23.com\/wp-content\/uploads\/2024\/10\/vnn-m.jpg","width":1080,"height":1569},{"@type":"BreadcrumbList","@id":"http:\/\/conexion23.com\/?p=33743#breadcrumb","itemListElement":[{"@type":"ListItem","position":1,"name":"Portada","item":"https:\/\/conexion23.com\/"},{"@type":"ListItem","position":2,"name":"La UCE celebra 54 a\u00f1os de su fundaci\u00f3n."}]},{"@type":"WebSite","@id":"https:\/\/conexion23.com\/#website","url":"https:\/\/conexion23.com\/","name":"Conexi\u00f3n 23","description":"Peri\u00f3dico 100% Petromacorisano","publisher":{"@id":"https:\/\/conexion23.com\/#organization"},"potentialAction":[{"@type":"SearchAction","target":{"@type":"EntryPoint","urlTemplate":"https:\/\/conexion23.com\/?s={search_term_string}"},"query-input":{"@type":"PropertyValueSpecification","valueRequired":true,"valueName":"search_term_string"}}],"inLanguage":"es"},{"@type":"Organization","@id":"https:\/\/conexion23.com\/#organization","name":"Conexion 23","url":"https:\/\/conexion23.com\/","logo":{"@type":"ImageObject","inLanguage":"es","@id":"https:\/\/conexion23.com\/#\/schema\/logo\/image\/","url":"https:\/\/conexion23.com\/wp-content\/uploads\/2021\/11\/Diseno-sin-titulo-2.png","contentUrl":"https:\/\/conexion23.com\/wp-content\/uploads\/2021\/11\/Diseno-sin-titulo-2.png","width":541,"height":90,"caption":"Conexion 23"},"image":{"@id":"https:\/\/conexion23.com\/#\/schema\/logo\/image\/"},"sameAs":["https:\/\/www.facebook.com\/conexion23com","https:\/\/www.instagram.com\/conexion23com\/","https:\/\/www.youtube.com\/channel\/UCYc7vxxFZMYLIHNsHHxPZ3Q"]},{"@type":"Person","@id":"https:\/\/conexion23.com\/#\/schema\/person\/03e36043331117e97a373299bbcd30a6","name":"Raffy Ben\u00edtez","image":{"@type":"ImageObject","inLanguage":"es","@id":"https:\/\/conexion23.com\/#\/schema\/person\/image\/","url":"https:\/\/secure.gravatar.com\/avatar\/3190a6a6c5e1b0327500f7d6c56b6242472ee6cb974cf09b401ee6b3b0798f23?s=96&d=mm&r=g","contentUrl":"https:\/\/secure.gravatar.com\/avatar\/3190a6a6c5e1b0327500f7d6c56b6242472ee6cb974cf09b401ee6b3b0798f23?s=96&d=mm&r=g","caption":"Raffy Ben\u00edtez"},"url":"https:\/\/conexion23.com\/?author=15"}]}},"_links":{"self":[{"href":"https:\/\/conexion23.com\/index.php?rest_route=\/wp\/v2\/posts\/33743","targetHints":{"allow":["GET"]}}],"collection":[{"href":"https:\/\/conexion23.com\/index.php?rest_route=\/wp\/v2\/posts"}],"about":[{"href":"https:\/\/conexion23.com\/index.php?rest_route=\/wp\/v2\/types\/post"}],"author":[{"embeddable":true,"href":"https:\/\/conexion23.com\/index.php?rest_route=\/wp\/v2\/users\/15"}],"replies":[{"embeddable":true,"href":"https:\/\/conexion23.com\/index.php?rest_route=%2Fwp%2Fv2%2Fcomments&post=33743"}],"version-history":[{"count":1,"href":"https:\/\/conexion23.com\/index.php?rest_route=\/wp\/v2\/posts\/33743\/revisions"}],"predecessor-version":[{"id":33747,"href":"https:\/\/conexion23.com\/index.php?rest_route=\/wp\/v2\/posts\/33743\/revisions\/33747"}],"wp:featuredmedia":[{"embeddable":true,"href":"https:\/\/conexion23.com\/index.php?rest_route=\/wp\/v2\/media\/33745"}],"wp:attachment":[{"href":"https:\/\/conexion23.com\/index.php?rest_route=%2Fwp%2Fv2%2Fmedia&parent=33743"}],"wp:term":[{"taxonomy":"category","embeddable":true,"href":"https:\/\/conexion23.com\/index.php?rest_route=%2Fwp%2Fv2%2Fcategories&post=33743"},{"taxonomy":"post_tag","embeddable":true,"href":"https:\/\/conexion23.com\/index.php?rest_route=%2Fwp%2Fv2%2Ftags&post=33743"}],"curies":[{"name":"wp","href":"https:\/\/api.w.org\/{rel}","templated":true}]}}