{"id":33757,"date":"2024-10-16T07:32:17","date_gmt":"2024-10-16T11:32:17","guid":{"rendered":"https:\/\/conexion23.com\/?p=33757"},"modified":"2024-10-16T07:32:19","modified_gmt":"2024-10-16T11:32:19","slug":"identifican-y-persiguen-sargento-mayor-como-autor-de-muerte-de-hijo-de-comunicador","status":"publish","type":"post","link":"https:\/\/conexion23.com\/?p=33757","title":{"rendered":"Identifican y persiguen sargento mayor como autor de muerte de hijo de comunicador"},"content":{"rendered":"\n<p>Una comisi\u00f3n encabezada por el&nbsp;<strong>Ministerio P\u00fablico<\/strong>&nbsp;identific\u00f3 y persigue de manera activa al autor de la muerte por arma de fuego de&nbsp;<strong>Wendel Alejandro Almonte Veloz,<\/strong>&nbsp;de 28 a\u00f1os, quien result\u00f3 herido la ma\u00f1ana del s\u00e1bado 12 mientras se desplazaba en su veh\u00edculo por la avenida&nbsp;<strong>Charles de Gaulle,<\/strong>&nbsp;en<strong>&nbsp;Santo Domingo Este,<\/strong>&nbsp;y falleci\u00f3 la madrugada del domingo 13 cuando recib\u00eda atenciones m\u00e9dicas.<\/p>\n\n\n\n<p>Se trata de\u00a0<strong>Rafael Laureano de los Santos<\/strong>\u00a0(a) Cabito, quien es sargento mayor de esta instituci\u00f3n, donde se desempe\u00f1a como chofer administrativo para servicios.<a href=\"https:\/\/www.instagram.com\/norbertorodprm\/\"><\/a><\/p>\n\n\n\n<p>En esta primera fase de la investigaci\u00f3n, el Ministerio P\u00fablico del distrito judicial de la provincia Santo Domingo, junto con miembros de la Direcci\u00f3n Central de Investigaci\u00f3n (<strong>Dicrim<\/strong>) han desplegado m\u00faltiples acciones que incluyen allanamientos, levantamientos de c\u00e1maras, an\u00e1lisis de evidencias, bal\u00edstico forense, as\u00ed como tambi\u00e9n el procesamiento de la escena del crimen.<a href=\"https:\/\/www.instagram.com\/norbertorodprm\/\"><\/a><\/p>\n\n\n\n<p>Durante el proceso de investigaci\u00f3n, se han obtenido las im\u00e1genes captadas por las c\u00e1maras de seguridad cercanas al lugar del hecho. Posteriormente, se ha realizado un seguimiento del victimario, quien qued\u00f3 registrado en varias de las c\u00e1maras analizadas.<\/p>\n\n\n\n<p>La instituci\u00f3n del orden precisa que las evidencias levantadas por los representantes del Ministerio P\u00fablico y peritos forenses demuestran de manera irrefutable la vinculaci\u00f3n directa del ahora pr\u00f3fugo De los Santos (a) Cabito en el hecho antes descrito.<\/p>\n\n\n\n<p>Tanto videos&nbsp;<strong>levantados<\/strong>&nbsp;con las \u00f3rdenes judiciales correspondientes, como entrevistas a testigos oculares, se\u00f1alan al antes mencionado como el autor del hecho.<\/p>\n","protected":false},"excerpt":{"rendered":"<p>Una comisi\u00f3n encabezada por el&nbsp;Ministerio P\u00fablico&nbsp;identific\u00f3 y persigue de manera activa al autor de la muerte por arma de fuego de&nbsp;Wendel Alejandro Almonte Veloz,&nbsp;de 28 a\u00f1os, quien result\u00f3 herido la ma\u00f1ana del s\u00e1bado 12 mientras se desplazaba en su veh\u00edculo por la avenida&nbsp;Charles de Gaulle,&nbsp;en&nbsp;Santo Domingo Este,&nbsp;y falleci\u00f3 la madrugada del domingo 13 cuando recib\u00eda [&hellip;]<\/p>\n","protected":false},"author":15,"featured_media":33758,"comment_status":"open","ping_status":"open","sticky":false,"template":"","format":"standard","meta":{"footnotes":""},"categories":[1],"tags":[],"class_list":{"0":"post-33757","1":"post","2":"type-post","3":"status-publish","4":"format-standard","5":"has-post-thumbnail","7":"category-uncategorized"},"yoast_head":"<!-- This site is optimized with the Yoast SEO plugin v27.1.1 - https:\/\/yoast.com\/product\/yoast-seo-wordpress\/ -->\n<title>Identifican y persiguen sargento mayor como autor de muerte de hijo de comunicador - Conexi\u00f3n 23<\/title>\n<meta name=\"robots\" content=\"index, follow, max-snippet:-1, max-image-preview:large, max-video-preview:-1\" \/>\n<link rel=\"canonical\" href=\"http:\/\/conexion23.com\/?p=33757\" \/>\n<meta property=\"og:locale\" content=\"es_ES\" \/>\n<meta property=\"og:type\" content=\"article\" \/>\n<meta property=\"og:title\" content=\"Identifican y persiguen sargento mayor como autor de muerte de hijo de comunicador - Conexi\u00f3n 23\" \/>\n<meta property=\"og:description\" content=\"Una comisi\u00f3n encabezada por el&nbsp;Ministerio P\u00fablico&nbsp;identific\u00f3 y persigue de manera activa al autor de la muerte por arma de fuego de&nbsp;Wendel Alejandro Almonte Veloz,&nbsp;de 28 a\u00f1os, quien result\u00f3 herido la ma\u00f1ana del s\u00e1bado 12 mientras se desplazaba en su veh\u00edculo por la avenida&nbsp;Charles de Gaulle,&nbsp;en&nbsp;Santo Domingo Este,&nbsp;y falleci\u00f3 la madrugada del domingo 13 cuando recib\u00eda [&hellip;]\" \/>\n<meta property=\"og:url\" content=\"http:\/\/conexion23.com\/?p=33757\" \/>\n<meta property=\"og:site_name\" content=\"Conexi\u00f3n 23\" \/>\n<meta property=\"article:publisher\" content=\"https:\/\/www.facebook.com\/conexion23com\" \/>\n<meta property=\"article:published_time\" content=\"2024-10-16T11:32:17+00:00\" \/>\n<meta property=\"article:modified_time\" content=\"2024-10-16T11:32:19+00:00\" \/>\n<meta property=\"og:image\" content=\"http:\/\/conexion23.com\/wp-content\/uploads\/2024\/10\/wendel_alejandro_almonte_veloz-905x613-1.jpg\" \/>\n\t<meta property=\"og:image:width\" content=\"905\" \/>\n\t<meta property=\"og:image:height\" content=\"613\" \/>\n\t<meta property=\"og:image:type\" content=\"image\/jpeg\" \/>\n<meta name=\"author\" content=\"Raffy Ben\u00edtez\" \/>\n<meta name=\"twitter:card\" content=\"summary_large_image\" \/>\n<meta name=\"twitter:label1\" content=\"Escrito por\" \/>\n\t<meta name=\"twitter:data1\" content=\"Raffy Ben\u00edtez\" \/>\n\t<meta name=\"twitter:label2\" content=\"Tiempo de lectura\" \/>\n\t<meta name=\"twitter:data2\" content=\"2 minutos\" \/>\n<script type=\"application\/ld+json\" class=\"yoast-schema-graph\">{\"@context\":\"https:\/\/schema.org\",\"@graph\":[{\"@type\":\"Article\",\"@id\":\"http:\/\/conexion23.com\/?p=33757#article\",\"isPartOf\":{\"@id\":\"http:\/\/conexion23.com\/?p=33757\"},\"author\":{\"name\":\"Raffy Ben\u00edtez\",\"@id\":\"https:\/\/conexion23.com\/#\/schema\/person\/03e36043331117e97a373299bbcd30a6\"},\"headline\":\"Identifican y persiguen sargento mayor como autor de muerte de hijo de comunicador\",\"datePublished\":\"2024-10-16T11:32:17+00:00\",\"dateModified\":\"2024-10-16T11:32:19+00:00\",\"mainEntityOfPage\":{\"@id\":\"http:\/\/conexion23.com\/?p=33757\"},\"wordCount\":289,\"commentCount\":0,\"publisher\":{\"@id\":\"https:\/\/conexion23.com\/#organization\"},\"image\":{\"@id\":\"http:\/\/conexion23.com\/?p=33757#primaryimage\"},\"thumbnailUrl\":\"https:\/\/conexion23.com\/wp-content\/uploads\/2024\/10\/wendel_alejandro_almonte_veloz-905x613-1.jpg\",\"articleSection\":[\"Uncategorized\"],\"inLanguage\":\"es\",\"potentialAction\":[{\"@type\":\"CommentAction\",\"name\":\"Comment\",\"target\":[\"http:\/\/conexion23.com\/?p=33757#respond\"]}]},{\"@type\":\"WebPage\",\"@id\":\"http:\/\/conexion23.com\/?p=33757\",\"url\":\"http:\/\/conexion23.com\/?p=33757\",\"name\":\"Identifican y persiguen sargento mayor como autor de muerte de hijo de comunicador - Conexi\u00f3n 23\",\"isPartOf\":{\"@id\":\"https:\/\/conexion23.com\/#website\"},\"primaryImageOfPage\":{\"@id\":\"http:\/\/conexion23.com\/?p=33757#primaryimage\"},\"image\":{\"@id\":\"http:\/\/conexion23.com\/?p=33757#primaryimage\"},\"thumbnailUrl\":\"https:\/\/conexion23.com\/wp-content\/uploads\/2024\/10\/wendel_alejandro_almonte_veloz-905x613-1.jpg\",\"datePublished\":\"2024-10-16T11:32:17+00:00\",\"dateModified\":\"2024-10-16T11:32:19+00:00\",\"breadcrumb\":{\"@id\":\"http:\/\/conexion23.com\/?p=33757#breadcrumb\"},\"inLanguage\":\"es\",\"potentialAction\":[{\"@type\":\"ReadAction\",\"target\":[\"http:\/\/conexion23.com\/?p=33757\"]}]},{\"@type\":\"ImageObject\",\"inLanguage\":\"es\",\"@id\":\"http:\/\/conexion23.com\/?p=33757#primaryimage\",\"url\":\"https:\/\/conexion23.com\/wp-content\/uploads\/2024\/10\/wendel_alejandro_almonte_veloz-905x613-1.jpg\",\"contentUrl\":\"https:\/\/conexion23.com\/wp-content\/uploads\/2024\/10\/wendel_alejandro_almonte_veloz-905x613-1.jpg\",\"width\":905,\"height\":613},{\"@type\":\"BreadcrumbList\",\"@id\":\"http:\/\/conexion23.com\/?p=33757#breadcrumb\",\"itemListElement\":[{\"@type\":\"ListItem\",\"position\":1,\"name\":\"Portada\",\"item\":\"https:\/\/conexion23.com\/\"},{\"@type\":\"ListItem\",\"position\":2,\"name\":\"Identifican y persiguen sargento mayor como autor de muerte de hijo de comunicador\"}]},{\"@type\":\"WebSite\",\"@id\":\"https:\/\/conexion23.com\/#website\",\"url\":\"https:\/\/conexion23.com\/\",\"name\":\"Conexi\u00f3n 23\",\"description\":\"Peri\u00f3dico 100% Petromacorisano\",\"publisher\":{\"@id\":\"https:\/\/conexion23.com\/#organization\"},\"potentialAction\":[{\"@type\":\"SearchAction\",\"target\":{\"@type\":\"EntryPoint\",\"urlTemplate\":\"https:\/\/conexion23.com\/?s={search_term_string}\"},\"query-input\":{\"@type\":\"PropertyValueSpecification\",\"valueRequired\":true,\"valueName\":\"search_term_string\"}}],\"inLanguage\":\"es\"},{\"@type\":\"Organization\",\"@id\":\"https:\/\/conexion23.com\/#organization\",\"name\":\"Conexion 23\",\"url\":\"https:\/\/conexion23.com\/\",\"logo\":{\"@type\":\"ImageObject\",\"inLanguage\":\"es\",\"@id\":\"https:\/\/conexion23.com\/#\/schema\/logo\/image\/\",\"url\":\"https:\/\/conexion23.com\/wp-content\/uploads\/2021\/11\/Diseno-sin-titulo-2.png\",\"contentUrl\":\"https:\/\/conexion23.com\/wp-content\/uploads\/2021\/11\/Diseno-sin-titulo-2.png\",\"width\":541,\"height\":90,\"caption\":\"Conexion 23\"},\"image\":{\"@id\":\"https:\/\/conexion23.com\/#\/schema\/logo\/image\/\"},\"sameAs\":[\"https:\/\/www.facebook.com\/conexion23com\",\"https:\/\/www.instagram.com\/conexion23com\/\",\"https:\/\/www.youtube.com\/channel\/UCYc7vxxFZMYLIHNsHHxPZ3Q\"]},{\"@type\":\"Person\",\"@id\":\"https:\/\/conexion23.com\/#\/schema\/person\/03e36043331117e97a373299bbcd30a6\",\"name\":\"Raffy Ben\u00edtez\",\"image\":{\"@type\":\"ImageObject\",\"inLanguage\":\"es\",\"@id\":\"https:\/\/conexion23.com\/#\/schema\/person\/image\/\",\"url\":\"https:\/\/secure.gravatar.com\/avatar\/3190a6a6c5e1b0327500f7d6c56b6242472ee6cb974cf09b401ee6b3b0798f23?s=96&d=mm&r=g\",\"contentUrl\":\"https:\/\/secure.gravatar.com\/avatar\/3190a6a6c5e1b0327500f7d6c56b6242472ee6cb974cf09b401ee6b3b0798f23?s=96&d=mm&r=g\",\"caption\":\"Raffy Ben\u00edtez\"},\"url\":\"https:\/\/conexion23.com\/?author=15\"}]}<\/script>\n<!-- \/ Yoast SEO plugin. -->","yoast_head_json":{"title":"Identifican y persiguen sargento mayor como autor de muerte de hijo de comunicador - Conexi\u00f3n 23","robots":{"index":"index","follow":"follow","max-snippet":"max-snippet:-1","max-image-preview":"max-image-preview:large","max-video-preview":"max-video-preview:-1"},"canonical":"http:\/\/conexion23.com\/?p=33757","og_locale":"es_ES","og_type":"article","og_title":"Identifican y persiguen sargento mayor como autor de muerte de hijo de comunicador - Conexi\u00f3n 23","og_description":"Una comisi\u00f3n encabezada por el&nbsp;Ministerio P\u00fablico&nbsp;identific\u00f3 y persigue de manera activa al autor de la muerte por arma de fuego de&nbsp;Wendel Alejandro Almonte Veloz,&nbsp;de 28 a\u00f1os, quien result\u00f3 herido la ma\u00f1ana del s\u00e1bado 12 mientras se desplazaba en su veh\u00edculo por la avenida&nbsp;Charles de Gaulle,&nbsp;en&nbsp;Santo Domingo Este,&nbsp;y falleci\u00f3 la madrugada del domingo 13 cuando recib\u00eda [&hellip;]","og_url":"http:\/\/conexion23.com\/?p=33757","og_site_name":"Conexi\u00f3n 23","article_publisher":"https:\/\/www.facebook.com\/conexion23com","article_published_time":"2024-10-16T11:32:17+00:00","article_modified_time":"2024-10-16T11:32:19+00:00","og_image":[{"width":905,"height":613,"url":"http:\/\/conexion23.com\/wp-content\/uploads\/2024\/10\/wendel_alejandro_almonte_veloz-905x613-1.jpg","type":"image\/jpeg"}],"author":"Raffy Ben\u00edtez","twitter_card":"summary_large_image","twitter_misc":{"Escrito por":"Raffy Ben\u00edtez","Tiempo de lectura":"2 minutos"},"schema":{"@context":"https:\/\/schema.org","@graph":[{"@type":"Article","@id":"http:\/\/conexion23.com\/?p=33757#article","isPartOf":{"@id":"http:\/\/conexion23.com\/?p=33757"},"author":{"name":"Raffy Ben\u00edtez","@id":"https:\/\/conexion23.com\/#\/schema\/person\/03e36043331117e97a373299bbcd30a6"},"headline":"Identifican y persiguen sargento mayor como autor de muerte de hijo de comunicador","datePublished":"2024-10-16T11:32:17+00:00","dateModified":"2024-10-16T11:32:19+00:00","mainEntityOfPage":{"@id":"http:\/\/conexion23.com\/?p=33757"},"wordCount":289,"commentCount":0,"publisher":{"@id":"https:\/\/conexion23.com\/#organization"},"image":{"@id":"http:\/\/conexion23.com\/?p=33757#primaryimage"},"thumbnailUrl":"https:\/\/conexion23.com\/wp-content\/uploads\/2024\/10\/wendel_alejandro_almonte_veloz-905x613-1.jpg","articleSection":["Uncategorized"],"inLanguage":"es","potentialAction":[{"@type":"CommentAction","name":"Comment","target":["http:\/\/conexion23.com\/?p=33757#respond"]}]},{"@type":"WebPage","@id":"http:\/\/conexion23.com\/?p=33757","url":"http:\/\/conexion23.com\/?p=33757","name":"Identifican y persiguen sargento mayor como autor de muerte de hijo de comunicador - Conexi\u00f3n 23","isPartOf":{"@id":"https:\/\/conexion23.com\/#website"},"primaryImageOfPage":{"@id":"http:\/\/conexion23.com\/?p=33757#primaryimage"},"image":{"@id":"http:\/\/conexion23.com\/?p=33757#primaryimage"},"thumbnailUrl":"https:\/\/conexion23.com\/wp-content\/uploads\/2024\/10\/wendel_alejandro_almonte_veloz-905x613-1.jpg","datePublished":"2024-10-16T11:32:17+00:00","dateModified":"2024-10-16T11:32:19+00:00","breadcrumb":{"@id":"http:\/\/conexion23.com\/?p=33757#breadcrumb"},"inLanguage":"es","potentialAction":[{"@type":"ReadAction","target":["http:\/\/conexion23.com\/?p=33757"]}]},{"@type":"ImageObject","inLanguage":"es","@id":"http:\/\/conexion23.com\/?p=33757#primaryimage","url":"https:\/\/conexion23.com\/wp-content\/uploads\/2024\/10\/wendel_alejandro_almonte_veloz-905x613-1.jpg","contentUrl":"https:\/\/conexion23.com\/wp-content\/uploads\/2024\/10\/wendel_alejandro_almonte_veloz-905x613-1.jpg","width":905,"height":613},{"@type":"BreadcrumbList","@id":"http:\/\/conexion23.com\/?p=33757#breadcrumb","itemListElement":[{"@type":"ListItem","position":1,"name":"Portada","item":"https:\/\/conexion23.com\/"},{"@type":"ListItem","position":2,"name":"Identifican y persiguen sargento mayor como autor de muerte de hijo de comunicador"}]},{"@type":"WebSite","@id":"https:\/\/conexion23.com\/#website","url":"https:\/\/conexion23.com\/","name":"Conexi\u00f3n 23","description":"Peri\u00f3dico 100% Petromacorisano","publisher":{"@id":"https:\/\/conexion23.com\/#organization"},"potentialAction":[{"@type":"SearchAction","target":{"@type":"EntryPoint","urlTemplate":"https:\/\/conexion23.com\/?s={search_term_string}"},"query-input":{"@type":"PropertyValueSpecification","valueRequired":true,"valueName":"search_term_string"}}],"inLanguage":"es"},{"@type":"Organization","@id":"https:\/\/conexion23.com\/#organization","name":"Conexion 23","url":"https:\/\/conexion23.com\/","logo":{"@type":"ImageObject","inLanguage":"es","@id":"https:\/\/conexion23.com\/#\/schema\/logo\/image\/","url":"https:\/\/conexion23.com\/wp-content\/uploads\/2021\/11\/Diseno-sin-titulo-2.png","contentUrl":"https:\/\/conexion23.com\/wp-content\/uploads\/2021\/11\/Diseno-sin-titulo-2.png","width":541,"height":90,"caption":"Conexion 23"},"image":{"@id":"https:\/\/conexion23.com\/#\/schema\/logo\/image\/"},"sameAs":["https:\/\/www.facebook.com\/conexion23com","https:\/\/www.instagram.com\/conexion23com\/","https:\/\/www.youtube.com\/channel\/UCYc7vxxFZMYLIHNsHHxPZ3Q"]},{"@type":"Person","@id":"https:\/\/conexion23.com\/#\/schema\/person\/03e36043331117e97a373299bbcd30a6","name":"Raffy Ben\u00edtez","image":{"@type":"ImageObject","inLanguage":"es","@id":"https:\/\/conexion23.com\/#\/schema\/person\/image\/","url":"https:\/\/secure.gravatar.com\/avatar\/3190a6a6c5e1b0327500f7d6c56b6242472ee6cb974cf09b401ee6b3b0798f23?s=96&d=mm&r=g","contentUrl":"https:\/\/secure.gravatar.com\/avatar\/3190a6a6c5e1b0327500f7d6c56b6242472ee6cb974cf09b401ee6b3b0798f23?s=96&d=mm&r=g","caption":"Raffy Ben\u00edtez"},"url":"https:\/\/conexion23.com\/?author=15"}]}},"_links":{"self":[{"href":"https:\/\/conexion23.com\/index.php?rest_route=\/wp\/v2\/posts\/33757","targetHints":{"allow":["GET"]}}],"collection":[{"href":"https:\/\/conexion23.com\/index.php?rest_route=\/wp\/v2\/posts"}],"about":[{"href":"https:\/\/conexion23.com\/index.php?rest_route=\/wp\/v2\/types\/post"}],"author":[{"embeddable":true,"href":"https:\/\/conexion23.com\/index.php?rest_route=\/wp\/v2\/users\/15"}],"replies":[{"embeddable":true,"href":"https:\/\/conexion23.com\/index.php?rest_route=%2Fwp%2Fv2%2Fcomments&post=33757"}],"version-history":[{"count":1,"href":"https:\/\/conexion23.com\/index.php?rest_route=\/wp\/v2\/posts\/33757\/revisions"}],"predecessor-version":[{"id":33759,"href":"https:\/\/conexion23.com\/index.php?rest_route=\/wp\/v2\/posts\/33757\/revisions\/33759"}],"wp:featuredmedia":[{"embeddable":true,"href":"https:\/\/conexion23.com\/index.php?rest_route=\/wp\/v2\/media\/33758"}],"wp:attachment":[{"href":"https:\/\/conexion23.com\/index.php?rest_route=%2Fwp%2Fv2%2Fmedia&parent=33757"}],"wp:term":[{"taxonomy":"category","embeddable":true,"href":"https:\/\/conexion23.com\/index.php?rest_route=%2Fwp%2Fv2%2Fcategories&post=33757"},{"taxonomy":"post_tag","embeddable":true,"href":"https:\/\/conexion23.com\/index.php?rest_route=%2Fwp%2Fv2%2Ftags&post=33757"}],"curies":[{"name":"wp","href":"https:\/\/api.w.org\/{rel}","templated":true}]}}