{"id":33760,"date":"2024-10-16T07:37:08","date_gmt":"2024-10-16T11:37:08","guid":{"rendered":"https:\/\/conexion23.com\/?p=33760"},"modified":"2024-10-16T07:37:10","modified_gmt":"2024-10-16T11:37:10","slug":"nicolas-maduro-reafirma-su-intencion-de-jurar-como-presidente-reelecto-el-10-de-enero-de-2025","status":"publish","type":"post","link":"https:\/\/conexion23.com\/?p=33760","title":{"rendered":"Nicol\u00e1s Maduro reafirma su intenci\u00f3n de jurar como presidente reelecto el 10 de enero de 2025"},"content":{"rendered":"\n<p>El mandatario de Venezuela,&nbsp;<strong>Nicol\u00e1s Maduro<\/strong>, reafirm\u00f3 este martes que el 10 de enero de 2025 asistir\u00e1 a la sede de la<strong>&nbsp;Asamblea Nacional (Parlamento)<\/strong>&nbsp;para jurar como jefe de Estado reelecto, luego de su controvertido triunfo en las presidenciales del 28 de julio, un resultado que es cuestionado dentro y fuera del pa\u00eds.<\/p>\n\n\n\n<p>En un acto con militares, Maduro dijo que ha recibido la invitaci\u00f3n de parte de la junta directiva del Parlamento, controlado por el chavismo, para que acuda a prestar juramento en la fecha que establece la Constituci\u00f3n como obligatoria y que marca el inicio del nuevo sexenio presidencial.<\/p>\n\n\n\n<p>\u00abConfirmo p\u00fablicamente que he recibido la carta de invitaci\u00f3n, que asistir\u00e9 formalmente al cumplimiento del juramento constitucional (&#8230;) ante quien se juramenta el candidato vencedor una vez promulgado as\u00ed\u00bb por el<strong>&nbsp;Consejo Nacional Electoral (CNE),&nbsp;<\/strong>dijo el l\u00edder chavista.<\/p>\n\n\n\n<p>En el acto de juramentaci\u00f3n de los nuevos jefes de la Fuerza Armada, Maduro remarc\u00f3 que su proyecto es de \u00abdemocracia profunda, directa, popular, socialista\u00bb, que busca \u00abservir a los grandes intereses de la naci\u00f3n\u00bb.<\/p>\n\n\n\n<p>Las declaraciones de Maduro se producen despu\u00e9s de que e<strong>l Tribunal Supremo de Justicia (TSJ)<\/strong>&nbsp;rechazase en los \u00faltimos cuatro d\u00edas dos solicitudes de revisi\u00f3n de la sentencia que convalid\u00f3 el resultado oficial de los comicios, que ha sido se\u00f1alado de fraudulento por la mayor coalici\u00f3n opositora, la<strong>&nbsp;Plataforma Unitaria Democr\u00e1tica (PUD)<\/strong>.<\/p>\n\n\n\n<p>Seg\u00fan la coalici\u00f3n, su candidato,<strong>&nbsp;Edmundo Gonz\u00e1lez Urrutia<\/strong>, gan\u00f3 la Presidencia por amplio margen, un reclamo que cuenta con el apoyo de numerosos pa\u00edses, algunos de los cuales reconocen al antichavista -exiliado en Espa\u00f1a desde el 8 de septiembre- como presidente electo de Venezuela.<\/p>\n\n\n\n<p>Pese a que Maduro no es reconocido como ganador de las elecciones por decenas de pa\u00edses, por no haber mostrado pruebas de su victoria con actas o resultados desagregados, todas las instituciones del Estado -en manos del chavismo- han manifestado un respaldo irrestricto a su triunfo y denuncian que la PUD y potencias extranjeras intentan concretar un golpe de Estado en el pa\u00eds.&nbsp;<\/p>\n","protected":false},"excerpt":{"rendered":"<p>El mandatario de Venezuela,&nbsp;Nicol\u00e1s Maduro, reafirm\u00f3 este martes que el 10 de enero de 2025 asistir\u00e1 a la sede de la&nbsp;Asamblea Nacional (Parlamento)&nbsp;para jurar como jefe de Estado reelecto, luego de su controvertido triunfo en las presidenciales del 28 de julio, un resultado que es cuestionado dentro y fuera del pa\u00eds. En un acto con [&hellip;]<\/p>\n","protected":false},"author":15,"featured_media":33761,"comment_status":"open","ping_status":"open","sticky":false,"template":"","format":"standard","meta":{"footnotes":""},"categories":[1],"tags":[],"class_list":{"0":"post-33760","1":"post","2":"type-post","3":"status-publish","4":"format-standard","5":"has-post-thumbnail","7":"category-uncategorized"},"yoast_head":"<!-- This site is optimized with the Yoast SEO plugin v27.1.1 - https:\/\/yoast.com\/product\/yoast-seo-wordpress\/ -->\n<title>Nicol\u00e1s Maduro reafirma su intenci\u00f3n de jurar como presidente reelecto el 10 de enero de 2025 - Conexi\u00f3n 23<\/title>\n<meta name=\"robots\" content=\"index, follow, max-snippet:-1, max-image-preview:large, max-video-preview:-1\" \/>\n<link rel=\"canonical\" href=\"http:\/\/conexion23.com\/?p=33760\" \/>\n<meta property=\"og:locale\" content=\"es_ES\" \/>\n<meta property=\"og:type\" content=\"article\" \/>\n<meta property=\"og:title\" content=\"Nicol\u00e1s Maduro reafirma su intenci\u00f3n de jurar como presidente reelecto el 10 de enero de 2025 - Conexi\u00f3n 23\" \/>\n<meta property=\"og:description\" content=\"El mandatario de Venezuela,&nbsp;Nicol\u00e1s Maduro, reafirm\u00f3 este martes que el 10 de enero de 2025 asistir\u00e1 a la sede de la&nbsp;Asamblea Nacional (Parlamento)&nbsp;para jurar como jefe de Estado reelecto, luego de su controvertido triunfo en las presidenciales del 28 de julio, un resultado que es cuestionado dentro y fuera del pa\u00eds. En un acto con [&hellip;]\" \/>\n<meta property=\"og:url\" content=\"http:\/\/conexion23.com\/?p=33760\" \/>\n<meta property=\"og:site_name\" content=\"Conexi\u00f3n 23\" \/>\n<meta property=\"article:publisher\" content=\"https:\/\/www.facebook.com\/conexion23com\" \/>\n<meta property=\"article:published_time\" content=\"2024-10-16T11:37:08+00:00\" \/>\n<meta property=\"article:modified_time\" content=\"2024-10-16T11:37:10+00:00\" \/>\n<meta property=\"og:image\" content=\"http:\/\/conexion23.com\/wp-content\/uploads\/2024\/10\/66a71fb652cdc.r_d.1318-960.jpeg\" \/>\n\t<meta property=\"og:image:width\" content=\"800\" \/>\n\t<meta property=\"og:image:height\" content=\"533\" \/>\n\t<meta property=\"og:image:type\" content=\"image\/jpeg\" \/>\n<meta name=\"author\" content=\"Raffy Ben\u00edtez\" \/>\n<meta name=\"twitter:card\" content=\"summary_large_image\" \/>\n<meta name=\"twitter:label1\" content=\"Escrito por\" \/>\n\t<meta name=\"twitter:data1\" content=\"Raffy Ben\u00edtez\" \/>\n\t<meta name=\"twitter:label2\" content=\"Tiempo de lectura\" \/>\n\t<meta name=\"twitter:data2\" content=\"2 minutos\" \/>\n<script type=\"application\/ld+json\" class=\"yoast-schema-graph\">{\"@context\":\"https:\/\/schema.org\",\"@graph\":[{\"@type\":\"Article\",\"@id\":\"http:\/\/conexion23.com\/?p=33760#article\",\"isPartOf\":{\"@id\":\"http:\/\/conexion23.com\/?p=33760\"},\"author\":{\"name\":\"Raffy Ben\u00edtez\",\"@id\":\"https:\/\/conexion23.com\/#\/schema\/person\/03e36043331117e97a373299bbcd30a6\"},\"headline\":\"Nicol\u00e1s Maduro reafirma su intenci\u00f3n de jurar como presidente reelecto el 10 de enero de 2025\",\"datePublished\":\"2024-10-16T11:37:08+00:00\",\"dateModified\":\"2024-10-16T11:37:10+00:00\",\"mainEntityOfPage\":{\"@id\":\"http:\/\/conexion23.com\/?p=33760\"},\"wordCount\":377,\"commentCount\":0,\"publisher\":{\"@id\":\"https:\/\/conexion23.com\/#organization\"},\"image\":{\"@id\":\"http:\/\/conexion23.com\/?p=33760#primaryimage\"},\"thumbnailUrl\":\"https:\/\/conexion23.com\/wp-content\/uploads\/2024\/10\/66a71fb652cdc.r_d.1318-960.jpeg\",\"articleSection\":[\"Uncategorized\"],\"inLanguage\":\"es\",\"potentialAction\":[{\"@type\":\"CommentAction\",\"name\":\"Comment\",\"target\":[\"http:\/\/conexion23.com\/?p=33760#respond\"]}]},{\"@type\":\"WebPage\",\"@id\":\"http:\/\/conexion23.com\/?p=33760\",\"url\":\"http:\/\/conexion23.com\/?p=33760\",\"name\":\"Nicol\u00e1s Maduro reafirma su intenci\u00f3n de jurar como presidente reelecto el 10 de enero de 2025 - Conexi\u00f3n 23\",\"isPartOf\":{\"@id\":\"https:\/\/conexion23.com\/#website\"},\"primaryImageOfPage\":{\"@id\":\"http:\/\/conexion23.com\/?p=33760#primaryimage\"},\"image\":{\"@id\":\"http:\/\/conexion23.com\/?p=33760#primaryimage\"},\"thumbnailUrl\":\"https:\/\/conexion23.com\/wp-content\/uploads\/2024\/10\/66a71fb652cdc.r_d.1318-960.jpeg\",\"datePublished\":\"2024-10-16T11:37:08+00:00\",\"dateModified\":\"2024-10-16T11:37:10+00:00\",\"breadcrumb\":{\"@id\":\"http:\/\/conexion23.com\/?p=33760#breadcrumb\"},\"inLanguage\":\"es\",\"potentialAction\":[{\"@type\":\"ReadAction\",\"target\":[\"http:\/\/conexion23.com\/?p=33760\"]}]},{\"@type\":\"ImageObject\",\"inLanguage\":\"es\",\"@id\":\"http:\/\/conexion23.com\/?p=33760#primaryimage\",\"url\":\"https:\/\/conexion23.com\/wp-content\/uploads\/2024\/10\/66a71fb652cdc.r_d.1318-960.jpeg\",\"contentUrl\":\"https:\/\/conexion23.com\/wp-content\/uploads\/2024\/10\/66a71fb652cdc.r_d.1318-960.jpeg\",\"width\":800,\"height\":533},{\"@type\":\"BreadcrumbList\",\"@id\":\"http:\/\/conexion23.com\/?p=33760#breadcrumb\",\"itemListElement\":[{\"@type\":\"ListItem\",\"position\":1,\"name\":\"Portada\",\"item\":\"https:\/\/conexion23.com\/\"},{\"@type\":\"ListItem\",\"position\":2,\"name\":\"Nicol\u00e1s Maduro reafirma su intenci\u00f3n de jurar como presidente reelecto el 10 de enero de 2025\"}]},{\"@type\":\"WebSite\",\"@id\":\"https:\/\/conexion23.com\/#website\",\"url\":\"https:\/\/conexion23.com\/\",\"name\":\"Conexi\u00f3n 23\",\"description\":\"Peri\u00f3dico 100% Petromacorisano\",\"publisher\":{\"@id\":\"https:\/\/conexion23.com\/#organization\"},\"potentialAction\":[{\"@type\":\"SearchAction\",\"target\":{\"@type\":\"EntryPoint\",\"urlTemplate\":\"https:\/\/conexion23.com\/?s={search_term_string}\"},\"query-input\":{\"@type\":\"PropertyValueSpecification\",\"valueRequired\":true,\"valueName\":\"search_term_string\"}}],\"inLanguage\":\"es\"},{\"@type\":\"Organization\",\"@id\":\"https:\/\/conexion23.com\/#organization\",\"name\":\"Conexion 23\",\"url\":\"https:\/\/conexion23.com\/\",\"logo\":{\"@type\":\"ImageObject\",\"inLanguage\":\"es\",\"@id\":\"https:\/\/conexion23.com\/#\/schema\/logo\/image\/\",\"url\":\"https:\/\/conexion23.com\/wp-content\/uploads\/2021\/11\/Diseno-sin-titulo-2.png\",\"contentUrl\":\"https:\/\/conexion23.com\/wp-content\/uploads\/2021\/11\/Diseno-sin-titulo-2.png\",\"width\":541,\"height\":90,\"caption\":\"Conexion 23\"},\"image\":{\"@id\":\"https:\/\/conexion23.com\/#\/schema\/logo\/image\/\"},\"sameAs\":[\"https:\/\/www.facebook.com\/conexion23com\",\"https:\/\/www.instagram.com\/conexion23com\/\",\"https:\/\/www.youtube.com\/channel\/UCYc7vxxFZMYLIHNsHHxPZ3Q\"]},{\"@type\":\"Person\",\"@id\":\"https:\/\/conexion23.com\/#\/schema\/person\/03e36043331117e97a373299bbcd30a6\",\"name\":\"Raffy Ben\u00edtez\",\"image\":{\"@type\":\"ImageObject\",\"inLanguage\":\"es\",\"@id\":\"https:\/\/conexion23.com\/#\/schema\/person\/image\/\",\"url\":\"https:\/\/secure.gravatar.com\/avatar\/3190a6a6c5e1b0327500f7d6c56b6242472ee6cb974cf09b401ee6b3b0798f23?s=96&d=mm&r=g\",\"contentUrl\":\"https:\/\/secure.gravatar.com\/avatar\/3190a6a6c5e1b0327500f7d6c56b6242472ee6cb974cf09b401ee6b3b0798f23?s=96&d=mm&r=g\",\"caption\":\"Raffy Ben\u00edtez\"},\"url\":\"https:\/\/conexion23.com\/?author=15\"}]}<\/script>\n<!-- \/ Yoast SEO plugin. -->","yoast_head_json":{"title":"Nicol\u00e1s Maduro reafirma su intenci\u00f3n de jurar como presidente reelecto el 10 de enero de 2025 - Conexi\u00f3n 23","robots":{"index":"index","follow":"follow","max-snippet":"max-snippet:-1","max-image-preview":"max-image-preview:large","max-video-preview":"max-video-preview:-1"},"canonical":"http:\/\/conexion23.com\/?p=33760","og_locale":"es_ES","og_type":"article","og_title":"Nicol\u00e1s Maduro reafirma su intenci\u00f3n de jurar como presidente reelecto el 10 de enero de 2025 - Conexi\u00f3n 23","og_description":"El mandatario de Venezuela,&nbsp;Nicol\u00e1s Maduro, reafirm\u00f3 este martes que el 10 de enero de 2025 asistir\u00e1 a la sede de la&nbsp;Asamblea Nacional (Parlamento)&nbsp;para jurar como jefe de Estado reelecto, luego de su controvertido triunfo en las presidenciales del 28 de julio, un resultado que es cuestionado dentro y fuera del pa\u00eds. En un acto con [&hellip;]","og_url":"http:\/\/conexion23.com\/?p=33760","og_site_name":"Conexi\u00f3n 23","article_publisher":"https:\/\/www.facebook.com\/conexion23com","article_published_time":"2024-10-16T11:37:08+00:00","article_modified_time":"2024-10-16T11:37:10+00:00","og_image":[{"width":800,"height":533,"url":"http:\/\/conexion23.com\/wp-content\/uploads\/2024\/10\/66a71fb652cdc.r_d.1318-960.jpeg","type":"image\/jpeg"}],"author":"Raffy Ben\u00edtez","twitter_card":"summary_large_image","twitter_misc":{"Escrito por":"Raffy Ben\u00edtez","Tiempo de lectura":"2 minutos"},"schema":{"@context":"https:\/\/schema.org","@graph":[{"@type":"Article","@id":"http:\/\/conexion23.com\/?p=33760#article","isPartOf":{"@id":"http:\/\/conexion23.com\/?p=33760"},"author":{"name":"Raffy Ben\u00edtez","@id":"https:\/\/conexion23.com\/#\/schema\/person\/03e36043331117e97a373299bbcd30a6"},"headline":"Nicol\u00e1s Maduro reafirma su intenci\u00f3n de jurar como presidente reelecto el 10 de enero de 2025","datePublished":"2024-10-16T11:37:08+00:00","dateModified":"2024-10-16T11:37:10+00:00","mainEntityOfPage":{"@id":"http:\/\/conexion23.com\/?p=33760"},"wordCount":377,"commentCount":0,"publisher":{"@id":"https:\/\/conexion23.com\/#organization"},"image":{"@id":"http:\/\/conexion23.com\/?p=33760#primaryimage"},"thumbnailUrl":"https:\/\/conexion23.com\/wp-content\/uploads\/2024\/10\/66a71fb652cdc.r_d.1318-960.jpeg","articleSection":["Uncategorized"],"inLanguage":"es","potentialAction":[{"@type":"CommentAction","name":"Comment","target":["http:\/\/conexion23.com\/?p=33760#respond"]}]},{"@type":"WebPage","@id":"http:\/\/conexion23.com\/?p=33760","url":"http:\/\/conexion23.com\/?p=33760","name":"Nicol\u00e1s Maduro reafirma su intenci\u00f3n de jurar como presidente reelecto el 10 de enero de 2025 - Conexi\u00f3n 23","isPartOf":{"@id":"https:\/\/conexion23.com\/#website"},"primaryImageOfPage":{"@id":"http:\/\/conexion23.com\/?p=33760#primaryimage"},"image":{"@id":"http:\/\/conexion23.com\/?p=33760#primaryimage"},"thumbnailUrl":"https:\/\/conexion23.com\/wp-content\/uploads\/2024\/10\/66a71fb652cdc.r_d.1318-960.jpeg","datePublished":"2024-10-16T11:37:08+00:00","dateModified":"2024-10-16T11:37:10+00:00","breadcrumb":{"@id":"http:\/\/conexion23.com\/?p=33760#breadcrumb"},"inLanguage":"es","potentialAction":[{"@type":"ReadAction","target":["http:\/\/conexion23.com\/?p=33760"]}]},{"@type":"ImageObject","inLanguage":"es","@id":"http:\/\/conexion23.com\/?p=33760#primaryimage","url":"https:\/\/conexion23.com\/wp-content\/uploads\/2024\/10\/66a71fb652cdc.r_d.1318-960.jpeg","contentUrl":"https:\/\/conexion23.com\/wp-content\/uploads\/2024\/10\/66a71fb652cdc.r_d.1318-960.jpeg","width":800,"height":533},{"@type":"BreadcrumbList","@id":"http:\/\/conexion23.com\/?p=33760#breadcrumb","itemListElement":[{"@type":"ListItem","position":1,"name":"Portada","item":"https:\/\/conexion23.com\/"},{"@type":"ListItem","position":2,"name":"Nicol\u00e1s Maduro reafirma su intenci\u00f3n de jurar como presidente reelecto el 10 de enero de 2025"}]},{"@type":"WebSite","@id":"https:\/\/conexion23.com\/#website","url":"https:\/\/conexion23.com\/","name":"Conexi\u00f3n 23","description":"Peri\u00f3dico 100% Petromacorisano","publisher":{"@id":"https:\/\/conexion23.com\/#organization"},"potentialAction":[{"@type":"SearchAction","target":{"@type":"EntryPoint","urlTemplate":"https:\/\/conexion23.com\/?s={search_term_string}"},"query-input":{"@type":"PropertyValueSpecification","valueRequired":true,"valueName":"search_term_string"}}],"inLanguage":"es"},{"@type":"Organization","@id":"https:\/\/conexion23.com\/#organization","name":"Conexion 23","url":"https:\/\/conexion23.com\/","logo":{"@type":"ImageObject","inLanguage":"es","@id":"https:\/\/conexion23.com\/#\/schema\/logo\/image\/","url":"https:\/\/conexion23.com\/wp-content\/uploads\/2021\/11\/Diseno-sin-titulo-2.png","contentUrl":"https:\/\/conexion23.com\/wp-content\/uploads\/2021\/11\/Diseno-sin-titulo-2.png","width":541,"height":90,"caption":"Conexion 23"},"image":{"@id":"https:\/\/conexion23.com\/#\/schema\/logo\/image\/"},"sameAs":["https:\/\/www.facebook.com\/conexion23com","https:\/\/www.instagram.com\/conexion23com\/","https:\/\/www.youtube.com\/channel\/UCYc7vxxFZMYLIHNsHHxPZ3Q"]},{"@type":"Person","@id":"https:\/\/conexion23.com\/#\/schema\/person\/03e36043331117e97a373299bbcd30a6","name":"Raffy Ben\u00edtez","image":{"@type":"ImageObject","inLanguage":"es","@id":"https:\/\/conexion23.com\/#\/schema\/person\/image\/","url":"https:\/\/secure.gravatar.com\/avatar\/3190a6a6c5e1b0327500f7d6c56b6242472ee6cb974cf09b401ee6b3b0798f23?s=96&d=mm&r=g","contentUrl":"https:\/\/secure.gravatar.com\/avatar\/3190a6a6c5e1b0327500f7d6c56b6242472ee6cb974cf09b401ee6b3b0798f23?s=96&d=mm&r=g","caption":"Raffy Ben\u00edtez"},"url":"https:\/\/conexion23.com\/?author=15"}]}},"_links":{"self":[{"href":"https:\/\/conexion23.com\/index.php?rest_route=\/wp\/v2\/posts\/33760","targetHints":{"allow":["GET"]}}],"collection":[{"href":"https:\/\/conexion23.com\/index.php?rest_route=\/wp\/v2\/posts"}],"about":[{"href":"https:\/\/conexion23.com\/index.php?rest_route=\/wp\/v2\/types\/post"}],"author":[{"embeddable":true,"href":"https:\/\/conexion23.com\/index.php?rest_route=\/wp\/v2\/users\/15"}],"replies":[{"embeddable":true,"href":"https:\/\/conexion23.com\/index.php?rest_route=%2Fwp%2Fv2%2Fcomments&post=33760"}],"version-history":[{"count":1,"href":"https:\/\/conexion23.com\/index.php?rest_route=\/wp\/v2\/posts\/33760\/revisions"}],"predecessor-version":[{"id":33762,"href":"https:\/\/conexion23.com\/index.php?rest_route=\/wp\/v2\/posts\/33760\/revisions\/33762"}],"wp:featuredmedia":[{"embeddable":true,"href":"https:\/\/conexion23.com\/index.php?rest_route=\/wp\/v2\/media\/33761"}],"wp:attachment":[{"href":"https:\/\/conexion23.com\/index.php?rest_route=%2Fwp%2Fv2%2Fmedia&parent=33760"}],"wp:term":[{"taxonomy":"category","embeddable":true,"href":"https:\/\/conexion23.com\/index.php?rest_route=%2Fwp%2Fv2%2Fcategories&post=33760"},{"taxonomy":"post_tag","embeddable":true,"href":"https:\/\/conexion23.com\/index.php?rest_route=%2Fwp%2Fv2%2Ftags&post=33760"}],"curies":[{"name":"wp","href":"https:\/\/api.w.org\/{rel}","templated":true}]}}