{"id":33763,"date":"2024-10-16T07:41:35","date_gmt":"2024-10-16T11:41:35","guid":{"rendered":"https:\/\/conexion23.com\/?p=33763"},"modified":"2024-10-16T07:41:37","modified_gmt":"2024-10-16T11:41:37","slug":"capturan-a-grupo-de-indocumentados-rumbo-a-puerto-rico-hay-cinco-dominicanos","status":"publish","type":"post","link":"https:\/\/conexion23.com\/?p=33763","title":{"rendered":"Capturan a grupo de indocumentados rumbo a Puerto Rico, hay cinco dominicanos."},"content":{"rendered":"\n<p>La<strong>&nbsp;Patrulla Fronteriza<\/strong>&nbsp;y los agentes de Interdicci\u00f3n Marina de Aduanas y Protecci\u00f3n Fronteriza de Estados Unidos informaron este martes de la detenci\u00f3n el domingo de&nbsp;<strong>once inmigrantes&nbsp;<\/strong>que viajaban en una embarcaci\u00f3n privada desde<strong>&nbsp;Saint Thomas a la isla de Culebra, en Puerto Rico.<\/strong><\/p>\n\n\n\n<p>\u00abLas&nbsp;<strong>organizaciones de contrabando<\/strong>&nbsp;explotan diversas rutas y m\u00e9todos para introducir personas o contrabando en todo&nbsp;<strong>Puerto Rico y las Islas V\u00edrgenes de EE.UU<\/strong>.\u00bb, indic\u00f3 en un comunicado Reggie Johnson, agente jefe interino de la Patrulla Fronteriza del sector Ramey.<\/p>\n\n\n\n<p>De acuerdo a las autoridades, una tripulaci\u00f3n de agentes de&nbsp;<strong>Interdicci\u00f3n Marina y Patrulla Fronteriza, en patrulla<\/strong>, encontr\u00f3 el domingo una embarcaci\u00f3n que ten\u00eda problemas mec\u00e1nicos y solicitaba asistencia en Botany Bay.<\/p>\n\n\n\n<p>Dentro del barco, los agentes encontraron a un&nbsp;<strong>grupo de once inmigrantes<\/strong>&nbsp;que no ten\u00edan documentos que evidenciaran una&nbsp;<strong>presencia autorizada en Estados Unidos.<\/strong><\/p>\n\n\n\n<p>\u00abTenemos la determinaci\u00f3n colectiva de abordar los flujos il\u00edcitos y proteger a nuestras comunidades colaborando con socios locales y federales\u00bb, a\u00f1adi\u00f3 Johnson.<\/p>\n\n\n\n<p>Los agentes transportaron al grupo de inmigrantes, compuesto por&nbsp;<strong>dos mujeres y dos hombres de Rumania, dos hombres brasile\u00f1os y cinco hombres de Rep\u00fablica Dominicana<\/strong>, a la instalaci\u00f3n de ubicaci\u00f3n conjunta USBP\/ERO en Crown Mountain, en Saint Thomas, para su procesamiento y deportaci\u00f3n.<\/p>\n\n\n\n<p>La Patrulla Fronteriza de los EE.UU. responde a la migraci\u00f3n irregular fuera de las v\u00edas legales y los cruces fronterizos, y trabaja con socios federales e internacionales para combatir el tr\u00e1fico de personas.<\/p>\n\n\n\n<p>En concreto, el sector Ramey es uno de los veinti\u00fan&nbsp;<strong>sectores repartidos por Estados Unidos<\/strong>&nbsp;y abarca las islas territoriales estadounidenses de Puerto Rico y las Islas V\u00edrgenes.&nbsp;<\/p>\n","protected":false},"excerpt":{"rendered":"<p>La&nbsp;Patrulla Fronteriza&nbsp;y los agentes de Interdicci\u00f3n Marina de Aduanas y Protecci\u00f3n Fronteriza de Estados Unidos informaron este martes de la detenci\u00f3n el domingo de&nbsp;once inmigrantes&nbsp;que viajaban en una embarcaci\u00f3n privada desde&nbsp;Saint Thomas a la isla de Culebra, en Puerto Rico. \u00abLas&nbsp;organizaciones de contrabando&nbsp;explotan diversas rutas y m\u00e9todos para introducir personas o contrabando en todo&nbsp;Puerto Rico [&hellip;]<\/p>\n","protected":false},"author":15,"featured_media":33764,"comment_status":"open","ping_status":"open","sticky":false,"template":"","format":"standard","meta":{"footnotes":""},"categories":[1],"tags":[],"class_list":{"0":"post-33763","1":"post","2":"type-post","3":"status-publish","4":"format-standard","5":"has-post-thumbnail","7":"category-uncategorized"},"yoast_head":"<!-- This site is optimized with the Yoast SEO plugin v27.1.1 - https:\/\/yoast.com\/product\/yoast-seo-wordpress\/ -->\n<title>Capturan a grupo de indocumentados rumbo a Puerto Rico, hay cinco dominicanos. - Conexi\u00f3n 23<\/title>\n<meta name=\"robots\" content=\"index, follow, max-snippet:-1, max-image-preview:large, max-video-preview:-1\" \/>\n<link rel=\"canonical\" href=\"http:\/\/conexion23.com\/?p=33763\" \/>\n<meta property=\"og:locale\" content=\"es_ES\" \/>\n<meta property=\"og:type\" content=\"article\" \/>\n<meta property=\"og:title\" content=\"Capturan a grupo de indocumentados rumbo a Puerto Rico, hay cinco dominicanos. - Conexi\u00f3n 23\" \/>\n<meta property=\"og:description\" content=\"La&nbsp;Patrulla Fronteriza&nbsp;y los agentes de Interdicci\u00f3n Marina de Aduanas y Protecci\u00f3n Fronteriza de Estados Unidos informaron este martes de la detenci\u00f3n el domingo de&nbsp;once inmigrantes&nbsp;que viajaban en una embarcaci\u00f3n privada desde&nbsp;Saint Thomas a la isla de Culebra, en Puerto Rico. \u00abLas&nbsp;organizaciones de contrabando&nbsp;explotan diversas rutas y m\u00e9todos para introducir personas o contrabando en todo&nbsp;Puerto Rico [&hellip;]\" \/>\n<meta property=\"og:url\" content=\"http:\/\/conexion23.com\/?p=33763\" \/>\n<meta property=\"og:site_name\" content=\"Conexi\u00f3n 23\" \/>\n<meta property=\"article:publisher\" content=\"https:\/\/www.facebook.com\/conexion23com\" \/>\n<meta property=\"article:published_time\" content=\"2024-10-16T11:41:35+00:00\" \/>\n<meta property=\"article:modified_time\" content=\"2024-10-16T11:41:37+00:00\" \/>\n<meta property=\"og:image\" content=\"http:\/\/conexion23.com\/wp-content\/uploads\/2024\/10\/670eb08156ea2.jpg\" \/>\n\t<meta property=\"og:image:width\" content=\"800\" \/>\n\t<meta property=\"og:image:height\" content=\"468\" \/>\n\t<meta property=\"og:image:type\" content=\"image\/jpeg\" \/>\n<meta name=\"author\" content=\"Raffy Ben\u00edtez\" \/>\n<meta name=\"twitter:card\" content=\"summary_large_image\" \/>\n<meta name=\"twitter:label1\" content=\"Escrito por\" \/>\n\t<meta name=\"twitter:data1\" content=\"Raffy Ben\u00edtez\" \/>\n\t<meta name=\"twitter:label2\" content=\"Tiempo de lectura\" \/>\n\t<meta name=\"twitter:data2\" content=\"2 minutos\" \/>\n<script type=\"application\/ld+json\" class=\"yoast-schema-graph\">{\"@context\":\"https:\/\/schema.org\",\"@graph\":[{\"@type\":\"Article\",\"@id\":\"http:\/\/conexion23.com\/?p=33763#article\",\"isPartOf\":{\"@id\":\"http:\/\/conexion23.com\/?p=33763\"},\"author\":{\"name\":\"Raffy Ben\u00edtez\",\"@id\":\"https:\/\/conexion23.com\/#\/schema\/person\/03e36043331117e97a373299bbcd30a6\"},\"headline\":\"Capturan a grupo de indocumentados rumbo a Puerto Rico, hay cinco dominicanos.\",\"datePublished\":\"2024-10-16T11:41:35+00:00\",\"dateModified\":\"2024-10-16T11:41:37+00:00\",\"mainEntityOfPage\":{\"@id\":\"http:\/\/conexion23.com\/?p=33763\"},\"wordCount\":323,\"commentCount\":0,\"publisher\":{\"@id\":\"https:\/\/conexion23.com\/#organization\"},\"image\":{\"@id\":\"http:\/\/conexion23.com\/?p=33763#primaryimage\"},\"thumbnailUrl\":\"https:\/\/conexion23.com\/wp-content\/uploads\/2024\/10\/670eb08156ea2.jpg\",\"articleSection\":[\"Uncategorized\"],\"inLanguage\":\"es\",\"potentialAction\":[{\"@type\":\"CommentAction\",\"name\":\"Comment\",\"target\":[\"http:\/\/conexion23.com\/?p=33763#respond\"]}]},{\"@type\":\"WebPage\",\"@id\":\"http:\/\/conexion23.com\/?p=33763\",\"url\":\"http:\/\/conexion23.com\/?p=33763\",\"name\":\"Capturan a grupo de indocumentados rumbo a Puerto Rico, hay cinco dominicanos. - Conexi\u00f3n 23\",\"isPartOf\":{\"@id\":\"https:\/\/conexion23.com\/#website\"},\"primaryImageOfPage\":{\"@id\":\"http:\/\/conexion23.com\/?p=33763#primaryimage\"},\"image\":{\"@id\":\"http:\/\/conexion23.com\/?p=33763#primaryimage\"},\"thumbnailUrl\":\"https:\/\/conexion23.com\/wp-content\/uploads\/2024\/10\/670eb08156ea2.jpg\",\"datePublished\":\"2024-10-16T11:41:35+00:00\",\"dateModified\":\"2024-10-16T11:41:37+00:00\",\"breadcrumb\":{\"@id\":\"http:\/\/conexion23.com\/?p=33763#breadcrumb\"},\"inLanguage\":\"es\",\"potentialAction\":[{\"@type\":\"ReadAction\",\"target\":[\"http:\/\/conexion23.com\/?p=33763\"]}]},{\"@type\":\"ImageObject\",\"inLanguage\":\"es\",\"@id\":\"http:\/\/conexion23.com\/?p=33763#primaryimage\",\"url\":\"https:\/\/conexion23.com\/wp-content\/uploads\/2024\/10\/670eb08156ea2.jpg\",\"contentUrl\":\"https:\/\/conexion23.com\/wp-content\/uploads\/2024\/10\/670eb08156ea2.jpg\",\"width\":800,\"height\":468},{\"@type\":\"BreadcrumbList\",\"@id\":\"http:\/\/conexion23.com\/?p=33763#breadcrumb\",\"itemListElement\":[{\"@type\":\"ListItem\",\"position\":1,\"name\":\"Portada\",\"item\":\"https:\/\/conexion23.com\/\"},{\"@type\":\"ListItem\",\"position\":2,\"name\":\"Capturan a grupo de indocumentados rumbo a Puerto Rico, hay cinco dominicanos.\"}]},{\"@type\":\"WebSite\",\"@id\":\"https:\/\/conexion23.com\/#website\",\"url\":\"https:\/\/conexion23.com\/\",\"name\":\"Conexi\u00f3n 23\",\"description\":\"Peri\u00f3dico 100% Petromacorisano\",\"publisher\":{\"@id\":\"https:\/\/conexion23.com\/#organization\"},\"potentialAction\":[{\"@type\":\"SearchAction\",\"target\":{\"@type\":\"EntryPoint\",\"urlTemplate\":\"https:\/\/conexion23.com\/?s={search_term_string}\"},\"query-input\":{\"@type\":\"PropertyValueSpecification\",\"valueRequired\":true,\"valueName\":\"search_term_string\"}}],\"inLanguage\":\"es\"},{\"@type\":\"Organization\",\"@id\":\"https:\/\/conexion23.com\/#organization\",\"name\":\"Conexion 23\",\"url\":\"https:\/\/conexion23.com\/\",\"logo\":{\"@type\":\"ImageObject\",\"inLanguage\":\"es\",\"@id\":\"https:\/\/conexion23.com\/#\/schema\/logo\/image\/\",\"url\":\"https:\/\/conexion23.com\/wp-content\/uploads\/2021\/11\/Diseno-sin-titulo-2.png\",\"contentUrl\":\"https:\/\/conexion23.com\/wp-content\/uploads\/2021\/11\/Diseno-sin-titulo-2.png\",\"width\":541,\"height\":90,\"caption\":\"Conexion 23\"},\"image\":{\"@id\":\"https:\/\/conexion23.com\/#\/schema\/logo\/image\/\"},\"sameAs\":[\"https:\/\/www.facebook.com\/conexion23com\",\"https:\/\/www.instagram.com\/conexion23com\/\",\"https:\/\/www.youtube.com\/channel\/UCYc7vxxFZMYLIHNsHHxPZ3Q\"]},{\"@type\":\"Person\",\"@id\":\"https:\/\/conexion23.com\/#\/schema\/person\/03e36043331117e97a373299bbcd30a6\",\"name\":\"Raffy Ben\u00edtez\",\"image\":{\"@type\":\"ImageObject\",\"inLanguage\":\"es\",\"@id\":\"https:\/\/conexion23.com\/#\/schema\/person\/image\/\",\"url\":\"https:\/\/secure.gravatar.com\/avatar\/3190a6a6c5e1b0327500f7d6c56b6242472ee6cb974cf09b401ee6b3b0798f23?s=96&d=mm&r=g\",\"contentUrl\":\"https:\/\/secure.gravatar.com\/avatar\/3190a6a6c5e1b0327500f7d6c56b6242472ee6cb974cf09b401ee6b3b0798f23?s=96&d=mm&r=g\",\"caption\":\"Raffy Ben\u00edtez\"},\"url\":\"https:\/\/conexion23.com\/?author=15\"}]}<\/script>\n<!-- \/ Yoast SEO plugin. -->","yoast_head_json":{"title":"Capturan a grupo de indocumentados rumbo a Puerto Rico, hay cinco dominicanos. - Conexi\u00f3n 23","robots":{"index":"index","follow":"follow","max-snippet":"max-snippet:-1","max-image-preview":"max-image-preview:large","max-video-preview":"max-video-preview:-1"},"canonical":"http:\/\/conexion23.com\/?p=33763","og_locale":"es_ES","og_type":"article","og_title":"Capturan a grupo de indocumentados rumbo a Puerto Rico, hay cinco dominicanos. - Conexi\u00f3n 23","og_description":"La&nbsp;Patrulla Fronteriza&nbsp;y los agentes de Interdicci\u00f3n Marina de Aduanas y Protecci\u00f3n Fronteriza de Estados Unidos informaron este martes de la detenci\u00f3n el domingo de&nbsp;once inmigrantes&nbsp;que viajaban en una embarcaci\u00f3n privada desde&nbsp;Saint Thomas a la isla de Culebra, en Puerto Rico. \u00abLas&nbsp;organizaciones de contrabando&nbsp;explotan diversas rutas y m\u00e9todos para introducir personas o contrabando en todo&nbsp;Puerto Rico [&hellip;]","og_url":"http:\/\/conexion23.com\/?p=33763","og_site_name":"Conexi\u00f3n 23","article_publisher":"https:\/\/www.facebook.com\/conexion23com","article_published_time":"2024-10-16T11:41:35+00:00","article_modified_time":"2024-10-16T11:41:37+00:00","og_image":[{"width":800,"height":468,"url":"http:\/\/conexion23.com\/wp-content\/uploads\/2024\/10\/670eb08156ea2.jpg","type":"image\/jpeg"}],"author":"Raffy Ben\u00edtez","twitter_card":"summary_large_image","twitter_misc":{"Escrito por":"Raffy Ben\u00edtez","Tiempo de lectura":"2 minutos"},"schema":{"@context":"https:\/\/schema.org","@graph":[{"@type":"Article","@id":"http:\/\/conexion23.com\/?p=33763#article","isPartOf":{"@id":"http:\/\/conexion23.com\/?p=33763"},"author":{"name":"Raffy Ben\u00edtez","@id":"https:\/\/conexion23.com\/#\/schema\/person\/03e36043331117e97a373299bbcd30a6"},"headline":"Capturan a grupo de indocumentados rumbo a Puerto Rico, hay cinco dominicanos.","datePublished":"2024-10-16T11:41:35+00:00","dateModified":"2024-10-16T11:41:37+00:00","mainEntityOfPage":{"@id":"http:\/\/conexion23.com\/?p=33763"},"wordCount":323,"commentCount":0,"publisher":{"@id":"https:\/\/conexion23.com\/#organization"},"image":{"@id":"http:\/\/conexion23.com\/?p=33763#primaryimage"},"thumbnailUrl":"https:\/\/conexion23.com\/wp-content\/uploads\/2024\/10\/670eb08156ea2.jpg","articleSection":["Uncategorized"],"inLanguage":"es","potentialAction":[{"@type":"CommentAction","name":"Comment","target":["http:\/\/conexion23.com\/?p=33763#respond"]}]},{"@type":"WebPage","@id":"http:\/\/conexion23.com\/?p=33763","url":"http:\/\/conexion23.com\/?p=33763","name":"Capturan a grupo de indocumentados rumbo a Puerto Rico, hay cinco dominicanos. - Conexi\u00f3n 23","isPartOf":{"@id":"https:\/\/conexion23.com\/#website"},"primaryImageOfPage":{"@id":"http:\/\/conexion23.com\/?p=33763#primaryimage"},"image":{"@id":"http:\/\/conexion23.com\/?p=33763#primaryimage"},"thumbnailUrl":"https:\/\/conexion23.com\/wp-content\/uploads\/2024\/10\/670eb08156ea2.jpg","datePublished":"2024-10-16T11:41:35+00:00","dateModified":"2024-10-16T11:41:37+00:00","breadcrumb":{"@id":"http:\/\/conexion23.com\/?p=33763#breadcrumb"},"inLanguage":"es","potentialAction":[{"@type":"ReadAction","target":["http:\/\/conexion23.com\/?p=33763"]}]},{"@type":"ImageObject","inLanguage":"es","@id":"http:\/\/conexion23.com\/?p=33763#primaryimage","url":"https:\/\/conexion23.com\/wp-content\/uploads\/2024\/10\/670eb08156ea2.jpg","contentUrl":"https:\/\/conexion23.com\/wp-content\/uploads\/2024\/10\/670eb08156ea2.jpg","width":800,"height":468},{"@type":"BreadcrumbList","@id":"http:\/\/conexion23.com\/?p=33763#breadcrumb","itemListElement":[{"@type":"ListItem","position":1,"name":"Portada","item":"https:\/\/conexion23.com\/"},{"@type":"ListItem","position":2,"name":"Capturan a grupo de indocumentados rumbo a Puerto Rico, hay cinco dominicanos."}]},{"@type":"WebSite","@id":"https:\/\/conexion23.com\/#website","url":"https:\/\/conexion23.com\/","name":"Conexi\u00f3n 23","description":"Peri\u00f3dico 100% Petromacorisano","publisher":{"@id":"https:\/\/conexion23.com\/#organization"},"potentialAction":[{"@type":"SearchAction","target":{"@type":"EntryPoint","urlTemplate":"https:\/\/conexion23.com\/?s={search_term_string}"},"query-input":{"@type":"PropertyValueSpecification","valueRequired":true,"valueName":"search_term_string"}}],"inLanguage":"es"},{"@type":"Organization","@id":"https:\/\/conexion23.com\/#organization","name":"Conexion 23","url":"https:\/\/conexion23.com\/","logo":{"@type":"ImageObject","inLanguage":"es","@id":"https:\/\/conexion23.com\/#\/schema\/logo\/image\/","url":"https:\/\/conexion23.com\/wp-content\/uploads\/2021\/11\/Diseno-sin-titulo-2.png","contentUrl":"https:\/\/conexion23.com\/wp-content\/uploads\/2021\/11\/Diseno-sin-titulo-2.png","width":541,"height":90,"caption":"Conexion 23"},"image":{"@id":"https:\/\/conexion23.com\/#\/schema\/logo\/image\/"},"sameAs":["https:\/\/www.facebook.com\/conexion23com","https:\/\/www.instagram.com\/conexion23com\/","https:\/\/www.youtube.com\/channel\/UCYc7vxxFZMYLIHNsHHxPZ3Q"]},{"@type":"Person","@id":"https:\/\/conexion23.com\/#\/schema\/person\/03e36043331117e97a373299bbcd30a6","name":"Raffy Ben\u00edtez","image":{"@type":"ImageObject","inLanguage":"es","@id":"https:\/\/conexion23.com\/#\/schema\/person\/image\/","url":"https:\/\/secure.gravatar.com\/avatar\/3190a6a6c5e1b0327500f7d6c56b6242472ee6cb974cf09b401ee6b3b0798f23?s=96&d=mm&r=g","contentUrl":"https:\/\/secure.gravatar.com\/avatar\/3190a6a6c5e1b0327500f7d6c56b6242472ee6cb974cf09b401ee6b3b0798f23?s=96&d=mm&r=g","caption":"Raffy Ben\u00edtez"},"url":"https:\/\/conexion23.com\/?author=15"}]}},"_links":{"self":[{"href":"https:\/\/conexion23.com\/index.php?rest_route=\/wp\/v2\/posts\/33763","targetHints":{"allow":["GET"]}}],"collection":[{"href":"https:\/\/conexion23.com\/index.php?rest_route=\/wp\/v2\/posts"}],"about":[{"href":"https:\/\/conexion23.com\/index.php?rest_route=\/wp\/v2\/types\/post"}],"author":[{"embeddable":true,"href":"https:\/\/conexion23.com\/index.php?rest_route=\/wp\/v2\/users\/15"}],"replies":[{"embeddable":true,"href":"https:\/\/conexion23.com\/index.php?rest_route=%2Fwp%2Fv2%2Fcomments&post=33763"}],"version-history":[{"count":1,"href":"https:\/\/conexion23.com\/index.php?rest_route=\/wp\/v2\/posts\/33763\/revisions"}],"predecessor-version":[{"id":33765,"href":"https:\/\/conexion23.com\/index.php?rest_route=\/wp\/v2\/posts\/33763\/revisions\/33765"}],"wp:featuredmedia":[{"embeddable":true,"href":"https:\/\/conexion23.com\/index.php?rest_route=\/wp\/v2\/media\/33764"}],"wp:attachment":[{"href":"https:\/\/conexion23.com\/index.php?rest_route=%2Fwp%2Fv2%2Fmedia&parent=33763"}],"wp:term":[{"taxonomy":"category","embeddable":true,"href":"https:\/\/conexion23.com\/index.php?rest_route=%2Fwp%2Fv2%2Fcategories&post=33763"},{"taxonomy":"post_tag","embeddable":true,"href":"https:\/\/conexion23.com\/index.php?rest_route=%2Fwp%2Fv2%2Ftags&post=33763"}],"curies":[{"name":"wp","href":"https:\/\/api.w.org\/{rel}","templated":true}]}}