{"id":33766,"date":"2024-10-16T07:50:26","date_gmt":"2024-10-16T11:50:26","guid":{"rendered":"https:\/\/conexion23.com\/?p=33766"},"modified":"2024-10-16T07:58:46","modified_gmt":"2024-10-16T11:58:46","slug":"la-reforma-fiscal-pondria-en-peligro-las-inversiones","status":"publish","type":"post","link":"https:\/\/conexion23.com\/?p=33766","title":{"rendered":"La reforma fiscal pondr\u00eda en peligro las inversiones."},"content":{"rendered":"\n<p>La Comisi\u00f3n de Hacienda de la C\u00e1mara de Diputados, que analiza la propuesta de&nbsp;<strong>reforma fiscal<\/strong>, se reuni\u00f3 ayer durante todo el d\u00eda con distintos&nbsp;<strong>sectores econ\u00f3micos<\/strong>&nbsp;que ser\u00edan afectados si el proyecto se aprueba tal y como lo propuso el&nbsp;<strong>presidente Luis Abinader<\/strong>.<\/p>\n\n\n\n<p>El tema recurrente del que fue el tercer encuentro de este tipo celebrado por los legisladores result\u00f3 el desmonte de los&nbsp;<strong>incentivos fiscales<\/strong>&nbsp;otorgados a los sectores tur\u00edstico, empresarial e industrial.<\/p>\n\n\n\n<p>Los directivos de estos grupos econ\u00f3micos acudieron ante la comisi\u00f3n con un argumento com\u00fan: desmontar abruptamente las&nbsp;<strong>exenciones fiscales<\/strong>&nbsp;perjudicar\u00eda las&nbsp;<strong>inversiones<\/strong>&nbsp;en el pa\u00eds y har\u00eda peligrar la competitividad.<\/p>\n\n\n\n<figure class=\"wp-block-image\"><a href=\"https:\/\/www.diariolibre.com\/economia\/vivienda\/2024\/10\/15\/aprocovici-alerta-sobre-el-impacto-negativo-de-la-reforma-fiscal\/2881286?utm_source=relacionadas&amp;utm_medium=nota&amp;utm_campaign=relacionadas\"><img decoding=\"async\" src=\"https:\/\/resources.diariolibre.com\/images\/2023\/12\/26\/wasacs-56d2da95-68b4-49bc-9222-760646ac335c-a2244964-focus-0-0-149-99.jpg\" alt=\"Aprocovici alerta sobre el impacto negativo de la reforma fiscal en el sector construcci\u00f3n\" title=\"Aprocovici alerta sobre el impacto negativo de la reforma fiscal en el sector construcci\u00f3n\"\/><\/a><\/figure>\n\n\n\n<p><a href=\"https:\/\/www.diariolibre.com\/economia\/vivienda\">Vivienda<\/a><\/p>\n\n\n\n<h2 class=\"wp-block-heading\"><a href=\"https:\/\/www.diariolibre.com\/economia\/vivienda\/2024\/10\/15\/aprocovici-alerta-sobre-el-impacto-negativo-de-la-reforma-fiscal\/2881286?utm_source=relacionadas&amp;utm_medium=nota&amp;utm_campaign=relacionadas\">Aprocovici alerta sobre el impacto negativo de la reforma fiscal en el sector construcci\u00f3n<\/a><\/h2>\n\n\n\n<p><a href=\"https:\/\/www.diariolibre.com\/economia\/macroeconomia\">Macroeconom\u00eda<\/a><\/p>\n\n\n\n<h2 class=\"wp-block-heading\"><a href=\"https:\/\/www.diariolibre.com\/economia\/macroeconomia\/2024\/10\/15\/piden-a-diputados-cuidar-sus-exenciones-en-la-reforma-fiscal\/2880841?utm_source=relacionadas&amp;utm_medium=nota&amp;utm_campaign=relacionadas\">Industriales, empresarios y hoteleros piden a diputados cuidar sus exenciones en la reforma fiscal<\/a><\/h2>\n\n\n\n<h2 class=\"wp-block-heading\">Las&nbsp;<strong>industrias<\/strong><\/h2>\n\n\n\n<p>El presidente de la&nbsp;<strong>Asociaci\u00f3n de Industriales<\/strong>&nbsp;de la Rep\u00fablica Dominicana (AIRD), Julio Brache, explic\u00f3 que la propuesta de&nbsp;<strong>reforma fiscal<\/strong>, en caso de ser aplicada, entrar\u00eda en vigor a principios del 2025, justamente cuando el&nbsp;&nbsp;<strong>Tratado de Libre Comercio<\/strong>&nbsp;entre Centroam\u00e9rica y Rep\u00fablica Dominicana (DR- CAFTA)&nbsp; tambi\u00e9n entra en plena vigencia, permitiendo la importaci\u00f3n de productos sin el pago de aranceles,&nbsp; lo que afectar\u00eda al sector productivo nacional y a las&nbsp;<strong>inversiones<\/strong>&nbsp;dirigidas a este.<\/p>\n\n\n\n<p>Brache sostuvo que los industriales necesitan los&nbsp;<strong>incentivos fiscales<\/strong>&nbsp;para competir con&nbsp;<strong>industrias<\/strong>&nbsp;m\u00e1s grandes, como las de Estados Unidos, y para hacer una renovaci\u00f3n en su aparato productivo que les permita generar&nbsp;<strong>empleos<\/strong>&nbsp;y aportar al Producto Interno Bruto (PIB).<\/p>\n\n\n\n<h2 class=\"wp-block-heading\">El turismo<\/h2>\n\n\n\n<p>Los diputados tambi\u00e9n se reunieron con ejecutivos de la&nbsp;<strong>Asociaci\u00f3n de Hoteles<\/strong>&nbsp;y&nbsp;<strong>Turismo<\/strong>&nbsp;de la Rep\u00fablica Dominicana, Asonahores, quienes rechazaron el desmonte de los incentivos alegando que las&nbsp;<strong>inversiones<\/strong>&nbsp;en curso deben ser cuidadas.<\/p>\n\n\n\n<p>David Llibre, presidente de Asonahores, explic\u00f3 que actualmente se ejecutan grandes proyectos tur\u00edsticos con&nbsp;<strong>inversiones<\/strong>&nbsp;millonarias que podr\u00edan peligrar si las&nbsp;<strong>exenciones fiscales<\/strong>&nbsp;son eliminadas, como se propone en la reforma. Sostuvo que ese sector aporta alrededor de un 30 % de las divisas en el pa\u00eds, por lo que necesita contar con un mecanismo que proteja sus&nbsp;<strong>inversiones<\/strong>.<\/p>\n\n\n\n<p>\u00abCreemos que podemos seguir aportando m\u00e1s con las exenciones que quit\u00e1ndolas porque devolvemos al Estado hasta 12 veces m\u00e1s de nuestros gastos tributarios\u00bb.<\/p>\n\n\n\n<h2 class=\"wp-block-heading\">Los&nbsp;<strong>empleos<\/strong><\/h2>\n\n\n\n<p>A su vez, Celso Juan Marranzini, presidente del Consejo de la Empresa Privada (Conep), puntualiz\u00f3 que el proyecto de&nbsp;<strong>reforma fiscal<\/strong>&nbsp;debe tomar en cuenta la capacidad de las empresas para generar&nbsp;<strong>empleos<\/strong>&nbsp;y la garant\u00eda de las&nbsp;<strong>inversiones<\/strong>&nbsp;en el pa\u00eds que, coincidi\u00f3 con Llibre , \u00abdeben ser cuidadas\u00bb.<\/p>\n","protected":false},"excerpt":{"rendered":"<p>La Comisi\u00f3n de Hacienda de la C\u00e1mara de Diputados, que analiza la propuesta de&nbsp;reforma fiscal, se reuni\u00f3 ayer durante todo el d\u00eda con distintos&nbsp;sectores econ\u00f3micos&nbsp;que ser\u00edan afectados si el proyecto se aprueba tal y como lo propuso el&nbsp;presidente Luis Abinader. El tema recurrente del que fue el tercer encuentro de este tipo celebrado por los [&hellip;]<\/p>\n","protected":false},"author":15,"featured_media":33767,"comment_status":"open","ping_status":"open","sticky":false,"template":"","format":"standard","meta":{"footnotes":""},"categories":[1],"tags":[],"class_list":{"0":"post-33766","1":"post","2":"type-post","3":"status-publish","4":"format-standard","5":"has-post-thumbnail","7":"category-uncategorized"},"yoast_head":"<!-- This site is optimized with the Yoast SEO plugin v27.1.1 - https:\/\/yoast.com\/product\/yoast-seo-wordpress\/ -->\n<title>La reforma fiscal pondr\u00eda en peligro las inversiones. - Conexi\u00f3n 23<\/title>\n<meta name=\"robots\" content=\"index, follow, max-snippet:-1, max-image-preview:large, max-video-preview:-1\" \/>\n<link rel=\"canonical\" href=\"http:\/\/conexion23.com\/?p=33766\" \/>\n<meta property=\"og:locale\" content=\"es_ES\" \/>\n<meta property=\"og:type\" content=\"article\" \/>\n<meta property=\"og:title\" content=\"La reforma fiscal pondr\u00eda en peligro las inversiones. - Conexi\u00f3n 23\" \/>\n<meta property=\"og:description\" content=\"La Comisi\u00f3n de Hacienda de la C\u00e1mara de Diputados, que analiza la propuesta de&nbsp;reforma fiscal, se reuni\u00f3 ayer durante todo el d\u00eda con distintos&nbsp;sectores econ\u00f3micos&nbsp;que ser\u00edan afectados si el proyecto se aprueba tal y como lo propuso el&nbsp;presidente Luis Abinader. El tema recurrente del que fue el tercer encuentro de este tipo celebrado por los [&hellip;]\" \/>\n<meta property=\"og:url\" content=\"http:\/\/conexion23.com\/?p=33766\" \/>\n<meta property=\"og:site_name\" content=\"Conexi\u00f3n 23\" \/>\n<meta property=\"article:publisher\" content=\"https:\/\/www.facebook.com\/conexion23com\" \/>\n<meta property=\"article:published_time\" content=\"2024-10-16T11:50:26+00:00\" \/>\n<meta property=\"article:modified_time\" content=\"2024-10-16T11:58:46+00:00\" \/>\n<meta property=\"og:image\" content=\"http:\/\/conexion23.com\/wp-content\/uploads\/2024\/10\/imagen-whatsapp-image-2024-10-15-at-4.40.38-pm-focus-0-0-896-504.jpg\" \/>\n\t<meta property=\"og:image:width\" content=\"896\" \/>\n\t<meta property=\"og:image:height\" content=\"504\" \/>\n\t<meta property=\"og:image:type\" content=\"image\/jpeg\" \/>\n<meta name=\"author\" content=\"Raffy Ben\u00edtez\" \/>\n<meta name=\"twitter:card\" content=\"summary_large_image\" \/>\n<meta name=\"twitter:label1\" content=\"Escrito por\" \/>\n\t<meta name=\"twitter:data1\" content=\"Raffy Ben\u00edtez\" \/>\n\t<meta name=\"twitter:label2\" content=\"Tiempo de lectura\" \/>\n\t<meta name=\"twitter:data2\" content=\"3 minutos\" \/>\n<script type=\"application\/ld+json\" class=\"yoast-schema-graph\">{\"@context\":\"https:\/\/schema.org\",\"@graph\":[{\"@type\":\"Article\",\"@id\":\"http:\/\/conexion23.com\/?p=33766#article\",\"isPartOf\":{\"@id\":\"http:\/\/conexion23.com\/?p=33766\"},\"author\":{\"name\":\"Raffy Ben\u00edtez\",\"@id\":\"https:\/\/conexion23.com\/#\/schema\/person\/03e36043331117e97a373299bbcd30a6\"},\"headline\":\"La reforma fiscal pondr\u00eda en peligro las inversiones.\",\"datePublished\":\"2024-10-16T11:50:26+00:00\",\"dateModified\":\"2024-10-16T11:58:46+00:00\",\"mainEntityOfPage\":{\"@id\":\"http:\/\/conexion23.com\/?p=33766\"},\"wordCount\":509,\"commentCount\":0,\"publisher\":{\"@id\":\"https:\/\/conexion23.com\/#organization\"},\"image\":{\"@id\":\"http:\/\/conexion23.com\/?p=33766#primaryimage\"},\"thumbnailUrl\":\"https:\/\/conexion23.com\/wp-content\/uploads\/2024\/10\/imagen-whatsapp-image-2024-10-15-at-4.40.38-pm-focus-0-0-896-504.jpg\",\"articleSection\":[\"Uncategorized\"],\"inLanguage\":\"es\",\"potentialAction\":[{\"@type\":\"CommentAction\",\"name\":\"Comment\",\"target\":[\"http:\/\/conexion23.com\/?p=33766#respond\"]}]},{\"@type\":\"WebPage\",\"@id\":\"http:\/\/conexion23.com\/?p=33766\",\"url\":\"http:\/\/conexion23.com\/?p=33766\",\"name\":\"La reforma fiscal pondr\u00eda en peligro las inversiones. - Conexi\u00f3n 23\",\"isPartOf\":{\"@id\":\"https:\/\/conexion23.com\/#website\"},\"primaryImageOfPage\":{\"@id\":\"http:\/\/conexion23.com\/?p=33766#primaryimage\"},\"image\":{\"@id\":\"http:\/\/conexion23.com\/?p=33766#primaryimage\"},\"thumbnailUrl\":\"https:\/\/conexion23.com\/wp-content\/uploads\/2024\/10\/imagen-whatsapp-image-2024-10-15-at-4.40.38-pm-focus-0-0-896-504.jpg\",\"datePublished\":\"2024-10-16T11:50:26+00:00\",\"dateModified\":\"2024-10-16T11:58:46+00:00\",\"breadcrumb\":{\"@id\":\"http:\/\/conexion23.com\/?p=33766#breadcrumb\"},\"inLanguage\":\"es\",\"potentialAction\":[{\"@type\":\"ReadAction\",\"target\":[\"http:\/\/conexion23.com\/?p=33766\"]}]},{\"@type\":\"ImageObject\",\"inLanguage\":\"es\",\"@id\":\"http:\/\/conexion23.com\/?p=33766#primaryimage\",\"url\":\"https:\/\/conexion23.com\/wp-content\/uploads\/2024\/10\/imagen-whatsapp-image-2024-10-15-at-4.40.38-pm-focus-0-0-896-504.jpg\",\"contentUrl\":\"https:\/\/conexion23.com\/wp-content\/uploads\/2024\/10\/imagen-whatsapp-image-2024-10-15-at-4.40.38-pm-focus-0-0-896-504.jpg\",\"width\":896,\"height\":504},{\"@type\":\"BreadcrumbList\",\"@id\":\"http:\/\/conexion23.com\/?p=33766#breadcrumb\",\"itemListElement\":[{\"@type\":\"ListItem\",\"position\":1,\"name\":\"Portada\",\"item\":\"https:\/\/conexion23.com\/\"},{\"@type\":\"ListItem\",\"position\":2,\"name\":\"La reforma fiscal pondr\u00eda en peligro las inversiones.\"}]},{\"@type\":\"WebSite\",\"@id\":\"https:\/\/conexion23.com\/#website\",\"url\":\"https:\/\/conexion23.com\/\",\"name\":\"Conexi\u00f3n 23\",\"description\":\"Peri\u00f3dico 100% Petromacorisano\",\"publisher\":{\"@id\":\"https:\/\/conexion23.com\/#organization\"},\"potentialAction\":[{\"@type\":\"SearchAction\",\"target\":{\"@type\":\"EntryPoint\",\"urlTemplate\":\"https:\/\/conexion23.com\/?s={search_term_string}\"},\"query-input\":{\"@type\":\"PropertyValueSpecification\",\"valueRequired\":true,\"valueName\":\"search_term_string\"}}],\"inLanguage\":\"es\"},{\"@type\":\"Organization\",\"@id\":\"https:\/\/conexion23.com\/#organization\",\"name\":\"Conexion 23\",\"url\":\"https:\/\/conexion23.com\/\",\"logo\":{\"@type\":\"ImageObject\",\"inLanguage\":\"es\",\"@id\":\"https:\/\/conexion23.com\/#\/schema\/logo\/image\/\",\"url\":\"https:\/\/conexion23.com\/wp-content\/uploads\/2021\/11\/Diseno-sin-titulo-2.png\",\"contentUrl\":\"https:\/\/conexion23.com\/wp-content\/uploads\/2021\/11\/Diseno-sin-titulo-2.png\",\"width\":541,\"height\":90,\"caption\":\"Conexion 23\"},\"image\":{\"@id\":\"https:\/\/conexion23.com\/#\/schema\/logo\/image\/\"},\"sameAs\":[\"https:\/\/www.facebook.com\/conexion23com\",\"https:\/\/www.instagram.com\/conexion23com\/\",\"https:\/\/www.youtube.com\/channel\/UCYc7vxxFZMYLIHNsHHxPZ3Q\"]},{\"@type\":\"Person\",\"@id\":\"https:\/\/conexion23.com\/#\/schema\/person\/03e36043331117e97a373299bbcd30a6\",\"name\":\"Raffy Ben\u00edtez\",\"image\":{\"@type\":\"ImageObject\",\"inLanguage\":\"es\",\"@id\":\"https:\/\/conexion23.com\/#\/schema\/person\/image\/\",\"url\":\"https:\/\/secure.gravatar.com\/avatar\/3190a6a6c5e1b0327500f7d6c56b6242472ee6cb974cf09b401ee6b3b0798f23?s=96&d=mm&r=g\",\"contentUrl\":\"https:\/\/secure.gravatar.com\/avatar\/3190a6a6c5e1b0327500f7d6c56b6242472ee6cb974cf09b401ee6b3b0798f23?s=96&d=mm&r=g\",\"caption\":\"Raffy Ben\u00edtez\"},\"url\":\"https:\/\/conexion23.com\/?author=15\"}]}<\/script>\n<!-- \/ Yoast SEO plugin. -->","yoast_head_json":{"title":"La reforma fiscal pondr\u00eda en peligro las inversiones. - Conexi\u00f3n 23","robots":{"index":"index","follow":"follow","max-snippet":"max-snippet:-1","max-image-preview":"max-image-preview:large","max-video-preview":"max-video-preview:-1"},"canonical":"http:\/\/conexion23.com\/?p=33766","og_locale":"es_ES","og_type":"article","og_title":"La reforma fiscal pondr\u00eda en peligro las inversiones. - Conexi\u00f3n 23","og_description":"La Comisi\u00f3n de Hacienda de la C\u00e1mara de Diputados, que analiza la propuesta de&nbsp;reforma fiscal, se reuni\u00f3 ayer durante todo el d\u00eda con distintos&nbsp;sectores econ\u00f3micos&nbsp;que ser\u00edan afectados si el proyecto se aprueba tal y como lo propuso el&nbsp;presidente Luis Abinader. El tema recurrente del que fue el tercer encuentro de este tipo celebrado por los [&hellip;]","og_url":"http:\/\/conexion23.com\/?p=33766","og_site_name":"Conexi\u00f3n 23","article_publisher":"https:\/\/www.facebook.com\/conexion23com","article_published_time":"2024-10-16T11:50:26+00:00","article_modified_time":"2024-10-16T11:58:46+00:00","og_image":[{"width":896,"height":504,"url":"http:\/\/conexion23.com\/wp-content\/uploads\/2024\/10\/imagen-whatsapp-image-2024-10-15-at-4.40.38-pm-focus-0-0-896-504.jpg","type":"image\/jpeg"}],"author":"Raffy Ben\u00edtez","twitter_card":"summary_large_image","twitter_misc":{"Escrito por":"Raffy Ben\u00edtez","Tiempo de lectura":"3 minutos"},"schema":{"@context":"https:\/\/schema.org","@graph":[{"@type":"Article","@id":"http:\/\/conexion23.com\/?p=33766#article","isPartOf":{"@id":"http:\/\/conexion23.com\/?p=33766"},"author":{"name":"Raffy Ben\u00edtez","@id":"https:\/\/conexion23.com\/#\/schema\/person\/03e36043331117e97a373299bbcd30a6"},"headline":"La reforma fiscal pondr\u00eda en peligro las inversiones.","datePublished":"2024-10-16T11:50:26+00:00","dateModified":"2024-10-16T11:58:46+00:00","mainEntityOfPage":{"@id":"http:\/\/conexion23.com\/?p=33766"},"wordCount":509,"commentCount":0,"publisher":{"@id":"https:\/\/conexion23.com\/#organization"},"image":{"@id":"http:\/\/conexion23.com\/?p=33766#primaryimage"},"thumbnailUrl":"https:\/\/conexion23.com\/wp-content\/uploads\/2024\/10\/imagen-whatsapp-image-2024-10-15-at-4.40.38-pm-focus-0-0-896-504.jpg","articleSection":["Uncategorized"],"inLanguage":"es","potentialAction":[{"@type":"CommentAction","name":"Comment","target":["http:\/\/conexion23.com\/?p=33766#respond"]}]},{"@type":"WebPage","@id":"http:\/\/conexion23.com\/?p=33766","url":"http:\/\/conexion23.com\/?p=33766","name":"La reforma fiscal pondr\u00eda en peligro las inversiones. - Conexi\u00f3n 23","isPartOf":{"@id":"https:\/\/conexion23.com\/#website"},"primaryImageOfPage":{"@id":"http:\/\/conexion23.com\/?p=33766#primaryimage"},"image":{"@id":"http:\/\/conexion23.com\/?p=33766#primaryimage"},"thumbnailUrl":"https:\/\/conexion23.com\/wp-content\/uploads\/2024\/10\/imagen-whatsapp-image-2024-10-15-at-4.40.38-pm-focus-0-0-896-504.jpg","datePublished":"2024-10-16T11:50:26+00:00","dateModified":"2024-10-16T11:58:46+00:00","breadcrumb":{"@id":"http:\/\/conexion23.com\/?p=33766#breadcrumb"},"inLanguage":"es","potentialAction":[{"@type":"ReadAction","target":["http:\/\/conexion23.com\/?p=33766"]}]},{"@type":"ImageObject","inLanguage":"es","@id":"http:\/\/conexion23.com\/?p=33766#primaryimage","url":"https:\/\/conexion23.com\/wp-content\/uploads\/2024\/10\/imagen-whatsapp-image-2024-10-15-at-4.40.38-pm-focus-0-0-896-504.jpg","contentUrl":"https:\/\/conexion23.com\/wp-content\/uploads\/2024\/10\/imagen-whatsapp-image-2024-10-15-at-4.40.38-pm-focus-0-0-896-504.jpg","width":896,"height":504},{"@type":"BreadcrumbList","@id":"http:\/\/conexion23.com\/?p=33766#breadcrumb","itemListElement":[{"@type":"ListItem","position":1,"name":"Portada","item":"https:\/\/conexion23.com\/"},{"@type":"ListItem","position":2,"name":"La reforma fiscal pondr\u00eda en peligro las inversiones."}]},{"@type":"WebSite","@id":"https:\/\/conexion23.com\/#website","url":"https:\/\/conexion23.com\/","name":"Conexi\u00f3n 23","description":"Peri\u00f3dico 100% Petromacorisano","publisher":{"@id":"https:\/\/conexion23.com\/#organization"},"potentialAction":[{"@type":"SearchAction","target":{"@type":"EntryPoint","urlTemplate":"https:\/\/conexion23.com\/?s={search_term_string}"},"query-input":{"@type":"PropertyValueSpecification","valueRequired":true,"valueName":"search_term_string"}}],"inLanguage":"es"},{"@type":"Organization","@id":"https:\/\/conexion23.com\/#organization","name":"Conexion 23","url":"https:\/\/conexion23.com\/","logo":{"@type":"ImageObject","inLanguage":"es","@id":"https:\/\/conexion23.com\/#\/schema\/logo\/image\/","url":"https:\/\/conexion23.com\/wp-content\/uploads\/2021\/11\/Diseno-sin-titulo-2.png","contentUrl":"https:\/\/conexion23.com\/wp-content\/uploads\/2021\/11\/Diseno-sin-titulo-2.png","width":541,"height":90,"caption":"Conexion 23"},"image":{"@id":"https:\/\/conexion23.com\/#\/schema\/logo\/image\/"},"sameAs":["https:\/\/www.facebook.com\/conexion23com","https:\/\/www.instagram.com\/conexion23com\/","https:\/\/www.youtube.com\/channel\/UCYc7vxxFZMYLIHNsHHxPZ3Q"]},{"@type":"Person","@id":"https:\/\/conexion23.com\/#\/schema\/person\/03e36043331117e97a373299bbcd30a6","name":"Raffy Ben\u00edtez","image":{"@type":"ImageObject","inLanguage":"es","@id":"https:\/\/conexion23.com\/#\/schema\/person\/image\/","url":"https:\/\/secure.gravatar.com\/avatar\/3190a6a6c5e1b0327500f7d6c56b6242472ee6cb974cf09b401ee6b3b0798f23?s=96&d=mm&r=g","contentUrl":"https:\/\/secure.gravatar.com\/avatar\/3190a6a6c5e1b0327500f7d6c56b6242472ee6cb974cf09b401ee6b3b0798f23?s=96&d=mm&r=g","caption":"Raffy Ben\u00edtez"},"url":"https:\/\/conexion23.com\/?author=15"}]}},"_links":{"self":[{"href":"https:\/\/conexion23.com\/index.php?rest_route=\/wp\/v2\/posts\/33766","targetHints":{"allow":["GET"]}}],"collection":[{"href":"https:\/\/conexion23.com\/index.php?rest_route=\/wp\/v2\/posts"}],"about":[{"href":"https:\/\/conexion23.com\/index.php?rest_route=\/wp\/v2\/types\/post"}],"author":[{"embeddable":true,"href":"https:\/\/conexion23.com\/index.php?rest_route=\/wp\/v2\/users\/15"}],"replies":[{"embeddable":true,"href":"https:\/\/conexion23.com\/index.php?rest_route=%2Fwp%2Fv2%2Fcomments&post=33766"}],"version-history":[{"count":1,"href":"https:\/\/conexion23.com\/index.php?rest_route=\/wp\/v2\/posts\/33766\/revisions"}],"predecessor-version":[{"id":33768,"href":"https:\/\/conexion23.com\/index.php?rest_route=\/wp\/v2\/posts\/33766\/revisions\/33768"}],"wp:featuredmedia":[{"embeddable":true,"href":"https:\/\/conexion23.com\/index.php?rest_route=\/wp\/v2\/media\/33767"}],"wp:attachment":[{"href":"https:\/\/conexion23.com\/index.php?rest_route=%2Fwp%2Fv2%2Fmedia&parent=33766"}],"wp:term":[{"taxonomy":"category","embeddable":true,"href":"https:\/\/conexion23.com\/index.php?rest_route=%2Fwp%2Fv2%2Fcategories&post=33766"},{"taxonomy":"post_tag","embeddable":true,"href":"https:\/\/conexion23.com\/index.php?rest_route=%2Fwp%2Fv2%2Ftags&post=33766"}],"curies":[{"name":"wp","href":"https:\/\/api.w.org\/{rel}","templated":true}]}}