{"id":33779,"date":"2024-10-17T06:57:01","date_gmt":"2024-10-17T10:57:01","guid":{"rendered":"https:\/\/conexion23.com\/?p=33779"},"modified":"2024-10-17T06:57:03","modified_gmt":"2024-10-17T10:57:03","slug":"45-anos-a-un-dominicano-por-muerte-de-un-nino-por-uso-de-fentanilo-en-una-escuela-de-new-york","status":"publish","type":"post","link":"https:\/\/conexion23.com\/?p=33779","title":{"rendered":"45 a\u00f1os a un dominicano por muerte de un ni\u00f1o por uso de fentanilo en una escuela de New York."},"content":{"rendered":"\n<p>F\u00e9lix Herrera Garc\u00eda de Rep\u00fablica Dominicana, imputado por ocultar un alijo de fentanilo bajo las tablas de una guarder\u00eda en el Bronx, fue sentenciado este mi\u00e9rcoles a 45 a\u00f1os de prisi\u00f3n por la sobredosis de opioides en un infante de casi dos a\u00f1os.<\/p>\n\n\n\n<p>Previamente, Herrera Garc\u00eda fue hallado culpable de cargos relacionados con drogas y de provocar da\u00f1os corporales tras el fallecimiento de Nicholas Dominici, un infante que ingiri\u00f3 fentanilo en la guarder\u00eda Divino Ni\u00f1o en septiembre de 2023.<a href=\"https:\/\/www.instagram.com\/norbertorodprm\/\"><\/a><\/p>\n\n\n\n<p>Otros ni\u00f1os fueron sometidos a la droga y sobrevivieron tras recibir un f\u00e1rmaco para contrarrestar la sobredosis.<a href=\"https:\/\/www.instagram.com\/norbertorodprm\/\"><\/a><\/p>\n\n\n\n<p>Seg\u00fan Telemundo, el magistrado Jed S. Rakoff neg\u00f3 la petici\u00f3n de la fiscal\u00eda de sentenciar al dominicano a prisi\u00f3n perpetua, argumentando que \u00abla muerte no fue un homicidio deliberado\u00bb, sino que se asemejaba a un homicidio involuntario en el que se evidenci\u00f3 una indiferencia extremadamente profunda hacia la vida humana.<\/p>\n\n\n\n<p><strong>Herrera<\/strong>&nbsp;Garc\u00eda tuvo la oportunidad de dirigirse a los&nbsp;<strong>familiares<\/strong>&nbsp;del&nbsp;<strong>ni\u00f1o<\/strong>&nbsp;y declar\u00f3 que esperaba que estos lo perdonaran alg\u00fan d\u00eda.<\/p>\n\n\n\n<p>Inform\u00f3 que \u00e9l y su hijo hab\u00edan jugado con los ni\u00f1os y que tambi\u00e9n trat\u00f3 de salvarlo. Dijo que esper\u00f3 a que la&nbsp;<strong>ambulancia<\/strong>&nbsp;llegara para huir. \u00abPor la noche, tengo&nbsp;<strong>pesadillas<\/strong>&nbsp;sobre lo que pas\u00f3 ese d\u00eda\u00bb.<\/p>\n\n\n\n<p>Seg\u00fan las autoridades, la&nbsp;<strong>esposa<\/strong>&nbsp;del condenado operaba la&nbsp;<strong>guarder\u00eda<\/strong>&nbsp;con otra persona, las cuales fueron acusadas por separado de asesinato, posesi\u00f3n de narc\u00f3ticos y agresi\u00f3n. Todav\u00eda sus casos est\u00e1n pendientes.<\/p>\n","protected":false},"excerpt":{"rendered":"<p>F\u00e9lix Herrera Garc\u00eda de Rep\u00fablica Dominicana, imputado por ocultar un alijo de fentanilo bajo las tablas de una guarder\u00eda en el Bronx, fue sentenciado este mi\u00e9rcoles a 45 a\u00f1os de prisi\u00f3n por la sobredosis de opioides en un infante de casi dos a\u00f1os. Previamente, Herrera Garc\u00eda fue hallado culpable de cargos relacionados con drogas y [&hellip;]<\/p>\n","protected":false},"author":15,"featured_media":33780,"comment_status":"open","ping_status":"open","sticky":false,"template":"","format":"standard","meta":{"footnotes":""},"categories":[1],"tags":[],"class_list":{"0":"post-33779","1":"post","2":"type-post","3":"status-publish","4":"format-standard","5":"has-post-thumbnail","7":"category-uncategorized"},"yoast_head":"<!-- This site is optimized with the Yoast SEO plugin v27.1.1 - https:\/\/yoast.com\/product\/yoast-seo-wordpress\/ -->\n<title>45 a\u00f1os a un dominicano por muerte de un ni\u00f1o por uso de fentanilo en una escuela de New York. - Conexi\u00f3n 23<\/title>\n<meta name=\"robots\" content=\"index, follow, max-snippet:-1, max-image-preview:large, max-video-preview:-1\" \/>\n<link rel=\"canonical\" href=\"http:\/\/conexion23.com\/?p=33779\" \/>\n<meta property=\"og:locale\" content=\"es_ES\" \/>\n<meta property=\"og:type\" content=\"article\" \/>\n<meta property=\"og:title\" content=\"45 a\u00f1os a un dominicano por muerte de un ni\u00f1o por uso de fentanilo en una escuela de New York. - Conexi\u00f3n 23\" \/>\n<meta property=\"og:description\" content=\"F\u00e9lix Herrera Garc\u00eda de Rep\u00fablica Dominicana, imputado por ocultar un alijo de fentanilo bajo las tablas de una guarder\u00eda en el Bronx, fue sentenciado este mi\u00e9rcoles a 45 a\u00f1os de prisi\u00f3n por la sobredosis de opioides en un infante de casi dos a\u00f1os. Previamente, Herrera Garc\u00eda fue hallado culpable de cargos relacionados con drogas y [&hellip;]\" \/>\n<meta property=\"og:url\" content=\"http:\/\/conexion23.com\/?p=33779\" \/>\n<meta property=\"og:site_name\" content=\"Conexi\u00f3n 23\" \/>\n<meta property=\"article:publisher\" content=\"https:\/\/www.facebook.com\/conexion23com\" \/>\n<meta property=\"article:published_time\" content=\"2024-10-17T10:57:01+00:00\" \/>\n<meta property=\"article:modified_time\" content=\"2024-10-17T10:57:03+00:00\" \/>\n<meta property=\"og:image\" content=\"http:\/\/conexion23.com\/wp-content\/uploads\/2024\/10\/dominicano-se-declara-culpable-en-caso-de-nino-muerto-por-fentanilo-focus-0.09-0.45-608-342.jpg\" \/>\n\t<meta property=\"og:image:width\" content=\"608\" \/>\n\t<meta property=\"og:image:height\" content=\"342\" \/>\n\t<meta property=\"og:image:type\" content=\"image\/jpeg\" \/>\n<meta name=\"author\" content=\"Raffy Ben\u00edtez\" \/>\n<meta name=\"twitter:card\" content=\"summary_large_image\" \/>\n<meta name=\"twitter:label1\" content=\"Escrito por\" \/>\n\t<meta name=\"twitter:data1\" content=\"Raffy Ben\u00edtez\" \/>\n\t<meta name=\"twitter:label2\" content=\"Tiempo de lectura\" \/>\n\t<meta name=\"twitter:data2\" content=\"2 minutos\" \/>\n<script type=\"application\/ld+json\" class=\"yoast-schema-graph\">{\"@context\":\"https:\/\/schema.org\",\"@graph\":[{\"@type\":\"Article\",\"@id\":\"http:\/\/conexion23.com\/?p=33779#article\",\"isPartOf\":{\"@id\":\"http:\/\/conexion23.com\/?p=33779\"},\"author\":{\"name\":\"Raffy Ben\u00edtez\",\"@id\":\"https:\/\/conexion23.com\/#\/schema\/person\/03e36043331117e97a373299bbcd30a6\"},\"headline\":\"45 a\u00f1os a un dominicano por muerte de un ni\u00f1o por uso de fentanilo en una escuela de New York.\",\"datePublished\":\"2024-10-17T10:57:01+00:00\",\"dateModified\":\"2024-10-17T10:57:03+00:00\",\"mainEntityOfPage\":{\"@id\":\"http:\/\/conexion23.com\/?p=33779\"},\"wordCount\":302,\"commentCount\":0,\"publisher\":{\"@id\":\"https:\/\/conexion23.com\/#organization\"},\"image\":{\"@id\":\"http:\/\/conexion23.com\/?p=33779#primaryimage\"},\"thumbnailUrl\":\"https:\/\/conexion23.com\/wp-content\/uploads\/2024\/10\/dominicano-se-declara-culpable-en-caso-de-nino-muerto-por-fentanilo-focus-0.09-0.45-608-342.jpg\",\"articleSection\":[\"Uncategorized\"],\"inLanguage\":\"es\",\"potentialAction\":[{\"@type\":\"CommentAction\",\"name\":\"Comment\",\"target\":[\"http:\/\/conexion23.com\/?p=33779#respond\"]}]},{\"@type\":\"WebPage\",\"@id\":\"http:\/\/conexion23.com\/?p=33779\",\"url\":\"http:\/\/conexion23.com\/?p=33779\",\"name\":\"45 a\u00f1os a un dominicano por muerte de un ni\u00f1o por uso de fentanilo en una escuela de New York. - Conexi\u00f3n 23\",\"isPartOf\":{\"@id\":\"https:\/\/conexion23.com\/#website\"},\"primaryImageOfPage\":{\"@id\":\"http:\/\/conexion23.com\/?p=33779#primaryimage\"},\"image\":{\"@id\":\"http:\/\/conexion23.com\/?p=33779#primaryimage\"},\"thumbnailUrl\":\"https:\/\/conexion23.com\/wp-content\/uploads\/2024\/10\/dominicano-se-declara-culpable-en-caso-de-nino-muerto-por-fentanilo-focus-0.09-0.45-608-342.jpg\",\"datePublished\":\"2024-10-17T10:57:01+00:00\",\"dateModified\":\"2024-10-17T10:57:03+00:00\",\"breadcrumb\":{\"@id\":\"http:\/\/conexion23.com\/?p=33779#breadcrumb\"},\"inLanguage\":\"es\",\"potentialAction\":[{\"@type\":\"ReadAction\",\"target\":[\"http:\/\/conexion23.com\/?p=33779\"]}]},{\"@type\":\"ImageObject\",\"inLanguage\":\"es\",\"@id\":\"http:\/\/conexion23.com\/?p=33779#primaryimage\",\"url\":\"https:\/\/conexion23.com\/wp-content\/uploads\/2024\/10\/dominicano-se-declara-culpable-en-caso-de-nino-muerto-por-fentanilo-focus-0.09-0.45-608-342.jpg\",\"contentUrl\":\"https:\/\/conexion23.com\/wp-content\/uploads\/2024\/10\/dominicano-se-declara-culpable-en-caso-de-nino-muerto-por-fentanilo-focus-0.09-0.45-608-342.jpg\",\"width\":608,\"height\":342},{\"@type\":\"BreadcrumbList\",\"@id\":\"http:\/\/conexion23.com\/?p=33779#breadcrumb\",\"itemListElement\":[{\"@type\":\"ListItem\",\"position\":1,\"name\":\"Portada\",\"item\":\"https:\/\/conexion23.com\/\"},{\"@type\":\"ListItem\",\"position\":2,\"name\":\"45 a\u00f1os a un dominicano por muerte de un ni\u00f1o por uso de fentanilo en una escuela de New York.\"}]},{\"@type\":\"WebSite\",\"@id\":\"https:\/\/conexion23.com\/#website\",\"url\":\"https:\/\/conexion23.com\/\",\"name\":\"Conexi\u00f3n 23\",\"description\":\"Peri\u00f3dico 100% Petromacorisano\",\"publisher\":{\"@id\":\"https:\/\/conexion23.com\/#organization\"},\"potentialAction\":[{\"@type\":\"SearchAction\",\"target\":{\"@type\":\"EntryPoint\",\"urlTemplate\":\"https:\/\/conexion23.com\/?s={search_term_string}\"},\"query-input\":{\"@type\":\"PropertyValueSpecification\",\"valueRequired\":true,\"valueName\":\"search_term_string\"}}],\"inLanguage\":\"es\"},{\"@type\":\"Organization\",\"@id\":\"https:\/\/conexion23.com\/#organization\",\"name\":\"Conexion 23\",\"url\":\"https:\/\/conexion23.com\/\",\"logo\":{\"@type\":\"ImageObject\",\"inLanguage\":\"es\",\"@id\":\"https:\/\/conexion23.com\/#\/schema\/logo\/image\/\",\"url\":\"https:\/\/conexion23.com\/wp-content\/uploads\/2021\/11\/Diseno-sin-titulo-2.png\",\"contentUrl\":\"https:\/\/conexion23.com\/wp-content\/uploads\/2021\/11\/Diseno-sin-titulo-2.png\",\"width\":541,\"height\":90,\"caption\":\"Conexion 23\"},\"image\":{\"@id\":\"https:\/\/conexion23.com\/#\/schema\/logo\/image\/\"},\"sameAs\":[\"https:\/\/www.facebook.com\/conexion23com\",\"https:\/\/www.instagram.com\/conexion23com\/\",\"https:\/\/www.youtube.com\/channel\/UCYc7vxxFZMYLIHNsHHxPZ3Q\"]},{\"@type\":\"Person\",\"@id\":\"https:\/\/conexion23.com\/#\/schema\/person\/03e36043331117e97a373299bbcd30a6\",\"name\":\"Raffy Ben\u00edtez\",\"image\":{\"@type\":\"ImageObject\",\"inLanguage\":\"es\",\"@id\":\"https:\/\/conexion23.com\/#\/schema\/person\/image\/\",\"url\":\"https:\/\/secure.gravatar.com\/avatar\/3190a6a6c5e1b0327500f7d6c56b6242472ee6cb974cf09b401ee6b3b0798f23?s=96&d=mm&r=g\",\"contentUrl\":\"https:\/\/secure.gravatar.com\/avatar\/3190a6a6c5e1b0327500f7d6c56b6242472ee6cb974cf09b401ee6b3b0798f23?s=96&d=mm&r=g\",\"caption\":\"Raffy Ben\u00edtez\"},\"url\":\"https:\/\/conexion23.com\/?author=15\"}]}<\/script>\n<!-- \/ Yoast SEO plugin. -->","yoast_head_json":{"title":"45 a\u00f1os a un dominicano por muerte de un ni\u00f1o por uso de fentanilo en una escuela de New York. - Conexi\u00f3n 23","robots":{"index":"index","follow":"follow","max-snippet":"max-snippet:-1","max-image-preview":"max-image-preview:large","max-video-preview":"max-video-preview:-1"},"canonical":"http:\/\/conexion23.com\/?p=33779","og_locale":"es_ES","og_type":"article","og_title":"45 a\u00f1os a un dominicano por muerte de un ni\u00f1o por uso de fentanilo en una escuela de New York. - Conexi\u00f3n 23","og_description":"F\u00e9lix Herrera Garc\u00eda de Rep\u00fablica Dominicana, imputado por ocultar un alijo de fentanilo bajo las tablas de una guarder\u00eda en el Bronx, fue sentenciado este mi\u00e9rcoles a 45 a\u00f1os de prisi\u00f3n por la sobredosis de opioides en un infante de casi dos a\u00f1os. Previamente, Herrera Garc\u00eda fue hallado culpable de cargos relacionados con drogas y [&hellip;]","og_url":"http:\/\/conexion23.com\/?p=33779","og_site_name":"Conexi\u00f3n 23","article_publisher":"https:\/\/www.facebook.com\/conexion23com","article_published_time":"2024-10-17T10:57:01+00:00","article_modified_time":"2024-10-17T10:57:03+00:00","og_image":[{"width":608,"height":342,"url":"http:\/\/conexion23.com\/wp-content\/uploads\/2024\/10\/dominicano-se-declara-culpable-en-caso-de-nino-muerto-por-fentanilo-focus-0.09-0.45-608-342.jpg","type":"image\/jpeg"}],"author":"Raffy Ben\u00edtez","twitter_card":"summary_large_image","twitter_misc":{"Escrito por":"Raffy Ben\u00edtez","Tiempo de lectura":"2 minutos"},"schema":{"@context":"https:\/\/schema.org","@graph":[{"@type":"Article","@id":"http:\/\/conexion23.com\/?p=33779#article","isPartOf":{"@id":"http:\/\/conexion23.com\/?p=33779"},"author":{"name":"Raffy Ben\u00edtez","@id":"https:\/\/conexion23.com\/#\/schema\/person\/03e36043331117e97a373299bbcd30a6"},"headline":"45 a\u00f1os a un dominicano por muerte de un ni\u00f1o por uso de fentanilo en una escuela de New York.","datePublished":"2024-10-17T10:57:01+00:00","dateModified":"2024-10-17T10:57:03+00:00","mainEntityOfPage":{"@id":"http:\/\/conexion23.com\/?p=33779"},"wordCount":302,"commentCount":0,"publisher":{"@id":"https:\/\/conexion23.com\/#organization"},"image":{"@id":"http:\/\/conexion23.com\/?p=33779#primaryimage"},"thumbnailUrl":"https:\/\/conexion23.com\/wp-content\/uploads\/2024\/10\/dominicano-se-declara-culpable-en-caso-de-nino-muerto-por-fentanilo-focus-0.09-0.45-608-342.jpg","articleSection":["Uncategorized"],"inLanguage":"es","potentialAction":[{"@type":"CommentAction","name":"Comment","target":["http:\/\/conexion23.com\/?p=33779#respond"]}]},{"@type":"WebPage","@id":"http:\/\/conexion23.com\/?p=33779","url":"http:\/\/conexion23.com\/?p=33779","name":"45 a\u00f1os a un dominicano por muerte de un ni\u00f1o por uso de fentanilo en una escuela de New York. - Conexi\u00f3n 23","isPartOf":{"@id":"https:\/\/conexion23.com\/#website"},"primaryImageOfPage":{"@id":"http:\/\/conexion23.com\/?p=33779#primaryimage"},"image":{"@id":"http:\/\/conexion23.com\/?p=33779#primaryimage"},"thumbnailUrl":"https:\/\/conexion23.com\/wp-content\/uploads\/2024\/10\/dominicano-se-declara-culpable-en-caso-de-nino-muerto-por-fentanilo-focus-0.09-0.45-608-342.jpg","datePublished":"2024-10-17T10:57:01+00:00","dateModified":"2024-10-17T10:57:03+00:00","breadcrumb":{"@id":"http:\/\/conexion23.com\/?p=33779#breadcrumb"},"inLanguage":"es","potentialAction":[{"@type":"ReadAction","target":["http:\/\/conexion23.com\/?p=33779"]}]},{"@type":"ImageObject","inLanguage":"es","@id":"http:\/\/conexion23.com\/?p=33779#primaryimage","url":"https:\/\/conexion23.com\/wp-content\/uploads\/2024\/10\/dominicano-se-declara-culpable-en-caso-de-nino-muerto-por-fentanilo-focus-0.09-0.45-608-342.jpg","contentUrl":"https:\/\/conexion23.com\/wp-content\/uploads\/2024\/10\/dominicano-se-declara-culpable-en-caso-de-nino-muerto-por-fentanilo-focus-0.09-0.45-608-342.jpg","width":608,"height":342},{"@type":"BreadcrumbList","@id":"http:\/\/conexion23.com\/?p=33779#breadcrumb","itemListElement":[{"@type":"ListItem","position":1,"name":"Portada","item":"https:\/\/conexion23.com\/"},{"@type":"ListItem","position":2,"name":"45 a\u00f1os a un dominicano por muerte de un ni\u00f1o por uso de fentanilo en una escuela de New York."}]},{"@type":"WebSite","@id":"https:\/\/conexion23.com\/#website","url":"https:\/\/conexion23.com\/","name":"Conexi\u00f3n 23","description":"Peri\u00f3dico 100% Petromacorisano","publisher":{"@id":"https:\/\/conexion23.com\/#organization"},"potentialAction":[{"@type":"SearchAction","target":{"@type":"EntryPoint","urlTemplate":"https:\/\/conexion23.com\/?s={search_term_string}"},"query-input":{"@type":"PropertyValueSpecification","valueRequired":true,"valueName":"search_term_string"}}],"inLanguage":"es"},{"@type":"Organization","@id":"https:\/\/conexion23.com\/#organization","name":"Conexion 23","url":"https:\/\/conexion23.com\/","logo":{"@type":"ImageObject","inLanguage":"es","@id":"https:\/\/conexion23.com\/#\/schema\/logo\/image\/","url":"https:\/\/conexion23.com\/wp-content\/uploads\/2021\/11\/Diseno-sin-titulo-2.png","contentUrl":"https:\/\/conexion23.com\/wp-content\/uploads\/2021\/11\/Diseno-sin-titulo-2.png","width":541,"height":90,"caption":"Conexion 23"},"image":{"@id":"https:\/\/conexion23.com\/#\/schema\/logo\/image\/"},"sameAs":["https:\/\/www.facebook.com\/conexion23com","https:\/\/www.instagram.com\/conexion23com\/","https:\/\/www.youtube.com\/channel\/UCYc7vxxFZMYLIHNsHHxPZ3Q"]},{"@type":"Person","@id":"https:\/\/conexion23.com\/#\/schema\/person\/03e36043331117e97a373299bbcd30a6","name":"Raffy Ben\u00edtez","image":{"@type":"ImageObject","inLanguage":"es","@id":"https:\/\/conexion23.com\/#\/schema\/person\/image\/","url":"https:\/\/secure.gravatar.com\/avatar\/3190a6a6c5e1b0327500f7d6c56b6242472ee6cb974cf09b401ee6b3b0798f23?s=96&d=mm&r=g","contentUrl":"https:\/\/secure.gravatar.com\/avatar\/3190a6a6c5e1b0327500f7d6c56b6242472ee6cb974cf09b401ee6b3b0798f23?s=96&d=mm&r=g","caption":"Raffy Ben\u00edtez"},"url":"https:\/\/conexion23.com\/?author=15"}]}},"_links":{"self":[{"href":"https:\/\/conexion23.com\/index.php?rest_route=\/wp\/v2\/posts\/33779","targetHints":{"allow":["GET"]}}],"collection":[{"href":"https:\/\/conexion23.com\/index.php?rest_route=\/wp\/v2\/posts"}],"about":[{"href":"https:\/\/conexion23.com\/index.php?rest_route=\/wp\/v2\/types\/post"}],"author":[{"embeddable":true,"href":"https:\/\/conexion23.com\/index.php?rest_route=\/wp\/v2\/users\/15"}],"replies":[{"embeddable":true,"href":"https:\/\/conexion23.com\/index.php?rest_route=%2Fwp%2Fv2%2Fcomments&post=33779"}],"version-history":[{"count":1,"href":"https:\/\/conexion23.com\/index.php?rest_route=\/wp\/v2\/posts\/33779\/revisions"}],"predecessor-version":[{"id":33781,"href":"https:\/\/conexion23.com\/index.php?rest_route=\/wp\/v2\/posts\/33779\/revisions\/33781"}],"wp:featuredmedia":[{"embeddable":true,"href":"https:\/\/conexion23.com\/index.php?rest_route=\/wp\/v2\/media\/33780"}],"wp:attachment":[{"href":"https:\/\/conexion23.com\/index.php?rest_route=%2Fwp%2Fv2%2Fmedia&parent=33779"}],"wp:term":[{"taxonomy":"category","embeddable":true,"href":"https:\/\/conexion23.com\/index.php?rest_route=%2Fwp%2Fv2%2Fcategories&post=33779"},{"taxonomy":"post_tag","embeddable":true,"href":"https:\/\/conexion23.com\/index.php?rest_route=%2Fwp%2Fv2%2Ftags&post=33779"}],"curies":[{"name":"wp","href":"https:\/\/api.w.org\/{rel}","templated":true}]}}