{"id":33782,"date":"2024-10-17T06:59:32","date_gmt":"2024-10-17T10:59:32","guid":{"rendered":"https:\/\/conexion23.com\/?p=33782"},"modified":"2024-10-17T06:59:33","modified_gmt":"2024-10-17T10:59:33","slug":"haiti-otorga-plazo-de-tres-meses-para-que-los-productos-cumplan-con-las-normas-de-etiquetado","status":"publish","type":"post","link":"https:\/\/conexion23.com\/?p=33782","title":{"rendered":"Hait\u00ed otorga plazo de tres meses para que los productos cumplan con las normas de etiquetado"},"content":{"rendered":"\n<p>El&nbsp;<strong>Ministerio<\/strong>&nbsp;de&nbsp;<strong>Comercio<\/strong>&nbsp;e Industria de Hait\u00ed emiti\u00f3 una&nbsp;<strong>moratoria<\/strong>&nbsp;de tres meses para que los fabricantes, importadores y distribuidores de alimentos preenvasados cumplan con las nuevas normas de&nbsp;<strong>etiquetado<\/strong>, que exigen informaci\u00f3n detallada de los&nbsp;<strong>productos<\/strong>&nbsp;en&nbsp;<strong>franc\u00e9s<\/strong>&nbsp;o en creole.<\/p>\n\n\n\n<p>\u00abCon el fin de proteger los derechos de los\u00a0<strong>consumidores<\/strong>, informamos al p\u00fablico en general y a los operadores econ\u00f3micos en particular que, a partir del 3\u00a0 enero del 2025, todos los\u00a0<strong>productos<\/strong>\u00a0locales e importados que no cumplan esta disposici\u00f3n reglamentaria no estar\u00e1n autorizados para venta\u00bb, se\u00f1ala el comunicado MCI\/DCQPC\/0018\/08\/24, emitido el pasado 30 de septiembre.<a href=\"https:\/\/www.instagram.com\/norbertorodprm\/\"><\/a><\/p>\n\n\n\n<p>Esto significa que la&nbsp;<strong>medida<\/strong>, que estaba pautada a&nbsp;<strong>implementarse<\/strong>&nbsp;el 1 de octubre, no lleg\u00f3 a entrar en vigencia debido a esta&nbsp;<strong>moratoria<\/strong>.<\/p>\n\n\n\n<p><a href=\"https:\/\/www.instagram.com\/norbertorodprm\/\"><\/a><\/p>\n\n\n\n<p>\u00abEstamos dando seguimiento a esa decisi\u00f3n tomada por las&nbsp;<strong>autoridades<\/strong>&nbsp;<strong>haitianas<\/strong>, y nos hemos asegurado de pasar el mensaje a nuestros socios, para que puedan aprovechar el&nbsp;<strong>plazo<\/strong>&nbsp;otorgado y dar fiel cumplimiento a los requerimientos legales en dicho&nbsp;<strong>mercado<\/strong>\u00ab, manifest\u00f3 el presidente de la Asociaci\u00f3n de Industrias de la Rep\u00fablica Dominicana (AIRD), Mario Pujols.<\/p>\n\n\n\n<h2 class=\"wp-block-heading\"><strong>Comercio<\/strong>&nbsp;fronterizo<\/h2>\n\n\n\n<p>En tanto, los dirigentes de gremios de&nbsp;<strong>comerciantes<\/strong>&nbsp;en&nbsp;<strong>Dajab\u00f3n<\/strong>&nbsp;constataron que, hasta el momento, la entrada y salida de&nbsp;<strong>mercanc\u00edas<\/strong>&nbsp;transcurre con normalidad en ese&nbsp;<strong>mercado<\/strong>&nbsp;fronterizo.<\/p>\n\n\n\n<p>El presidente de la Asociaci\u00f3n del Mercado Fronterizo de&nbsp;<strong>Dajab\u00f3n<\/strong>, Noel Fern\u00e1ndez, indic\u00f3 que, de todas maneras, hay&nbsp;<strong>comerciantes<\/strong>&nbsp;que se est\u00e1n poniendo al d\u00eda con sus&nbsp;<strong>registros<\/strong>&nbsp;sanitarios, otra de las exigencias que se les hab\u00eda requerido por parte de las&nbsp;<strong>autoridades<\/strong>&nbsp;<strong>haitianas<\/strong>&nbsp;para el ingreso de sus&nbsp;<strong>productos<\/strong>.<\/p>\n\n\n\n<p>\u00abHasta ahora, nosotros tomamos medidas, pero no he o\u00eddo que hayan detenido alguna mercanc\u00eda por esos requerimientos, todo est\u00e1 normal\u00bb, declar\u00f3, constatando que los\u00a0<strong>productos<\/strong>\u00a0preenvasados tambi\u00e9n se est\u00e1n\u00a0<strong>exportando<\/strong>\u00a0como siempre.<a href=\"https:\/\/puntoprints.com\/\"><\/a><\/p>\n\n\n\n<p>\u00abLa mayor\u00eda de los&nbsp;<strong>productos<\/strong>&nbsp;est\u00e1n en&nbsp;<strong>espa\u00f1ol<\/strong>, y no ha habido ning\u00fan inconveniente\u00bb, puntualiz\u00f3.<\/p>\n\n\n\n<p>El presidente de la Federaci\u00f3n de Comerciantes de&nbsp;<strong>Dajab\u00f3n<\/strong>, Freddy Morillo, explic\u00f3 que los&nbsp;<strong>comerciantes<\/strong>&nbsp;apoyan esta&nbsp;<strong>medida<\/strong>&nbsp;de que los&nbsp;<strong>productos<\/strong>&nbsp;est\u00e9n etiquetados en uno de los dos&nbsp;<strong>idiomas<\/strong>, ya que consideran que la comunicaci\u00f3n facilitar\u00eda a\u00fan m\u00e1s el intercambio en el comercio.<\/p>\n\n\n\n<p>\u00abEso no es un inconveniente. El que tiene su&nbsp;<strong>etiquetado<\/strong>&nbsp;<strong>y quiere exportar<\/strong>, tiene que asumir la literatura que el comprador quiera, en este caso, para que ellos (los haitianos), entiendan\u00bb, remarc\u00f3.<\/p>\n\n\n\n<p>Agreg\u00f3 que esto ser\u00eda conveniente para facilitar la compra de las mercanc\u00edas. \u00abQue el&nbsp;<strong>etiquetado<\/strong>&nbsp;est\u00e9 en los dos&nbsp;<strong>idiomas<\/strong>&nbsp;est\u00e1 excelente; nosotros lo aplaudimos y creemos que as\u00ed debe ser\u00bb, remarc\u00f3.<\/p>\n\n\n\n<p>Morillo considera que esta&nbsp;<strong>medida<\/strong>&nbsp;forma parte de las acciones que busca el vecino pa\u00eds para llevar un mensaje de seguridad al&nbsp;<strong>mercado<\/strong>&nbsp;y abrir un poco m\u00e1s su comercio.<\/p>\n","protected":false},"excerpt":{"rendered":"<p>El&nbsp;Ministerio&nbsp;de&nbsp;Comercio&nbsp;e Industria de Hait\u00ed emiti\u00f3 una&nbsp;moratoria&nbsp;de tres meses para que los fabricantes, importadores y distribuidores de alimentos preenvasados cumplan con las nuevas normas de&nbsp;etiquetado, que exigen informaci\u00f3n detallada de los&nbsp;productos&nbsp;en&nbsp;franc\u00e9s&nbsp;o en creole. \u00abCon el fin de proteger los derechos de los\u00a0consumidores, informamos al p\u00fablico en general y a los operadores econ\u00f3micos en particular que, a [&hellip;]<\/p>\n","protected":false},"author":15,"featured_media":33783,"comment_status":"open","ping_status":"open","sticky":false,"template":"","format":"standard","meta":{"footnotes":""},"categories":[1],"tags":[],"class_list":{"0":"post-33782","1":"post","2":"type-post","3":"status-publish","4":"format-standard","5":"has-post-thumbnail","7":"category-uncategorized"},"yoast_head":"<!-- This site is optimized with the Yoast SEO plugin v27.1.1 - https:\/\/yoast.com\/product\/yoast-seo-wordpress\/ -->\n<title>Hait\u00ed otorga plazo de tres meses para que los productos cumplan con las normas de etiquetado - Conexi\u00f3n 23<\/title>\n<meta name=\"robots\" content=\"index, follow, max-snippet:-1, max-image-preview:large, max-video-preview:-1\" \/>\n<link rel=\"canonical\" href=\"http:\/\/conexion23.com\/?p=33782\" \/>\n<meta property=\"og:locale\" content=\"es_ES\" \/>\n<meta property=\"og:type\" content=\"article\" \/>\n<meta property=\"og:title\" content=\"Hait\u00ed otorga plazo de tres meses para que los productos cumplan con las normas de etiquetado - Conexi\u00f3n 23\" \/>\n<meta property=\"og:description\" content=\"El&nbsp;Ministerio&nbsp;de&nbsp;Comercio&nbsp;e Industria de Hait\u00ed emiti\u00f3 una&nbsp;moratoria&nbsp;de tres meses para que los fabricantes, importadores y distribuidores de alimentos preenvasados cumplan con las nuevas normas de&nbsp;etiquetado, que exigen informaci\u00f3n detallada de los&nbsp;productos&nbsp;en&nbsp;franc\u00e9s&nbsp;o en creole. \u00abCon el fin de proteger los derechos de los\u00a0consumidores, informamos al p\u00fablico en general y a los operadores econ\u00f3micos en particular que, a [&hellip;]\" \/>\n<meta property=\"og:url\" content=\"http:\/\/conexion23.com\/?p=33782\" \/>\n<meta property=\"og:site_name\" content=\"Conexi\u00f3n 23\" \/>\n<meta property=\"article:publisher\" content=\"https:\/\/www.facebook.com\/conexion23com\" \/>\n<meta property=\"article:published_time\" content=\"2024-10-17T10:59:32+00:00\" \/>\n<meta property=\"article:modified_time\" content=\"2024-10-17T10:59:33+00:00\" \/>\n<meta property=\"og:image\" content=\"http:\/\/conexion23.com\/wp-content\/uploads\/2024\/10\/exportaciones-hacia-haiti-pais-vecino-aplaza-normativa-de-etiquetado-focus-0.02-min0.52-896-504.jpg\" \/>\n\t<meta property=\"og:image:width\" content=\"896\" \/>\n\t<meta property=\"og:image:height\" content=\"504\" \/>\n\t<meta property=\"og:image:type\" content=\"image\/jpeg\" \/>\n<meta name=\"author\" content=\"Raffy Ben\u00edtez\" \/>\n<meta name=\"twitter:card\" content=\"summary_large_image\" \/>\n<meta name=\"twitter:label1\" content=\"Escrito por\" \/>\n\t<meta name=\"twitter:data1\" content=\"Raffy Ben\u00edtez\" \/>\n\t<meta name=\"twitter:label2\" content=\"Tiempo de lectura\" \/>\n\t<meta name=\"twitter:data2\" content=\"3 minutos\" \/>\n<script type=\"application\/ld+json\" class=\"yoast-schema-graph\">{\"@context\":\"https:\/\/schema.org\",\"@graph\":[{\"@type\":\"Article\",\"@id\":\"http:\/\/conexion23.com\/?p=33782#article\",\"isPartOf\":{\"@id\":\"http:\/\/conexion23.com\/?p=33782\"},\"author\":{\"name\":\"Raffy Ben\u00edtez\",\"@id\":\"https:\/\/conexion23.com\/#\/schema\/person\/03e36043331117e97a373299bbcd30a6\"},\"headline\":\"Hait\u00ed otorga plazo de tres meses para que los productos cumplan con las normas de etiquetado\",\"datePublished\":\"2024-10-17T10:59:32+00:00\",\"dateModified\":\"2024-10-17T10:59:33+00:00\",\"mainEntityOfPage\":{\"@id\":\"http:\/\/conexion23.com\/?p=33782\"},\"wordCount\":553,\"commentCount\":0,\"publisher\":{\"@id\":\"https:\/\/conexion23.com\/#organization\"},\"image\":{\"@id\":\"http:\/\/conexion23.com\/?p=33782#primaryimage\"},\"thumbnailUrl\":\"https:\/\/conexion23.com\/wp-content\/uploads\/2024\/10\/exportaciones-hacia-haiti-pais-vecino-aplaza-normativa-de-etiquetado-focus-0.02-min0.52-896-504.jpg\",\"articleSection\":[\"Uncategorized\"],\"inLanguage\":\"es\",\"potentialAction\":[{\"@type\":\"CommentAction\",\"name\":\"Comment\",\"target\":[\"http:\/\/conexion23.com\/?p=33782#respond\"]}]},{\"@type\":\"WebPage\",\"@id\":\"http:\/\/conexion23.com\/?p=33782\",\"url\":\"http:\/\/conexion23.com\/?p=33782\",\"name\":\"Hait\u00ed otorga plazo de tres meses para que los productos cumplan con las normas de etiquetado - Conexi\u00f3n 23\",\"isPartOf\":{\"@id\":\"https:\/\/conexion23.com\/#website\"},\"primaryImageOfPage\":{\"@id\":\"http:\/\/conexion23.com\/?p=33782#primaryimage\"},\"image\":{\"@id\":\"http:\/\/conexion23.com\/?p=33782#primaryimage\"},\"thumbnailUrl\":\"https:\/\/conexion23.com\/wp-content\/uploads\/2024\/10\/exportaciones-hacia-haiti-pais-vecino-aplaza-normativa-de-etiquetado-focus-0.02-min0.52-896-504.jpg\",\"datePublished\":\"2024-10-17T10:59:32+00:00\",\"dateModified\":\"2024-10-17T10:59:33+00:00\",\"breadcrumb\":{\"@id\":\"http:\/\/conexion23.com\/?p=33782#breadcrumb\"},\"inLanguage\":\"es\",\"potentialAction\":[{\"@type\":\"ReadAction\",\"target\":[\"http:\/\/conexion23.com\/?p=33782\"]}]},{\"@type\":\"ImageObject\",\"inLanguage\":\"es\",\"@id\":\"http:\/\/conexion23.com\/?p=33782#primaryimage\",\"url\":\"https:\/\/conexion23.com\/wp-content\/uploads\/2024\/10\/exportaciones-hacia-haiti-pais-vecino-aplaza-normativa-de-etiquetado-focus-0.02-min0.52-896-504.jpg\",\"contentUrl\":\"https:\/\/conexion23.com\/wp-content\/uploads\/2024\/10\/exportaciones-hacia-haiti-pais-vecino-aplaza-normativa-de-etiquetado-focus-0.02-min0.52-896-504.jpg\",\"width\":896,\"height\":504},{\"@type\":\"BreadcrumbList\",\"@id\":\"http:\/\/conexion23.com\/?p=33782#breadcrumb\",\"itemListElement\":[{\"@type\":\"ListItem\",\"position\":1,\"name\":\"Portada\",\"item\":\"https:\/\/conexion23.com\/\"},{\"@type\":\"ListItem\",\"position\":2,\"name\":\"Hait\u00ed otorga plazo de tres meses para que los productos cumplan con las normas de etiquetado\"}]},{\"@type\":\"WebSite\",\"@id\":\"https:\/\/conexion23.com\/#website\",\"url\":\"https:\/\/conexion23.com\/\",\"name\":\"Conexi\u00f3n 23\",\"description\":\"Peri\u00f3dico 100% Petromacorisano\",\"publisher\":{\"@id\":\"https:\/\/conexion23.com\/#organization\"},\"potentialAction\":[{\"@type\":\"SearchAction\",\"target\":{\"@type\":\"EntryPoint\",\"urlTemplate\":\"https:\/\/conexion23.com\/?s={search_term_string}\"},\"query-input\":{\"@type\":\"PropertyValueSpecification\",\"valueRequired\":true,\"valueName\":\"search_term_string\"}}],\"inLanguage\":\"es\"},{\"@type\":\"Organization\",\"@id\":\"https:\/\/conexion23.com\/#organization\",\"name\":\"Conexion 23\",\"url\":\"https:\/\/conexion23.com\/\",\"logo\":{\"@type\":\"ImageObject\",\"inLanguage\":\"es\",\"@id\":\"https:\/\/conexion23.com\/#\/schema\/logo\/image\/\",\"url\":\"https:\/\/conexion23.com\/wp-content\/uploads\/2021\/11\/Diseno-sin-titulo-2.png\",\"contentUrl\":\"https:\/\/conexion23.com\/wp-content\/uploads\/2021\/11\/Diseno-sin-titulo-2.png\",\"width\":541,\"height\":90,\"caption\":\"Conexion 23\"},\"image\":{\"@id\":\"https:\/\/conexion23.com\/#\/schema\/logo\/image\/\"},\"sameAs\":[\"https:\/\/www.facebook.com\/conexion23com\",\"https:\/\/www.instagram.com\/conexion23com\/\",\"https:\/\/www.youtube.com\/channel\/UCYc7vxxFZMYLIHNsHHxPZ3Q\"]},{\"@type\":\"Person\",\"@id\":\"https:\/\/conexion23.com\/#\/schema\/person\/03e36043331117e97a373299bbcd30a6\",\"name\":\"Raffy Ben\u00edtez\",\"image\":{\"@type\":\"ImageObject\",\"inLanguage\":\"es\",\"@id\":\"https:\/\/conexion23.com\/#\/schema\/person\/image\/\",\"url\":\"https:\/\/secure.gravatar.com\/avatar\/3190a6a6c5e1b0327500f7d6c56b6242472ee6cb974cf09b401ee6b3b0798f23?s=96&d=mm&r=g\",\"contentUrl\":\"https:\/\/secure.gravatar.com\/avatar\/3190a6a6c5e1b0327500f7d6c56b6242472ee6cb974cf09b401ee6b3b0798f23?s=96&d=mm&r=g\",\"caption\":\"Raffy Ben\u00edtez\"},\"url\":\"https:\/\/conexion23.com\/?author=15\"}]}<\/script>\n<!-- \/ Yoast SEO plugin. -->","yoast_head_json":{"title":"Hait\u00ed otorga plazo de tres meses para que los productos cumplan con las normas de etiquetado - Conexi\u00f3n 23","robots":{"index":"index","follow":"follow","max-snippet":"max-snippet:-1","max-image-preview":"max-image-preview:large","max-video-preview":"max-video-preview:-1"},"canonical":"http:\/\/conexion23.com\/?p=33782","og_locale":"es_ES","og_type":"article","og_title":"Hait\u00ed otorga plazo de tres meses para que los productos cumplan con las normas de etiquetado - Conexi\u00f3n 23","og_description":"El&nbsp;Ministerio&nbsp;de&nbsp;Comercio&nbsp;e Industria de Hait\u00ed emiti\u00f3 una&nbsp;moratoria&nbsp;de tres meses para que los fabricantes, importadores y distribuidores de alimentos preenvasados cumplan con las nuevas normas de&nbsp;etiquetado, que exigen informaci\u00f3n detallada de los&nbsp;productos&nbsp;en&nbsp;franc\u00e9s&nbsp;o en creole. \u00abCon el fin de proteger los derechos de los\u00a0consumidores, informamos al p\u00fablico en general y a los operadores econ\u00f3micos en particular que, a [&hellip;]","og_url":"http:\/\/conexion23.com\/?p=33782","og_site_name":"Conexi\u00f3n 23","article_publisher":"https:\/\/www.facebook.com\/conexion23com","article_published_time":"2024-10-17T10:59:32+00:00","article_modified_time":"2024-10-17T10:59:33+00:00","og_image":[{"width":896,"height":504,"url":"http:\/\/conexion23.com\/wp-content\/uploads\/2024\/10\/exportaciones-hacia-haiti-pais-vecino-aplaza-normativa-de-etiquetado-focus-0.02-min0.52-896-504.jpg","type":"image\/jpeg"}],"author":"Raffy Ben\u00edtez","twitter_card":"summary_large_image","twitter_misc":{"Escrito por":"Raffy Ben\u00edtez","Tiempo de lectura":"3 minutos"},"schema":{"@context":"https:\/\/schema.org","@graph":[{"@type":"Article","@id":"http:\/\/conexion23.com\/?p=33782#article","isPartOf":{"@id":"http:\/\/conexion23.com\/?p=33782"},"author":{"name":"Raffy Ben\u00edtez","@id":"https:\/\/conexion23.com\/#\/schema\/person\/03e36043331117e97a373299bbcd30a6"},"headline":"Hait\u00ed otorga plazo de tres meses para que los productos cumplan con las normas de etiquetado","datePublished":"2024-10-17T10:59:32+00:00","dateModified":"2024-10-17T10:59:33+00:00","mainEntityOfPage":{"@id":"http:\/\/conexion23.com\/?p=33782"},"wordCount":553,"commentCount":0,"publisher":{"@id":"https:\/\/conexion23.com\/#organization"},"image":{"@id":"http:\/\/conexion23.com\/?p=33782#primaryimage"},"thumbnailUrl":"https:\/\/conexion23.com\/wp-content\/uploads\/2024\/10\/exportaciones-hacia-haiti-pais-vecino-aplaza-normativa-de-etiquetado-focus-0.02-min0.52-896-504.jpg","articleSection":["Uncategorized"],"inLanguage":"es","potentialAction":[{"@type":"CommentAction","name":"Comment","target":["http:\/\/conexion23.com\/?p=33782#respond"]}]},{"@type":"WebPage","@id":"http:\/\/conexion23.com\/?p=33782","url":"http:\/\/conexion23.com\/?p=33782","name":"Hait\u00ed otorga plazo de tres meses para que los productos cumplan con las normas de etiquetado - Conexi\u00f3n 23","isPartOf":{"@id":"https:\/\/conexion23.com\/#website"},"primaryImageOfPage":{"@id":"http:\/\/conexion23.com\/?p=33782#primaryimage"},"image":{"@id":"http:\/\/conexion23.com\/?p=33782#primaryimage"},"thumbnailUrl":"https:\/\/conexion23.com\/wp-content\/uploads\/2024\/10\/exportaciones-hacia-haiti-pais-vecino-aplaza-normativa-de-etiquetado-focus-0.02-min0.52-896-504.jpg","datePublished":"2024-10-17T10:59:32+00:00","dateModified":"2024-10-17T10:59:33+00:00","breadcrumb":{"@id":"http:\/\/conexion23.com\/?p=33782#breadcrumb"},"inLanguage":"es","potentialAction":[{"@type":"ReadAction","target":["http:\/\/conexion23.com\/?p=33782"]}]},{"@type":"ImageObject","inLanguage":"es","@id":"http:\/\/conexion23.com\/?p=33782#primaryimage","url":"https:\/\/conexion23.com\/wp-content\/uploads\/2024\/10\/exportaciones-hacia-haiti-pais-vecino-aplaza-normativa-de-etiquetado-focus-0.02-min0.52-896-504.jpg","contentUrl":"https:\/\/conexion23.com\/wp-content\/uploads\/2024\/10\/exportaciones-hacia-haiti-pais-vecino-aplaza-normativa-de-etiquetado-focus-0.02-min0.52-896-504.jpg","width":896,"height":504},{"@type":"BreadcrumbList","@id":"http:\/\/conexion23.com\/?p=33782#breadcrumb","itemListElement":[{"@type":"ListItem","position":1,"name":"Portada","item":"https:\/\/conexion23.com\/"},{"@type":"ListItem","position":2,"name":"Hait\u00ed otorga plazo de tres meses para que los productos cumplan con las normas de etiquetado"}]},{"@type":"WebSite","@id":"https:\/\/conexion23.com\/#website","url":"https:\/\/conexion23.com\/","name":"Conexi\u00f3n 23","description":"Peri\u00f3dico 100% Petromacorisano","publisher":{"@id":"https:\/\/conexion23.com\/#organization"},"potentialAction":[{"@type":"SearchAction","target":{"@type":"EntryPoint","urlTemplate":"https:\/\/conexion23.com\/?s={search_term_string}"},"query-input":{"@type":"PropertyValueSpecification","valueRequired":true,"valueName":"search_term_string"}}],"inLanguage":"es"},{"@type":"Organization","@id":"https:\/\/conexion23.com\/#organization","name":"Conexion 23","url":"https:\/\/conexion23.com\/","logo":{"@type":"ImageObject","inLanguage":"es","@id":"https:\/\/conexion23.com\/#\/schema\/logo\/image\/","url":"https:\/\/conexion23.com\/wp-content\/uploads\/2021\/11\/Diseno-sin-titulo-2.png","contentUrl":"https:\/\/conexion23.com\/wp-content\/uploads\/2021\/11\/Diseno-sin-titulo-2.png","width":541,"height":90,"caption":"Conexion 23"},"image":{"@id":"https:\/\/conexion23.com\/#\/schema\/logo\/image\/"},"sameAs":["https:\/\/www.facebook.com\/conexion23com","https:\/\/www.instagram.com\/conexion23com\/","https:\/\/www.youtube.com\/channel\/UCYc7vxxFZMYLIHNsHHxPZ3Q"]},{"@type":"Person","@id":"https:\/\/conexion23.com\/#\/schema\/person\/03e36043331117e97a373299bbcd30a6","name":"Raffy Ben\u00edtez","image":{"@type":"ImageObject","inLanguage":"es","@id":"https:\/\/conexion23.com\/#\/schema\/person\/image\/","url":"https:\/\/secure.gravatar.com\/avatar\/3190a6a6c5e1b0327500f7d6c56b6242472ee6cb974cf09b401ee6b3b0798f23?s=96&d=mm&r=g","contentUrl":"https:\/\/secure.gravatar.com\/avatar\/3190a6a6c5e1b0327500f7d6c56b6242472ee6cb974cf09b401ee6b3b0798f23?s=96&d=mm&r=g","caption":"Raffy Ben\u00edtez"},"url":"https:\/\/conexion23.com\/?author=15"}]}},"_links":{"self":[{"href":"https:\/\/conexion23.com\/index.php?rest_route=\/wp\/v2\/posts\/33782","targetHints":{"allow":["GET"]}}],"collection":[{"href":"https:\/\/conexion23.com\/index.php?rest_route=\/wp\/v2\/posts"}],"about":[{"href":"https:\/\/conexion23.com\/index.php?rest_route=\/wp\/v2\/types\/post"}],"author":[{"embeddable":true,"href":"https:\/\/conexion23.com\/index.php?rest_route=\/wp\/v2\/users\/15"}],"replies":[{"embeddable":true,"href":"https:\/\/conexion23.com\/index.php?rest_route=%2Fwp%2Fv2%2Fcomments&post=33782"}],"version-history":[{"count":1,"href":"https:\/\/conexion23.com\/index.php?rest_route=\/wp\/v2\/posts\/33782\/revisions"}],"predecessor-version":[{"id":33784,"href":"https:\/\/conexion23.com\/index.php?rest_route=\/wp\/v2\/posts\/33782\/revisions\/33784"}],"wp:featuredmedia":[{"embeddable":true,"href":"https:\/\/conexion23.com\/index.php?rest_route=\/wp\/v2\/media\/33783"}],"wp:attachment":[{"href":"https:\/\/conexion23.com\/index.php?rest_route=%2Fwp%2Fv2%2Fmedia&parent=33782"}],"wp:term":[{"taxonomy":"category","embeddable":true,"href":"https:\/\/conexion23.com\/index.php?rest_route=%2Fwp%2Fv2%2Fcategories&post=33782"},{"taxonomy":"post_tag","embeddable":true,"href":"https:\/\/conexion23.com\/index.php?rest_route=%2Fwp%2Fv2%2Ftags&post=33782"}],"curies":[{"name":"wp","href":"https:\/\/api.w.org\/{rel}","templated":true}]}}