{"id":33832,"date":"2024-10-18T07:14:17","date_gmt":"2024-10-18T11:14:17","guid":{"rendered":"https:\/\/conexion23.com\/?p=33832"},"modified":"2024-10-18T07:14:18","modified_gmt":"2024-10-18T11:14:18","slug":"la-casa-blanca-conmemora-el-mes-de-la-herencia-hispana-con-dominicanos-en-la-administracion-de-estados-unidos","status":"publish","type":"post","link":"https:\/\/conexion23.com\/?p=33832","title":{"rendered":"La Casa Blanca conmemora el Mes de la Herencia Hispana con dominicanos en la administraci\u00f3n de Estados Unidos."},"content":{"rendered":"\n<p>En el marco del cierre del&nbsp;<strong>Mes de la Herencia Hispana<\/strong>, la&nbsp;<strong>Casa Blanca<\/strong>&nbsp;convoc\u00f3 a una fotograf\u00eda oficial con el personal latino nombrado en todas las agencias y departamentos de la&nbsp;<strong>administraci\u00f3n Biden-Harris<\/strong>.<\/p>\n\n\n\n<p>Entre ellos, se destacaron varios\u00a0<strong>dominicanos<\/strong>\u00a0que ocupan posiciones clave dentro del\u00a0<strong>gobierno federal<\/strong>, demostrando el compromiso de la administraci\u00f3n con la diversidad y la representaci\u00f3n hispana.<a href=\"https:\/\/www.instagram.com\/norbertorodprm\/\"><\/a><\/p>\n\n\n\n<p>Entre los\u00a0<strong>dominicanos<\/strong>\u00a0presentes,\u00a0<strong>Tom P\u00e9rez<\/strong>, asesor principal del presidente Biden y director de la Oficina de Relaciones Intergubernamentales, es uno de los latinos de mayor rango en el gobierno estadounidense.<a href=\"https:\/\/www.instagram.com\/norbertorodprm\/\"><\/a><\/p>\n\n\n\n<p>Junto a P\u00e9rez figuran las dominicanas destacadas&nbsp;<strong>Elizabeth de Le\u00f3n<\/strong>, subsecretaria de Vivienda;&nbsp;<strong>Laura Jim\u00e9nez<\/strong>, asesora senior para el Hemisferio Occidental; y Johanny Adames, jefa de prensa del Departamento de Educaci\u00f3n.<\/p>\n\n\n\n<p>Tambi\u00e9n estuvieron presentes&nbsp;<strong>Kelly Fay Rodr\u00edguez<\/strong>, representante especial para asuntos laborales internacionales en el Departamento de Estado;&nbsp;<strong>Serame Castillo<\/strong>, asesor principal para la secretaria de Comercio, Gina Raimondo; y Chris D\u00edaz, jefe de personal de la Secretar\u00eda de la Armada Estadounidense.<\/p>\n\n\n\n<p>Estos&nbsp;<strong>dominicanos<\/strong>&nbsp;forman parte de un n\u00famero hist\u00f3rico de&nbsp;<strong>latinos nombrados<\/strong>&nbsp;para servir en el&nbsp;<strong>poder ejecutivo<\/strong>, representando diferentes \u00e1reas de la pol\u00edtica y del gobierno a nivel federal y local en EE.UU. Su experiencia profesional es un testimonio del talento y la dedicaci\u00f3n de la comunidad dominicana y latina en general.<\/p>\n","protected":false},"excerpt":{"rendered":"<p>En el marco del cierre del&nbsp;Mes de la Herencia Hispana, la&nbsp;Casa Blanca&nbsp;convoc\u00f3 a una fotograf\u00eda oficial con el personal latino nombrado en todas las agencias y departamentos de la&nbsp;administraci\u00f3n Biden-Harris. Entre ellos, se destacaron varios\u00a0dominicanos\u00a0que ocupan posiciones clave dentro del\u00a0gobierno federal, demostrando el compromiso de la administraci\u00f3n con la diversidad y la representaci\u00f3n hispana. Entre [&hellip;]<\/p>\n","protected":false},"author":15,"featured_media":33833,"comment_status":"open","ping_status":"open","sticky":false,"template":"","format":"standard","meta":{"footnotes":""},"categories":[1],"tags":[],"class_list":{"0":"post-33832","1":"post","2":"type-post","3":"status-publish","4":"format-standard","5":"has-post-thumbnail","7":"category-uncategorized"},"yoast_head":"<!-- This site is optimized with the Yoast SEO plugin v27.1.1 - https:\/\/yoast.com\/product\/yoast-seo-wordpress\/ -->\n<title>La Casa Blanca conmemora el Mes de la Herencia Hispana con dominicanos en la administraci\u00f3n de Estados Unidos. - Conexi\u00f3n 23<\/title>\n<meta name=\"robots\" content=\"index, follow, max-snippet:-1, max-image-preview:large, max-video-preview:-1\" \/>\n<link rel=\"canonical\" href=\"http:\/\/conexion23.com\/?p=33832\" \/>\n<meta property=\"og:locale\" content=\"es_ES\" \/>\n<meta property=\"og:type\" content=\"article\" \/>\n<meta property=\"og:title\" content=\"La Casa Blanca conmemora el Mes de la Herencia Hispana con dominicanos en la administraci\u00f3n de Estados Unidos. - Conexi\u00f3n 23\" \/>\n<meta property=\"og:description\" content=\"En el marco del cierre del&nbsp;Mes de la Herencia Hispana, la&nbsp;Casa Blanca&nbsp;convoc\u00f3 a una fotograf\u00eda oficial con el personal latino nombrado en todas las agencias y departamentos de la&nbsp;administraci\u00f3n Biden-Harris. Entre ellos, se destacaron varios\u00a0dominicanos\u00a0que ocupan posiciones clave dentro del\u00a0gobierno federal, demostrando el compromiso de la administraci\u00f3n con la diversidad y la representaci\u00f3n hispana. Entre [&hellip;]\" \/>\n<meta property=\"og:url\" content=\"http:\/\/conexion23.com\/?p=33832\" \/>\n<meta property=\"og:site_name\" content=\"Conexi\u00f3n 23\" \/>\n<meta property=\"article:publisher\" content=\"https:\/\/www.facebook.com\/conexion23com\" \/>\n<meta property=\"article:published_time\" content=\"2024-10-18T11:14:17+00:00\" \/>\n<meta property=\"article:modified_time\" content=\"2024-10-18T11:14:18+00:00\" \/>\n<meta property=\"og:image\" content=\"http:\/\/conexion23.com\/wp-content\/uploads\/2024\/10\/dominicanos-en-gobierno-de-eeuu-casa-blanca-los-celebra-focus-min0.04-0.49-896-504.jpg\" \/>\n\t<meta property=\"og:image:width\" content=\"896\" \/>\n\t<meta property=\"og:image:height\" content=\"504\" \/>\n\t<meta property=\"og:image:type\" content=\"image\/jpeg\" \/>\n<meta name=\"author\" content=\"Raffy Ben\u00edtez\" \/>\n<meta name=\"twitter:card\" content=\"summary_large_image\" \/>\n<meta name=\"twitter:label1\" content=\"Escrito por\" \/>\n\t<meta name=\"twitter:data1\" content=\"Raffy Ben\u00edtez\" \/>\n\t<meta name=\"twitter:label2\" content=\"Tiempo de lectura\" \/>\n\t<meta name=\"twitter:data2\" content=\"2 minutos\" \/>\n<script type=\"application\/ld+json\" class=\"yoast-schema-graph\">{\"@context\":\"https:\/\/schema.org\",\"@graph\":[{\"@type\":\"Article\",\"@id\":\"http:\/\/conexion23.com\/?p=33832#article\",\"isPartOf\":{\"@id\":\"http:\/\/conexion23.com\/?p=33832\"},\"author\":{\"name\":\"Raffy Ben\u00edtez\",\"@id\":\"https:\/\/conexion23.com\/#\/schema\/person\/03e36043331117e97a373299bbcd30a6\"},\"headline\":\"La Casa Blanca conmemora el Mes de la Herencia Hispana con dominicanos en la administraci\u00f3n de Estados Unidos.\",\"datePublished\":\"2024-10-18T11:14:17+00:00\",\"dateModified\":\"2024-10-18T11:14:18+00:00\",\"mainEntityOfPage\":{\"@id\":\"http:\/\/conexion23.com\/?p=33832\"},\"wordCount\":266,\"commentCount\":0,\"publisher\":{\"@id\":\"https:\/\/conexion23.com\/#organization\"},\"image\":{\"@id\":\"http:\/\/conexion23.com\/?p=33832#primaryimage\"},\"thumbnailUrl\":\"https:\/\/conexion23.com\/wp-content\/uploads\/2024\/10\/dominicanos-en-gobierno-de-eeuu-casa-blanca-los-celebra-focus-min0.04-0.49-896-504.jpg\",\"articleSection\":[\"Uncategorized\"],\"inLanguage\":\"es\",\"potentialAction\":[{\"@type\":\"CommentAction\",\"name\":\"Comment\",\"target\":[\"http:\/\/conexion23.com\/?p=33832#respond\"]}]},{\"@type\":\"WebPage\",\"@id\":\"http:\/\/conexion23.com\/?p=33832\",\"url\":\"http:\/\/conexion23.com\/?p=33832\",\"name\":\"La Casa Blanca conmemora el Mes de la Herencia Hispana con dominicanos en la administraci\u00f3n de Estados Unidos. - Conexi\u00f3n 23\",\"isPartOf\":{\"@id\":\"https:\/\/conexion23.com\/#website\"},\"primaryImageOfPage\":{\"@id\":\"http:\/\/conexion23.com\/?p=33832#primaryimage\"},\"image\":{\"@id\":\"http:\/\/conexion23.com\/?p=33832#primaryimage\"},\"thumbnailUrl\":\"https:\/\/conexion23.com\/wp-content\/uploads\/2024\/10\/dominicanos-en-gobierno-de-eeuu-casa-blanca-los-celebra-focus-min0.04-0.49-896-504.jpg\",\"datePublished\":\"2024-10-18T11:14:17+00:00\",\"dateModified\":\"2024-10-18T11:14:18+00:00\",\"breadcrumb\":{\"@id\":\"http:\/\/conexion23.com\/?p=33832#breadcrumb\"},\"inLanguage\":\"es\",\"potentialAction\":[{\"@type\":\"ReadAction\",\"target\":[\"http:\/\/conexion23.com\/?p=33832\"]}]},{\"@type\":\"ImageObject\",\"inLanguage\":\"es\",\"@id\":\"http:\/\/conexion23.com\/?p=33832#primaryimage\",\"url\":\"https:\/\/conexion23.com\/wp-content\/uploads\/2024\/10\/dominicanos-en-gobierno-de-eeuu-casa-blanca-los-celebra-focus-min0.04-0.49-896-504.jpg\",\"contentUrl\":\"https:\/\/conexion23.com\/wp-content\/uploads\/2024\/10\/dominicanos-en-gobierno-de-eeuu-casa-blanca-los-celebra-focus-min0.04-0.49-896-504.jpg\",\"width\":896,\"height\":504},{\"@type\":\"BreadcrumbList\",\"@id\":\"http:\/\/conexion23.com\/?p=33832#breadcrumb\",\"itemListElement\":[{\"@type\":\"ListItem\",\"position\":1,\"name\":\"Portada\",\"item\":\"https:\/\/conexion23.com\/\"},{\"@type\":\"ListItem\",\"position\":2,\"name\":\"La Casa Blanca conmemora el Mes de la Herencia Hispana con dominicanos en la administraci\u00f3n de Estados Unidos.\"}]},{\"@type\":\"WebSite\",\"@id\":\"https:\/\/conexion23.com\/#website\",\"url\":\"https:\/\/conexion23.com\/\",\"name\":\"Conexi\u00f3n 23\",\"description\":\"Peri\u00f3dico 100% Petromacorisano\",\"publisher\":{\"@id\":\"https:\/\/conexion23.com\/#organization\"},\"potentialAction\":[{\"@type\":\"SearchAction\",\"target\":{\"@type\":\"EntryPoint\",\"urlTemplate\":\"https:\/\/conexion23.com\/?s={search_term_string}\"},\"query-input\":{\"@type\":\"PropertyValueSpecification\",\"valueRequired\":true,\"valueName\":\"search_term_string\"}}],\"inLanguage\":\"es\"},{\"@type\":\"Organization\",\"@id\":\"https:\/\/conexion23.com\/#organization\",\"name\":\"Conexion 23\",\"url\":\"https:\/\/conexion23.com\/\",\"logo\":{\"@type\":\"ImageObject\",\"inLanguage\":\"es\",\"@id\":\"https:\/\/conexion23.com\/#\/schema\/logo\/image\/\",\"url\":\"https:\/\/conexion23.com\/wp-content\/uploads\/2021\/11\/Diseno-sin-titulo-2.png\",\"contentUrl\":\"https:\/\/conexion23.com\/wp-content\/uploads\/2021\/11\/Diseno-sin-titulo-2.png\",\"width\":541,\"height\":90,\"caption\":\"Conexion 23\"},\"image\":{\"@id\":\"https:\/\/conexion23.com\/#\/schema\/logo\/image\/\"},\"sameAs\":[\"https:\/\/www.facebook.com\/conexion23com\",\"https:\/\/www.instagram.com\/conexion23com\/\",\"https:\/\/www.youtube.com\/channel\/UCYc7vxxFZMYLIHNsHHxPZ3Q\"]},{\"@type\":\"Person\",\"@id\":\"https:\/\/conexion23.com\/#\/schema\/person\/03e36043331117e97a373299bbcd30a6\",\"name\":\"Raffy Ben\u00edtez\",\"image\":{\"@type\":\"ImageObject\",\"inLanguage\":\"es\",\"@id\":\"https:\/\/conexion23.com\/#\/schema\/person\/image\/\",\"url\":\"https:\/\/secure.gravatar.com\/avatar\/3190a6a6c5e1b0327500f7d6c56b6242472ee6cb974cf09b401ee6b3b0798f23?s=96&d=mm&r=g\",\"contentUrl\":\"https:\/\/secure.gravatar.com\/avatar\/3190a6a6c5e1b0327500f7d6c56b6242472ee6cb974cf09b401ee6b3b0798f23?s=96&d=mm&r=g\",\"caption\":\"Raffy Ben\u00edtez\"},\"url\":\"https:\/\/conexion23.com\/?author=15\"}]}<\/script>\n<!-- \/ Yoast SEO plugin. -->","yoast_head_json":{"title":"La Casa Blanca conmemora el Mes de la Herencia Hispana con dominicanos en la administraci\u00f3n de Estados Unidos. - Conexi\u00f3n 23","robots":{"index":"index","follow":"follow","max-snippet":"max-snippet:-1","max-image-preview":"max-image-preview:large","max-video-preview":"max-video-preview:-1"},"canonical":"http:\/\/conexion23.com\/?p=33832","og_locale":"es_ES","og_type":"article","og_title":"La Casa Blanca conmemora el Mes de la Herencia Hispana con dominicanos en la administraci\u00f3n de Estados Unidos. - Conexi\u00f3n 23","og_description":"En el marco del cierre del&nbsp;Mes de la Herencia Hispana, la&nbsp;Casa Blanca&nbsp;convoc\u00f3 a una fotograf\u00eda oficial con el personal latino nombrado en todas las agencias y departamentos de la&nbsp;administraci\u00f3n Biden-Harris. Entre ellos, se destacaron varios\u00a0dominicanos\u00a0que ocupan posiciones clave dentro del\u00a0gobierno federal, demostrando el compromiso de la administraci\u00f3n con la diversidad y la representaci\u00f3n hispana. Entre [&hellip;]","og_url":"http:\/\/conexion23.com\/?p=33832","og_site_name":"Conexi\u00f3n 23","article_publisher":"https:\/\/www.facebook.com\/conexion23com","article_published_time":"2024-10-18T11:14:17+00:00","article_modified_time":"2024-10-18T11:14:18+00:00","og_image":[{"width":896,"height":504,"url":"http:\/\/conexion23.com\/wp-content\/uploads\/2024\/10\/dominicanos-en-gobierno-de-eeuu-casa-blanca-los-celebra-focus-min0.04-0.49-896-504.jpg","type":"image\/jpeg"}],"author":"Raffy Ben\u00edtez","twitter_card":"summary_large_image","twitter_misc":{"Escrito por":"Raffy Ben\u00edtez","Tiempo de lectura":"2 minutos"},"schema":{"@context":"https:\/\/schema.org","@graph":[{"@type":"Article","@id":"http:\/\/conexion23.com\/?p=33832#article","isPartOf":{"@id":"http:\/\/conexion23.com\/?p=33832"},"author":{"name":"Raffy Ben\u00edtez","@id":"https:\/\/conexion23.com\/#\/schema\/person\/03e36043331117e97a373299bbcd30a6"},"headline":"La Casa Blanca conmemora el Mes de la Herencia Hispana con dominicanos en la administraci\u00f3n de Estados Unidos.","datePublished":"2024-10-18T11:14:17+00:00","dateModified":"2024-10-18T11:14:18+00:00","mainEntityOfPage":{"@id":"http:\/\/conexion23.com\/?p=33832"},"wordCount":266,"commentCount":0,"publisher":{"@id":"https:\/\/conexion23.com\/#organization"},"image":{"@id":"http:\/\/conexion23.com\/?p=33832#primaryimage"},"thumbnailUrl":"https:\/\/conexion23.com\/wp-content\/uploads\/2024\/10\/dominicanos-en-gobierno-de-eeuu-casa-blanca-los-celebra-focus-min0.04-0.49-896-504.jpg","articleSection":["Uncategorized"],"inLanguage":"es","potentialAction":[{"@type":"CommentAction","name":"Comment","target":["http:\/\/conexion23.com\/?p=33832#respond"]}]},{"@type":"WebPage","@id":"http:\/\/conexion23.com\/?p=33832","url":"http:\/\/conexion23.com\/?p=33832","name":"La Casa Blanca conmemora el Mes de la Herencia Hispana con dominicanos en la administraci\u00f3n de Estados Unidos. - Conexi\u00f3n 23","isPartOf":{"@id":"https:\/\/conexion23.com\/#website"},"primaryImageOfPage":{"@id":"http:\/\/conexion23.com\/?p=33832#primaryimage"},"image":{"@id":"http:\/\/conexion23.com\/?p=33832#primaryimage"},"thumbnailUrl":"https:\/\/conexion23.com\/wp-content\/uploads\/2024\/10\/dominicanos-en-gobierno-de-eeuu-casa-blanca-los-celebra-focus-min0.04-0.49-896-504.jpg","datePublished":"2024-10-18T11:14:17+00:00","dateModified":"2024-10-18T11:14:18+00:00","breadcrumb":{"@id":"http:\/\/conexion23.com\/?p=33832#breadcrumb"},"inLanguage":"es","potentialAction":[{"@type":"ReadAction","target":["http:\/\/conexion23.com\/?p=33832"]}]},{"@type":"ImageObject","inLanguage":"es","@id":"http:\/\/conexion23.com\/?p=33832#primaryimage","url":"https:\/\/conexion23.com\/wp-content\/uploads\/2024\/10\/dominicanos-en-gobierno-de-eeuu-casa-blanca-los-celebra-focus-min0.04-0.49-896-504.jpg","contentUrl":"https:\/\/conexion23.com\/wp-content\/uploads\/2024\/10\/dominicanos-en-gobierno-de-eeuu-casa-blanca-los-celebra-focus-min0.04-0.49-896-504.jpg","width":896,"height":504},{"@type":"BreadcrumbList","@id":"http:\/\/conexion23.com\/?p=33832#breadcrumb","itemListElement":[{"@type":"ListItem","position":1,"name":"Portada","item":"https:\/\/conexion23.com\/"},{"@type":"ListItem","position":2,"name":"La Casa Blanca conmemora el Mes de la Herencia Hispana con dominicanos en la administraci\u00f3n de Estados Unidos."}]},{"@type":"WebSite","@id":"https:\/\/conexion23.com\/#website","url":"https:\/\/conexion23.com\/","name":"Conexi\u00f3n 23","description":"Peri\u00f3dico 100% Petromacorisano","publisher":{"@id":"https:\/\/conexion23.com\/#organization"},"potentialAction":[{"@type":"SearchAction","target":{"@type":"EntryPoint","urlTemplate":"https:\/\/conexion23.com\/?s={search_term_string}"},"query-input":{"@type":"PropertyValueSpecification","valueRequired":true,"valueName":"search_term_string"}}],"inLanguage":"es"},{"@type":"Organization","@id":"https:\/\/conexion23.com\/#organization","name":"Conexion 23","url":"https:\/\/conexion23.com\/","logo":{"@type":"ImageObject","inLanguage":"es","@id":"https:\/\/conexion23.com\/#\/schema\/logo\/image\/","url":"https:\/\/conexion23.com\/wp-content\/uploads\/2021\/11\/Diseno-sin-titulo-2.png","contentUrl":"https:\/\/conexion23.com\/wp-content\/uploads\/2021\/11\/Diseno-sin-titulo-2.png","width":541,"height":90,"caption":"Conexion 23"},"image":{"@id":"https:\/\/conexion23.com\/#\/schema\/logo\/image\/"},"sameAs":["https:\/\/www.facebook.com\/conexion23com","https:\/\/www.instagram.com\/conexion23com\/","https:\/\/www.youtube.com\/channel\/UCYc7vxxFZMYLIHNsHHxPZ3Q"]},{"@type":"Person","@id":"https:\/\/conexion23.com\/#\/schema\/person\/03e36043331117e97a373299bbcd30a6","name":"Raffy Ben\u00edtez","image":{"@type":"ImageObject","inLanguage":"es","@id":"https:\/\/conexion23.com\/#\/schema\/person\/image\/","url":"https:\/\/secure.gravatar.com\/avatar\/3190a6a6c5e1b0327500f7d6c56b6242472ee6cb974cf09b401ee6b3b0798f23?s=96&d=mm&r=g","contentUrl":"https:\/\/secure.gravatar.com\/avatar\/3190a6a6c5e1b0327500f7d6c56b6242472ee6cb974cf09b401ee6b3b0798f23?s=96&d=mm&r=g","caption":"Raffy Ben\u00edtez"},"url":"https:\/\/conexion23.com\/?author=15"}]}},"_links":{"self":[{"href":"https:\/\/conexion23.com\/index.php?rest_route=\/wp\/v2\/posts\/33832","targetHints":{"allow":["GET"]}}],"collection":[{"href":"https:\/\/conexion23.com\/index.php?rest_route=\/wp\/v2\/posts"}],"about":[{"href":"https:\/\/conexion23.com\/index.php?rest_route=\/wp\/v2\/types\/post"}],"author":[{"embeddable":true,"href":"https:\/\/conexion23.com\/index.php?rest_route=\/wp\/v2\/users\/15"}],"replies":[{"embeddable":true,"href":"https:\/\/conexion23.com\/index.php?rest_route=%2Fwp%2Fv2%2Fcomments&post=33832"}],"version-history":[{"count":1,"href":"https:\/\/conexion23.com\/index.php?rest_route=\/wp\/v2\/posts\/33832\/revisions"}],"predecessor-version":[{"id":33834,"href":"https:\/\/conexion23.com\/index.php?rest_route=\/wp\/v2\/posts\/33832\/revisions\/33834"}],"wp:featuredmedia":[{"embeddable":true,"href":"https:\/\/conexion23.com\/index.php?rest_route=\/wp\/v2\/media\/33833"}],"wp:attachment":[{"href":"https:\/\/conexion23.com\/index.php?rest_route=%2Fwp%2Fv2%2Fmedia&parent=33832"}],"wp:term":[{"taxonomy":"category","embeddable":true,"href":"https:\/\/conexion23.com\/index.php?rest_route=%2Fwp%2Fv2%2Fcategories&post=33832"},{"taxonomy":"post_tag","embeddable":true,"href":"https:\/\/conexion23.com\/index.php?rest_route=%2Fwp%2Fv2%2Ftags&post=33832"}],"curies":[{"name":"wp","href":"https:\/\/api.w.org\/{rel}","templated":true}]}}