{"id":33951,"date":"2024-10-22T07:24:58","date_gmt":"2024-10-22T11:24:58","guid":{"rendered":"https:\/\/conexion23.com\/?p=33951"},"modified":"2024-10-22T07:25:00","modified_gmt":"2024-10-22T11:25:00","slug":"al-menos-seis-muertos-por-huracan-oscar-en-cuba","status":"publish","type":"post","link":"https:\/\/conexion23.com\/?p=33951","title":{"rendered":"Al menos seis muertos por hurac\u00e1n \u2018Oscar\u2019 en Cuba."},"content":{"rendered":"\n<p><strong>Al menos seis personas han perdido la vida en Cuba tras el impacto del hurac\u00e1n \u2018Oscar\u2019, que toc\u00f3 tierra hace 24 horas en la regi\u00f3n oriental del pa\u00eds. Este fen\u00f3meno meteorol\u00f3gico ha coincidido con una grave crisis de apagones que ha dejado a gran parte de la isla sin suministro el\u00e9ctrico desde el viernes pasado.<\/strong><\/p>\n\n\n\n<figure class=\"wp-block-image is-resized\"><img decoding=\"async\" src=\"https:\/\/www.diariodigital.com.do\/wp-content\/uploads\/2024\/10\/IMG_6210-1024x576.jpeg\" alt=\"\" class=\"wp-image-632672\" style=\"width:485px;height:auto\"\/><\/figure>\n\n\n\n<p>El presidente&nbsp;<strong>Miguel D\u00edaz-Canel i<\/strong>nform\u00f3 sobre la emergencia en los municipios de Im\u00edas y San Antonio del Sur, donde las Fuerzas Armadas Revolucionarias de Cuba (FAR) y el Ministerio del Interior lideran las operaciones de rescate. En su cuenta de X, D\u00edaz-Canel indic\u00f3 que \u201ctoda Cuba est\u00e1 enfocada en Guant\u00e1namo\u201d, donde algunas \u00e1reas a\u00fan son inaccesibles.<\/p>\n\n\n\n<p>Debido a esta crisis, el mandatario cubano ha decidido cancelar su asistencia a la cumbre de los BRICS que se llevar\u00e1 a cabo esta semana en Kaz\u00e1n, Rusia. \u201cPara Cuba, es un alt\u00edsimo honor participar en esta cumbre (\u2026)<\/p>\n\n\n\n<p>En los BRICS, sentimos un ambiente muy favorable para un pa\u00eds como el nuestro, que ha estado constantemente asediado por la pol\u00edtica imperial\u201d, expres\u00f3 D\u00edaz-Canel. En su lugar, el ministro de Exteriores, Bruno Rodr\u00edguez, representar\u00e1 a la delegaci\u00f3n cubana en las reuniones con l\u00edderes como Vladimir Putin y Xi Jinping.<\/p>\n\n\n\n<p>La crisis de apagones ha desatado protestas y caceroladas en diversas ciudades, ante lo cual D\u00edaz-Canel advirti\u00f3 que su Gobierno no tolerar\u00e1 \u201chechos vand\u00e1licos\u201d. La Uni\u00f3n Nacional El\u00e9ctrica (UNE), bajo el Ministerio de Energ\u00eda y Minas, ha reportado que el sistema el\u00e9ctrico de La Habana ha sido restaurado, aunque a\u00fan persisten algunas aver\u00edas.<\/p>\n\n\n\n<p>Cuba enfrenta una situaci\u00f3n cr\u00edtica mientras los esfuerzos de rescate contin\u00faan y la poblaci\u00f3n clama por soluciones a las recurrentes fallas en el suministro el\u00e9ctrico.<\/p>\n","protected":false},"excerpt":{"rendered":"<p>Al menos seis personas han perdido la vida en Cuba tras el impacto del hurac\u00e1n \u2018Oscar\u2019, que toc\u00f3 tierra hace 24 horas en la regi\u00f3n oriental del pa\u00eds. Este fen\u00f3meno meteorol\u00f3gico ha coincidido con una grave crisis de apagones que ha dejado a gran parte de la isla sin suministro el\u00e9ctrico desde el viernes pasado. [&hellip;]<\/p>\n","protected":false},"author":15,"featured_media":33952,"comment_status":"open","ping_status":"open","sticky":false,"template":"","format":"standard","meta":{"footnotes":""},"categories":[1],"tags":[],"class_list":{"0":"post-33951","1":"post","2":"type-post","3":"status-publish","4":"format-standard","5":"has-post-thumbnail","7":"category-uncategorized"},"yoast_head":"<!-- This site is optimized with the Yoast SEO plugin v27.1.1 - https:\/\/yoast.com\/product\/yoast-seo-wordpress\/ -->\n<title>Al menos seis muertos por hurac\u00e1n \u2018Oscar\u2019 en Cuba. - Conexi\u00f3n 23<\/title>\n<meta name=\"robots\" content=\"index, follow, max-snippet:-1, max-image-preview:large, max-video-preview:-1\" \/>\n<link rel=\"canonical\" href=\"http:\/\/conexion23.com\/?p=33951\" \/>\n<meta property=\"og:locale\" content=\"es_ES\" \/>\n<meta property=\"og:type\" content=\"article\" \/>\n<meta property=\"og:title\" content=\"Al menos seis muertos por hurac\u00e1n \u2018Oscar\u2019 en Cuba. - Conexi\u00f3n 23\" \/>\n<meta property=\"og:description\" content=\"Al menos seis personas han perdido la vida en Cuba tras el impacto del hurac\u00e1n \u2018Oscar\u2019, que toc\u00f3 tierra hace 24 horas en la regi\u00f3n oriental del pa\u00eds. Este fen\u00f3meno meteorol\u00f3gico ha coincidido con una grave crisis de apagones que ha dejado a gran parte de la isla sin suministro el\u00e9ctrico desde el viernes pasado. [&hellip;]\" \/>\n<meta property=\"og:url\" content=\"http:\/\/conexion23.com\/?p=33951\" \/>\n<meta property=\"og:site_name\" content=\"Conexi\u00f3n 23\" \/>\n<meta property=\"article:publisher\" content=\"https:\/\/www.facebook.com\/conexion23com\" \/>\n<meta property=\"article:published_time\" content=\"2024-10-22T11:24:58+00:00\" \/>\n<meta property=\"article:modified_time\" content=\"2024-10-22T11:25:00+00:00\" \/>\n<meta property=\"og:image\" content=\"http:\/\/conexion23.com\/wp-content\/uploads\/2024\/10\/IMG_6211.jpeg\" \/>\n\t<meta property=\"og:image:width\" content=\"450\" \/>\n\t<meta property=\"og:image:height\" content=\"253\" \/>\n\t<meta property=\"og:image:type\" content=\"image\/jpeg\" \/>\n<meta name=\"author\" content=\"Raffy Ben\u00edtez\" \/>\n<meta name=\"twitter:card\" content=\"summary_large_image\" \/>\n<meta name=\"twitter:label1\" content=\"Escrito por\" \/>\n\t<meta name=\"twitter:data1\" content=\"Raffy Ben\u00edtez\" \/>\n\t<meta name=\"twitter:label2\" content=\"Tiempo de lectura\" \/>\n\t<meta name=\"twitter:data2\" content=\"2 minutos\" \/>\n<script type=\"application\/ld+json\" class=\"yoast-schema-graph\">{\"@context\":\"https:\/\/schema.org\",\"@graph\":[{\"@type\":\"Article\",\"@id\":\"http:\/\/conexion23.com\/?p=33951#article\",\"isPartOf\":{\"@id\":\"http:\/\/conexion23.com\/?p=33951\"},\"author\":{\"name\":\"Raffy Ben\u00edtez\",\"@id\":\"https:\/\/conexion23.com\/#\/schema\/person\/03e36043331117e97a373299bbcd30a6\"},\"headline\":\"Al menos seis muertos por hurac\u00e1n \u2018Oscar\u2019 en Cuba.\",\"datePublished\":\"2024-10-22T11:24:58+00:00\",\"dateModified\":\"2024-10-22T11:25:00+00:00\",\"mainEntityOfPage\":{\"@id\":\"http:\/\/conexion23.com\/?p=33951\"},\"wordCount\":319,\"commentCount\":0,\"publisher\":{\"@id\":\"https:\/\/conexion23.com\/#organization\"},\"image\":{\"@id\":\"http:\/\/conexion23.com\/?p=33951#primaryimage\"},\"thumbnailUrl\":\"https:\/\/conexion23.com\/wp-content\/uploads\/2024\/10\/IMG_6211.jpeg\",\"articleSection\":[\"Uncategorized\"],\"inLanguage\":\"es\",\"potentialAction\":[{\"@type\":\"CommentAction\",\"name\":\"Comment\",\"target\":[\"http:\/\/conexion23.com\/?p=33951#respond\"]}]},{\"@type\":\"WebPage\",\"@id\":\"http:\/\/conexion23.com\/?p=33951\",\"url\":\"http:\/\/conexion23.com\/?p=33951\",\"name\":\"Al menos seis muertos por hurac\u00e1n \u2018Oscar\u2019 en Cuba. - Conexi\u00f3n 23\",\"isPartOf\":{\"@id\":\"https:\/\/conexion23.com\/#website\"},\"primaryImageOfPage\":{\"@id\":\"http:\/\/conexion23.com\/?p=33951#primaryimage\"},\"image\":{\"@id\":\"http:\/\/conexion23.com\/?p=33951#primaryimage\"},\"thumbnailUrl\":\"https:\/\/conexion23.com\/wp-content\/uploads\/2024\/10\/IMG_6211.jpeg\",\"datePublished\":\"2024-10-22T11:24:58+00:00\",\"dateModified\":\"2024-10-22T11:25:00+00:00\",\"breadcrumb\":{\"@id\":\"http:\/\/conexion23.com\/?p=33951#breadcrumb\"},\"inLanguage\":\"es\",\"potentialAction\":[{\"@type\":\"ReadAction\",\"target\":[\"http:\/\/conexion23.com\/?p=33951\"]}]},{\"@type\":\"ImageObject\",\"inLanguage\":\"es\",\"@id\":\"http:\/\/conexion23.com\/?p=33951#primaryimage\",\"url\":\"https:\/\/conexion23.com\/wp-content\/uploads\/2024\/10\/IMG_6211.jpeg\",\"contentUrl\":\"https:\/\/conexion23.com\/wp-content\/uploads\/2024\/10\/IMG_6211.jpeg\",\"width\":450,\"height\":253},{\"@type\":\"BreadcrumbList\",\"@id\":\"http:\/\/conexion23.com\/?p=33951#breadcrumb\",\"itemListElement\":[{\"@type\":\"ListItem\",\"position\":1,\"name\":\"Portada\",\"item\":\"https:\/\/conexion23.com\/\"},{\"@type\":\"ListItem\",\"position\":2,\"name\":\"Al menos seis muertos por hurac\u00e1n \u2018Oscar\u2019 en Cuba.\"}]},{\"@type\":\"WebSite\",\"@id\":\"https:\/\/conexion23.com\/#website\",\"url\":\"https:\/\/conexion23.com\/\",\"name\":\"Conexi\u00f3n 23\",\"description\":\"Peri\u00f3dico 100% Petromacorisano\",\"publisher\":{\"@id\":\"https:\/\/conexion23.com\/#organization\"},\"potentialAction\":[{\"@type\":\"SearchAction\",\"target\":{\"@type\":\"EntryPoint\",\"urlTemplate\":\"https:\/\/conexion23.com\/?s={search_term_string}\"},\"query-input\":{\"@type\":\"PropertyValueSpecification\",\"valueRequired\":true,\"valueName\":\"search_term_string\"}}],\"inLanguage\":\"es\"},{\"@type\":\"Organization\",\"@id\":\"https:\/\/conexion23.com\/#organization\",\"name\":\"Conexion 23\",\"url\":\"https:\/\/conexion23.com\/\",\"logo\":{\"@type\":\"ImageObject\",\"inLanguage\":\"es\",\"@id\":\"https:\/\/conexion23.com\/#\/schema\/logo\/image\/\",\"url\":\"https:\/\/conexion23.com\/wp-content\/uploads\/2021\/11\/Diseno-sin-titulo-2.png\",\"contentUrl\":\"https:\/\/conexion23.com\/wp-content\/uploads\/2021\/11\/Diseno-sin-titulo-2.png\",\"width\":541,\"height\":90,\"caption\":\"Conexion 23\"},\"image\":{\"@id\":\"https:\/\/conexion23.com\/#\/schema\/logo\/image\/\"},\"sameAs\":[\"https:\/\/www.facebook.com\/conexion23com\",\"https:\/\/www.instagram.com\/conexion23com\/\",\"https:\/\/www.youtube.com\/channel\/UCYc7vxxFZMYLIHNsHHxPZ3Q\"]},{\"@type\":\"Person\",\"@id\":\"https:\/\/conexion23.com\/#\/schema\/person\/03e36043331117e97a373299bbcd30a6\",\"name\":\"Raffy Ben\u00edtez\",\"image\":{\"@type\":\"ImageObject\",\"inLanguage\":\"es\",\"@id\":\"https:\/\/conexion23.com\/#\/schema\/person\/image\/\",\"url\":\"https:\/\/secure.gravatar.com\/avatar\/3190a6a6c5e1b0327500f7d6c56b6242472ee6cb974cf09b401ee6b3b0798f23?s=96&d=mm&r=g\",\"contentUrl\":\"https:\/\/secure.gravatar.com\/avatar\/3190a6a6c5e1b0327500f7d6c56b6242472ee6cb974cf09b401ee6b3b0798f23?s=96&d=mm&r=g\",\"caption\":\"Raffy Ben\u00edtez\"},\"url\":\"https:\/\/conexion23.com\/?author=15\"}]}<\/script>\n<!-- \/ Yoast SEO plugin. -->","yoast_head_json":{"title":"Al menos seis muertos por hurac\u00e1n \u2018Oscar\u2019 en Cuba. - Conexi\u00f3n 23","robots":{"index":"index","follow":"follow","max-snippet":"max-snippet:-1","max-image-preview":"max-image-preview:large","max-video-preview":"max-video-preview:-1"},"canonical":"http:\/\/conexion23.com\/?p=33951","og_locale":"es_ES","og_type":"article","og_title":"Al menos seis muertos por hurac\u00e1n \u2018Oscar\u2019 en Cuba. - Conexi\u00f3n 23","og_description":"Al menos seis personas han perdido la vida en Cuba tras el impacto del hurac\u00e1n \u2018Oscar\u2019, que toc\u00f3 tierra hace 24 horas en la regi\u00f3n oriental del pa\u00eds. Este fen\u00f3meno meteorol\u00f3gico ha coincidido con una grave crisis de apagones que ha dejado a gran parte de la isla sin suministro el\u00e9ctrico desde el viernes pasado. [&hellip;]","og_url":"http:\/\/conexion23.com\/?p=33951","og_site_name":"Conexi\u00f3n 23","article_publisher":"https:\/\/www.facebook.com\/conexion23com","article_published_time":"2024-10-22T11:24:58+00:00","article_modified_time":"2024-10-22T11:25:00+00:00","og_image":[{"width":450,"height":253,"url":"http:\/\/conexion23.com\/wp-content\/uploads\/2024\/10\/IMG_6211.jpeg","type":"image\/jpeg"}],"author":"Raffy Ben\u00edtez","twitter_card":"summary_large_image","twitter_misc":{"Escrito por":"Raffy Ben\u00edtez","Tiempo de lectura":"2 minutos"},"schema":{"@context":"https:\/\/schema.org","@graph":[{"@type":"Article","@id":"http:\/\/conexion23.com\/?p=33951#article","isPartOf":{"@id":"http:\/\/conexion23.com\/?p=33951"},"author":{"name":"Raffy Ben\u00edtez","@id":"https:\/\/conexion23.com\/#\/schema\/person\/03e36043331117e97a373299bbcd30a6"},"headline":"Al menos seis muertos por hurac\u00e1n \u2018Oscar\u2019 en Cuba.","datePublished":"2024-10-22T11:24:58+00:00","dateModified":"2024-10-22T11:25:00+00:00","mainEntityOfPage":{"@id":"http:\/\/conexion23.com\/?p=33951"},"wordCount":319,"commentCount":0,"publisher":{"@id":"https:\/\/conexion23.com\/#organization"},"image":{"@id":"http:\/\/conexion23.com\/?p=33951#primaryimage"},"thumbnailUrl":"https:\/\/conexion23.com\/wp-content\/uploads\/2024\/10\/IMG_6211.jpeg","articleSection":["Uncategorized"],"inLanguage":"es","potentialAction":[{"@type":"CommentAction","name":"Comment","target":["http:\/\/conexion23.com\/?p=33951#respond"]}]},{"@type":"WebPage","@id":"http:\/\/conexion23.com\/?p=33951","url":"http:\/\/conexion23.com\/?p=33951","name":"Al menos seis muertos por hurac\u00e1n \u2018Oscar\u2019 en Cuba. - Conexi\u00f3n 23","isPartOf":{"@id":"https:\/\/conexion23.com\/#website"},"primaryImageOfPage":{"@id":"http:\/\/conexion23.com\/?p=33951#primaryimage"},"image":{"@id":"http:\/\/conexion23.com\/?p=33951#primaryimage"},"thumbnailUrl":"https:\/\/conexion23.com\/wp-content\/uploads\/2024\/10\/IMG_6211.jpeg","datePublished":"2024-10-22T11:24:58+00:00","dateModified":"2024-10-22T11:25:00+00:00","breadcrumb":{"@id":"http:\/\/conexion23.com\/?p=33951#breadcrumb"},"inLanguage":"es","potentialAction":[{"@type":"ReadAction","target":["http:\/\/conexion23.com\/?p=33951"]}]},{"@type":"ImageObject","inLanguage":"es","@id":"http:\/\/conexion23.com\/?p=33951#primaryimage","url":"https:\/\/conexion23.com\/wp-content\/uploads\/2024\/10\/IMG_6211.jpeg","contentUrl":"https:\/\/conexion23.com\/wp-content\/uploads\/2024\/10\/IMG_6211.jpeg","width":450,"height":253},{"@type":"BreadcrumbList","@id":"http:\/\/conexion23.com\/?p=33951#breadcrumb","itemListElement":[{"@type":"ListItem","position":1,"name":"Portada","item":"https:\/\/conexion23.com\/"},{"@type":"ListItem","position":2,"name":"Al menos seis muertos por hurac\u00e1n \u2018Oscar\u2019 en Cuba."}]},{"@type":"WebSite","@id":"https:\/\/conexion23.com\/#website","url":"https:\/\/conexion23.com\/","name":"Conexi\u00f3n 23","description":"Peri\u00f3dico 100% Petromacorisano","publisher":{"@id":"https:\/\/conexion23.com\/#organization"},"potentialAction":[{"@type":"SearchAction","target":{"@type":"EntryPoint","urlTemplate":"https:\/\/conexion23.com\/?s={search_term_string}"},"query-input":{"@type":"PropertyValueSpecification","valueRequired":true,"valueName":"search_term_string"}}],"inLanguage":"es"},{"@type":"Organization","@id":"https:\/\/conexion23.com\/#organization","name":"Conexion 23","url":"https:\/\/conexion23.com\/","logo":{"@type":"ImageObject","inLanguage":"es","@id":"https:\/\/conexion23.com\/#\/schema\/logo\/image\/","url":"https:\/\/conexion23.com\/wp-content\/uploads\/2021\/11\/Diseno-sin-titulo-2.png","contentUrl":"https:\/\/conexion23.com\/wp-content\/uploads\/2021\/11\/Diseno-sin-titulo-2.png","width":541,"height":90,"caption":"Conexion 23"},"image":{"@id":"https:\/\/conexion23.com\/#\/schema\/logo\/image\/"},"sameAs":["https:\/\/www.facebook.com\/conexion23com","https:\/\/www.instagram.com\/conexion23com\/","https:\/\/www.youtube.com\/channel\/UCYc7vxxFZMYLIHNsHHxPZ3Q"]},{"@type":"Person","@id":"https:\/\/conexion23.com\/#\/schema\/person\/03e36043331117e97a373299bbcd30a6","name":"Raffy Ben\u00edtez","image":{"@type":"ImageObject","inLanguage":"es","@id":"https:\/\/conexion23.com\/#\/schema\/person\/image\/","url":"https:\/\/secure.gravatar.com\/avatar\/3190a6a6c5e1b0327500f7d6c56b6242472ee6cb974cf09b401ee6b3b0798f23?s=96&d=mm&r=g","contentUrl":"https:\/\/secure.gravatar.com\/avatar\/3190a6a6c5e1b0327500f7d6c56b6242472ee6cb974cf09b401ee6b3b0798f23?s=96&d=mm&r=g","caption":"Raffy Ben\u00edtez"},"url":"https:\/\/conexion23.com\/?author=15"}]}},"_links":{"self":[{"href":"https:\/\/conexion23.com\/index.php?rest_route=\/wp\/v2\/posts\/33951","targetHints":{"allow":["GET"]}}],"collection":[{"href":"https:\/\/conexion23.com\/index.php?rest_route=\/wp\/v2\/posts"}],"about":[{"href":"https:\/\/conexion23.com\/index.php?rest_route=\/wp\/v2\/types\/post"}],"author":[{"embeddable":true,"href":"https:\/\/conexion23.com\/index.php?rest_route=\/wp\/v2\/users\/15"}],"replies":[{"embeddable":true,"href":"https:\/\/conexion23.com\/index.php?rest_route=%2Fwp%2Fv2%2Fcomments&post=33951"}],"version-history":[{"count":1,"href":"https:\/\/conexion23.com\/index.php?rest_route=\/wp\/v2\/posts\/33951\/revisions"}],"predecessor-version":[{"id":33953,"href":"https:\/\/conexion23.com\/index.php?rest_route=\/wp\/v2\/posts\/33951\/revisions\/33953"}],"wp:featuredmedia":[{"embeddable":true,"href":"https:\/\/conexion23.com\/index.php?rest_route=\/wp\/v2\/media\/33952"}],"wp:attachment":[{"href":"https:\/\/conexion23.com\/index.php?rest_route=%2Fwp%2Fv2%2Fmedia&parent=33951"}],"wp:term":[{"taxonomy":"category","embeddable":true,"href":"https:\/\/conexion23.com\/index.php?rest_route=%2Fwp%2Fv2%2Fcategories&post=33951"},{"taxonomy":"post_tag","embeddable":true,"href":"https:\/\/conexion23.com\/index.php?rest_route=%2Fwp%2Fv2%2Ftags&post=33951"}],"curies":[{"name":"wp","href":"https:\/\/api.w.org\/{rel}","templated":true}]}}