{"id":33954,"date":"2024-10-22T07:29:03","date_gmt":"2024-10-22T11:29:03","guid":{"rendered":"https:\/\/conexion23.com\/?p=33954"},"modified":"2024-10-22T07:29:04","modified_gmt":"2024-10-22T11:29:04","slug":"20-anos-y-medio-de-prision-a-expresidente-peruano-alejandro-toledo-por-corrupcion-en-caso-odebrecht","status":"publish","type":"post","link":"https:\/\/conexion23.com\/?p=33954","title":{"rendered":"20 a\u00f1os y medio de prision a expresidente peruano Alejandro Toledo por corrupci\u00f3n en caso Odebrecht"},"content":{"rendered":"\n<p>Un tribunal peruano&nbsp;<strong>conden\u00f3 el lunes a 20 a\u00f1os y seis meses de prisi\u00f3n por colusi\u00f3n<\/strong>, un&nbsp;<strong>tipo de corrupci\u00f3n, y lavado de activos al expresidente peruano Alejandro Toledo<\/strong>&nbsp;por recibir dinero de la constructora brasile\u00f1a Odebrecht a cambio de adjudicar la construcci\u00f3n de un tramo de la carretera que conect\u00f3 Brasil con Per\u00fa.<\/p>\n\n\n\n<p>La jueza que ley\u00f3 la sentencia consider\u00f3 a Toledo como el cargo m\u00e1s alto involucrado y que se cumplieron los supuestos de culpabilidad por ambos delitos. Le impuso, adem\u00e1s, tres a\u00f1os de inhabilitaci\u00f3n para ejercer cargo p\u00fablico, como pidi\u00f3 la fiscal\u00eda.<\/p>\n\n\n\n<p>Toledo es el segundo exmandatario peruano condenado por corrupci\u00f3n, luego de que el recientemente fallecido Alberto Fujimori (1990-2000) recibiera en 2009 tres sentencias por ese delito, aparte de otra como autor mediato de 25 asesinatos.<\/p>\n\n\n\n<p>La fiscal\u00eda acus\u00f3 al expresidente de recibir 35 millones de d\u00f3lares de Odebrecht a cambio de adjudicar a la constructora brasile\u00f1a \u2014se\u00f1alada por casos similares en varios pa\u00edses de Am\u00e9rica Latina\u2014 una licitaci\u00f3n p\u00fablica para construir 650 kil\u00f3metros de la llamada carretera Interoce\u00e1nica que une Brasil con el sur de Per\u00fa. Esa parte de la carretera costaba al inicio 507 millones de d\u00f3lares, pero Per\u00fa termin\u00f3 pagando 1.255 millones de d\u00f3lares.<\/p>\n\n\n\n<p>Toledo, que ha negado las acusaciones, cumple prisi\u00f3n preventiva desde abril de 2023.<\/p>\n\n\n\n<p>El expresidente pidi\u00f3 en audiencia el mi\u00e9rcoles de la semana pasada a los jueces, en un tiempo que le concedieron para defenderse, que lo dejaran regresar a su casa porque estaba enfermo. Con la voz quebrada y las manos juntas, como si estuviera rezando, asegur\u00f3 que ten\u00eda c\u00e1ncer, problemas en el coraz\u00f3n y le faltaba poco para cumplir 80 a\u00f1os. \u201cLes pido por favor, d\u00e9jenme curar o morir en mi casa\u201d, indic\u00f3.<\/p>\n\n\n\n<p>Otros tres exmandatarios de Per\u00fa fueron implicados en otros casos por irregularidades con Odebrecht, que en 2020 cambi\u00f3 su nombre a Novonor.<\/p>\n\n\n\n<p>Toledo est\u00e1 en prisi\u00f3n preventiva desde que fue extraditado desde Estados Unidos hacia una c\u00e1rcel capitalina para expresidentes. Fue arrestado en 2019 por el pedido de la justicia peruana. En esa misma c\u00e1rcel est\u00e1 preso el expresidente Pedro Castillo (2021-2022), mientras es investigado por el presunto delito de corrupci\u00f3n y rebeli\u00f3n.<\/p>\n\n\n\n<p>El exmandatario viv\u00eda en Estados Unidos desde 2016 cuando retorn\u00f3 a la Universidad de Stanford, su alma m\u00e1ter, como profesor visitante para formarse en temas de educaci\u00f3n en Am\u00e9rica Latina.<\/p>\n\n\n\n<p>Junto a Toledo, otros dos expresidentes est\u00e1n investigados o enjuiciados por sus presuntos nexos con Odebrecht. Ollanta Humala (2011-2016) enfrenta un juicio en el que la fiscal\u00eda ha solicitado 20 a\u00f1os de c\u00e1rcel por lavado de activos y Pedro Pablo Kuczynski (2016-2018) est\u00e1 investigado por colusi\u00f3n, con la prohibici\u00f3n de salir del pa\u00eds, adem\u00e1s de tener embargada parte de su pensi\u00f3n como expresidente.<\/p>\n\n\n\n<p>El caso m\u00e1s tr\u00e1gico fue el del expresidente Alan Garc\u00eda (2006-2011), quien se suicid\u00f3 en 2019 en su dormitorio minutos antes de que la polic\u00eda entrara a detenerlo de forma preliminar por 10 d\u00edas para ser investigado por presuntamente haber recibido un soborno de la compa\u00f1\u00eda brasile\u00f1a.<\/p>\n\n\n\n<p>Las investigaciones contra la clase pol\u00edtica peruana empezaron luego de que en 2016 Odebrecht admitiera ante las autoridades de Estados Unidos que hab\u00eda sobornado a funcionarios importantes en varios pa\u00edses de Am\u00e9rica Latina, incluido Per\u00fa, para obtener ventajosos contratos de infraestructura.<\/p>\n","protected":false},"excerpt":{"rendered":"<p>Un tribunal peruano&nbsp;conden\u00f3 el lunes a 20 a\u00f1os y seis meses de prisi\u00f3n por colusi\u00f3n, un&nbsp;tipo de corrupci\u00f3n, y lavado de activos al expresidente peruano Alejandro Toledo&nbsp;por recibir dinero de la constructora brasile\u00f1a Odebrecht a cambio de adjudicar la construcci\u00f3n de un tramo de la carretera que conect\u00f3 Brasil con Per\u00fa. La jueza que ley\u00f3 [&hellip;]<\/p>\n","protected":false},"author":15,"featured_media":33955,"comment_status":"open","ping_status":"open","sticky":false,"template":"","format":"standard","meta":{"footnotes":""},"categories":[1],"tags":[],"class_list":{"0":"post-33954","1":"post","2":"type-post","3":"status-publish","4":"format-standard","5":"has-post-thumbnail","7":"category-uncategorized"},"yoast_head":"<!-- This site is optimized with the Yoast SEO plugin v27.1.1 - https:\/\/yoast.com\/product\/yoast-seo-wordpress\/ -->\n<title>20 a\u00f1os y medio de prision a expresidente peruano Alejandro Toledo por corrupci\u00f3n en caso Odebrecht - Conexi\u00f3n 23<\/title>\n<meta name=\"robots\" content=\"index, follow, max-snippet:-1, max-image-preview:large, max-video-preview:-1\" \/>\n<link rel=\"canonical\" href=\"http:\/\/conexion23.com\/?p=33954\" \/>\n<meta property=\"og:locale\" content=\"es_ES\" \/>\n<meta property=\"og:type\" content=\"article\" \/>\n<meta property=\"og:title\" content=\"20 a\u00f1os y medio de prision a expresidente peruano Alejandro Toledo por corrupci\u00f3n en caso Odebrecht - Conexi\u00f3n 23\" \/>\n<meta property=\"og:description\" content=\"Un tribunal peruano&nbsp;conden\u00f3 el lunes a 20 a\u00f1os y seis meses de prisi\u00f3n por colusi\u00f3n, un&nbsp;tipo de corrupci\u00f3n, y lavado de activos al expresidente peruano Alejandro Toledo&nbsp;por recibir dinero de la constructora brasile\u00f1a Odebrecht a cambio de adjudicar la construcci\u00f3n de un tramo de la carretera que conect\u00f3 Brasil con Per\u00fa. La jueza que ley\u00f3 [&hellip;]\" \/>\n<meta property=\"og:url\" content=\"http:\/\/conexion23.com\/?p=33954\" \/>\n<meta property=\"og:site_name\" content=\"Conexi\u00f3n 23\" \/>\n<meta property=\"article:publisher\" content=\"https:\/\/www.facebook.com\/conexion23com\" \/>\n<meta property=\"article:published_time\" content=\"2024-10-22T11:29:03+00:00\" \/>\n<meta property=\"article:modified_time\" content=\"2024-10-22T11:29:04+00:00\" \/>\n<meta property=\"og:image\" content=\"http:\/\/conexion23.com\/wp-content\/uploads\/2024\/10\/img_3703-1-1-1024x682-1.webp\" \/>\n\t<meta property=\"og:image:width\" content=\"1024\" \/>\n\t<meta property=\"og:image:height\" content=\"682\" \/>\n\t<meta property=\"og:image:type\" content=\"image\/webp\" \/>\n<meta name=\"author\" content=\"Raffy Ben\u00edtez\" \/>\n<meta name=\"twitter:card\" content=\"summary_large_image\" \/>\n<meta name=\"twitter:label1\" content=\"Escrito por\" \/>\n\t<meta name=\"twitter:data1\" content=\"Raffy Ben\u00edtez\" \/>\n\t<meta name=\"twitter:label2\" content=\"Tiempo de lectura\" \/>\n\t<meta name=\"twitter:data2\" content=\"3 minutos\" \/>\n<script type=\"application\/ld+json\" class=\"yoast-schema-graph\">{\"@context\":\"https:\/\/schema.org\",\"@graph\":[{\"@type\":\"Article\",\"@id\":\"http:\/\/conexion23.com\/?p=33954#article\",\"isPartOf\":{\"@id\":\"http:\/\/conexion23.com\/?p=33954\"},\"author\":{\"name\":\"Raffy Ben\u00edtez\",\"@id\":\"https:\/\/conexion23.com\/#\/schema\/person\/03e36043331117e97a373299bbcd30a6\"},\"headline\":\"20 a\u00f1os y medio de prision a expresidente peruano Alejandro Toledo por corrupci\u00f3n en caso Odebrecht\",\"datePublished\":\"2024-10-22T11:29:03+00:00\",\"dateModified\":\"2024-10-22T11:29:04+00:00\",\"mainEntityOfPage\":{\"@id\":\"http:\/\/conexion23.com\/?p=33954\"},\"wordCount\":605,\"commentCount\":0,\"publisher\":{\"@id\":\"https:\/\/conexion23.com\/#organization\"},\"image\":{\"@id\":\"http:\/\/conexion23.com\/?p=33954#primaryimage\"},\"thumbnailUrl\":\"https:\/\/conexion23.com\/wp-content\/uploads\/2024\/10\/img_3703-1-1-1024x682-1.webp\",\"articleSection\":[\"Uncategorized\"],\"inLanguage\":\"es\",\"potentialAction\":[{\"@type\":\"CommentAction\",\"name\":\"Comment\",\"target\":[\"http:\/\/conexion23.com\/?p=33954#respond\"]}]},{\"@type\":\"WebPage\",\"@id\":\"http:\/\/conexion23.com\/?p=33954\",\"url\":\"http:\/\/conexion23.com\/?p=33954\",\"name\":\"20 a\u00f1os y medio de prision a expresidente peruano Alejandro Toledo por corrupci\u00f3n en caso Odebrecht - Conexi\u00f3n 23\",\"isPartOf\":{\"@id\":\"https:\/\/conexion23.com\/#website\"},\"primaryImageOfPage\":{\"@id\":\"http:\/\/conexion23.com\/?p=33954#primaryimage\"},\"image\":{\"@id\":\"http:\/\/conexion23.com\/?p=33954#primaryimage\"},\"thumbnailUrl\":\"https:\/\/conexion23.com\/wp-content\/uploads\/2024\/10\/img_3703-1-1-1024x682-1.webp\",\"datePublished\":\"2024-10-22T11:29:03+00:00\",\"dateModified\":\"2024-10-22T11:29:04+00:00\",\"breadcrumb\":{\"@id\":\"http:\/\/conexion23.com\/?p=33954#breadcrumb\"},\"inLanguage\":\"es\",\"potentialAction\":[{\"@type\":\"ReadAction\",\"target\":[\"http:\/\/conexion23.com\/?p=33954\"]}]},{\"@type\":\"ImageObject\",\"inLanguage\":\"es\",\"@id\":\"http:\/\/conexion23.com\/?p=33954#primaryimage\",\"url\":\"https:\/\/conexion23.com\/wp-content\/uploads\/2024\/10\/img_3703-1-1-1024x682-1.webp\",\"contentUrl\":\"https:\/\/conexion23.com\/wp-content\/uploads\/2024\/10\/img_3703-1-1-1024x682-1.webp\",\"width\":1024,\"height\":682},{\"@type\":\"BreadcrumbList\",\"@id\":\"http:\/\/conexion23.com\/?p=33954#breadcrumb\",\"itemListElement\":[{\"@type\":\"ListItem\",\"position\":1,\"name\":\"Portada\",\"item\":\"https:\/\/conexion23.com\/\"},{\"@type\":\"ListItem\",\"position\":2,\"name\":\"20 a\u00f1os y medio de prision a expresidente peruano Alejandro Toledo por corrupci\u00f3n en caso Odebrecht\"}]},{\"@type\":\"WebSite\",\"@id\":\"https:\/\/conexion23.com\/#website\",\"url\":\"https:\/\/conexion23.com\/\",\"name\":\"Conexi\u00f3n 23\",\"description\":\"Peri\u00f3dico 100% Petromacorisano\",\"publisher\":{\"@id\":\"https:\/\/conexion23.com\/#organization\"},\"potentialAction\":[{\"@type\":\"SearchAction\",\"target\":{\"@type\":\"EntryPoint\",\"urlTemplate\":\"https:\/\/conexion23.com\/?s={search_term_string}\"},\"query-input\":{\"@type\":\"PropertyValueSpecification\",\"valueRequired\":true,\"valueName\":\"search_term_string\"}}],\"inLanguage\":\"es\"},{\"@type\":\"Organization\",\"@id\":\"https:\/\/conexion23.com\/#organization\",\"name\":\"Conexion 23\",\"url\":\"https:\/\/conexion23.com\/\",\"logo\":{\"@type\":\"ImageObject\",\"inLanguage\":\"es\",\"@id\":\"https:\/\/conexion23.com\/#\/schema\/logo\/image\/\",\"url\":\"https:\/\/conexion23.com\/wp-content\/uploads\/2021\/11\/Diseno-sin-titulo-2.png\",\"contentUrl\":\"https:\/\/conexion23.com\/wp-content\/uploads\/2021\/11\/Diseno-sin-titulo-2.png\",\"width\":541,\"height\":90,\"caption\":\"Conexion 23\"},\"image\":{\"@id\":\"https:\/\/conexion23.com\/#\/schema\/logo\/image\/\"},\"sameAs\":[\"https:\/\/www.facebook.com\/conexion23com\",\"https:\/\/www.instagram.com\/conexion23com\/\",\"https:\/\/www.youtube.com\/channel\/UCYc7vxxFZMYLIHNsHHxPZ3Q\"]},{\"@type\":\"Person\",\"@id\":\"https:\/\/conexion23.com\/#\/schema\/person\/03e36043331117e97a373299bbcd30a6\",\"name\":\"Raffy Ben\u00edtez\",\"image\":{\"@type\":\"ImageObject\",\"inLanguage\":\"es\",\"@id\":\"https:\/\/conexion23.com\/#\/schema\/person\/image\/\",\"url\":\"https:\/\/secure.gravatar.com\/avatar\/3190a6a6c5e1b0327500f7d6c56b6242472ee6cb974cf09b401ee6b3b0798f23?s=96&d=mm&r=g\",\"contentUrl\":\"https:\/\/secure.gravatar.com\/avatar\/3190a6a6c5e1b0327500f7d6c56b6242472ee6cb974cf09b401ee6b3b0798f23?s=96&d=mm&r=g\",\"caption\":\"Raffy Ben\u00edtez\"},\"url\":\"https:\/\/conexion23.com\/?author=15\"}]}<\/script>\n<!-- \/ Yoast SEO plugin. -->","yoast_head_json":{"title":"20 a\u00f1os y medio de prision a expresidente peruano Alejandro Toledo por corrupci\u00f3n en caso Odebrecht - Conexi\u00f3n 23","robots":{"index":"index","follow":"follow","max-snippet":"max-snippet:-1","max-image-preview":"max-image-preview:large","max-video-preview":"max-video-preview:-1"},"canonical":"http:\/\/conexion23.com\/?p=33954","og_locale":"es_ES","og_type":"article","og_title":"20 a\u00f1os y medio de prision a expresidente peruano Alejandro Toledo por corrupci\u00f3n en caso Odebrecht - Conexi\u00f3n 23","og_description":"Un tribunal peruano&nbsp;conden\u00f3 el lunes a 20 a\u00f1os y seis meses de prisi\u00f3n por colusi\u00f3n, un&nbsp;tipo de corrupci\u00f3n, y lavado de activos al expresidente peruano Alejandro Toledo&nbsp;por recibir dinero de la constructora brasile\u00f1a Odebrecht a cambio de adjudicar la construcci\u00f3n de un tramo de la carretera que conect\u00f3 Brasil con Per\u00fa. La jueza que ley\u00f3 [&hellip;]","og_url":"http:\/\/conexion23.com\/?p=33954","og_site_name":"Conexi\u00f3n 23","article_publisher":"https:\/\/www.facebook.com\/conexion23com","article_published_time":"2024-10-22T11:29:03+00:00","article_modified_time":"2024-10-22T11:29:04+00:00","og_image":[{"width":1024,"height":682,"url":"http:\/\/conexion23.com\/wp-content\/uploads\/2024\/10\/img_3703-1-1-1024x682-1.webp","type":"image\/webp"}],"author":"Raffy Ben\u00edtez","twitter_card":"summary_large_image","twitter_misc":{"Escrito por":"Raffy Ben\u00edtez","Tiempo de lectura":"3 minutos"},"schema":{"@context":"https:\/\/schema.org","@graph":[{"@type":"Article","@id":"http:\/\/conexion23.com\/?p=33954#article","isPartOf":{"@id":"http:\/\/conexion23.com\/?p=33954"},"author":{"name":"Raffy Ben\u00edtez","@id":"https:\/\/conexion23.com\/#\/schema\/person\/03e36043331117e97a373299bbcd30a6"},"headline":"20 a\u00f1os y medio de prision a expresidente peruano Alejandro Toledo por corrupci\u00f3n en caso Odebrecht","datePublished":"2024-10-22T11:29:03+00:00","dateModified":"2024-10-22T11:29:04+00:00","mainEntityOfPage":{"@id":"http:\/\/conexion23.com\/?p=33954"},"wordCount":605,"commentCount":0,"publisher":{"@id":"https:\/\/conexion23.com\/#organization"},"image":{"@id":"http:\/\/conexion23.com\/?p=33954#primaryimage"},"thumbnailUrl":"https:\/\/conexion23.com\/wp-content\/uploads\/2024\/10\/img_3703-1-1-1024x682-1.webp","articleSection":["Uncategorized"],"inLanguage":"es","potentialAction":[{"@type":"CommentAction","name":"Comment","target":["http:\/\/conexion23.com\/?p=33954#respond"]}]},{"@type":"WebPage","@id":"http:\/\/conexion23.com\/?p=33954","url":"http:\/\/conexion23.com\/?p=33954","name":"20 a\u00f1os y medio de prision a expresidente peruano Alejandro Toledo por corrupci\u00f3n en caso Odebrecht - Conexi\u00f3n 23","isPartOf":{"@id":"https:\/\/conexion23.com\/#website"},"primaryImageOfPage":{"@id":"http:\/\/conexion23.com\/?p=33954#primaryimage"},"image":{"@id":"http:\/\/conexion23.com\/?p=33954#primaryimage"},"thumbnailUrl":"https:\/\/conexion23.com\/wp-content\/uploads\/2024\/10\/img_3703-1-1-1024x682-1.webp","datePublished":"2024-10-22T11:29:03+00:00","dateModified":"2024-10-22T11:29:04+00:00","breadcrumb":{"@id":"http:\/\/conexion23.com\/?p=33954#breadcrumb"},"inLanguage":"es","potentialAction":[{"@type":"ReadAction","target":["http:\/\/conexion23.com\/?p=33954"]}]},{"@type":"ImageObject","inLanguage":"es","@id":"http:\/\/conexion23.com\/?p=33954#primaryimage","url":"https:\/\/conexion23.com\/wp-content\/uploads\/2024\/10\/img_3703-1-1-1024x682-1.webp","contentUrl":"https:\/\/conexion23.com\/wp-content\/uploads\/2024\/10\/img_3703-1-1-1024x682-1.webp","width":1024,"height":682},{"@type":"BreadcrumbList","@id":"http:\/\/conexion23.com\/?p=33954#breadcrumb","itemListElement":[{"@type":"ListItem","position":1,"name":"Portada","item":"https:\/\/conexion23.com\/"},{"@type":"ListItem","position":2,"name":"20 a\u00f1os y medio de prision a expresidente peruano Alejandro Toledo por corrupci\u00f3n en caso Odebrecht"}]},{"@type":"WebSite","@id":"https:\/\/conexion23.com\/#website","url":"https:\/\/conexion23.com\/","name":"Conexi\u00f3n 23","description":"Peri\u00f3dico 100% Petromacorisano","publisher":{"@id":"https:\/\/conexion23.com\/#organization"},"potentialAction":[{"@type":"SearchAction","target":{"@type":"EntryPoint","urlTemplate":"https:\/\/conexion23.com\/?s={search_term_string}"},"query-input":{"@type":"PropertyValueSpecification","valueRequired":true,"valueName":"search_term_string"}}],"inLanguage":"es"},{"@type":"Organization","@id":"https:\/\/conexion23.com\/#organization","name":"Conexion 23","url":"https:\/\/conexion23.com\/","logo":{"@type":"ImageObject","inLanguage":"es","@id":"https:\/\/conexion23.com\/#\/schema\/logo\/image\/","url":"https:\/\/conexion23.com\/wp-content\/uploads\/2021\/11\/Diseno-sin-titulo-2.png","contentUrl":"https:\/\/conexion23.com\/wp-content\/uploads\/2021\/11\/Diseno-sin-titulo-2.png","width":541,"height":90,"caption":"Conexion 23"},"image":{"@id":"https:\/\/conexion23.com\/#\/schema\/logo\/image\/"},"sameAs":["https:\/\/www.facebook.com\/conexion23com","https:\/\/www.instagram.com\/conexion23com\/","https:\/\/www.youtube.com\/channel\/UCYc7vxxFZMYLIHNsHHxPZ3Q"]},{"@type":"Person","@id":"https:\/\/conexion23.com\/#\/schema\/person\/03e36043331117e97a373299bbcd30a6","name":"Raffy Ben\u00edtez","image":{"@type":"ImageObject","inLanguage":"es","@id":"https:\/\/conexion23.com\/#\/schema\/person\/image\/","url":"https:\/\/secure.gravatar.com\/avatar\/3190a6a6c5e1b0327500f7d6c56b6242472ee6cb974cf09b401ee6b3b0798f23?s=96&d=mm&r=g","contentUrl":"https:\/\/secure.gravatar.com\/avatar\/3190a6a6c5e1b0327500f7d6c56b6242472ee6cb974cf09b401ee6b3b0798f23?s=96&d=mm&r=g","caption":"Raffy Ben\u00edtez"},"url":"https:\/\/conexion23.com\/?author=15"}]}},"_links":{"self":[{"href":"https:\/\/conexion23.com\/index.php?rest_route=\/wp\/v2\/posts\/33954","targetHints":{"allow":["GET"]}}],"collection":[{"href":"https:\/\/conexion23.com\/index.php?rest_route=\/wp\/v2\/posts"}],"about":[{"href":"https:\/\/conexion23.com\/index.php?rest_route=\/wp\/v2\/types\/post"}],"author":[{"embeddable":true,"href":"https:\/\/conexion23.com\/index.php?rest_route=\/wp\/v2\/users\/15"}],"replies":[{"embeddable":true,"href":"https:\/\/conexion23.com\/index.php?rest_route=%2Fwp%2Fv2%2Fcomments&post=33954"}],"version-history":[{"count":1,"href":"https:\/\/conexion23.com\/index.php?rest_route=\/wp\/v2\/posts\/33954\/revisions"}],"predecessor-version":[{"id":33956,"href":"https:\/\/conexion23.com\/index.php?rest_route=\/wp\/v2\/posts\/33954\/revisions\/33956"}],"wp:featuredmedia":[{"embeddable":true,"href":"https:\/\/conexion23.com\/index.php?rest_route=\/wp\/v2\/media\/33955"}],"wp:attachment":[{"href":"https:\/\/conexion23.com\/index.php?rest_route=%2Fwp%2Fv2%2Fmedia&parent=33954"}],"wp:term":[{"taxonomy":"category","embeddable":true,"href":"https:\/\/conexion23.com\/index.php?rest_route=%2Fwp%2Fv2%2Fcategories&post=33954"},{"taxonomy":"post_tag","embeddable":true,"href":"https:\/\/conexion23.com\/index.php?rest_route=%2Fwp%2Fv2%2Ftags&post=33954"}],"curies":[{"name":"wp","href":"https:\/\/api.w.org\/{rel}","templated":true}]}}