{"id":34114,"date":"2024-10-26T07:44:41","date_gmt":"2024-10-26T11:44:41","guid":{"rendered":"https:\/\/conexion23.com\/?p=34114"},"modified":"2024-10-26T07:44:43","modified_gmt":"2024-10-26T11:44:43","slug":"fallece-adolescente-de-14-anos-de-edad-en-samana-al-presentar-cuadro-respiratorio","status":"publish","type":"post","link":"https:\/\/conexion23.com\/?p=34114","title":{"rendered":"Fallece adolescente de 14 a\u00f1os de edad en Saman\u00e1, al presentar cuadro respiratorio"},"content":{"rendered":"\n<p>La noche de este viernes una adolescente de 14 a\u00f1os de edad identificada como Wislianny Guzm\u00e1n falleci\u00f3 tras ser hospitalizada la ma\u00f1ana de hoy en el hospital municipal Dr. Leopoldo Pou, tras presentar un cuadro respiratorio.<\/p>\n\n\n\n<p>Seg\u00fan informaci\u00f3n preliminar la misma hab\u00eda sido trasladada por familiares al hospital al estar respirando con dificultad, d\u00f3nde luego de varios ex\u00e1menes y pruebas m\u00e9dicas diagnostic\u00f3 que presentaba obstrucci\u00f3n pulmonar, la cual complic\u00f3 su estado de salud.<\/p>\n\n\n\n<p>Seg\u00fan testimonios de allegados y conocidos de la comunidad de Los Tocones perteneciente al Distrito Municipal de Las Galeras manifestaron que la adolescente era consumidora de Hookah y Vape, por lo que por estas informaciones se alega que el uso de los mismos llevaron a Wislianny a este lamentable desenlace que le cost\u00f3 la vida.<\/p>\n\n\n\n<p>El cuerpo de la adolescente por voluntad propia de sus familiares a trav\u00e9s del Ministerio P\u00fablico fue trasladado inmediatamente a su residencia para posteriormente darle cristiana sepultura.<\/p>\n","protected":false},"excerpt":{"rendered":"<p>La noche de este viernes una adolescente de 14 a\u00f1os de edad identificada como Wislianny Guzm\u00e1n falleci\u00f3 tras ser hospitalizada la ma\u00f1ana de hoy en el hospital municipal Dr. Leopoldo Pou, tras presentar un cuadro respiratorio. Seg\u00fan informaci\u00f3n preliminar la misma hab\u00eda sido trasladada por familiares al hospital al estar respirando con dificultad, d\u00f3nde luego [&hellip;]<\/p>\n","protected":false},"author":15,"featured_media":34115,"comment_status":"open","ping_status":"open","sticky":false,"template":"","format":"standard","meta":{"footnotes":""},"categories":[1],"tags":[],"class_list":{"0":"post-34114","1":"post","2":"type-post","3":"status-publish","4":"format-standard","5":"has-post-thumbnail","7":"category-uncategorized"},"yoast_head":"<!-- This site is optimized with the Yoast SEO plugin v27.1.1 - https:\/\/yoast.com\/product\/yoast-seo-wordpress\/ -->\n<title>Fallece adolescente de 14 a\u00f1os de edad en Saman\u00e1, al presentar cuadro respiratorio - Conexi\u00f3n 23<\/title>\n<meta name=\"robots\" content=\"index, follow, max-snippet:-1, max-image-preview:large, max-video-preview:-1\" \/>\n<link rel=\"canonical\" href=\"http:\/\/conexion23.com\/?p=34114\" \/>\n<meta property=\"og:locale\" content=\"es_ES\" \/>\n<meta property=\"og:type\" content=\"article\" \/>\n<meta property=\"og:title\" content=\"Fallece adolescente de 14 a\u00f1os de edad en Saman\u00e1, al presentar cuadro respiratorio - Conexi\u00f3n 23\" \/>\n<meta property=\"og:description\" content=\"La noche de este viernes una adolescente de 14 a\u00f1os de edad identificada como Wislianny Guzm\u00e1n falleci\u00f3 tras ser hospitalizada la ma\u00f1ana de hoy en el hospital municipal Dr. Leopoldo Pou, tras presentar un cuadro respiratorio. Seg\u00fan informaci\u00f3n preliminar la misma hab\u00eda sido trasladada por familiares al hospital al estar respirando con dificultad, d\u00f3nde luego [&hellip;]\" \/>\n<meta property=\"og:url\" content=\"http:\/\/conexion23.com\/?p=34114\" \/>\n<meta property=\"og:site_name\" content=\"Conexi\u00f3n 23\" \/>\n<meta property=\"article:publisher\" content=\"https:\/\/www.facebook.com\/conexion23com\" \/>\n<meta property=\"article:published_time\" content=\"2024-10-26T11:44:41+00:00\" \/>\n<meta property=\"article:modified_time\" content=\"2024-10-26T11:44:43+00:00\" \/>\n<meta property=\"og:image\" content=\"http:\/\/conexion23.com\/wp-content\/uploads\/2024\/10\/464488392_1021821806622198_2779519988141617910_n.jpg\" \/>\n\t<meta property=\"og:image:width\" content=\"313\" \/>\n\t<meta property=\"og:image:height\" content=\"296\" \/>\n\t<meta property=\"og:image:type\" content=\"image\/jpeg\" \/>\n<meta name=\"author\" content=\"Raffy Ben\u00edtez\" \/>\n<meta name=\"twitter:card\" content=\"summary_large_image\" \/>\n<meta name=\"twitter:label1\" content=\"Escrito por\" \/>\n\t<meta name=\"twitter:data1\" content=\"Raffy Ben\u00edtez\" \/>\n\t<meta name=\"twitter:label2\" content=\"Tiempo de lectura\" \/>\n\t<meta name=\"twitter:data2\" content=\"1 minuto\" \/>\n<script type=\"application\/ld+json\" class=\"yoast-schema-graph\">{\"@context\":\"https:\/\/schema.org\",\"@graph\":[{\"@type\":\"Article\",\"@id\":\"http:\/\/conexion23.com\/?p=34114#article\",\"isPartOf\":{\"@id\":\"http:\/\/conexion23.com\/?p=34114\"},\"author\":{\"name\":\"Raffy Ben\u00edtez\",\"@id\":\"https:\/\/conexion23.com\/#\/schema\/person\/03e36043331117e97a373299bbcd30a6\"},\"headline\":\"Fallece adolescente de 14 a\u00f1os de edad en Saman\u00e1, al presentar cuadro respiratorio\",\"datePublished\":\"2024-10-26T11:44:41+00:00\",\"dateModified\":\"2024-10-26T11:44:43+00:00\",\"mainEntityOfPage\":{\"@id\":\"http:\/\/conexion23.com\/?p=34114\"},\"wordCount\":180,\"commentCount\":0,\"publisher\":{\"@id\":\"https:\/\/conexion23.com\/#organization\"},\"image\":{\"@id\":\"http:\/\/conexion23.com\/?p=34114#primaryimage\"},\"thumbnailUrl\":\"https:\/\/conexion23.com\/wp-content\/uploads\/2024\/10\/464488392_1021821806622198_2779519988141617910_n.jpg\",\"articleSection\":[\"Uncategorized\"],\"inLanguage\":\"es\",\"potentialAction\":[{\"@type\":\"CommentAction\",\"name\":\"Comment\",\"target\":[\"http:\/\/conexion23.com\/?p=34114#respond\"]}]},{\"@type\":\"WebPage\",\"@id\":\"http:\/\/conexion23.com\/?p=34114\",\"url\":\"http:\/\/conexion23.com\/?p=34114\",\"name\":\"Fallece adolescente de 14 a\u00f1os de edad en Saman\u00e1, al presentar cuadro respiratorio - Conexi\u00f3n 23\",\"isPartOf\":{\"@id\":\"https:\/\/conexion23.com\/#website\"},\"primaryImageOfPage\":{\"@id\":\"http:\/\/conexion23.com\/?p=34114#primaryimage\"},\"image\":{\"@id\":\"http:\/\/conexion23.com\/?p=34114#primaryimage\"},\"thumbnailUrl\":\"https:\/\/conexion23.com\/wp-content\/uploads\/2024\/10\/464488392_1021821806622198_2779519988141617910_n.jpg\",\"datePublished\":\"2024-10-26T11:44:41+00:00\",\"dateModified\":\"2024-10-26T11:44:43+00:00\",\"breadcrumb\":{\"@id\":\"http:\/\/conexion23.com\/?p=34114#breadcrumb\"},\"inLanguage\":\"es\",\"potentialAction\":[{\"@type\":\"ReadAction\",\"target\":[\"http:\/\/conexion23.com\/?p=34114\"]}]},{\"@type\":\"ImageObject\",\"inLanguage\":\"es\",\"@id\":\"http:\/\/conexion23.com\/?p=34114#primaryimage\",\"url\":\"https:\/\/conexion23.com\/wp-content\/uploads\/2024\/10\/464488392_1021821806622198_2779519988141617910_n.jpg\",\"contentUrl\":\"https:\/\/conexion23.com\/wp-content\/uploads\/2024\/10\/464488392_1021821806622198_2779519988141617910_n.jpg\",\"width\":313,\"height\":296},{\"@type\":\"BreadcrumbList\",\"@id\":\"http:\/\/conexion23.com\/?p=34114#breadcrumb\",\"itemListElement\":[{\"@type\":\"ListItem\",\"position\":1,\"name\":\"Portada\",\"item\":\"https:\/\/conexion23.com\/\"},{\"@type\":\"ListItem\",\"position\":2,\"name\":\"Fallece adolescente de 14 a\u00f1os de edad en Saman\u00e1, al presentar cuadro respiratorio\"}]},{\"@type\":\"WebSite\",\"@id\":\"https:\/\/conexion23.com\/#website\",\"url\":\"https:\/\/conexion23.com\/\",\"name\":\"Conexi\u00f3n 23\",\"description\":\"Peri\u00f3dico 100% Petromacorisano\",\"publisher\":{\"@id\":\"https:\/\/conexion23.com\/#organization\"},\"potentialAction\":[{\"@type\":\"SearchAction\",\"target\":{\"@type\":\"EntryPoint\",\"urlTemplate\":\"https:\/\/conexion23.com\/?s={search_term_string}\"},\"query-input\":{\"@type\":\"PropertyValueSpecification\",\"valueRequired\":true,\"valueName\":\"search_term_string\"}}],\"inLanguage\":\"es\"},{\"@type\":\"Organization\",\"@id\":\"https:\/\/conexion23.com\/#organization\",\"name\":\"Conexion 23\",\"url\":\"https:\/\/conexion23.com\/\",\"logo\":{\"@type\":\"ImageObject\",\"inLanguage\":\"es\",\"@id\":\"https:\/\/conexion23.com\/#\/schema\/logo\/image\/\",\"url\":\"https:\/\/conexion23.com\/wp-content\/uploads\/2021\/11\/Diseno-sin-titulo-2.png\",\"contentUrl\":\"https:\/\/conexion23.com\/wp-content\/uploads\/2021\/11\/Diseno-sin-titulo-2.png\",\"width\":541,\"height\":90,\"caption\":\"Conexion 23\"},\"image\":{\"@id\":\"https:\/\/conexion23.com\/#\/schema\/logo\/image\/\"},\"sameAs\":[\"https:\/\/www.facebook.com\/conexion23com\",\"https:\/\/www.instagram.com\/conexion23com\/\",\"https:\/\/www.youtube.com\/channel\/UCYc7vxxFZMYLIHNsHHxPZ3Q\"]},{\"@type\":\"Person\",\"@id\":\"https:\/\/conexion23.com\/#\/schema\/person\/03e36043331117e97a373299bbcd30a6\",\"name\":\"Raffy Ben\u00edtez\",\"image\":{\"@type\":\"ImageObject\",\"inLanguage\":\"es\",\"@id\":\"https:\/\/conexion23.com\/#\/schema\/person\/image\/\",\"url\":\"https:\/\/secure.gravatar.com\/avatar\/3190a6a6c5e1b0327500f7d6c56b6242472ee6cb974cf09b401ee6b3b0798f23?s=96&d=mm&r=g\",\"contentUrl\":\"https:\/\/secure.gravatar.com\/avatar\/3190a6a6c5e1b0327500f7d6c56b6242472ee6cb974cf09b401ee6b3b0798f23?s=96&d=mm&r=g\",\"caption\":\"Raffy Ben\u00edtez\"},\"url\":\"https:\/\/conexion23.com\/?author=15\"}]}<\/script>\n<!-- \/ Yoast SEO plugin. -->","yoast_head_json":{"title":"Fallece adolescente de 14 a\u00f1os de edad en Saman\u00e1, al presentar cuadro respiratorio - Conexi\u00f3n 23","robots":{"index":"index","follow":"follow","max-snippet":"max-snippet:-1","max-image-preview":"max-image-preview:large","max-video-preview":"max-video-preview:-1"},"canonical":"http:\/\/conexion23.com\/?p=34114","og_locale":"es_ES","og_type":"article","og_title":"Fallece adolescente de 14 a\u00f1os de edad en Saman\u00e1, al presentar cuadro respiratorio - Conexi\u00f3n 23","og_description":"La noche de este viernes una adolescente de 14 a\u00f1os de edad identificada como Wislianny Guzm\u00e1n falleci\u00f3 tras ser hospitalizada la ma\u00f1ana de hoy en el hospital municipal Dr. Leopoldo Pou, tras presentar un cuadro respiratorio. Seg\u00fan informaci\u00f3n preliminar la misma hab\u00eda sido trasladada por familiares al hospital al estar respirando con dificultad, d\u00f3nde luego [&hellip;]","og_url":"http:\/\/conexion23.com\/?p=34114","og_site_name":"Conexi\u00f3n 23","article_publisher":"https:\/\/www.facebook.com\/conexion23com","article_published_time":"2024-10-26T11:44:41+00:00","article_modified_time":"2024-10-26T11:44:43+00:00","og_image":[{"width":313,"height":296,"url":"http:\/\/conexion23.com\/wp-content\/uploads\/2024\/10\/464488392_1021821806622198_2779519988141617910_n.jpg","type":"image\/jpeg"}],"author":"Raffy Ben\u00edtez","twitter_card":"summary_large_image","twitter_misc":{"Escrito por":"Raffy Ben\u00edtez","Tiempo de lectura":"1 minuto"},"schema":{"@context":"https:\/\/schema.org","@graph":[{"@type":"Article","@id":"http:\/\/conexion23.com\/?p=34114#article","isPartOf":{"@id":"http:\/\/conexion23.com\/?p=34114"},"author":{"name":"Raffy Ben\u00edtez","@id":"https:\/\/conexion23.com\/#\/schema\/person\/03e36043331117e97a373299bbcd30a6"},"headline":"Fallece adolescente de 14 a\u00f1os de edad en Saman\u00e1, al presentar cuadro respiratorio","datePublished":"2024-10-26T11:44:41+00:00","dateModified":"2024-10-26T11:44:43+00:00","mainEntityOfPage":{"@id":"http:\/\/conexion23.com\/?p=34114"},"wordCount":180,"commentCount":0,"publisher":{"@id":"https:\/\/conexion23.com\/#organization"},"image":{"@id":"http:\/\/conexion23.com\/?p=34114#primaryimage"},"thumbnailUrl":"https:\/\/conexion23.com\/wp-content\/uploads\/2024\/10\/464488392_1021821806622198_2779519988141617910_n.jpg","articleSection":["Uncategorized"],"inLanguage":"es","potentialAction":[{"@type":"CommentAction","name":"Comment","target":["http:\/\/conexion23.com\/?p=34114#respond"]}]},{"@type":"WebPage","@id":"http:\/\/conexion23.com\/?p=34114","url":"http:\/\/conexion23.com\/?p=34114","name":"Fallece adolescente de 14 a\u00f1os de edad en Saman\u00e1, al presentar cuadro respiratorio - Conexi\u00f3n 23","isPartOf":{"@id":"https:\/\/conexion23.com\/#website"},"primaryImageOfPage":{"@id":"http:\/\/conexion23.com\/?p=34114#primaryimage"},"image":{"@id":"http:\/\/conexion23.com\/?p=34114#primaryimage"},"thumbnailUrl":"https:\/\/conexion23.com\/wp-content\/uploads\/2024\/10\/464488392_1021821806622198_2779519988141617910_n.jpg","datePublished":"2024-10-26T11:44:41+00:00","dateModified":"2024-10-26T11:44:43+00:00","breadcrumb":{"@id":"http:\/\/conexion23.com\/?p=34114#breadcrumb"},"inLanguage":"es","potentialAction":[{"@type":"ReadAction","target":["http:\/\/conexion23.com\/?p=34114"]}]},{"@type":"ImageObject","inLanguage":"es","@id":"http:\/\/conexion23.com\/?p=34114#primaryimage","url":"https:\/\/conexion23.com\/wp-content\/uploads\/2024\/10\/464488392_1021821806622198_2779519988141617910_n.jpg","contentUrl":"https:\/\/conexion23.com\/wp-content\/uploads\/2024\/10\/464488392_1021821806622198_2779519988141617910_n.jpg","width":313,"height":296},{"@type":"BreadcrumbList","@id":"http:\/\/conexion23.com\/?p=34114#breadcrumb","itemListElement":[{"@type":"ListItem","position":1,"name":"Portada","item":"https:\/\/conexion23.com\/"},{"@type":"ListItem","position":2,"name":"Fallece adolescente de 14 a\u00f1os de edad en Saman\u00e1, al presentar cuadro respiratorio"}]},{"@type":"WebSite","@id":"https:\/\/conexion23.com\/#website","url":"https:\/\/conexion23.com\/","name":"Conexi\u00f3n 23","description":"Peri\u00f3dico 100% Petromacorisano","publisher":{"@id":"https:\/\/conexion23.com\/#organization"},"potentialAction":[{"@type":"SearchAction","target":{"@type":"EntryPoint","urlTemplate":"https:\/\/conexion23.com\/?s={search_term_string}"},"query-input":{"@type":"PropertyValueSpecification","valueRequired":true,"valueName":"search_term_string"}}],"inLanguage":"es"},{"@type":"Organization","@id":"https:\/\/conexion23.com\/#organization","name":"Conexion 23","url":"https:\/\/conexion23.com\/","logo":{"@type":"ImageObject","inLanguage":"es","@id":"https:\/\/conexion23.com\/#\/schema\/logo\/image\/","url":"https:\/\/conexion23.com\/wp-content\/uploads\/2021\/11\/Diseno-sin-titulo-2.png","contentUrl":"https:\/\/conexion23.com\/wp-content\/uploads\/2021\/11\/Diseno-sin-titulo-2.png","width":541,"height":90,"caption":"Conexion 23"},"image":{"@id":"https:\/\/conexion23.com\/#\/schema\/logo\/image\/"},"sameAs":["https:\/\/www.facebook.com\/conexion23com","https:\/\/www.instagram.com\/conexion23com\/","https:\/\/www.youtube.com\/channel\/UCYc7vxxFZMYLIHNsHHxPZ3Q"]},{"@type":"Person","@id":"https:\/\/conexion23.com\/#\/schema\/person\/03e36043331117e97a373299bbcd30a6","name":"Raffy Ben\u00edtez","image":{"@type":"ImageObject","inLanguage":"es","@id":"https:\/\/conexion23.com\/#\/schema\/person\/image\/","url":"https:\/\/secure.gravatar.com\/avatar\/3190a6a6c5e1b0327500f7d6c56b6242472ee6cb974cf09b401ee6b3b0798f23?s=96&d=mm&r=g","contentUrl":"https:\/\/secure.gravatar.com\/avatar\/3190a6a6c5e1b0327500f7d6c56b6242472ee6cb974cf09b401ee6b3b0798f23?s=96&d=mm&r=g","caption":"Raffy Ben\u00edtez"},"url":"https:\/\/conexion23.com\/?author=15"}]}},"_links":{"self":[{"href":"https:\/\/conexion23.com\/index.php?rest_route=\/wp\/v2\/posts\/34114","targetHints":{"allow":["GET"]}}],"collection":[{"href":"https:\/\/conexion23.com\/index.php?rest_route=\/wp\/v2\/posts"}],"about":[{"href":"https:\/\/conexion23.com\/index.php?rest_route=\/wp\/v2\/types\/post"}],"author":[{"embeddable":true,"href":"https:\/\/conexion23.com\/index.php?rest_route=\/wp\/v2\/users\/15"}],"replies":[{"embeddable":true,"href":"https:\/\/conexion23.com\/index.php?rest_route=%2Fwp%2Fv2%2Fcomments&post=34114"}],"version-history":[{"count":1,"href":"https:\/\/conexion23.com\/index.php?rest_route=\/wp\/v2\/posts\/34114\/revisions"}],"predecessor-version":[{"id":34116,"href":"https:\/\/conexion23.com\/index.php?rest_route=\/wp\/v2\/posts\/34114\/revisions\/34116"}],"wp:featuredmedia":[{"embeddable":true,"href":"https:\/\/conexion23.com\/index.php?rest_route=\/wp\/v2\/media\/34115"}],"wp:attachment":[{"href":"https:\/\/conexion23.com\/index.php?rest_route=%2Fwp%2Fv2%2Fmedia&parent=34114"}],"wp:term":[{"taxonomy":"category","embeddable":true,"href":"https:\/\/conexion23.com\/index.php?rest_route=%2Fwp%2Fv2%2Fcategories&post=34114"},{"taxonomy":"post_tag","embeddable":true,"href":"https:\/\/conexion23.com\/index.php?rest_route=%2Fwp%2Fv2%2Ftags&post=34114"}],"curies":[{"name":"wp","href":"https:\/\/api.w.org\/{rel}","templated":true}]}}