{"id":34117,"date":"2024-10-26T07:47:07","date_gmt":"2024-10-26T11:47:07","guid":{"rendered":"https:\/\/conexion23.com\/?p=34117"},"modified":"2024-10-26T07:47:08","modified_gmt":"2024-10-26T11:47:08","slug":"el-inacif-quema-mas-de-media-tonelada-de-drogas-ocupada-en-distintos-puntos-del-pais","status":"publish","type":"post","link":"https:\/\/conexion23.com\/?p=34117","title":{"rendered":"El Inacif quema m\u00e1s de media tonelada de drogas ocupada en distintos puntos del pa\u00eds"},"content":{"rendered":"\n<p>Continuando con el combate al narcotr\u00e1fico, el Instituto Nacional de Ciencias Forenses (Inacif) inciner\u00f3 este jueves m\u00e1s de media tonelada de drogas, correspondiente m\u00e1s del&nbsp;<strong>92%<\/strong>&nbsp;a coca\u00edna, ocupada recientemente en varios lugares a nivel nacional.<\/p>\n\n\n\n<p>El&nbsp;<strong>Inacif&nbsp;<\/strong>detall\u00f3 que en total fueron quemados&nbsp;<strong>508.612<\/strong>&nbsp;kilogramos de distintos narc\u00f3ticos, incluyendo&nbsp;<strong>469.431<\/strong>&nbsp;kilogramos<strong>&nbsp;(92.30%)<\/strong>&nbsp;de coca\u00edna y<strong>&nbsp;35.534&nbsp;<\/strong>kilogramos&nbsp;<strong>(6.99%)<\/strong>&nbsp;de marihuana, as\u00ed como&nbsp;<strong>2.970<\/strong>&nbsp;kilogramos<strong>&nbsp;(0.5839%)&nbsp;<\/strong>de crack,&nbsp;<strong>349<\/strong>&nbsp;gramos (0.0685%) de ecgonina,<strong>&nbsp;272<\/strong>&nbsp;gramos&nbsp;<strong>(0.0535%)<\/strong>&nbsp;de hach\u00eds y&nbsp;<strong>55&nbsp;<\/strong>gramos de \u00e9xtasis&nbsp;<strong>(0.0109%)<\/strong>.<\/p>\n\n\n\n<p>LEER TAMBI\u00c9N :<a href=\"https:\/\/www.sinnadaqueocultarrd.com\/2024\/07\/la-procuraduria-quema-mas-de-1600.html\">La Procuradur\u00eda quema m\u00e1s de 1,600 kilogramos de drogas en otra acci\u00f3n contra el narcotr\u00e1fico<\/a><\/p>\n\n\n\n<p>En adici\u00f3n fueron quemados&nbsp;<strong>5.832&nbsp;<\/strong>kilogramos de otras sustancias que se determin\u00f3 en los an\u00e1lisis que no correspond\u00edan a drogas, explica el informe sobre la quema de las sustancias.<\/p>\n\n\n\n<figure class=\"wp-block-image\"><a href=\"https:\/\/blogger.googleusercontent.com\/img\/b\/R29vZ2xl\/AVvXsEgVAf-MUYu9dvC2nWcL2UMiKDIWPm8x78R0bwxsHWz7pG7cJ_8cS4P41K94kXpOPZsG0522nWs_H9pCJowX1jZXr1bZeLcnGaZUT4pd8MiNtzS2HmtvpqhcExx7dY0urBQzIiMOzBrTICg9n7OWf4jKUr-R0mgBy-YEPNYD3KWS_ljPsbXpErC6ypqC2aw\/s1448\/IMG-20241024-WA0003.jpg\"><img decoding=\"async\" src=\"https:\/\/blogger.googleusercontent.com\/img\/b\/R29vZ2xl\/AVvXsEgVAf-MUYu9dvC2nWcL2UMiKDIWPm8x78R0bwxsHWz7pG7cJ_8cS4P41K94kXpOPZsG0522nWs_H9pCJowX1jZXr1bZeLcnGaZUT4pd8MiNtzS2HmtvpqhcExx7dY0urBQzIiMOzBrTICg9n7OWf4jKUr-R0mgBy-YEPNYD3KWS_ljPsbXpErC6ypqC2aw\/w400-h180\/IMG-20241024-WA0003.jpg\" alt=\"\"\/><\/a><\/figure>\n\n\n\n<p>El peso global de ambas sustancias, positivas y negativas, que fueron incautadas por miembros del Ministerio P\u00fablico y la Direcci\u00f3n Nacional de Control de Drogas&nbsp;<strong>(DNCD),<\/strong>&nbsp;asciende a quinientos catorce&nbsp;<strong>(514)&nbsp;<\/strong>kilogramos, cuatrocientos cuarenta y tres<strong>&nbsp;(443)<\/strong>&nbsp;gramos y ciento cuarenta y seis&nbsp;<strong>(146)<\/strong>&nbsp;miligramos, los cuales corresponden a un total de novecientos veinte&nbsp;<strong>(920)<\/strong>&nbsp;casos.<\/p>\n\n\n\n<p>En Montecristi fueron ocupados&nbsp;<strong>212,430.000<\/strong>&nbsp;kilogramos, que representa la mayor cantidad, seguido de La Altagracia con&nbsp;<strong>83,097.140,<\/strong>&nbsp;Santo Domingo con&nbsp;<strong>76,046.625<\/strong>, La Vega con<strong>&nbsp;40,270.000<\/strong>&nbsp;y el Distrito Nacional con&nbsp;<strong>30,828.298.<\/strong><\/p>\n\n\n\n<p>LEER TAMBI\u00c9N :<a href=\"https:\/\/www.sinnadaqueocultarrd.com\/2024\/07\/dgspc-realiza-conferencia-internacional.html\">&nbsp;DGSPC realiza conferencia internacional \u201cCrimen Organizado y Perfilamiento Criminal, desde la perspectiva Regional\u00bb<\/a><\/p>\n\n\n\n<p>En el informe el<strong>&nbsp;Inacif<\/strong>&nbsp;indica que las incautaciones se realizaron tambi\u00e9n en&nbsp;<strong>Barahona, San Pedro de Macor\u00eds, San Crist\u00f3bal, La Romana, Peravia, Santiago, Espaillat, El Seibo y Saman\u00e1, as\u00ed como en San Juan, Valverde y Azua, Monse\u00f1or Nouel, Duarte, Mar\u00eda Trinidad S\u00e1nchez, Monte Plata, Independencia y Hermanas Mirabal.<\/strong><\/p>\n\n\n\n<p>La quema de los narc\u00f3ticos se realiza de conformidad con las disposiciones de los art\u00edculos&nbsp;<strong>33<\/strong>&nbsp;y&nbsp;<strong>92<\/strong>&nbsp;de la Ley&nbsp;<strong>50-88,<\/strong>&nbsp;sobre Drogas y Sustancias Controladas de la Rep\u00fablica Dominicana, y el art\u00edculo<strong>&nbsp;26<\/strong>, ac\u00e1pite<strong>&nbsp;3,<\/strong>&nbsp;de Ley Org\u00e1nica del Ministerio P\u00fablico No.<strong>&nbsp;133-11.<\/strong><\/p>\n\n\n\n<p>La actividad se realiza cada jueves con la participaci\u00f3n de diferentes instituciones del \u00e1rea de justicia y de la salud, en las instalaciones del Campamento Militar<strong>&nbsp;16<\/strong>&nbsp;de Agosto, sede de la Comandancia General del Ej\u00e9rcito de Rep\u00fablica Dominicana, ubicadas en el kil\u00f3metro&nbsp;<strong>25<\/strong>&nbsp;de la Autopista Duarte, en el municipio<strong>&nbsp;Pedro Brand,<\/strong>&nbsp;provincia Santo Domingo.<\/p>\n\n\n\n<p>LEER TAMBI\u00c9N :<a href=\"https:\/\/www.sinnadaqueocultarrd.com\/2024\/07\/la-procuraduria-incinera-mas-de-dos.html\">&nbsp;La Procuradur\u00eda incinera m\u00e1s de dos toneladas de drogas en \u00faltimas tres semanas<\/a><\/p>\n\n\n\n<p>El&nbsp;<strong>Inacif&nbsp;<\/strong>destaca en un comunicado de prensa que del&nbsp;<strong>11<\/strong>&nbsp;de enero al&nbsp;<strong>24<\/strong>&nbsp;de octubre de este a\u00f1o han sido quemados un total de&nbsp;<strong>26,562,761<\/strong>&nbsp;kilogramos de distintos narc\u00f3ticos.<\/p>\n","protected":false},"excerpt":{"rendered":"<p>Continuando con el combate al narcotr\u00e1fico, el Instituto Nacional de Ciencias Forenses (Inacif) inciner\u00f3 este jueves m\u00e1s de media tonelada de drogas, correspondiente m\u00e1s del&nbsp;92%&nbsp;a coca\u00edna, ocupada recientemente en varios lugares a nivel nacional. El&nbsp;Inacif&nbsp;detall\u00f3 que en total fueron quemados&nbsp;508.612&nbsp;kilogramos de distintos narc\u00f3ticos, incluyendo&nbsp;469.431&nbsp;kilogramos&nbsp;(92.30%)&nbsp;de coca\u00edna y&nbsp;35.534&nbsp;kilogramos&nbsp;(6.99%)&nbsp;de marihuana, as\u00ed como&nbsp;2.970&nbsp;kilogramos&nbsp;(0.5839%)&nbsp;de crack,&nbsp;349&nbsp;gramos (0.0685%) de ecgonina,&nbsp;272&nbsp;gramos&nbsp;(0.0535%)&nbsp;de hach\u00eds y&nbsp;55&nbsp;gramos [&hellip;]<\/p>\n","protected":false},"author":15,"featured_media":34118,"comment_status":"open","ping_status":"open","sticky":false,"template":"","format":"standard","meta":{"footnotes":""},"categories":[1],"tags":[],"class_list":{"0":"post-34117","1":"post","2":"type-post","3":"status-publish","4":"format-standard","5":"has-post-thumbnail","7":"category-uncategorized"},"yoast_head":"<!-- This site is optimized with the Yoast SEO plugin v27.1.1 - https:\/\/yoast.com\/product\/yoast-seo-wordpress\/ -->\n<title>El Inacif quema m\u00e1s de media tonelada de drogas ocupada en distintos puntos del pa\u00eds - Conexi\u00f3n 23<\/title>\n<meta name=\"robots\" content=\"index, follow, max-snippet:-1, max-image-preview:large, max-video-preview:-1\" \/>\n<link rel=\"canonical\" href=\"http:\/\/conexion23.com\/?p=34117\" \/>\n<meta property=\"og:locale\" content=\"es_ES\" \/>\n<meta property=\"og:type\" content=\"article\" \/>\n<meta property=\"og:title\" content=\"El Inacif quema m\u00e1s de media tonelada de drogas ocupada en distintos puntos del pa\u00eds - Conexi\u00f3n 23\" \/>\n<meta property=\"og:description\" content=\"Continuando con el combate al narcotr\u00e1fico, el Instituto Nacional de Ciencias Forenses (Inacif) inciner\u00f3 este jueves m\u00e1s de media tonelada de drogas, correspondiente m\u00e1s del&nbsp;92%&nbsp;a coca\u00edna, ocupada recientemente en varios lugares a nivel nacional. El&nbsp;Inacif&nbsp;detall\u00f3 que en total fueron quemados&nbsp;508.612&nbsp;kilogramos de distintos narc\u00f3ticos, incluyendo&nbsp;469.431&nbsp;kilogramos&nbsp;(92.30%)&nbsp;de coca\u00edna y&nbsp;35.534&nbsp;kilogramos&nbsp;(6.99%)&nbsp;de marihuana, as\u00ed como&nbsp;2.970&nbsp;kilogramos&nbsp;(0.5839%)&nbsp;de crack,&nbsp;349&nbsp;gramos (0.0685%) de ecgonina,&nbsp;272&nbsp;gramos&nbsp;(0.0535%)&nbsp;de hach\u00eds y&nbsp;55&nbsp;gramos [&hellip;]\" \/>\n<meta property=\"og:url\" content=\"http:\/\/conexion23.com\/?p=34117\" \/>\n<meta property=\"og:site_name\" content=\"Conexi\u00f3n 23\" \/>\n<meta property=\"article:publisher\" content=\"https:\/\/www.facebook.com\/conexion23com\" \/>\n<meta property=\"article:published_time\" content=\"2024-10-26T11:47:07+00:00\" \/>\n<meta property=\"article:modified_time\" content=\"2024-10-26T11:47:08+00:00\" \/>\n<meta property=\"og:image\" content=\"http:\/\/conexion23.com\/wp-content\/uploads\/2024\/10\/IMG-20241024-WA0002.jpg\" \/>\n\t<meta property=\"og:image:width\" content=\"400\" \/>\n\t<meta property=\"og:image:height\" content=\"180\" \/>\n\t<meta property=\"og:image:type\" content=\"image\/jpeg\" \/>\n<meta name=\"author\" content=\"Raffy Ben\u00edtez\" \/>\n<meta name=\"twitter:card\" content=\"summary_large_image\" \/>\n<meta name=\"twitter:label1\" content=\"Escrito por\" \/>\n\t<meta name=\"twitter:data1\" content=\"Raffy Ben\u00edtez\" \/>\n\t<meta name=\"twitter:label2\" content=\"Tiempo de lectura\" \/>\n\t<meta name=\"twitter:data2\" content=\"3 minutos\" \/>\n<script type=\"application\/ld+json\" class=\"yoast-schema-graph\">{\"@context\":\"https:\/\/schema.org\",\"@graph\":[{\"@type\":\"Article\",\"@id\":\"http:\/\/conexion23.com\/?p=34117#article\",\"isPartOf\":{\"@id\":\"http:\/\/conexion23.com\/?p=34117\"},\"author\":{\"name\":\"Raffy Ben\u00edtez\",\"@id\":\"https:\/\/conexion23.com\/#\/schema\/person\/03e36043331117e97a373299bbcd30a6\"},\"headline\":\"El Inacif quema m\u00e1s de media tonelada de drogas ocupada en distintos puntos del pa\u00eds\",\"datePublished\":\"2024-10-26T11:47:07+00:00\",\"dateModified\":\"2024-10-26T11:47:08+00:00\",\"mainEntityOfPage\":{\"@id\":\"http:\/\/conexion23.com\/?p=34117\"},\"wordCount\":527,\"commentCount\":0,\"publisher\":{\"@id\":\"https:\/\/conexion23.com\/#organization\"},\"image\":{\"@id\":\"http:\/\/conexion23.com\/?p=34117#primaryimage\"},\"thumbnailUrl\":\"https:\/\/conexion23.com\/wp-content\/uploads\/2024\/10\/IMG-20241024-WA0002.jpg\",\"articleSection\":[\"Uncategorized\"],\"inLanguage\":\"es\",\"potentialAction\":[{\"@type\":\"CommentAction\",\"name\":\"Comment\",\"target\":[\"http:\/\/conexion23.com\/?p=34117#respond\"]}]},{\"@type\":\"WebPage\",\"@id\":\"http:\/\/conexion23.com\/?p=34117\",\"url\":\"http:\/\/conexion23.com\/?p=34117\",\"name\":\"El Inacif quema m\u00e1s de media tonelada de drogas ocupada en distintos puntos del pa\u00eds - Conexi\u00f3n 23\",\"isPartOf\":{\"@id\":\"https:\/\/conexion23.com\/#website\"},\"primaryImageOfPage\":{\"@id\":\"http:\/\/conexion23.com\/?p=34117#primaryimage\"},\"image\":{\"@id\":\"http:\/\/conexion23.com\/?p=34117#primaryimage\"},\"thumbnailUrl\":\"https:\/\/conexion23.com\/wp-content\/uploads\/2024\/10\/IMG-20241024-WA0002.jpg\",\"datePublished\":\"2024-10-26T11:47:07+00:00\",\"dateModified\":\"2024-10-26T11:47:08+00:00\",\"breadcrumb\":{\"@id\":\"http:\/\/conexion23.com\/?p=34117#breadcrumb\"},\"inLanguage\":\"es\",\"potentialAction\":[{\"@type\":\"ReadAction\",\"target\":[\"http:\/\/conexion23.com\/?p=34117\"]}]},{\"@type\":\"ImageObject\",\"inLanguage\":\"es\",\"@id\":\"http:\/\/conexion23.com\/?p=34117#primaryimage\",\"url\":\"https:\/\/conexion23.com\/wp-content\/uploads\/2024\/10\/IMG-20241024-WA0002.jpg\",\"contentUrl\":\"https:\/\/conexion23.com\/wp-content\/uploads\/2024\/10\/IMG-20241024-WA0002.jpg\",\"width\":400,\"height\":180},{\"@type\":\"BreadcrumbList\",\"@id\":\"http:\/\/conexion23.com\/?p=34117#breadcrumb\",\"itemListElement\":[{\"@type\":\"ListItem\",\"position\":1,\"name\":\"Portada\",\"item\":\"https:\/\/conexion23.com\/\"},{\"@type\":\"ListItem\",\"position\":2,\"name\":\"El Inacif quema m\u00e1s de media tonelada de drogas ocupada en distintos puntos del pa\u00eds\"}]},{\"@type\":\"WebSite\",\"@id\":\"https:\/\/conexion23.com\/#website\",\"url\":\"https:\/\/conexion23.com\/\",\"name\":\"Conexi\u00f3n 23\",\"description\":\"Peri\u00f3dico 100% Petromacorisano\",\"publisher\":{\"@id\":\"https:\/\/conexion23.com\/#organization\"},\"potentialAction\":[{\"@type\":\"SearchAction\",\"target\":{\"@type\":\"EntryPoint\",\"urlTemplate\":\"https:\/\/conexion23.com\/?s={search_term_string}\"},\"query-input\":{\"@type\":\"PropertyValueSpecification\",\"valueRequired\":true,\"valueName\":\"search_term_string\"}}],\"inLanguage\":\"es\"},{\"@type\":\"Organization\",\"@id\":\"https:\/\/conexion23.com\/#organization\",\"name\":\"Conexion 23\",\"url\":\"https:\/\/conexion23.com\/\",\"logo\":{\"@type\":\"ImageObject\",\"inLanguage\":\"es\",\"@id\":\"https:\/\/conexion23.com\/#\/schema\/logo\/image\/\",\"url\":\"https:\/\/conexion23.com\/wp-content\/uploads\/2021\/11\/Diseno-sin-titulo-2.png\",\"contentUrl\":\"https:\/\/conexion23.com\/wp-content\/uploads\/2021\/11\/Diseno-sin-titulo-2.png\",\"width\":541,\"height\":90,\"caption\":\"Conexion 23\"},\"image\":{\"@id\":\"https:\/\/conexion23.com\/#\/schema\/logo\/image\/\"},\"sameAs\":[\"https:\/\/www.facebook.com\/conexion23com\",\"https:\/\/www.instagram.com\/conexion23com\/\",\"https:\/\/www.youtube.com\/channel\/UCYc7vxxFZMYLIHNsHHxPZ3Q\"]},{\"@type\":\"Person\",\"@id\":\"https:\/\/conexion23.com\/#\/schema\/person\/03e36043331117e97a373299bbcd30a6\",\"name\":\"Raffy Ben\u00edtez\",\"image\":{\"@type\":\"ImageObject\",\"inLanguage\":\"es\",\"@id\":\"https:\/\/conexion23.com\/#\/schema\/person\/image\/\",\"url\":\"https:\/\/secure.gravatar.com\/avatar\/3190a6a6c5e1b0327500f7d6c56b6242472ee6cb974cf09b401ee6b3b0798f23?s=96&d=mm&r=g\",\"contentUrl\":\"https:\/\/secure.gravatar.com\/avatar\/3190a6a6c5e1b0327500f7d6c56b6242472ee6cb974cf09b401ee6b3b0798f23?s=96&d=mm&r=g\",\"caption\":\"Raffy Ben\u00edtez\"},\"url\":\"https:\/\/conexion23.com\/?author=15\"}]}<\/script>\n<!-- \/ Yoast SEO plugin. -->","yoast_head_json":{"title":"El Inacif quema m\u00e1s de media tonelada de drogas ocupada en distintos puntos del pa\u00eds - Conexi\u00f3n 23","robots":{"index":"index","follow":"follow","max-snippet":"max-snippet:-1","max-image-preview":"max-image-preview:large","max-video-preview":"max-video-preview:-1"},"canonical":"http:\/\/conexion23.com\/?p=34117","og_locale":"es_ES","og_type":"article","og_title":"El Inacif quema m\u00e1s de media tonelada de drogas ocupada en distintos puntos del pa\u00eds - Conexi\u00f3n 23","og_description":"Continuando con el combate al narcotr\u00e1fico, el Instituto Nacional de Ciencias Forenses (Inacif) inciner\u00f3 este jueves m\u00e1s de media tonelada de drogas, correspondiente m\u00e1s del&nbsp;92%&nbsp;a coca\u00edna, ocupada recientemente en varios lugares a nivel nacional. El&nbsp;Inacif&nbsp;detall\u00f3 que en total fueron quemados&nbsp;508.612&nbsp;kilogramos de distintos narc\u00f3ticos, incluyendo&nbsp;469.431&nbsp;kilogramos&nbsp;(92.30%)&nbsp;de coca\u00edna y&nbsp;35.534&nbsp;kilogramos&nbsp;(6.99%)&nbsp;de marihuana, as\u00ed como&nbsp;2.970&nbsp;kilogramos&nbsp;(0.5839%)&nbsp;de crack,&nbsp;349&nbsp;gramos (0.0685%) de ecgonina,&nbsp;272&nbsp;gramos&nbsp;(0.0535%)&nbsp;de hach\u00eds y&nbsp;55&nbsp;gramos [&hellip;]","og_url":"http:\/\/conexion23.com\/?p=34117","og_site_name":"Conexi\u00f3n 23","article_publisher":"https:\/\/www.facebook.com\/conexion23com","article_published_time":"2024-10-26T11:47:07+00:00","article_modified_time":"2024-10-26T11:47:08+00:00","og_image":[{"width":400,"height":180,"url":"http:\/\/conexion23.com\/wp-content\/uploads\/2024\/10\/IMG-20241024-WA0002.jpg","type":"image\/jpeg"}],"author":"Raffy Ben\u00edtez","twitter_card":"summary_large_image","twitter_misc":{"Escrito por":"Raffy Ben\u00edtez","Tiempo de lectura":"3 minutos"},"schema":{"@context":"https:\/\/schema.org","@graph":[{"@type":"Article","@id":"http:\/\/conexion23.com\/?p=34117#article","isPartOf":{"@id":"http:\/\/conexion23.com\/?p=34117"},"author":{"name":"Raffy Ben\u00edtez","@id":"https:\/\/conexion23.com\/#\/schema\/person\/03e36043331117e97a373299bbcd30a6"},"headline":"El Inacif quema m\u00e1s de media tonelada de drogas ocupada en distintos puntos del pa\u00eds","datePublished":"2024-10-26T11:47:07+00:00","dateModified":"2024-10-26T11:47:08+00:00","mainEntityOfPage":{"@id":"http:\/\/conexion23.com\/?p=34117"},"wordCount":527,"commentCount":0,"publisher":{"@id":"https:\/\/conexion23.com\/#organization"},"image":{"@id":"http:\/\/conexion23.com\/?p=34117#primaryimage"},"thumbnailUrl":"https:\/\/conexion23.com\/wp-content\/uploads\/2024\/10\/IMG-20241024-WA0002.jpg","articleSection":["Uncategorized"],"inLanguage":"es","potentialAction":[{"@type":"CommentAction","name":"Comment","target":["http:\/\/conexion23.com\/?p=34117#respond"]}]},{"@type":"WebPage","@id":"http:\/\/conexion23.com\/?p=34117","url":"http:\/\/conexion23.com\/?p=34117","name":"El Inacif quema m\u00e1s de media tonelada de drogas ocupada en distintos puntos del pa\u00eds - Conexi\u00f3n 23","isPartOf":{"@id":"https:\/\/conexion23.com\/#website"},"primaryImageOfPage":{"@id":"http:\/\/conexion23.com\/?p=34117#primaryimage"},"image":{"@id":"http:\/\/conexion23.com\/?p=34117#primaryimage"},"thumbnailUrl":"https:\/\/conexion23.com\/wp-content\/uploads\/2024\/10\/IMG-20241024-WA0002.jpg","datePublished":"2024-10-26T11:47:07+00:00","dateModified":"2024-10-26T11:47:08+00:00","breadcrumb":{"@id":"http:\/\/conexion23.com\/?p=34117#breadcrumb"},"inLanguage":"es","potentialAction":[{"@type":"ReadAction","target":["http:\/\/conexion23.com\/?p=34117"]}]},{"@type":"ImageObject","inLanguage":"es","@id":"http:\/\/conexion23.com\/?p=34117#primaryimage","url":"https:\/\/conexion23.com\/wp-content\/uploads\/2024\/10\/IMG-20241024-WA0002.jpg","contentUrl":"https:\/\/conexion23.com\/wp-content\/uploads\/2024\/10\/IMG-20241024-WA0002.jpg","width":400,"height":180},{"@type":"BreadcrumbList","@id":"http:\/\/conexion23.com\/?p=34117#breadcrumb","itemListElement":[{"@type":"ListItem","position":1,"name":"Portada","item":"https:\/\/conexion23.com\/"},{"@type":"ListItem","position":2,"name":"El Inacif quema m\u00e1s de media tonelada de drogas ocupada en distintos puntos del pa\u00eds"}]},{"@type":"WebSite","@id":"https:\/\/conexion23.com\/#website","url":"https:\/\/conexion23.com\/","name":"Conexi\u00f3n 23","description":"Peri\u00f3dico 100% Petromacorisano","publisher":{"@id":"https:\/\/conexion23.com\/#organization"},"potentialAction":[{"@type":"SearchAction","target":{"@type":"EntryPoint","urlTemplate":"https:\/\/conexion23.com\/?s={search_term_string}"},"query-input":{"@type":"PropertyValueSpecification","valueRequired":true,"valueName":"search_term_string"}}],"inLanguage":"es"},{"@type":"Organization","@id":"https:\/\/conexion23.com\/#organization","name":"Conexion 23","url":"https:\/\/conexion23.com\/","logo":{"@type":"ImageObject","inLanguage":"es","@id":"https:\/\/conexion23.com\/#\/schema\/logo\/image\/","url":"https:\/\/conexion23.com\/wp-content\/uploads\/2021\/11\/Diseno-sin-titulo-2.png","contentUrl":"https:\/\/conexion23.com\/wp-content\/uploads\/2021\/11\/Diseno-sin-titulo-2.png","width":541,"height":90,"caption":"Conexion 23"},"image":{"@id":"https:\/\/conexion23.com\/#\/schema\/logo\/image\/"},"sameAs":["https:\/\/www.facebook.com\/conexion23com","https:\/\/www.instagram.com\/conexion23com\/","https:\/\/www.youtube.com\/channel\/UCYc7vxxFZMYLIHNsHHxPZ3Q"]},{"@type":"Person","@id":"https:\/\/conexion23.com\/#\/schema\/person\/03e36043331117e97a373299bbcd30a6","name":"Raffy Ben\u00edtez","image":{"@type":"ImageObject","inLanguage":"es","@id":"https:\/\/conexion23.com\/#\/schema\/person\/image\/","url":"https:\/\/secure.gravatar.com\/avatar\/3190a6a6c5e1b0327500f7d6c56b6242472ee6cb974cf09b401ee6b3b0798f23?s=96&d=mm&r=g","contentUrl":"https:\/\/secure.gravatar.com\/avatar\/3190a6a6c5e1b0327500f7d6c56b6242472ee6cb974cf09b401ee6b3b0798f23?s=96&d=mm&r=g","caption":"Raffy Ben\u00edtez"},"url":"https:\/\/conexion23.com\/?author=15"}]}},"_links":{"self":[{"href":"https:\/\/conexion23.com\/index.php?rest_route=\/wp\/v2\/posts\/34117","targetHints":{"allow":["GET"]}}],"collection":[{"href":"https:\/\/conexion23.com\/index.php?rest_route=\/wp\/v2\/posts"}],"about":[{"href":"https:\/\/conexion23.com\/index.php?rest_route=\/wp\/v2\/types\/post"}],"author":[{"embeddable":true,"href":"https:\/\/conexion23.com\/index.php?rest_route=\/wp\/v2\/users\/15"}],"replies":[{"embeddable":true,"href":"https:\/\/conexion23.com\/index.php?rest_route=%2Fwp%2Fv2%2Fcomments&post=34117"}],"version-history":[{"count":1,"href":"https:\/\/conexion23.com\/index.php?rest_route=\/wp\/v2\/posts\/34117\/revisions"}],"predecessor-version":[{"id":34119,"href":"https:\/\/conexion23.com\/index.php?rest_route=\/wp\/v2\/posts\/34117\/revisions\/34119"}],"wp:featuredmedia":[{"embeddable":true,"href":"https:\/\/conexion23.com\/index.php?rest_route=\/wp\/v2\/media\/34118"}],"wp:attachment":[{"href":"https:\/\/conexion23.com\/index.php?rest_route=%2Fwp%2Fv2%2Fmedia&parent=34117"}],"wp:term":[{"taxonomy":"category","embeddable":true,"href":"https:\/\/conexion23.com\/index.php?rest_route=%2Fwp%2Fv2%2Fcategories&post=34117"},{"taxonomy":"post_tag","embeddable":true,"href":"https:\/\/conexion23.com\/index.php?rest_route=%2Fwp%2Fv2%2Ftags&post=34117"}],"curies":[{"name":"wp","href":"https:\/\/api.w.org\/{rel}","templated":true}]}}