{"id":34179,"date":"2024-10-28T08:47:56","date_gmt":"2024-10-28T12:47:56","guid":{"rendered":"https:\/\/conexion23.com\/?p=34179"},"modified":"2024-10-28T08:47:57","modified_gmt":"2024-10-28T12:47:57","slug":"dos-personas-resultan-heridas-al-impactar-con-una-vaca-en-san-pedro-de-macoris","status":"publish","type":"post","link":"https:\/\/conexion23.com\/?p=34179","title":{"rendered":"Dos personas resultan heridas al impactar con una vaca en San Pedro de Macor\u00eds."},"content":{"rendered":"\n<p>En la ma\u00f1ana de este S\u00e1bado 26 del 2024, Dos personas resultaron con m\u00faltiples heridas al embestir una vaca que se encontraba cruzando la calle en la Avenida Hugo Ch\u00e1vez de esta ciudad.<\/p>\n\n\n\n<p>Los heridos no fueron identificado por su nombre, Pero se estima que es una se\u00f1ora de aproximadamente 60 a\u00f1os de edad y un joven de aproximadamente 30 a\u00f1os de edad y de nacionalidad haitiana.<\/p>\n\n\n\n<p>Ambos fueron trasladados al Hospital Regional Doctor Antonio Musa por una ambulancia del sistema nacional de emergencias 911.<\/p>\n\n\n\n<p>En ese mismo orden fueron apresado los animales (Vacas) por la Polic\u00eda Municipal en acompa\u00f1amiento del departamento de Gesti\u00f3n de Riesgo dirigido por el Licenciado Rey Ram\u00edrez del Ayuntamiento de esta provincia.<\/p>\n\n\n\n<p>Los Propietarios deber\u00e1n pasar por las oficinas del ayuntamiento municipal de esta provincia con su Estampa y certificado de propiedad del animal y el pago correspondiente a 6 mil pesos por animal como multa debido a que violentaron la Ordenanza Municipal N\u00famero 01-2024 de este municipio cabecera.<\/p>\n\n\n\n<p>Tambi\u00e9n se les hace responsable de los da\u00f1os causados a esos dos ciudadanos.<\/p>\n","protected":false},"excerpt":{"rendered":"<p>En la ma\u00f1ana de este S\u00e1bado 26 del 2024, Dos personas resultaron con m\u00faltiples heridas al embestir una vaca que se encontraba cruzando la calle en la Avenida Hugo Ch\u00e1vez de esta ciudad. Los heridos no fueron identificado por su nombre, Pero se estima que es una se\u00f1ora de aproximadamente 60 a\u00f1os de edad y [&hellip;]<\/p>\n","protected":false},"author":15,"featured_media":34180,"comment_status":"open","ping_status":"open","sticky":false,"template":"","format":"standard","meta":{"footnotes":""},"categories":[35],"tags":[],"class_list":{"0":"post-34179","1":"post","2":"type-post","3":"status-publish","4":"format-standard","5":"has-post-thumbnail","7":"category-spm"},"yoast_head":"<!-- This site is optimized with the Yoast SEO plugin v27.1.1 - https:\/\/yoast.com\/product\/yoast-seo-wordpress\/ -->\n<title>Dos personas resultan heridas al impactar con una vaca en San Pedro de Macor\u00eds. - Conexi\u00f3n 23<\/title>\n<meta name=\"robots\" content=\"index, follow, max-snippet:-1, max-image-preview:large, max-video-preview:-1\" \/>\n<link rel=\"canonical\" href=\"http:\/\/conexion23.com\/?p=34179\" \/>\n<meta property=\"og:locale\" content=\"es_ES\" \/>\n<meta property=\"og:type\" content=\"article\" \/>\n<meta property=\"og:title\" content=\"Dos personas resultan heridas al impactar con una vaca en San Pedro de Macor\u00eds. - Conexi\u00f3n 23\" \/>\n<meta property=\"og:description\" content=\"En la ma\u00f1ana de este S\u00e1bado 26 del 2024, Dos personas resultaron con m\u00faltiples heridas al embestir una vaca que se encontraba cruzando la calle en la Avenida Hugo Ch\u00e1vez de esta ciudad. Los heridos no fueron identificado por su nombre, Pero se estima que es una se\u00f1ora de aproximadamente 60 a\u00f1os de edad y [&hellip;]\" \/>\n<meta property=\"og:url\" content=\"http:\/\/conexion23.com\/?p=34179\" \/>\n<meta property=\"og:site_name\" content=\"Conexi\u00f3n 23\" \/>\n<meta property=\"article:publisher\" content=\"https:\/\/www.facebook.com\/conexion23com\" \/>\n<meta property=\"article:published_time\" content=\"2024-10-28T12:47:56+00:00\" \/>\n<meta property=\"article:modified_time\" content=\"2024-10-28T12:47:57+00:00\" \/>\n<meta property=\"og:image\" content=\"http:\/\/conexion23.com\/wp-content\/uploads\/2024\/10\/9f2d07d8-43e0-4cef-aecd-32ba15dcef48.jpg\" \/>\n\t<meta property=\"og:image:width\" content=\"960\" \/>\n\t<meta property=\"og:image:height\" content=\"972\" \/>\n\t<meta property=\"og:image:type\" content=\"image\/jpeg\" \/>\n<meta name=\"author\" content=\"Raffy Ben\u00edtez\" \/>\n<meta name=\"twitter:card\" content=\"summary_large_image\" \/>\n<meta name=\"twitter:label1\" content=\"Escrito por\" \/>\n\t<meta name=\"twitter:data1\" content=\"Raffy Ben\u00edtez\" \/>\n\t<meta name=\"twitter:label2\" content=\"Tiempo de lectura\" \/>\n\t<meta name=\"twitter:data2\" content=\"2 minutos\" \/>\n<script type=\"application\/ld+json\" class=\"yoast-schema-graph\">{\"@context\":\"https:\/\/schema.org\",\"@graph\":[{\"@type\":\"Article\",\"@id\":\"http:\/\/conexion23.com\/?p=34179#article\",\"isPartOf\":{\"@id\":\"http:\/\/conexion23.com\/?p=34179\"},\"author\":{\"name\":\"Raffy Ben\u00edtez\",\"@id\":\"https:\/\/conexion23.com\/#\/schema\/person\/03e36043331117e97a373299bbcd30a6\"},\"headline\":\"Dos personas resultan heridas al impactar con una vaca en San Pedro de Macor\u00eds.\",\"datePublished\":\"2024-10-28T12:47:56+00:00\",\"dateModified\":\"2024-10-28T12:47:57+00:00\",\"mainEntityOfPage\":{\"@id\":\"http:\/\/conexion23.com\/?p=34179\"},\"wordCount\":201,\"commentCount\":0,\"publisher\":{\"@id\":\"https:\/\/conexion23.com\/#organization\"},\"image\":{\"@id\":\"http:\/\/conexion23.com\/?p=34179#primaryimage\"},\"thumbnailUrl\":\"https:\/\/conexion23.com\/wp-content\/uploads\/2024\/10\/9f2d07d8-43e0-4cef-aecd-32ba15dcef48.jpg\",\"articleSection\":[\"SPM\"],\"inLanguage\":\"es\",\"potentialAction\":[{\"@type\":\"CommentAction\",\"name\":\"Comment\",\"target\":[\"http:\/\/conexion23.com\/?p=34179#respond\"]}]},{\"@type\":\"WebPage\",\"@id\":\"http:\/\/conexion23.com\/?p=34179\",\"url\":\"http:\/\/conexion23.com\/?p=34179\",\"name\":\"Dos personas resultan heridas al impactar con una vaca en San Pedro de Macor\u00eds. - Conexi\u00f3n 23\",\"isPartOf\":{\"@id\":\"https:\/\/conexion23.com\/#website\"},\"primaryImageOfPage\":{\"@id\":\"http:\/\/conexion23.com\/?p=34179#primaryimage\"},\"image\":{\"@id\":\"http:\/\/conexion23.com\/?p=34179#primaryimage\"},\"thumbnailUrl\":\"https:\/\/conexion23.com\/wp-content\/uploads\/2024\/10\/9f2d07d8-43e0-4cef-aecd-32ba15dcef48.jpg\",\"datePublished\":\"2024-10-28T12:47:56+00:00\",\"dateModified\":\"2024-10-28T12:47:57+00:00\",\"breadcrumb\":{\"@id\":\"http:\/\/conexion23.com\/?p=34179#breadcrumb\"},\"inLanguage\":\"es\",\"potentialAction\":[{\"@type\":\"ReadAction\",\"target\":[\"http:\/\/conexion23.com\/?p=34179\"]}]},{\"@type\":\"ImageObject\",\"inLanguage\":\"es\",\"@id\":\"http:\/\/conexion23.com\/?p=34179#primaryimage\",\"url\":\"https:\/\/conexion23.com\/wp-content\/uploads\/2024\/10\/9f2d07d8-43e0-4cef-aecd-32ba15dcef48.jpg\",\"contentUrl\":\"https:\/\/conexion23.com\/wp-content\/uploads\/2024\/10\/9f2d07d8-43e0-4cef-aecd-32ba15dcef48.jpg\",\"width\":960,\"height\":972},{\"@type\":\"BreadcrumbList\",\"@id\":\"http:\/\/conexion23.com\/?p=34179#breadcrumb\",\"itemListElement\":[{\"@type\":\"ListItem\",\"position\":1,\"name\":\"Portada\",\"item\":\"https:\/\/conexion23.com\/\"},{\"@type\":\"ListItem\",\"position\":2,\"name\":\"Dos personas resultan heridas al impactar con una vaca en San Pedro de Macor\u00eds.\"}]},{\"@type\":\"WebSite\",\"@id\":\"https:\/\/conexion23.com\/#website\",\"url\":\"https:\/\/conexion23.com\/\",\"name\":\"Conexi\u00f3n 23\",\"description\":\"Peri\u00f3dico 100% Petromacorisano\",\"publisher\":{\"@id\":\"https:\/\/conexion23.com\/#organization\"},\"potentialAction\":[{\"@type\":\"SearchAction\",\"target\":{\"@type\":\"EntryPoint\",\"urlTemplate\":\"https:\/\/conexion23.com\/?s={search_term_string}\"},\"query-input\":{\"@type\":\"PropertyValueSpecification\",\"valueRequired\":true,\"valueName\":\"search_term_string\"}}],\"inLanguage\":\"es\"},{\"@type\":\"Organization\",\"@id\":\"https:\/\/conexion23.com\/#organization\",\"name\":\"Conexion 23\",\"url\":\"https:\/\/conexion23.com\/\",\"logo\":{\"@type\":\"ImageObject\",\"inLanguage\":\"es\",\"@id\":\"https:\/\/conexion23.com\/#\/schema\/logo\/image\/\",\"url\":\"https:\/\/conexion23.com\/wp-content\/uploads\/2021\/11\/Diseno-sin-titulo-2.png\",\"contentUrl\":\"https:\/\/conexion23.com\/wp-content\/uploads\/2021\/11\/Diseno-sin-titulo-2.png\",\"width\":541,\"height\":90,\"caption\":\"Conexion 23\"},\"image\":{\"@id\":\"https:\/\/conexion23.com\/#\/schema\/logo\/image\/\"},\"sameAs\":[\"https:\/\/www.facebook.com\/conexion23com\",\"https:\/\/www.instagram.com\/conexion23com\/\",\"https:\/\/www.youtube.com\/channel\/UCYc7vxxFZMYLIHNsHHxPZ3Q\"]},{\"@type\":\"Person\",\"@id\":\"https:\/\/conexion23.com\/#\/schema\/person\/03e36043331117e97a373299bbcd30a6\",\"name\":\"Raffy Ben\u00edtez\",\"image\":{\"@type\":\"ImageObject\",\"inLanguage\":\"es\",\"@id\":\"https:\/\/conexion23.com\/#\/schema\/person\/image\/\",\"url\":\"https:\/\/secure.gravatar.com\/avatar\/3190a6a6c5e1b0327500f7d6c56b6242472ee6cb974cf09b401ee6b3b0798f23?s=96&d=mm&r=g\",\"contentUrl\":\"https:\/\/secure.gravatar.com\/avatar\/3190a6a6c5e1b0327500f7d6c56b6242472ee6cb974cf09b401ee6b3b0798f23?s=96&d=mm&r=g\",\"caption\":\"Raffy Ben\u00edtez\"},\"url\":\"https:\/\/conexion23.com\/?author=15\"}]}<\/script>\n<!-- \/ Yoast SEO plugin. -->","yoast_head_json":{"title":"Dos personas resultan heridas al impactar con una vaca en San Pedro de Macor\u00eds. - Conexi\u00f3n 23","robots":{"index":"index","follow":"follow","max-snippet":"max-snippet:-1","max-image-preview":"max-image-preview:large","max-video-preview":"max-video-preview:-1"},"canonical":"http:\/\/conexion23.com\/?p=34179","og_locale":"es_ES","og_type":"article","og_title":"Dos personas resultan heridas al impactar con una vaca en San Pedro de Macor\u00eds. - Conexi\u00f3n 23","og_description":"En la ma\u00f1ana de este S\u00e1bado 26 del 2024, Dos personas resultaron con m\u00faltiples heridas al embestir una vaca que se encontraba cruzando la calle en la Avenida Hugo Ch\u00e1vez de esta ciudad. Los heridos no fueron identificado por su nombre, Pero se estima que es una se\u00f1ora de aproximadamente 60 a\u00f1os de edad y [&hellip;]","og_url":"http:\/\/conexion23.com\/?p=34179","og_site_name":"Conexi\u00f3n 23","article_publisher":"https:\/\/www.facebook.com\/conexion23com","article_published_time":"2024-10-28T12:47:56+00:00","article_modified_time":"2024-10-28T12:47:57+00:00","og_image":[{"width":960,"height":972,"url":"http:\/\/conexion23.com\/wp-content\/uploads\/2024\/10\/9f2d07d8-43e0-4cef-aecd-32ba15dcef48.jpg","type":"image\/jpeg"}],"author":"Raffy Ben\u00edtez","twitter_card":"summary_large_image","twitter_misc":{"Escrito por":"Raffy Ben\u00edtez","Tiempo de lectura":"2 minutos"},"schema":{"@context":"https:\/\/schema.org","@graph":[{"@type":"Article","@id":"http:\/\/conexion23.com\/?p=34179#article","isPartOf":{"@id":"http:\/\/conexion23.com\/?p=34179"},"author":{"name":"Raffy Ben\u00edtez","@id":"https:\/\/conexion23.com\/#\/schema\/person\/03e36043331117e97a373299bbcd30a6"},"headline":"Dos personas resultan heridas al impactar con una vaca en San Pedro de Macor\u00eds.","datePublished":"2024-10-28T12:47:56+00:00","dateModified":"2024-10-28T12:47:57+00:00","mainEntityOfPage":{"@id":"http:\/\/conexion23.com\/?p=34179"},"wordCount":201,"commentCount":0,"publisher":{"@id":"https:\/\/conexion23.com\/#organization"},"image":{"@id":"http:\/\/conexion23.com\/?p=34179#primaryimage"},"thumbnailUrl":"https:\/\/conexion23.com\/wp-content\/uploads\/2024\/10\/9f2d07d8-43e0-4cef-aecd-32ba15dcef48.jpg","articleSection":["SPM"],"inLanguage":"es","potentialAction":[{"@type":"CommentAction","name":"Comment","target":["http:\/\/conexion23.com\/?p=34179#respond"]}]},{"@type":"WebPage","@id":"http:\/\/conexion23.com\/?p=34179","url":"http:\/\/conexion23.com\/?p=34179","name":"Dos personas resultan heridas al impactar con una vaca en San Pedro de Macor\u00eds. - Conexi\u00f3n 23","isPartOf":{"@id":"https:\/\/conexion23.com\/#website"},"primaryImageOfPage":{"@id":"http:\/\/conexion23.com\/?p=34179#primaryimage"},"image":{"@id":"http:\/\/conexion23.com\/?p=34179#primaryimage"},"thumbnailUrl":"https:\/\/conexion23.com\/wp-content\/uploads\/2024\/10\/9f2d07d8-43e0-4cef-aecd-32ba15dcef48.jpg","datePublished":"2024-10-28T12:47:56+00:00","dateModified":"2024-10-28T12:47:57+00:00","breadcrumb":{"@id":"http:\/\/conexion23.com\/?p=34179#breadcrumb"},"inLanguage":"es","potentialAction":[{"@type":"ReadAction","target":["http:\/\/conexion23.com\/?p=34179"]}]},{"@type":"ImageObject","inLanguage":"es","@id":"http:\/\/conexion23.com\/?p=34179#primaryimage","url":"https:\/\/conexion23.com\/wp-content\/uploads\/2024\/10\/9f2d07d8-43e0-4cef-aecd-32ba15dcef48.jpg","contentUrl":"https:\/\/conexion23.com\/wp-content\/uploads\/2024\/10\/9f2d07d8-43e0-4cef-aecd-32ba15dcef48.jpg","width":960,"height":972},{"@type":"BreadcrumbList","@id":"http:\/\/conexion23.com\/?p=34179#breadcrumb","itemListElement":[{"@type":"ListItem","position":1,"name":"Portada","item":"https:\/\/conexion23.com\/"},{"@type":"ListItem","position":2,"name":"Dos personas resultan heridas al impactar con una vaca en San Pedro de Macor\u00eds."}]},{"@type":"WebSite","@id":"https:\/\/conexion23.com\/#website","url":"https:\/\/conexion23.com\/","name":"Conexi\u00f3n 23","description":"Peri\u00f3dico 100% Petromacorisano","publisher":{"@id":"https:\/\/conexion23.com\/#organization"},"potentialAction":[{"@type":"SearchAction","target":{"@type":"EntryPoint","urlTemplate":"https:\/\/conexion23.com\/?s={search_term_string}"},"query-input":{"@type":"PropertyValueSpecification","valueRequired":true,"valueName":"search_term_string"}}],"inLanguage":"es"},{"@type":"Organization","@id":"https:\/\/conexion23.com\/#organization","name":"Conexion 23","url":"https:\/\/conexion23.com\/","logo":{"@type":"ImageObject","inLanguage":"es","@id":"https:\/\/conexion23.com\/#\/schema\/logo\/image\/","url":"https:\/\/conexion23.com\/wp-content\/uploads\/2021\/11\/Diseno-sin-titulo-2.png","contentUrl":"https:\/\/conexion23.com\/wp-content\/uploads\/2021\/11\/Diseno-sin-titulo-2.png","width":541,"height":90,"caption":"Conexion 23"},"image":{"@id":"https:\/\/conexion23.com\/#\/schema\/logo\/image\/"},"sameAs":["https:\/\/www.facebook.com\/conexion23com","https:\/\/www.instagram.com\/conexion23com\/","https:\/\/www.youtube.com\/channel\/UCYc7vxxFZMYLIHNsHHxPZ3Q"]},{"@type":"Person","@id":"https:\/\/conexion23.com\/#\/schema\/person\/03e36043331117e97a373299bbcd30a6","name":"Raffy Ben\u00edtez","image":{"@type":"ImageObject","inLanguage":"es","@id":"https:\/\/conexion23.com\/#\/schema\/person\/image\/","url":"https:\/\/secure.gravatar.com\/avatar\/3190a6a6c5e1b0327500f7d6c56b6242472ee6cb974cf09b401ee6b3b0798f23?s=96&d=mm&r=g","contentUrl":"https:\/\/secure.gravatar.com\/avatar\/3190a6a6c5e1b0327500f7d6c56b6242472ee6cb974cf09b401ee6b3b0798f23?s=96&d=mm&r=g","caption":"Raffy Ben\u00edtez"},"url":"https:\/\/conexion23.com\/?author=15"}]}},"_links":{"self":[{"href":"https:\/\/conexion23.com\/index.php?rest_route=\/wp\/v2\/posts\/34179","targetHints":{"allow":["GET"]}}],"collection":[{"href":"https:\/\/conexion23.com\/index.php?rest_route=\/wp\/v2\/posts"}],"about":[{"href":"https:\/\/conexion23.com\/index.php?rest_route=\/wp\/v2\/types\/post"}],"author":[{"embeddable":true,"href":"https:\/\/conexion23.com\/index.php?rest_route=\/wp\/v2\/users\/15"}],"replies":[{"embeddable":true,"href":"https:\/\/conexion23.com\/index.php?rest_route=%2Fwp%2Fv2%2Fcomments&post=34179"}],"version-history":[{"count":1,"href":"https:\/\/conexion23.com\/index.php?rest_route=\/wp\/v2\/posts\/34179\/revisions"}],"predecessor-version":[{"id":34181,"href":"https:\/\/conexion23.com\/index.php?rest_route=\/wp\/v2\/posts\/34179\/revisions\/34181"}],"wp:featuredmedia":[{"embeddable":true,"href":"https:\/\/conexion23.com\/index.php?rest_route=\/wp\/v2\/media\/34180"}],"wp:attachment":[{"href":"https:\/\/conexion23.com\/index.php?rest_route=%2Fwp%2Fv2%2Fmedia&parent=34179"}],"wp:term":[{"taxonomy":"category","embeddable":true,"href":"https:\/\/conexion23.com\/index.php?rest_route=%2Fwp%2Fv2%2Fcategories&post=34179"},{"taxonomy":"post_tag","embeddable":true,"href":"https:\/\/conexion23.com\/index.php?rest_route=%2Fwp%2Fv2%2Ftags&post=34179"}],"curies":[{"name":"wp","href":"https:\/\/api.w.org\/{rel}","templated":true}]}}