{"id":34321,"date":"2024-11-01T07:25:17","date_gmt":"2024-11-01T11:25:17","guid":{"rendered":"https:\/\/conexion23.com\/?p=34321"},"modified":"2024-11-01T07:25:19","modified_gmt":"2024-11-01T11:25:19","slug":"mujer-de-29-anos-fallece-en-aparente-feminicidio","status":"publish","type":"post","link":"https:\/\/conexion23.com\/?p=34321","title":{"rendered":"Mujer de 29 a\u00f1os fallece en aparente feminicidio"},"content":{"rendered":"\n<p>Un tr\u00e1gico suceso se registr\u00f3 hoy, jueves 31 de octubre, en el sector El Tamarindo de Los Alcarrizos, donde una mujer, identificada como&nbsp;<strong>Charleni Villar<\/strong>, de 29 a\u00f1os, dej\u00f3 de existir en circunstancias violentas que est\u00e1n bajo investigaci\u00f3n ahora mismo.<\/p>\n\n\n\n<p>Seg\u00fan la Polic\u00eda Nacional, Charleni fue v\u00edctima de un aparente feminicidio, en el cual su pareja presuntamente la priv\u00f3 de la vida y posteriormente incendi\u00f3 el apartamento en que ambos viv\u00edan. Recordemos que, previamente, hab\u00edamos informado que la Polic\u00eda Nacional no hab\u00eda encontrado signos de violencia en la v\u00edctima.<\/p>\n\n\n\n<p>Sin embargo, nuevos datos revelan que ella fue encerrada en la habitaci\u00f3n del apartamento, en el edificio 29 de la calle Napole\u00f3n Bonaparte, donde muri\u00f3 asfixiada debido a la inhalaci\u00f3n de humo, donde tambi\u00e9n se encontr\u00f3 un tel\u00e9fono que presuntamente se incendi\u00f3.<\/p>\n\n\n\n<p><strong>Yoscar de Le\u00f3n<\/strong>, un conocido de la pareja, traslad\u00f3 a la v\u00edctima al hospital Vinicio Calventi, pero los esfuerzos fueron en vano, ya que el deceso fue confirmado en la sala de emergencias. Las autoridades han iniciado la b\u00fasqueda del sospechoso para esclarecer los motivos de este tr\u00e1gico evento, que ha generado consternaci\u00f3n en la comunidad.<\/p>\n","protected":false},"excerpt":{"rendered":"<p>Un tr\u00e1gico suceso se registr\u00f3 hoy, jueves 31 de octubre, en el sector El Tamarindo de Los Alcarrizos, donde una mujer, identificada como&nbsp;Charleni Villar, de 29 a\u00f1os, dej\u00f3 de existir en circunstancias violentas que est\u00e1n bajo investigaci\u00f3n ahora mismo. Seg\u00fan la Polic\u00eda Nacional, Charleni fue v\u00edctima de un aparente feminicidio, en el cual su pareja [&hellip;]<\/p>\n","protected":false},"author":15,"featured_media":34322,"comment_status":"open","ping_status":"open","sticky":false,"template":"","format":"standard","meta":{"footnotes":""},"categories":[1],"tags":[],"class_list":{"0":"post-34321","1":"post","2":"type-post","3":"status-publish","4":"format-standard","5":"has-post-thumbnail","7":"category-uncategorized"},"yoast_head":"<!-- This site is optimized with the Yoast SEO plugin v27.1.1 - https:\/\/yoast.com\/product\/yoast-seo-wordpress\/ -->\n<title>Mujer de 29 a\u00f1os fallece en aparente feminicidio - Conexi\u00f3n 23<\/title>\n<meta name=\"robots\" content=\"index, follow, max-snippet:-1, max-image-preview:large, max-video-preview:-1\" \/>\n<link rel=\"canonical\" href=\"http:\/\/conexion23.com\/?p=34321\" \/>\n<meta property=\"og:locale\" content=\"es_ES\" \/>\n<meta property=\"og:type\" content=\"article\" \/>\n<meta property=\"og:title\" content=\"Mujer de 29 a\u00f1os fallece en aparente feminicidio - Conexi\u00f3n 23\" \/>\n<meta property=\"og:description\" content=\"Un tr\u00e1gico suceso se registr\u00f3 hoy, jueves 31 de octubre, en el sector El Tamarindo de Los Alcarrizos, donde una mujer, identificada como&nbsp;Charleni Villar, de 29 a\u00f1os, dej\u00f3 de existir en circunstancias violentas que est\u00e1n bajo investigaci\u00f3n ahora mismo. Seg\u00fan la Polic\u00eda Nacional, Charleni fue v\u00edctima de un aparente feminicidio, en el cual su pareja [&hellip;]\" \/>\n<meta property=\"og:url\" content=\"http:\/\/conexion23.com\/?p=34321\" \/>\n<meta property=\"og:site_name\" content=\"Conexi\u00f3n 23\" \/>\n<meta property=\"article:publisher\" content=\"https:\/\/www.facebook.com\/conexion23com\" \/>\n<meta property=\"article:published_time\" content=\"2024-11-01T11:25:17+00:00\" \/>\n<meta property=\"article:modified_time\" content=\"2024-11-01T11:25:19+00:00\" \/>\n<meta property=\"og:image\" content=\"http:\/\/conexion23.com\/wp-content\/uploads\/2024\/11\/361554244_232035753065248_2205221215569607285_n.webp\" \/>\n\t<meta property=\"og:image:width\" content=\"960\" \/>\n\t<meta property=\"og:image:height\" content=\"960\" \/>\n\t<meta property=\"og:image:type\" content=\"image\/webp\" \/>\n<meta name=\"author\" content=\"Raffy Ben\u00edtez\" \/>\n<meta name=\"twitter:card\" content=\"summary_large_image\" \/>\n<meta name=\"twitter:label1\" content=\"Escrito por\" \/>\n\t<meta name=\"twitter:data1\" content=\"Raffy Ben\u00edtez\" \/>\n\t<meta name=\"twitter:label2\" content=\"Tiempo de lectura\" \/>\n\t<meta name=\"twitter:data2\" content=\"2 minutos\" \/>\n<script type=\"application\/ld+json\" class=\"yoast-schema-graph\">{\"@context\":\"https:\/\/schema.org\",\"@graph\":[{\"@type\":\"Article\",\"@id\":\"http:\/\/conexion23.com\/?p=34321#article\",\"isPartOf\":{\"@id\":\"http:\/\/conexion23.com\/?p=34321\"},\"author\":{\"name\":\"Raffy Ben\u00edtez\",\"@id\":\"https:\/\/conexion23.com\/#\/schema\/person\/03e36043331117e97a373299bbcd30a6\"},\"headline\":\"Mujer de 29 a\u00f1os fallece en aparente feminicidio\",\"datePublished\":\"2024-11-01T11:25:17+00:00\",\"dateModified\":\"2024-11-01T11:25:19+00:00\",\"mainEntityOfPage\":{\"@id\":\"http:\/\/conexion23.com\/?p=34321\"},\"wordCount\":215,\"commentCount\":0,\"publisher\":{\"@id\":\"https:\/\/conexion23.com\/#organization\"},\"image\":{\"@id\":\"http:\/\/conexion23.com\/?p=34321#primaryimage\"},\"thumbnailUrl\":\"https:\/\/conexion23.com\/wp-content\/uploads\/2024\/11\/361554244_232035753065248_2205221215569607285_n.webp\",\"articleSection\":[\"Uncategorized\"],\"inLanguage\":\"es\",\"potentialAction\":[{\"@type\":\"CommentAction\",\"name\":\"Comment\",\"target\":[\"http:\/\/conexion23.com\/?p=34321#respond\"]}]},{\"@type\":\"WebPage\",\"@id\":\"http:\/\/conexion23.com\/?p=34321\",\"url\":\"http:\/\/conexion23.com\/?p=34321\",\"name\":\"Mujer de 29 a\u00f1os fallece en aparente feminicidio - Conexi\u00f3n 23\",\"isPartOf\":{\"@id\":\"https:\/\/conexion23.com\/#website\"},\"primaryImageOfPage\":{\"@id\":\"http:\/\/conexion23.com\/?p=34321#primaryimage\"},\"image\":{\"@id\":\"http:\/\/conexion23.com\/?p=34321#primaryimage\"},\"thumbnailUrl\":\"https:\/\/conexion23.com\/wp-content\/uploads\/2024\/11\/361554244_232035753065248_2205221215569607285_n.webp\",\"datePublished\":\"2024-11-01T11:25:17+00:00\",\"dateModified\":\"2024-11-01T11:25:19+00:00\",\"breadcrumb\":{\"@id\":\"http:\/\/conexion23.com\/?p=34321#breadcrumb\"},\"inLanguage\":\"es\",\"potentialAction\":[{\"@type\":\"ReadAction\",\"target\":[\"http:\/\/conexion23.com\/?p=34321\"]}]},{\"@type\":\"ImageObject\",\"inLanguage\":\"es\",\"@id\":\"http:\/\/conexion23.com\/?p=34321#primaryimage\",\"url\":\"https:\/\/conexion23.com\/wp-content\/uploads\/2024\/11\/361554244_232035753065248_2205221215569607285_n.webp\",\"contentUrl\":\"https:\/\/conexion23.com\/wp-content\/uploads\/2024\/11\/361554244_232035753065248_2205221215569607285_n.webp\",\"width\":960,\"height\":960},{\"@type\":\"BreadcrumbList\",\"@id\":\"http:\/\/conexion23.com\/?p=34321#breadcrumb\",\"itemListElement\":[{\"@type\":\"ListItem\",\"position\":1,\"name\":\"Portada\",\"item\":\"https:\/\/conexion23.com\/\"},{\"@type\":\"ListItem\",\"position\":2,\"name\":\"Mujer de 29 a\u00f1os fallece en aparente feminicidio\"}]},{\"@type\":\"WebSite\",\"@id\":\"https:\/\/conexion23.com\/#website\",\"url\":\"https:\/\/conexion23.com\/\",\"name\":\"Conexi\u00f3n 23\",\"description\":\"Peri\u00f3dico 100% Petromacorisano\",\"publisher\":{\"@id\":\"https:\/\/conexion23.com\/#organization\"},\"potentialAction\":[{\"@type\":\"SearchAction\",\"target\":{\"@type\":\"EntryPoint\",\"urlTemplate\":\"https:\/\/conexion23.com\/?s={search_term_string}\"},\"query-input\":{\"@type\":\"PropertyValueSpecification\",\"valueRequired\":true,\"valueName\":\"search_term_string\"}}],\"inLanguage\":\"es\"},{\"@type\":\"Organization\",\"@id\":\"https:\/\/conexion23.com\/#organization\",\"name\":\"Conexion 23\",\"url\":\"https:\/\/conexion23.com\/\",\"logo\":{\"@type\":\"ImageObject\",\"inLanguage\":\"es\",\"@id\":\"https:\/\/conexion23.com\/#\/schema\/logo\/image\/\",\"url\":\"https:\/\/conexion23.com\/wp-content\/uploads\/2021\/11\/Diseno-sin-titulo-2.png\",\"contentUrl\":\"https:\/\/conexion23.com\/wp-content\/uploads\/2021\/11\/Diseno-sin-titulo-2.png\",\"width\":541,\"height\":90,\"caption\":\"Conexion 23\"},\"image\":{\"@id\":\"https:\/\/conexion23.com\/#\/schema\/logo\/image\/\"},\"sameAs\":[\"https:\/\/www.facebook.com\/conexion23com\",\"https:\/\/www.instagram.com\/conexion23com\/\",\"https:\/\/www.youtube.com\/channel\/UCYc7vxxFZMYLIHNsHHxPZ3Q\"]},{\"@type\":\"Person\",\"@id\":\"https:\/\/conexion23.com\/#\/schema\/person\/03e36043331117e97a373299bbcd30a6\",\"name\":\"Raffy Ben\u00edtez\",\"image\":{\"@type\":\"ImageObject\",\"inLanguage\":\"es\",\"@id\":\"https:\/\/conexion23.com\/#\/schema\/person\/image\/\",\"url\":\"https:\/\/secure.gravatar.com\/avatar\/3190a6a6c5e1b0327500f7d6c56b6242472ee6cb974cf09b401ee6b3b0798f23?s=96&d=mm&r=g\",\"contentUrl\":\"https:\/\/secure.gravatar.com\/avatar\/3190a6a6c5e1b0327500f7d6c56b6242472ee6cb974cf09b401ee6b3b0798f23?s=96&d=mm&r=g\",\"caption\":\"Raffy Ben\u00edtez\"},\"url\":\"https:\/\/conexion23.com\/?author=15\"}]}<\/script>\n<!-- \/ Yoast SEO plugin. -->","yoast_head_json":{"title":"Mujer de 29 a\u00f1os fallece en aparente feminicidio - Conexi\u00f3n 23","robots":{"index":"index","follow":"follow","max-snippet":"max-snippet:-1","max-image-preview":"max-image-preview:large","max-video-preview":"max-video-preview:-1"},"canonical":"http:\/\/conexion23.com\/?p=34321","og_locale":"es_ES","og_type":"article","og_title":"Mujer de 29 a\u00f1os fallece en aparente feminicidio - Conexi\u00f3n 23","og_description":"Un tr\u00e1gico suceso se registr\u00f3 hoy, jueves 31 de octubre, en el sector El Tamarindo de Los Alcarrizos, donde una mujer, identificada como&nbsp;Charleni Villar, de 29 a\u00f1os, dej\u00f3 de existir en circunstancias violentas que est\u00e1n bajo investigaci\u00f3n ahora mismo. Seg\u00fan la Polic\u00eda Nacional, Charleni fue v\u00edctima de un aparente feminicidio, en el cual su pareja [&hellip;]","og_url":"http:\/\/conexion23.com\/?p=34321","og_site_name":"Conexi\u00f3n 23","article_publisher":"https:\/\/www.facebook.com\/conexion23com","article_published_time":"2024-11-01T11:25:17+00:00","article_modified_time":"2024-11-01T11:25:19+00:00","og_image":[{"width":960,"height":960,"url":"http:\/\/conexion23.com\/wp-content\/uploads\/2024\/11\/361554244_232035753065248_2205221215569607285_n.webp","type":"image\/webp"}],"author":"Raffy Ben\u00edtez","twitter_card":"summary_large_image","twitter_misc":{"Escrito por":"Raffy Ben\u00edtez","Tiempo de lectura":"2 minutos"},"schema":{"@context":"https:\/\/schema.org","@graph":[{"@type":"Article","@id":"http:\/\/conexion23.com\/?p=34321#article","isPartOf":{"@id":"http:\/\/conexion23.com\/?p=34321"},"author":{"name":"Raffy Ben\u00edtez","@id":"https:\/\/conexion23.com\/#\/schema\/person\/03e36043331117e97a373299bbcd30a6"},"headline":"Mujer de 29 a\u00f1os fallece en aparente feminicidio","datePublished":"2024-11-01T11:25:17+00:00","dateModified":"2024-11-01T11:25:19+00:00","mainEntityOfPage":{"@id":"http:\/\/conexion23.com\/?p=34321"},"wordCount":215,"commentCount":0,"publisher":{"@id":"https:\/\/conexion23.com\/#organization"},"image":{"@id":"http:\/\/conexion23.com\/?p=34321#primaryimage"},"thumbnailUrl":"https:\/\/conexion23.com\/wp-content\/uploads\/2024\/11\/361554244_232035753065248_2205221215569607285_n.webp","articleSection":["Uncategorized"],"inLanguage":"es","potentialAction":[{"@type":"CommentAction","name":"Comment","target":["http:\/\/conexion23.com\/?p=34321#respond"]}]},{"@type":"WebPage","@id":"http:\/\/conexion23.com\/?p=34321","url":"http:\/\/conexion23.com\/?p=34321","name":"Mujer de 29 a\u00f1os fallece en aparente feminicidio - Conexi\u00f3n 23","isPartOf":{"@id":"https:\/\/conexion23.com\/#website"},"primaryImageOfPage":{"@id":"http:\/\/conexion23.com\/?p=34321#primaryimage"},"image":{"@id":"http:\/\/conexion23.com\/?p=34321#primaryimage"},"thumbnailUrl":"https:\/\/conexion23.com\/wp-content\/uploads\/2024\/11\/361554244_232035753065248_2205221215569607285_n.webp","datePublished":"2024-11-01T11:25:17+00:00","dateModified":"2024-11-01T11:25:19+00:00","breadcrumb":{"@id":"http:\/\/conexion23.com\/?p=34321#breadcrumb"},"inLanguage":"es","potentialAction":[{"@type":"ReadAction","target":["http:\/\/conexion23.com\/?p=34321"]}]},{"@type":"ImageObject","inLanguage":"es","@id":"http:\/\/conexion23.com\/?p=34321#primaryimage","url":"https:\/\/conexion23.com\/wp-content\/uploads\/2024\/11\/361554244_232035753065248_2205221215569607285_n.webp","contentUrl":"https:\/\/conexion23.com\/wp-content\/uploads\/2024\/11\/361554244_232035753065248_2205221215569607285_n.webp","width":960,"height":960},{"@type":"BreadcrumbList","@id":"http:\/\/conexion23.com\/?p=34321#breadcrumb","itemListElement":[{"@type":"ListItem","position":1,"name":"Portada","item":"https:\/\/conexion23.com\/"},{"@type":"ListItem","position":2,"name":"Mujer de 29 a\u00f1os fallece en aparente feminicidio"}]},{"@type":"WebSite","@id":"https:\/\/conexion23.com\/#website","url":"https:\/\/conexion23.com\/","name":"Conexi\u00f3n 23","description":"Peri\u00f3dico 100% Petromacorisano","publisher":{"@id":"https:\/\/conexion23.com\/#organization"},"potentialAction":[{"@type":"SearchAction","target":{"@type":"EntryPoint","urlTemplate":"https:\/\/conexion23.com\/?s={search_term_string}"},"query-input":{"@type":"PropertyValueSpecification","valueRequired":true,"valueName":"search_term_string"}}],"inLanguage":"es"},{"@type":"Organization","@id":"https:\/\/conexion23.com\/#organization","name":"Conexion 23","url":"https:\/\/conexion23.com\/","logo":{"@type":"ImageObject","inLanguage":"es","@id":"https:\/\/conexion23.com\/#\/schema\/logo\/image\/","url":"https:\/\/conexion23.com\/wp-content\/uploads\/2021\/11\/Diseno-sin-titulo-2.png","contentUrl":"https:\/\/conexion23.com\/wp-content\/uploads\/2021\/11\/Diseno-sin-titulo-2.png","width":541,"height":90,"caption":"Conexion 23"},"image":{"@id":"https:\/\/conexion23.com\/#\/schema\/logo\/image\/"},"sameAs":["https:\/\/www.facebook.com\/conexion23com","https:\/\/www.instagram.com\/conexion23com\/","https:\/\/www.youtube.com\/channel\/UCYc7vxxFZMYLIHNsHHxPZ3Q"]},{"@type":"Person","@id":"https:\/\/conexion23.com\/#\/schema\/person\/03e36043331117e97a373299bbcd30a6","name":"Raffy Ben\u00edtez","image":{"@type":"ImageObject","inLanguage":"es","@id":"https:\/\/conexion23.com\/#\/schema\/person\/image\/","url":"https:\/\/secure.gravatar.com\/avatar\/3190a6a6c5e1b0327500f7d6c56b6242472ee6cb974cf09b401ee6b3b0798f23?s=96&d=mm&r=g","contentUrl":"https:\/\/secure.gravatar.com\/avatar\/3190a6a6c5e1b0327500f7d6c56b6242472ee6cb974cf09b401ee6b3b0798f23?s=96&d=mm&r=g","caption":"Raffy Ben\u00edtez"},"url":"https:\/\/conexion23.com\/?author=15"}]}},"_links":{"self":[{"href":"https:\/\/conexion23.com\/index.php?rest_route=\/wp\/v2\/posts\/34321","targetHints":{"allow":["GET"]}}],"collection":[{"href":"https:\/\/conexion23.com\/index.php?rest_route=\/wp\/v2\/posts"}],"about":[{"href":"https:\/\/conexion23.com\/index.php?rest_route=\/wp\/v2\/types\/post"}],"author":[{"embeddable":true,"href":"https:\/\/conexion23.com\/index.php?rest_route=\/wp\/v2\/users\/15"}],"replies":[{"embeddable":true,"href":"https:\/\/conexion23.com\/index.php?rest_route=%2Fwp%2Fv2%2Fcomments&post=34321"}],"version-history":[{"count":1,"href":"https:\/\/conexion23.com\/index.php?rest_route=\/wp\/v2\/posts\/34321\/revisions"}],"predecessor-version":[{"id":34323,"href":"https:\/\/conexion23.com\/index.php?rest_route=\/wp\/v2\/posts\/34321\/revisions\/34323"}],"wp:featuredmedia":[{"embeddable":true,"href":"https:\/\/conexion23.com\/index.php?rest_route=\/wp\/v2\/media\/34322"}],"wp:attachment":[{"href":"https:\/\/conexion23.com\/index.php?rest_route=%2Fwp%2Fv2%2Fmedia&parent=34321"}],"wp:term":[{"taxonomy":"category","embeddable":true,"href":"https:\/\/conexion23.com\/index.php?rest_route=%2Fwp%2Fv2%2Fcategories&post=34321"},{"taxonomy":"post_tag","embeddable":true,"href":"https:\/\/conexion23.com\/index.php?rest_route=%2Fwp%2Fv2%2Ftags&post=34321"}],"curies":[{"name":"wp","href":"https:\/\/api.w.org\/{rel}","templated":true}]}}