{"id":34336,"date":"2024-11-01T08:20:28","date_gmt":"2024-11-01T12:20:28","guid":{"rendered":"https:\/\/conexion23.com\/?p=34336"},"modified":"2024-11-01T08:20:30","modified_gmt":"2024-11-01T12:20:30","slug":"donald-trump-se-sube-a-un-camion-de-basura-con-la-marca-de-su-campana","status":"publish","type":"post","link":"https:\/\/conexion23.com\/?p=34336","title":{"rendered":"Donald Trump se sube a un cami\u00f3n de basura con la marca de su campa\u00f1a."},"content":{"rendered":"\n<p>Donald Trump, vistiendo un chaleco naranja y amarillo fosforescente, pos\u00f3 frente a un cami\u00f3n de basura con la marca Trump y se subi\u00f3 a \u00e9l mientras criticaba al presidente Joe Biden por sus comentarios de \u201cbasura\u201d hechos este martes por la noche.<\/p>\n\n\n\n<p>Trump dijo a los periodistas reunidos en una pista de aterrizaje en Wisconsin que sus seguidores \u201cno son basura. Puedo decirles qui\u00e9n es la verdadera basura, pero no lo diremos\u201d.<\/p>\n\n\n\n<p>El expresidente, sentado en el asiento del pasajero de su cami\u00f3n de basura con la marca de su campa\u00f1a, abord\u00f3 los comentarios controvertidos de Biden que muchos interpretaron como una referencia del presidente a los seguidores de Trump como \u201cbasura\u201d.<\/p>\n\n\n\n<p>\u201c\u00bfLes gusta mi cami\u00f3n de basura? Este cami\u00f3n es en honor a Kamala y Joe Biden\u201d, dijo Trump, agregando m\u00e1s tarde, \u201cJoe Biden deber\u00eda estar avergonzado de s\u00ed mismo si sabe lo que est\u00e1 haciendo. Y (Kamala Harris) deber\u00eda estar avergonzada, porque no deber\u00eda dejar que lo haga\u201d.<\/p>\n\n\n\n<p>Trump, durante su tercera candidatura presidencial, ha recurrido al uso de accesorios para hacer sus puntos pol\u00edticos, poni\u00e9ndose un delantal a principios de este mes para trabajar como asistente de papas fritas en McDonald\u2019s mientras afirmaba repetidamente sin evidencia que Harris minti\u00f3 sobre trabajar en el restaurante de comida r\u00e1pida.<\/p>\n\n\n\n<p>\u201cEspero que hayan disfrutado de este cami\u00f3n de basura\u201d, dijo Trump a los periodistas, antes de partir con un bocinazo.<\/p>\n","protected":false},"excerpt":{"rendered":"<p>Donald Trump, vistiendo un chaleco naranja y amarillo fosforescente, pos\u00f3 frente a un cami\u00f3n de basura con la marca Trump y se subi\u00f3 a \u00e9l mientras criticaba al presidente Joe Biden por sus comentarios de \u201cbasura\u201d hechos este martes por la noche. Trump dijo a los periodistas reunidos en una pista de aterrizaje en Wisconsin [&hellip;]<\/p>\n","protected":false},"author":15,"featured_media":34337,"comment_status":"open","ping_status":"open","sticky":false,"template":"","format":"standard","meta":{"footnotes":""},"categories":[1],"tags":[],"class_list":{"0":"post-34336","1":"post","2":"type-post","3":"status-publish","4":"format-standard","5":"has-post-thumbnail","7":"category-uncategorized"},"yoast_head":"<!-- This site is optimized with the Yoast SEO plugin v27.1.1 - https:\/\/yoast.com\/product\/yoast-seo-wordpress\/ -->\n<title>Donald Trump se sube a un cami\u00f3n de basura con la marca de su campa\u00f1a. - Conexi\u00f3n 23<\/title>\n<meta name=\"robots\" content=\"index, follow, max-snippet:-1, max-image-preview:large, max-video-preview:-1\" \/>\n<link rel=\"canonical\" href=\"http:\/\/conexion23.com\/?p=34336\" \/>\n<meta property=\"og:locale\" content=\"es_ES\" \/>\n<meta property=\"og:type\" content=\"article\" \/>\n<meta property=\"og:title\" content=\"Donald Trump se sube a un cami\u00f3n de basura con la marca de su campa\u00f1a. - Conexi\u00f3n 23\" \/>\n<meta property=\"og:description\" content=\"Donald Trump, vistiendo un chaleco naranja y amarillo fosforescente, pos\u00f3 frente a un cami\u00f3n de basura con la marca Trump y se subi\u00f3 a \u00e9l mientras criticaba al presidente Joe Biden por sus comentarios de \u201cbasura\u201d hechos este martes por la noche. Trump dijo a los periodistas reunidos en una pista de aterrizaje en Wisconsin [&hellip;]\" \/>\n<meta property=\"og:url\" content=\"http:\/\/conexion23.com\/?p=34336\" \/>\n<meta property=\"og:site_name\" content=\"Conexi\u00f3n 23\" \/>\n<meta property=\"article:publisher\" content=\"https:\/\/www.facebook.com\/conexion23com\" \/>\n<meta property=\"article:published_time\" content=\"2024-11-01T12:20:28+00:00\" \/>\n<meta property=\"article:modified_time\" content=\"2024-11-01T12:20:30+00:00\" \/>\n<meta property=\"og:image\" content=\"http:\/\/conexion23.com\/wp-content\/uploads\/2024\/11\/IMG_9223-1024x576-1.webp\" \/>\n\t<meta property=\"og:image:width\" content=\"678\" \/>\n\t<meta property=\"og:image:height\" content=\"381\" \/>\n\t<meta property=\"og:image:type\" content=\"image\/webp\" \/>\n<meta name=\"author\" content=\"Raffy Ben\u00edtez\" \/>\n<meta name=\"twitter:card\" content=\"summary_large_image\" \/>\n<meta name=\"twitter:label1\" content=\"Escrito por\" \/>\n\t<meta name=\"twitter:data1\" content=\"Raffy Ben\u00edtez\" \/>\n\t<meta name=\"twitter:label2\" content=\"Tiempo de lectura\" \/>\n\t<meta name=\"twitter:data2\" content=\"2 minutos\" \/>\n<script type=\"application\/ld+json\" class=\"yoast-schema-graph\">{\"@context\":\"https:\/\/schema.org\",\"@graph\":[{\"@type\":\"Article\",\"@id\":\"http:\/\/conexion23.com\/?p=34336#article\",\"isPartOf\":{\"@id\":\"http:\/\/conexion23.com\/?p=34336\"},\"author\":{\"name\":\"Raffy Ben\u00edtez\",\"@id\":\"https:\/\/conexion23.com\/#\/schema\/person\/03e36043331117e97a373299bbcd30a6\"},\"headline\":\"Donald Trump se sube a un cami\u00f3n de basura con la marca de su campa\u00f1a.\",\"datePublished\":\"2024-11-01T12:20:28+00:00\",\"dateModified\":\"2024-11-01T12:20:30+00:00\",\"mainEntityOfPage\":{\"@id\":\"http:\/\/conexion23.com\/?p=34336\"},\"wordCount\":262,\"commentCount\":0,\"publisher\":{\"@id\":\"https:\/\/conexion23.com\/#organization\"},\"image\":{\"@id\":\"http:\/\/conexion23.com\/?p=34336#primaryimage\"},\"thumbnailUrl\":\"https:\/\/conexion23.com\/wp-content\/uploads\/2024\/11\/IMG_9223-1024x576-1.webp\",\"articleSection\":[\"Uncategorized\"],\"inLanguage\":\"es\",\"potentialAction\":[{\"@type\":\"CommentAction\",\"name\":\"Comment\",\"target\":[\"http:\/\/conexion23.com\/?p=34336#respond\"]}]},{\"@type\":\"WebPage\",\"@id\":\"http:\/\/conexion23.com\/?p=34336\",\"url\":\"http:\/\/conexion23.com\/?p=34336\",\"name\":\"Donald Trump se sube a un cami\u00f3n de basura con la marca de su campa\u00f1a. - Conexi\u00f3n 23\",\"isPartOf\":{\"@id\":\"https:\/\/conexion23.com\/#website\"},\"primaryImageOfPage\":{\"@id\":\"http:\/\/conexion23.com\/?p=34336#primaryimage\"},\"image\":{\"@id\":\"http:\/\/conexion23.com\/?p=34336#primaryimage\"},\"thumbnailUrl\":\"https:\/\/conexion23.com\/wp-content\/uploads\/2024\/11\/IMG_9223-1024x576-1.webp\",\"datePublished\":\"2024-11-01T12:20:28+00:00\",\"dateModified\":\"2024-11-01T12:20:30+00:00\",\"breadcrumb\":{\"@id\":\"http:\/\/conexion23.com\/?p=34336#breadcrumb\"},\"inLanguage\":\"es\",\"potentialAction\":[{\"@type\":\"ReadAction\",\"target\":[\"http:\/\/conexion23.com\/?p=34336\"]}]},{\"@type\":\"ImageObject\",\"inLanguage\":\"es\",\"@id\":\"http:\/\/conexion23.com\/?p=34336#primaryimage\",\"url\":\"https:\/\/conexion23.com\/wp-content\/uploads\/2024\/11\/IMG_9223-1024x576-1.webp\",\"contentUrl\":\"https:\/\/conexion23.com\/wp-content\/uploads\/2024\/11\/IMG_9223-1024x576-1.webp\",\"width\":678,\"height\":381},{\"@type\":\"BreadcrumbList\",\"@id\":\"http:\/\/conexion23.com\/?p=34336#breadcrumb\",\"itemListElement\":[{\"@type\":\"ListItem\",\"position\":1,\"name\":\"Portada\",\"item\":\"https:\/\/conexion23.com\/\"},{\"@type\":\"ListItem\",\"position\":2,\"name\":\"Donald Trump se sube a un cami\u00f3n de basura con la marca de su campa\u00f1a.\"}]},{\"@type\":\"WebSite\",\"@id\":\"https:\/\/conexion23.com\/#website\",\"url\":\"https:\/\/conexion23.com\/\",\"name\":\"Conexi\u00f3n 23\",\"description\":\"Peri\u00f3dico 100% Petromacorisano\",\"publisher\":{\"@id\":\"https:\/\/conexion23.com\/#organization\"},\"potentialAction\":[{\"@type\":\"SearchAction\",\"target\":{\"@type\":\"EntryPoint\",\"urlTemplate\":\"https:\/\/conexion23.com\/?s={search_term_string}\"},\"query-input\":{\"@type\":\"PropertyValueSpecification\",\"valueRequired\":true,\"valueName\":\"search_term_string\"}}],\"inLanguage\":\"es\"},{\"@type\":\"Organization\",\"@id\":\"https:\/\/conexion23.com\/#organization\",\"name\":\"Conexion 23\",\"url\":\"https:\/\/conexion23.com\/\",\"logo\":{\"@type\":\"ImageObject\",\"inLanguage\":\"es\",\"@id\":\"https:\/\/conexion23.com\/#\/schema\/logo\/image\/\",\"url\":\"https:\/\/conexion23.com\/wp-content\/uploads\/2021\/11\/Diseno-sin-titulo-2.png\",\"contentUrl\":\"https:\/\/conexion23.com\/wp-content\/uploads\/2021\/11\/Diseno-sin-titulo-2.png\",\"width\":541,\"height\":90,\"caption\":\"Conexion 23\"},\"image\":{\"@id\":\"https:\/\/conexion23.com\/#\/schema\/logo\/image\/\"},\"sameAs\":[\"https:\/\/www.facebook.com\/conexion23com\",\"https:\/\/www.instagram.com\/conexion23com\/\",\"https:\/\/www.youtube.com\/channel\/UCYc7vxxFZMYLIHNsHHxPZ3Q\"]},{\"@type\":\"Person\",\"@id\":\"https:\/\/conexion23.com\/#\/schema\/person\/03e36043331117e97a373299bbcd30a6\",\"name\":\"Raffy Ben\u00edtez\",\"image\":{\"@type\":\"ImageObject\",\"inLanguage\":\"es\",\"@id\":\"https:\/\/conexion23.com\/#\/schema\/person\/image\/\",\"url\":\"https:\/\/secure.gravatar.com\/avatar\/3190a6a6c5e1b0327500f7d6c56b6242472ee6cb974cf09b401ee6b3b0798f23?s=96&d=mm&r=g\",\"contentUrl\":\"https:\/\/secure.gravatar.com\/avatar\/3190a6a6c5e1b0327500f7d6c56b6242472ee6cb974cf09b401ee6b3b0798f23?s=96&d=mm&r=g\",\"caption\":\"Raffy Ben\u00edtez\"},\"url\":\"https:\/\/conexion23.com\/?author=15\"}]}<\/script>\n<!-- \/ Yoast SEO plugin. -->","yoast_head_json":{"title":"Donald Trump se sube a un cami\u00f3n de basura con la marca de su campa\u00f1a. - Conexi\u00f3n 23","robots":{"index":"index","follow":"follow","max-snippet":"max-snippet:-1","max-image-preview":"max-image-preview:large","max-video-preview":"max-video-preview:-1"},"canonical":"http:\/\/conexion23.com\/?p=34336","og_locale":"es_ES","og_type":"article","og_title":"Donald Trump se sube a un cami\u00f3n de basura con la marca de su campa\u00f1a. - Conexi\u00f3n 23","og_description":"Donald Trump, vistiendo un chaleco naranja y amarillo fosforescente, pos\u00f3 frente a un cami\u00f3n de basura con la marca Trump y se subi\u00f3 a \u00e9l mientras criticaba al presidente Joe Biden por sus comentarios de \u201cbasura\u201d hechos este martes por la noche. Trump dijo a los periodistas reunidos en una pista de aterrizaje en Wisconsin [&hellip;]","og_url":"http:\/\/conexion23.com\/?p=34336","og_site_name":"Conexi\u00f3n 23","article_publisher":"https:\/\/www.facebook.com\/conexion23com","article_published_time":"2024-11-01T12:20:28+00:00","article_modified_time":"2024-11-01T12:20:30+00:00","og_image":[{"width":678,"height":381,"url":"http:\/\/conexion23.com\/wp-content\/uploads\/2024\/11\/IMG_9223-1024x576-1.webp","type":"image\/webp"}],"author":"Raffy Ben\u00edtez","twitter_card":"summary_large_image","twitter_misc":{"Escrito por":"Raffy Ben\u00edtez","Tiempo de lectura":"2 minutos"},"schema":{"@context":"https:\/\/schema.org","@graph":[{"@type":"Article","@id":"http:\/\/conexion23.com\/?p=34336#article","isPartOf":{"@id":"http:\/\/conexion23.com\/?p=34336"},"author":{"name":"Raffy Ben\u00edtez","@id":"https:\/\/conexion23.com\/#\/schema\/person\/03e36043331117e97a373299bbcd30a6"},"headline":"Donald Trump se sube a un cami\u00f3n de basura con la marca de su campa\u00f1a.","datePublished":"2024-11-01T12:20:28+00:00","dateModified":"2024-11-01T12:20:30+00:00","mainEntityOfPage":{"@id":"http:\/\/conexion23.com\/?p=34336"},"wordCount":262,"commentCount":0,"publisher":{"@id":"https:\/\/conexion23.com\/#organization"},"image":{"@id":"http:\/\/conexion23.com\/?p=34336#primaryimage"},"thumbnailUrl":"https:\/\/conexion23.com\/wp-content\/uploads\/2024\/11\/IMG_9223-1024x576-1.webp","articleSection":["Uncategorized"],"inLanguage":"es","potentialAction":[{"@type":"CommentAction","name":"Comment","target":["http:\/\/conexion23.com\/?p=34336#respond"]}]},{"@type":"WebPage","@id":"http:\/\/conexion23.com\/?p=34336","url":"http:\/\/conexion23.com\/?p=34336","name":"Donald Trump se sube a un cami\u00f3n de basura con la marca de su campa\u00f1a. - Conexi\u00f3n 23","isPartOf":{"@id":"https:\/\/conexion23.com\/#website"},"primaryImageOfPage":{"@id":"http:\/\/conexion23.com\/?p=34336#primaryimage"},"image":{"@id":"http:\/\/conexion23.com\/?p=34336#primaryimage"},"thumbnailUrl":"https:\/\/conexion23.com\/wp-content\/uploads\/2024\/11\/IMG_9223-1024x576-1.webp","datePublished":"2024-11-01T12:20:28+00:00","dateModified":"2024-11-01T12:20:30+00:00","breadcrumb":{"@id":"http:\/\/conexion23.com\/?p=34336#breadcrumb"},"inLanguage":"es","potentialAction":[{"@type":"ReadAction","target":["http:\/\/conexion23.com\/?p=34336"]}]},{"@type":"ImageObject","inLanguage":"es","@id":"http:\/\/conexion23.com\/?p=34336#primaryimage","url":"https:\/\/conexion23.com\/wp-content\/uploads\/2024\/11\/IMG_9223-1024x576-1.webp","contentUrl":"https:\/\/conexion23.com\/wp-content\/uploads\/2024\/11\/IMG_9223-1024x576-1.webp","width":678,"height":381},{"@type":"BreadcrumbList","@id":"http:\/\/conexion23.com\/?p=34336#breadcrumb","itemListElement":[{"@type":"ListItem","position":1,"name":"Portada","item":"https:\/\/conexion23.com\/"},{"@type":"ListItem","position":2,"name":"Donald Trump se sube a un cami\u00f3n de basura con la marca de su campa\u00f1a."}]},{"@type":"WebSite","@id":"https:\/\/conexion23.com\/#website","url":"https:\/\/conexion23.com\/","name":"Conexi\u00f3n 23","description":"Peri\u00f3dico 100% Petromacorisano","publisher":{"@id":"https:\/\/conexion23.com\/#organization"},"potentialAction":[{"@type":"SearchAction","target":{"@type":"EntryPoint","urlTemplate":"https:\/\/conexion23.com\/?s={search_term_string}"},"query-input":{"@type":"PropertyValueSpecification","valueRequired":true,"valueName":"search_term_string"}}],"inLanguage":"es"},{"@type":"Organization","@id":"https:\/\/conexion23.com\/#organization","name":"Conexion 23","url":"https:\/\/conexion23.com\/","logo":{"@type":"ImageObject","inLanguage":"es","@id":"https:\/\/conexion23.com\/#\/schema\/logo\/image\/","url":"https:\/\/conexion23.com\/wp-content\/uploads\/2021\/11\/Diseno-sin-titulo-2.png","contentUrl":"https:\/\/conexion23.com\/wp-content\/uploads\/2021\/11\/Diseno-sin-titulo-2.png","width":541,"height":90,"caption":"Conexion 23"},"image":{"@id":"https:\/\/conexion23.com\/#\/schema\/logo\/image\/"},"sameAs":["https:\/\/www.facebook.com\/conexion23com","https:\/\/www.instagram.com\/conexion23com\/","https:\/\/www.youtube.com\/channel\/UCYc7vxxFZMYLIHNsHHxPZ3Q"]},{"@type":"Person","@id":"https:\/\/conexion23.com\/#\/schema\/person\/03e36043331117e97a373299bbcd30a6","name":"Raffy Ben\u00edtez","image":{"@type":"ImageObject","inLanguage":"es","@id":"https:\/\/conexion23.com\/#\/schema\/person\/image\/","url":"https:\/\/secure.gravatar.com\/avatar\/3190a6a6c5e1b0327500f7d6c56b6242472ee6cb974cf09b401ee6b3b0798f23?s=96&d=mm&r=g","contentUrl":"https:\/\/secure.gravatar.com\/avatar\/3190a6a6c5e1b0327500f7d6c56b6242472ee6cb974cf09b401ee6b3b0798f23?s=96&d=mm&r=g","caption":"Raffy Ben\u00edtez"},"url":"https:\/\/conexion23.com\/?author=15"}]}},"_links":{"self":[{"href":"https:\/\/conexion23.com\/index.php?rest_route=\/wp\/v2\/posts\/34336","targetHints":{"allow":["GET"]}}],"collection":[{"href":"https:\/\/conexion23.com\/index.php?rest_route=\/wp\/v2\/posts"}],"about":[{"href":"https:\/\/conexion23.com\/index.php?rest_route=\/wp\/v2\/types\/post"}],"author":[{"embeddable":true,"href":"https:\/\/conexion23.com\/index.php?rest_route=\/wp\/v2\/users\/15"}],"replies":[{"embeddable":true,"href":"https:\/\/conexion23.com\/index.php?rest_route=%2Fwp%2Fv2%2Fcomments&post=34336"}],"version-history":[{"count":1,"href":"https:\/\/conexion23.com\/index.php?rest_route=\/wp\/v2\/posts\/34336\/revisions"}],"predecessor-version":[{"id":34338,"href":"https:\/\/conexion23.com\/index.php?rest_route=\/wp\/v2\/posts\/34336\/revisions\/34338"}],"wp:featuredmedia":[{"embeddable":true,"href":"https:\/\/conexion23.com\/index.php?rest_route=\/wp\/v2\/media\/34337"}],"wp:attachment":[{"href":"https:\/\/conexion23.com\/index.php?rest_route=%2Fwp%2Fv2%2Fmedia&parent=34336"}],"wp:term":[{"taxonomy":"category","embeddable":true,"href":"https:\/\/conexion23.com\/index.php?rest_route=%2Fwp%2Fv2%2Fcategories&post=34336"},{"taxonomy":"post_tag","embeddable":true,"href":"https:\/\/conexion23.com\/index.php?rest_route=%2Fwp%2Fv2%2Ftags&post=34336"}],"curies":[{"name":"wp","href":"https:\/\/api.w.org\/{rel}","templated":true}]}}