{"id":34339,"date":"2024-11-01T08:22:43","date_gmt":"2024-11-01T12:22:43","guid":{"rendered":"https:\/\/conexion23.com\/?p=34339"},"modified":"2024-11-01T08:22:45","modified_gmt":"2024-11-01T12:22:45","slug":"desborde-de-rios-y-evacuaciones-masivas-marcan-una-noche-de-tragedia-en-valencia","status":"publish","type":"post","link":"https:\/\/conexion23.com\/?p=34339","title":{"rendered":"Desborde de R\u00edos y Evacuaciones Masivas Marcan una Noche de Tragedia en Valencia."},"content":{"rendered":"\n<p>La Comunidad Valenciana amaneci\u00f3 hoy sumida en la devastaci\u00f3n tras una jornada de intensas lluvias que causaron estragos en varias localidades. Las fuertes trombas de agua desbordaron r\u00edos, inundaron municipios y atraparon a cientos de personas en sus hogares, lugares de trabajo y veh\u00edculos, poniendo en riesgo la vida de muchos y, en algunos casos, llev\u00e1ndose la vida de manera tr\u00e1gica.<\/p>\n\n\n\n<p>A pesar de las alertas emitidas sobre la llegada de una Depresi\u00f3n Aislada en Niveles Altos (DANA), la magnitud de las lluvias super\u00f3 las previsiones, afectando de manera cr\u00edtica la Ribera, Requena-Utiel, l\u2019Horta Sud y Camp de T\u00faria. La situaci\u00f3n empeor\u00f3 r\u00e1pidamente cuando el r\u00edo Magro se desbord\u00f3, obligando a desaguar el embalse de la Forata, lo que intensific\u00f3 las inundaciones en municipios como Algemes\u00ed.<\/p>\n\n\n\n<p>La alerta general para permanecer en casa fue emitida a las 20:00 horas, momento en el que la situaci\u00f3n ya se hab\u00eda agravado considerablemente. Durante la ma\u00f1ana, la mayor\u00eda de las actividades cotidianas transcurrieron con aparente normalidad; pocos centros educativos suspendieron clases y gran parte de los trabajadores acudieron a sus empleos. Sin embargo, a medida que el agua comenz\u00f3 a anegar carreteras, caminos y pol\u00edgonos, la emergencia se hizo evidente.<\/p>\n\n\n\n<p>Este evento ha vuelto a despertar preguntas y preocupaciones en torno a la preparaci\u00f3n ante fen\u00f3menos meteorol\u00f3gicos extremos en la regi\u00f3n. Las im\u00e1genes de zonas urbanas cubiertas de barro y barrios enteros sumidos en agua marcan la gravedad de lo ocurrido, mientras los servicios de emergencia trabajan sin descanso para ayudar a los afectados y minimizar los da\u00f1os.<\/p>\n\n\n\n<p><strong>Contactos de Emergencia y Recomendaciones<\/strong>&nbsp;Las autoridades han habilitado l\u00edneas de emergencia para los afectados y recomiendan a la poblaci\u00f3n seguir las instrucciones de seguridad, evitando desplazamientos innecesarios hasta nuevo aviso.<\/p>\n","protected":false},"excerpt":{"rendered":"<p>La Comunidad Valenciana amaneci\u00f3 hoy sumida en la devastaci\u00f3n tras una jornada de intensas lluvias que causaron estragos en varias localidades. Las fuertes trombas de agua desbordaron r\u00edos, inundaron municipios y atraparon a cientos de personas en sus hogares, lugares de trabajo y veh\u00edculos, poniendo en riesgo la vida de muchos y, en algunos casos, [&hellip;]<\/p>\n","protected":false},"author":15,"featured_media":34340,"comment_status":"open","ping_status":"open","sticky":false,"template":"","format":"standard","meta":{"footnotes":""},"categories":[1],"tags":[],"class_list":{"0":"post-34339","1":"post","2":"type-post","3":"status-publish","4":"format-standard","5":"has-post-thumbnail","7":"category-uncategorized"},"yoast_head":"<!-- This site is optimized with the Yoast SEO plugin v27.1.1 - https:\/\/yoast.com\/product\/yoast-seo-wordpress\/ -->\n<title>Desborde de R\u00edos y Evacuaciones Masivas Marcan una Noche de Tragedia en Valencia. - Conexi\u00f3n 23<\/title>\n<meta name=\"robots\" content=\"index, follow, max-snippet:-1, max-image-preview:large, max-video-preview:-1\" \/>\n<link rel=\"canonical\" href=\"http:\/\/conexion23.com\/?p=34339\" \/>\n<meta property=\"og:locale\" content=\"es_ES\" \/>\n<meta property=\"og:type\" content=\"article\" \/>\n<meta property=\"og:title\" content=\"Desborde de R\u00edos y Evacuaciones Masivas Marcan una Noche de Tragedia en Valencia. - Conexi\u00f3n 23\" \/>\n<meta property=\"og:description\" content=\"La Comunidad Valenciana amaneci\u00f3 hoy sumida en la devastaci\u00f3n tras una jornada de intensas lluvias que causaron estragos en varias localidades. Las fuertes trombas de agua desbordaron r\u00edos, inundaron municipios y atraparon a cientos de personas en sus hogares, lugares de trabajo y veh\u00edculos, poniendo en riesgo la vida de muchos y, en algunos casos, [&hellip;]\" \/>\n<meta property=\"og:url\" content=\"http:\/\/conexion23.com\/?p=34339\" \/>\n<meta property=\"og:site_name\" content=\"Conexi\u00f3n 23\" \/>\n<meta property=\"article:publisher\" content=\"https:\/\/www.facebook.com\/conexion23com\" \/>\n<meta property=\"article:published_time\" content=\"2024-11-01T12:22:43+00:00\" \/>\n<meta property=\"article:modified_time\" content=\"2024-11-01T12:22:45+00:00\" \/>\n<meta property=\"og:image\" content=\"http:\/\/conexion23.com\/wp-content\/uploads\/2024\/11\/fbf.jpg\" \/>\n\t<meta property=\"og:image:width\" content=\"275\" \/>\n\t<meta property=\"og:image:height\" content=\"182\" \/>\n\t<meta property=\"og:image:type\" content=\"image\/jpeg\" \/>\n<meta name=\"author\" content=\"Raffy Ben\u00edtez\" \/>\n<meta name=\"twitter:card\" content=\"summary_large_image\" \/>\n<meta name=\"twitter:label1\" content=\"Escrito por\" \/>\n\t<meta name=\"twitter:data1\" content=\"Raffy Ben\u00edtez\" \/>\n\t<meta name=\"twitter:label2\" content=\"Tiempo de lectura\" \/>\n\t<meta name=\"twitter:data2\" content=\"2 minutos\" \/>\n<script type=\"application\/ld+json\" class=\"yoast-schema-graph\">{\"@context\":\"https:\/\/schema.org\",\"@graph\":[{\"@type\":\"Article\",\"@id\":\"http:\/\/conexion23.com\/?p=34339#article\",\"isPartOf\":{\"@id\":\"http:\/\/conexion23.com\/?p=34339\"},\"author\":{\"name\":\"Raffy Ben\u00edtez\",\"@id\":\"https:\/\/conexion23.com\/#\/schema\/person\/03e36043331117e97a373299bbcd30a6\"},\"headline\":\"Desborde de R\u00edos y Evacuaciones Masivas Marcan una Noche de Tragedia en Valencia.\",\"datePublished\":\"2024-11-01T12:22:43+00:00\",\"dateModified\":\"2024-11-01T12:22:45+00:00\",\"mainEntityOfPage\":{\"@id\":\"http:\/\/conexion23.com\/?p=34339\"},\"wordCount\":325,\"commentCount\":0,\"publisher\":{\"@id\":\"https:\/\/conexion23.com\/#organization\"},\"image\":{\"@id\":\"http:\/\/conexion23.com\/?p=34339#primaryimage\"},\"thumbnailUrl\":\"https:\/\/conexion23.com\/wp-content\/uploads\/2024\/11\/fbf.jpg\",\"articleSection\":[\"Uncategorized\"],\"inLanguage\":\"es\",\"potentialAction\":[{\"@type\":\"CommentAction\",\"name\":\"Comment\",\"target\":[\"http:\/\/conexion23.com\/?p=34339#respond\"]}]},{\"@type\":\"WebPage\",\"@id\":\"http:\/\/conexion23.com\/?p=34339\",\"url\":\"http:\/\/conexion23.com\/?p=34339\",\"name\":\"Desborde de R\u00edos y Evacuaciones Masivas Marcan una Noche de Tragedia en Valencia. - Conexi\u00f3n 23\",\"isPartOf\":{\"@id\":\"https:\/\/conexion23.com\/#website\"},\"primaryImageOfPage\":{\"@id\":\"http:\/\/conexion23.com\/?p=34339#primaryimage\"},\"image\":{\"@id\":\"http:\/\/conexion23.com\/?p=34339#primaryimage\"},\"thumbnailUrl\":\"https:\/\/conexion23.com\/wp-content\/uploads\/2024\/11\/fbf.jpg\",\"datePublished\":\"2024-11-01T12:22:43+00:00\",\"dateModified\":\"2024-11-01T12:22:45+00:00\",\"breadcrumb\":{\"@id\":\"http:\/\/conexion23.com\/?p=34339#breadcrumb\"},\"inLanguage\":\"es\",\"potentialAction\":[{\"@type\":\"ReadAction\",\"target\":[\"http:\/\/conexion23.com\/?p=34339\"]}]},{\"@type\":\"ImageObject\",\"inLanguage\":\"es\",\"@id\":\"http:\/\/conexion23.com\/?p=34339#primaryimage\",\"url\":\"https:\/\/conexion23.com\/wp-content\/uploads\/2024\/11\/fbf.jpg\",\"contentUrl\":\"https:\/\/conexion23.com\/wp-content\/uploads\/2024\/11\/fbf.jpg\",\"width\":275,\"height\":182},{\"@type\":\"BreadcrumbList\",\"@id\":\"http:\/\/conexion23.com\/?p=34339#breadcrumb\",\"itemListElement\":[{\"@type\":\"ListItem\",\"position\":1,\"name\":\"Portada\",\"item\":\"https:\/\/conexion23.com\/\"},{\"@type\":\"ListItem\",\"position\":2,\"name\":\"Desborde de R\u00edos y Evacuaciones Masivas Marcan una Noche de Tragedia en Valencia.\"}]},{\"@type\":\"WebSite\",\"@id\":\"https:\/\/conexion23.com\/#website\",\"url\":\"https:\/\/conexion23.com\/\",\"name\":\"Conexi\u00f3n 23\",\"description\":\"Peri\u00f3dico 100% Petromacorisano\",\"publisher\":{\"@id\":\"https:\/\/conexion23.com\/#organization\"},\"potentialAction\":[{\"@type\":\"SearchAction\",\"target\":{\"@type\":\"EntryPoint\",\"urlTemplate\":\"https:\/\/conexion23.com\/?s={search_term_string}\"},\"query-input\":{\"@type\":\"PropertyValueSpecification\",\"valueRequired\":true,\"valueName\":\"search_term_string\"}}],\"inLanguage\":\"es\"},{\"@type\":\"Organization\",\"@id\":\"https:\/\/conexion23.com\/#organization\",\"name\":\"Conexion 23\",\"url\":\"https:\/\/conexion23.com\/\",\"logo\":{\"@type\":\"ImageObject\",\"inLanguage\":\"es\",\"@id\":\"https:\/\/conexion23.com\/#\/schema\/logo\/image\/\",\"url\":\"https:\/\/conexion23.com\/wp-content\/uploads\/2021\/11\/Diseno-sin-titulo-2.png\",\"contentUrl\":\"https:\/\/conexion23.com\/wp-content\/uploads\/2021\/11\/Diseno-sin-titulo-2.png\",\"width\":541,\"height\":90,\"caption\":\"Conexion 23\"},\"image\":{\"@id\":\"https:\/\/conexion23.com\/#\/schema\/logo\/image\/\"},\"sameAs\":[\"https:\/\/www.facebook.com\/conexion23com\",\"https:\/\/www.instagram.com\/conexion23com\/\",\"https:\/\/www.youtube.com\/channel\/UCYc7vxxFZMYLIHNsHHxPZ3Q\"]},{\"@type\":\"Person\",\"@id\":\"https:\/\/conexion23.com\/#\/schema\/person\/03e36043331117e97a373299bbcd30a6\",\"name\":\"Raffy Ben\u00edtez\",\"image\":{\"@type\":\"ImageObject\",\"inLanguage\":\"es\",\"@id\":\"https:\/\/conexion23.com\/#\/schema\/person\/image\/\",\"url\":\"https:\/\/secure.gravatar.com\/avatar\/3190a6a6c5e1b0327500f7d6c56b6242472ee6cb974cf09b401ee6b3b0798f23?s=96&d=mm&r=g\",\"contentUrl\":\"https:\/\/secure.gravatar.com\/avatar\/3190a6a6c5e1b0327500f7d6c56b6242472ee6cb974cf09b401ee6b3b0798f23?s=96&d=mm&r=g\",\"caption\":\"Raffy Ben\u00edtez\"},\"url\":\"https:\/\/conexion23.com\/?author=15\"}]}<\/script>\n<!-- \/ Yoast SEO plugin. -->","yoast_head_json":{"title":"Desborde de R\u00edos y Evacuaciones Masivas Marcan una Noche de Tragedia en Valencia. - Conexi\u00f3n 23","robots":{"index":"index","follow":"follow","max-snippet":"max-snippet:-1","max-image-preview":"max-image-preview:large","max-video-preview":"max-video-preview:-1"},"canonical":"http:\/\/conexion23.com\/?p=34339","og_locale":"es_ES","og_type":"article","og_title":"Desborde de R\u00edos y Evacuaciones Masivas Marcan una Noche de Tragedia en Valencia. - Conexi\u00f3n 23","og_description":"La Comunidad Valenciana amaneci\u00f3 hoy sumida en la devastaci\u00f3n tras una jornada de intensas lluvias que causaron estragos en varias localidades. Las fuertes trombas de agua desbordaron r\u00edos, inundaron municipios y atraparon a cientos de personas en sus hogares, lugares de trabajo y veh\u00edculos, poniendo en riesgo la vida de muchos y, en algunos casos, [&hellip;]","og_url":"http:\/\/conexion23.com\/?p=34339","og_site_name":"Conexi\u00f3n 23","article_publisher":"https:\/\/www.facebook.com\/conexion23com","article_published_time":"2024-11-01T12:22:43+00:00","article_modified_time":"2024-11-01T12:22:45+00:00","og_image":[{"width":275,"height":182,"url":"http:\/\/conexion23.com\/wp-content\/uploads\/2024\/11\/fbf.jpg","type":"image\/jpeg"}],"author":"Raffy Ben\u00edtez","twitter_card":"summary_large_image","twitter_misc":{"Escrito por":"Raffy Ben\u00edtez","Tiempo de lectura":"2 minutos"},"schema":{"@context":"https:\/\/schema.org","@graph":[{"@type":"Article","@id":"http:\/\/conexion23.com\/?p=34339#article","isPartOf":{"@id":"http:\/\/conexion23.com\/?p=34339"},"author":{"name":"Raffy Ben\u00edtez","@id":"https:\/\/conexion23.com\/#\/schema\/person\/03e36043331117e97a373299bbcd30a6"},"headline":"Desborde de R\u00edos y Evacuaciones Masivas Marcan una Noche de Tragedia en Valencia.","datePublished":"2024-11-01T12:22:43+00:00","dateModified":"2024-11-01T12:22:45+00:00","mainEntityOfPage":{"@id":"http:\/\/conexion23.com\/?p=34339"},"wordCount":325,"commentCount":0,"publisher":{"@id":"https:\/\/conexion23.com\/#organization"},"image":{"@id":"http:\/\/conexion23.com\/?p=34339#primaryimage"},"thumbnailUrl":"https:\/\/conexion23.com\/wp-content\/uploads\/2024\/11\/fbf.jpg","articleSection":["Uncategorized"],"inLanguage":"es","potentialAction":[{"@type":"CommentAction","name":"Comment","target":["http:\/\/conexion23.com\/?p=34339#respond"]}]},{"@type":"WebPage","@id":"http:\/\/conexion23.com\/?p=34339","url":"http:\/\/conexion23.com\/?p=34339","name":"Desborde de R\u00edos y Evacuaciones Masivas Marcan una Noche de Tragedia en Valencia. - Conexi\u00f3n 23","isPartOf":{"@id":"https:\/\/conexion23.com\/#website"},"primaryImageOfPage":{"@id":"http:\/\/conexion23.com\/?p=34339#primaryimage"},"image":{"@id":"http:\/\/conexion23.com\/?p=34339#primaryimage"},"thumbnailUrl":"https:\/\/conexion23.com\/wp-content\/uploads\/2024\/11\/fbf.jpg","datePublished":"2024-11-01T12:22:43+00:00","dateModified":"2024-11-01T12:22:45+00:00","breadcrumb":{"@id":"http:\/\/conexion23.com\/?p=34339#breadcrumb"},"inLanguage":"es","potentialAction":[{"@type":"ReadAction","target":["http:\/\/conexion23.com\/?p=34339"]}]},{"@type":"ImageObject","inLanguage":"es","@id":"http:\/\/conexion23.com\/?p=34339#primaryimage","url":"https:\/\/conexion23.com\/wp-content\/uploads\/2024\/11\/fbf.jpg","contentUrl":"https:\/\/conexion23.com\/wp-content\/uploads\/2024\/11\/fbf.jpg","width":275,"height":182},{"@type":"BreadcrumbList","@id":"http:\/\/conexion23.com\/?p=34339#breadcrumb","itemListElement":[{"@type":"ListItem","position":1,"name":"Portada","item":"https:\/\/conexion23.com\/"},{"@type":"ListItem","position":2,"name":"Desborde de R\u00edos y Evacuaciones Masivas Marcan una Noche de Tragedia en Valencia."}]},{"@type":"WebSite","@id":"https:\/\/conexion23.com\/#website","url":"https:\/\/conexion23.com\/","name":"Conexi\u00f3n 23","description":"Peri\u00f3dico 100% Petromacorisano","publisher":{"@id":"https:\/\/conexion23.com\/#organization"},"potentialAction":[{"@type":"SearchAction","target":{"@type":"EntryPoint","urlTemplate":"https:\/\/conexion23.com\/?s={search_term_string}"},"query-input":{"@type":"PropertyValueSpecification","valueRequired":true,"valueName":"search_term_string"}}],"inLanguage":"es"},{"@type":"Organization","@id":"https:\/\/conexion23.com\/#organization","name":"Conexion 23","url":"https:\/\/conexion23.com\/","logo":{"@type":"ImageObject","inLanguage":"es","@id":"https:\/\/conexion23.com\/#\/schema\/logo\/image\/","url":"https:\/\/conexion23.com\/wp-content\/uploads\/2021\/11\/Diseno-sin-titulo-2.png","contentUrl":"https:\/\/conexion23.com\/wp-content\/uploads\/2021\/11\/Diseno-sin-titulo-2.png","width":541,"height":90,"caption":"Conexion 23"},"image":{"@id":"https:\/\/conexion23.com\/#\/schema\/logo\/image\/"},"sameAs":["https:\/\/www.facebook.com\/conexion23com","https:\/\/www.instagram.com\/conexion23com\/","https:\/\/www.youtube.com\/channel\/UCYc7vxxFZMYLIHNsHHxPZ3Q"]},{"@type":"Person","@id":"https:\/\/conexion23.com\/#\/schema\/person\/03e36043331117e97a373299bbcd30a6","name":"Raffy Ben\u00edtez","image":{"@type":"ImageObject","inLanguage":"es","@id":"https:\/\/conexion23.com\/#\/schema\/person\/image\/","url":"https:\/\/secure.gravatar.com\/avatar\/3190a6a6c5e1b0327500f7d6c56b6242472ee6cb974cf09b401ee6b3b0798f23?s=96&d=mm&r=g","contentUrl":"https:\/\/secure.gravatar.com\/avatar\/3190a6a6c5e1b0327500f7d6c56b6242472ee6cb974cf09b401ee6b3b0798f23?s=96&d=mm&r=g","caption":"Raffy Ben\u00edtez"},"url":"https:\/\/conexion23.com\/?author=15"}]}},"_links":{"self":[{"href":"https:\/\/conexion23.com\/index.php?rest_route=\/wp\/v2\/posts\/34339","targetHints":{"allow":["GET"]}}],"collection":[{"href":"https:\/\/conexion23.com\/index.php?rest_route=\/wp\/v2\/posts"}],"about":[{"href":"https:\/\/conexion23.com\/index.php?rest_route=\/wp\/v2\/types\/post"}],"author":[{"embeddable":true,"href":"https:\/\/conexion23.com\/index.php?rest_route=\/wp\/v2\/users\/15"}],"replies":[{"embeddable":true,"href":"https:\/\/conexion23.com\/index.php?rest_route=%2Fwp%2Fv2%2Fcomments&post=34339"}],"version-history":[{"count":1,"href":"https:\/\/conexion23.com\/index.php?rest_route=\/wp\/v2\/posts\/34339\/revisions"}],"predecessor-version":[{"id":34341,"href":"https:\/\/conexion23.com\/index.php?rest_route=\/wp\/v2\/posts\/34339\/revisions\/34341"}],"wp:featuredmedia":[{"embeddable":true,"href":"https:\/\/conexion23.com\/index.php?rest_route=\/wp\/v2\/media\/34340"}],"wp:attachment":[{"href":"https:\/\/conexion23.com\/index.php?rest_route=%2Fwp%2Fv2%2Fmedia&parent=34339"}],"wp:term":[{"taxonomy":"category","embeddable":true,"href":"https:\/\/conexion23.com\/index.php?rest_route=%2Fwp%2Fv2%2Fcategories&post=34339"},{"taxonomy":"post_tag","embeddable":true,"href":"https:\/\/conexion23.com\/index.php?rest_route=%2Fwp%2Fv2%2Ftags&post=34339"}],"curies":[{"name":"wp","href":"https:\/\/api.w.org\/{rel}","templated":true}]}}