{"id":34371,"date":"2024-11-02T08:06:31","date_gmt":"2024-11-02T12:06:31","guid":{"rendered":"https:\/\/conexion23.com\/?p=34371"},"modified":"2024-11-02T08:06:33","modified_gmt":"2024-11-02T12:06:33","slug":"muere-hombre-habia-sufrido-accidente-de-transito-en-carretera-san-pedro-consuelo","status":"publish","type":"post","link":"https:\/\/conexion23.com\/?p=34371","title":{"rendered":"Muere hombre hab\u00eda sufrido accidente de tr\u00e1nsito en carretera San Pedro-Consuelo."},"content":{"rendered":"\n<p>Murio en el hospital Antonio Musa de esta ciudad un hombre quien hab\u00eda resultado herido al chocar una motocicleta con un veh\u00edculo, en la carretera San Pedro de Macor\u00eds \u2013 Consuelo.<\/p>\n\n\n\n<p>Se trata de&nbsp;<strong>Albert Mestin\u00e9<\/strong>, de 52 a\u00f1os y de nacionalidad haitiana, quien resid\u00eda en el municipio Consuelo.<\/p>\n\n\n\n<p>El accidente hab\u00eda ocurrido pr\u00f3ximo ala denominada Curva de Angelina en esa carretera.<\/p>\n\n\n\n<p>Hab\u00eda sido socorrido por una unidad del 911 y llevado a la sala de emergencias del hospital Antonio Musa.<\/p>\n","protected":false},"excerpt":{"rendered":"<p>Murio en el hospital Antonio Musa de esta ciudad un hombre quien hab\u00eda resultado herido al chocar una motocicleta con un veh\u00edculo, en la carretera San Pedro de Macor\u00eds \u2013 Consuelo. Se trata de&nbsp;Albert Mestin\u00e9, de 52 a\u00f1os y de nacionalidad haitiana, quien resid\u00eda en el municipio Consuelo. El accidente hab\u00eda ocurrido pr\u00f3ximo ala denominada [&hellip;]<\/p>\n","protected":false},"author":15,"featured_media":34372,"comment_status":"open","ping_status":"open","sticky":false,"template":"","format":"standard","meta":{"footnotes":""},"categories":[35],"tags":[],"class_list":{"0":"post-34371","1":"post","2":"type-post","3":"status-publish","4":"format-standard","5":"has-post-thumbnail","7":"category-spm"},"yoast_head":"<!-- This site is optimized with the Yoast SEO plugin v27.1.1 - https:\/\/yoast.com\/product\/yoast-seo-wordpress\/ -->\n<title>Muere hombre hab\u00eda sufrido accidente de tr\u00e1nsito en carretera San Pedro-Consuelo. - Conexi\u00f3n 23<\/title>\n<meta name=\"robots\" content=\"index, follow, max-snippet:-1, max-image-preview:large, max-video-preview:-1\" \/>\n<link rel=\"canonical\" href=\"http:\/\/conexion23.com\/?p=34371\" \/>\n<meta property=\"og:locale\" content=\"es_ES\" \/>\n<meta property=\"og:type\" content=\"article\" \/>\n<meta property=\"og:title\" content=\"Muere hombre hab\u00eda sufrido accidente de tr\u00e1nsito en carretera San Pedro-Consuelo. - Conexi\u00f3n 23\" \/>\n<meta property=\"og:description\" content=\"Murio en el hospital Antonio Musa de esta ciudad un hombre quien hab\u00eda resultado herido al chocar una motocicleta con un veh\u00edculo, en la carretera San Pedro de Macor\u00eds \u2013 Consuelo. Se trata de&nbsp;Albert Mestin\u00e9, de 52 a\u00f1os y de nacionalidad haitiana, quien resid\u00eda en el municipio Consuelo. El accidente hab\u00eda ocurrido pr\u00f3ximo ala denominada [&hellip;]\" \/>\n<meta property=\"og:url\" content=\"http:\/\/conexion23.com\/?p=34371\" \/>\n<meta property=\"og:site_name\" content=\"Conexi\u00f3n 23\" \/>\n<meta property=\"article:publisher\" content=\"https:\/\/www.facebook.com\/conexion23com\" \/>\n<meta property=\"article:published_time\" content=\"2024-11-02T12:06:31+00:00\" \/>\n<meta property=\"article:modified_time\" content=\"2024-11-02T12:06:33+00:00\" \/>\n<meta property=\"og:image\" content=\"http:\/\/conexion23.com\/wp-content\/uploads\/2024\/11\/Morgue_Hospital_Antonio_Musa.jpg\" \/>\n\t<meta property=\"og:image:width\" content=\"576\" \/>\n\t<meta property=\"og:image:height\" content=\"356\" \/>\n\t<meta property=\"og:image:type\" content=\"image\/jpeg\" \/>\n<meta name=\"author\" content=\"Raffy Ben\u00edtez\" \/>\n<meta name=\"twitter:card\" content=\"summary_large_image\" \/>\n<meta name=\"twitter:label1\" content=\"Escrito por\" \/>\n\t<meta name=\"twitter:data1\" content=\"Raffy Ben\u00edtez\" \/>\n\t<meta name=\"twitter:label2\" content=\"Tiempo de lectura\" \/>\n\t<meta name=\"twitter:data2\" content=\"1 minuto\" \/>\n<script type=\"application\/ld+json\" class=\"yoast-schema-graph\">{\"@context\":\"https:\/\/schema.org\",\"@graph\":[{\"@type\":\"Article\",\"@id\":\"http:\/\/conexion23.com\/?p=34371#article\",\"isPartOf\":{\"@id\":\"http:\/\/conexion23.com\/?p=34371\"},\"author\":{\"name\":\"Raffy Ben\u00edtez\",\"@id\":\"https:\/\/conexion23.com\/#\/schema\/person\/03e36043331117e97a373299bbcd30a6\"},\"headline\":\"Muere hombre hab\u00eda sufrido accidente de tr\u00e1nsito en carretera San Pedro-Consuelo.\",\"datePublished\":\"2024-11-02T12:06:31+00:00\",\"dateModified\":\"2024-11-02T12:06:33+00:00\",\"mainEntityOfPage\":{\"@id\":\"http:\/\/conexion23.com\/?p=34371\"},\"wordCount\":100,\"commentCount\":0,\"publisher\":{\"@id\":\"https:\/\/conexion23.com\/#organization\"},\"image\":{\"@id\":\"http:\/\/conexion23.com\/?p=34371#primaryimage\"},\"thumbnailUrl\":\"https:\/\/conexion23.com\/wp-content\/uploads\/2024\/11\/Morgue_Hospital_Antonio_Musa.jpg\",\"articleSection\":[\"SPM\"],\"inLanguage\":\"es\",\"potentialAction\":[{\"@type\":\"CommentAction\",\"name\":\"Comment\",\"target\":[\"http:\/\/conexion23.com\/?p=34371#respond\"]}]},{\"@type\":\"WebPage\",\"@id\":\"http:\/\/conexion23.com\/?p=34371\",\"url\":\"http:\/\/conexion23.com\/?p=34371\",\"name\":\"Muere hombre hab\u00eda sufrido accidente de tr\u00e1nsito en carretera San Pedro-Consuelo. - Conexi\u00f3n 23\",\"isPartOf\":{\"@id\":\"https:\/\/conexion23.com\/#website\"},\"primaryImageOfPage\":{\"@id\":\"http:\/\/conexion23.com\/?p=34371#primaryimage\"},\"image\":{\"@id\":\"http:\/\/conexion23.com\/?p=34371#primaryimage\"},\"thumbnailUrl\":\"https:\/\/conexion23.com\/wp-content\/uploads\/2024\/11\/Morgue_Hospital_Antonio_Musa.jpg\",\"datePublished\":\"2024-11-02T12:06:31+00:00\",\"dateModified\":\"2024-11-02T12:06:33+00:00\",\"breadcrumb\":{\"@id\":\"http:\/\/conexion23.com\/?p=34371#breadcrumb\"},\"inLanguage\":\"es\",\"potentialAction\":[{\"@type\":\"ReadAction\",\"target\":[\"http:\/\/conexion23.com\/?p=34371\"]}]},{\"@type\":\"ImageObject\",\"inLanguage\":\"es\",\"@id\":\"http:\/\/conexion23.com\/?p=34371#primaryimage\",\"url\":\"https:\/\/conexion23.com\/wp-content\/uploads\/2024\/11\/Morgue_Hospital_Antonio_Musa.jpg\",\"contentUrl\":\"https:\/\/conexion23.com\/wp-content\/uploads\/2024\/11\/Morgue_Hospital_Antonio_Musa.jpg\",\"width\":576,\"height\":356},{\"@type\":\"BreadcrumbList\",\"@id\":\"http:\/\/conexion23.com\/?p=34371#breadcrumb\",\"itemListElement\":[{\"@type\":\"ListItem\",\"position\":1,\"name\":\"Portada\",\"item\":\"https:\/\/conexion23.com\/\"},{\"@type\":\"ListItem\",\"position\":2,\"name\":\"Muere hombre hab\u00eda sufrido accidente de tr\u00e1nsito en carretera San Pedro-Consuelo.\"}]},{\"@type\":\"WebSite\",\"@id\":\"https:\/\/conexion23.com\/#website\",\"url\":\"https:\/\/conexion23.com\/\",\"name\":\"Conexi\u00f3n 23\",\"description\":\"Peri\u00f3dico 100% Petromacorisano\",\"publisher\":{\"@id\":\"https:\/\/conexion23.com\/#organization\"},\"potentialAction\":[{\"@type\":\"SearchAction\",\"target\":{\"@type\":\"EntryPoint\",\"urlTemplate\":\"https:\/\/conexion23.com\/?s={search_term_string}\"},\"query-input\":{\"@type\":\"PropertyValueSpecification\",\"valueRequired\":true,\"valueName\":\"search_term_string\"}}],\"inLanguage\":\"es\"},{\"@type\":\"Organization\",\"@id\":\"https:\/\/conexion23.com\/#organization\",\"name\":\"Conexion 23\",\"url\":\"https:\/\/conexion23.com\/\",\"logo\":{\"@type\":\"ImageObject\",\"inLanguage\":\"es\",\"@id\":\"https:\/\/conexion23.com\/#\/schema\/logo\/image\/\",\"url\":\"https:\/\/conexion23.com\/wp-content\/uploads\/2021\/11\/Diseno-sin-titulo-2.png\",\"contentUrl\":\"https:\/\/conexion23.com\/wp-content\/uploads\/2021\/11\/Diseno-sin-titulo-2.png\",\"width\":541,\"height\":90,\"caption\":\"Conexion 23\"},\"image\":{\"@id\":\"https:\/\/conexion23.com\/#\/schema\/logo\/image\/\"},\"sameAs\":[\"https:\/\/www.facebook.com\/conexion23com\",\"https:\/\/www.instagram.com\/conexion23com\/\",\"https:\/\/www.youtube.com\/channel\/UCYc7vxxFZMYLIHNsHHxPZ3Q\"]},{\"@type\":\"Person\",\"@id\":\"https:\/\/conexion23.com\/#\/schema\/person\/03e36043331117e97a373299bbcd30a6\",\"name\":\"Raffy Ben\u00edtez\",\"image\":{\"@type\":\"ImageObject\",\"inLanguage\":\"es\",\"@id\":\"https:\/\/conexion23.com\/#\/schema\/person\/image\/\",\"url\":\"https:\/\/secure.gravatar.com\/avatar\/3190a6a6c5e1b0327500f7d6c56b6242472ee6cb974cf09b401ee6b3b0798f23?s=96&d=mm&r=g\",\"contentUrl\":\"https:\/\/secure.gravatar.com\/avatar\/3190a6a6c5e1b0327500f7d6c56b6242472ee6cb974cf09b401ee6b3b0798f23?s=96&d=mm&r=g\",\"caption\":\"Raffy Ben\u00edtez\"},\"url\":\"https:\/\/conexion23.com\/?author=15\"}]}<\/script>\n<!-- \/ Yoast SEO plugin. -->","yoast_head_json":{"title":"Muere hombre hab\u00eda sufrido accidente de tr\u00e1nsito en carretera San Pedro-Consuelo. - Conexi\u00f3n 23","robots":{"index":"index","follow":"follow","max-snippet":"max-snippet:-1","max-image-preview":"max-image-preview:large","max-video-preview":"max-video-preview:-1"},"canonical":"http:\/\/conexion23.com\/?p=34371","og_locale":"es_ES","og_type":"article","og_title":"Muere hombre hab\u00eda sufrido accidente de tr\u00e1nsito en carretera San Pedro-Consuelo. - Conexi\u00f3n 23","og_description":"Murio en el hospital Antonio Musa de esta ciudad un hombre quien hab\u00eda resultado herido al chocar una motocicleta con un veh\u00edculo, en la carretera San Pedro de Macor\u00eds \u2013 Consuelo. Se trata de&nbsp;Albert Mestin\u00e9, de 52 a\u00f1os y de nacionalidad haitiana, quien resid\u00eda en el municipio Consuelo. El accidente hab\u00eda ocurrido pr\u00f3ximo ala denominada [&hellip;]","og_url":"http:\/\/conexion23.com\/?p=34371","og_site_name":"Conexi\u00f3n 23","article_publisher":"https:\/\/www.facebook.com\/conexion23com","article_published_time":"2024-11-02T12:06:31+00:00","article_modified_time":"2024-11-02T12:06:33+00:00","og_image":[{"width":576,"height":356,"url":"http:\/\/conexion23.com\/wp-content\/uploads\/2024\/11\/Morgue_Hospital_Antonio_Musa.jpg","type":"image\/jpeg"}],"author":"Raffy Ben\u00edtez","twitter_card":"summary_large_image","twitter_misc":{"Escrito por":"Raffy Ben\u00edtez","Tiempo de lectura":"1 minuto"},"schema":{"@context":"https:\/\/schema.org","@graph":[{"@type":"Article","@id":"http:\/\/conexion23.com\/?p=34371#article","isPartOf":{"@id":"http:\/\/conexion23.com\/?p=34371"},"author":{"name":"Raffy Ben\u00edtez","@id":"https:\/\/conexion23.com\/#\/schema\/person\/03e36043331117e97a373299bbcd30a6"},"headline":"Muere hombre hab\u00eda sufrido accidente de tr\u00e1nsito en carretera San Pedro-Consuelo.","datePublished":"2024-11-02T12:06:31+00:00","dateModified":"2024-11-02T12:06:33+00:00","mainEntityOfPage":{"@id":"http:\/\/conexion23.com\/?p=34371"},"wordCount":100,"commentCount":0,"publisher":{"@id":"https:\/\/conexion23.com\/#organization"},"image":{"@id":"http:\/\/conexion23.com\/?p=34371#primaryimage"},"thumbnailUrl":"https:\/\/conexion23.com\/wp-content\/uploads\/2024\/11\/Morgue_Hospital_Antonio_Musa.jpg","articleSection":["SPM"],"inLanguage":"es","potentialAction":[{"@type":"CommentAction","name":"Comment","target":["http:\/\/conexion23.com\/?p=34371#respond"]}]},{"@type":"WebPage","@id":"http:\/\/conexion23.com\/?p=34371","url":"http:\/\/conexion23.com\/?p=34371","name":"Muere hombre hab\u00eda sufrido accidente de tr\u00e1nsito en carretera San Pedro-Consuelo. - Conexi\u00f3n 23","isPartOf":{"@id":"https:\/\/conexion23.com\/#website"},"primaryImageOfPage":{"@id":"http:\/\/conexion23.com\/?p=34371#primaryimage"},"image":{"@id":"http:\/\/conexion23.com\/?p=34371#primaryimage"},"thumbnailUrl":"https:\/\/conexion23.com\/wp-content\/uploads\/2024\/11\/Morgue_Hospital_Antonio_Musa.jpg","datePublished":"2024-11-02T12:06:31+00:00","dateModified":"2024-11-02T12:06:33+00:00","breadcrumb":{"@id":"http:\/\/conexion23.com\/?p=34371#breadcrumb"},"inLanguage":"es","potentialAction":[{"@type":"ReadAction","target":["http:\/\/conexion23.com\/?p=34371"]}]},{"@type":"ImageObject","inLanguage":"es","@id":"http:\/\/conexion23.com\/?p=34371#primaryimage","url":"https:\/\/conexion23.com\/wp-content\/uploads\/2024\/11\/Morgue_Hospital_Antonio_Musa.jpg","contentUrl":"https:\/\/conexion23.com\/wp-content\/uploads\/2024\/11\/Morgue_Hospital_Antonio_Musa.jpg","width":576,"height":356},{"@type":"BreadcrumbList","@id":"http:\/\/conexion23.com\/?p=34371#breadcrumb","itemListElement":[{"@type":"ListItem","position":1,"name":"Portada","item":"https:\/\/conexion23.com\/"},{"@type":"ListItem","position":2,"name":"Muere hombre hab\u00eda sufrido accidente de tr\u00e1nsito en carretera San Pedro-Consuelo."}]},{"@type":"WebSite","@id":"https:\/\/conexion23.com\/#website","url":"https:\/\/conexion23.com\/","name":"Conexi\u00f3n 23","description":"Peri\u00f3dico 100% Petromacorisano","publisher":{"@id":"https:\/\/conexion23.com\/#organization"},"potentialAction":[{"@type":"SearchAction","target":{"@type":"EntryPoint","urlTemplate":"https:\/\/conexion23.com\/?s={search_term_string}"},"query-input":{"@type":"PropertyValueSpecification","valueRequired":true,"valueName":"search_term_string"}}],"inLanguage":"es"},{"@type":"Organization","@id":"https:\/\/conexion23.com\/#organization","name":"Conexion 23","url":"https:\/\/conexion23.com\/","logo":{"@type":"ImageObject","inLanguage":"es","@id":"https:\/\/conexion23.com\/#\/schema\/logo\/image\/","url":"https:\/\/conexion23.com\/wp-content\/uploads\/2021\/11\/Diseno-sin-titulo-2.png","contentUrl":"https:\/\/conexion23.com\/wp-content\/uploads\/2021\/11\/Diseno-sin-titulo-2.png","width":541,"height":90,"caption":"Conexion 23"},"image":{"@id":"https:\/\/conexion23.com\/#\/schema\/logo\/image\/"},"sameAs":["https:\/\/www.facebook.com\/conexion23com","https:\/\/www.instagram.com\/conexion23com\/","https:\/\/www.youtube.com\/channel\/UCYc7vxxFZMYLIHNsHHxPZ3Q"]},{"@type":"Person","@id":"https:\/\/conexion23.com\/#\/schema\/person\/03e36043331117e97a373299bbcd30a6","name":"Raffy Ben\u00edtez","image":{"@type":"ImageObject","inLanguage":"es","@id":"https:\/\/conexion23.com\/#\/schema\/person\/image\/","url":"https:\/\/secure.gravatar.com\/avatar\/3190a6a6c5e1b0327500f7d6c56b6242472ee6cb974cf09b401ee6b3b0798f23?s=96&d=mm&r=g","contentUrl":"https:\/\/secure.gravatar.com\/avatar\/3190a6a6c5e1b0327500f7d6c56b6242472ee6cb974cf09b401ee6b3b0798f23?s=96&d=mm&r=g","caption":"Raffy Ben\u00edtez"},"url":"https:\/\/conexion23.com\/?author=15"}]}},"_links":{"self":[{"href":"https:\/\/conexion23.com\/index.php?rest_route=\/wp\/v2\/posts\/34371","targetHints":{"allow":["GET"]}}],"collection":[{"href":"https:\/\/conexion23.com\/index.php?rest_route=\/wp\/v2\/posts"}],"about":[{"href":"https:\/\/conexion23.com\/index.php?rest_route=\/wp\/v2\/types\/post"}],"author":[{"embeddable":true,"href":"https:\/\/conexion23.com\/index.php?rest_route=\/wp\/v2\/users\/15"}],"replies":[{"embeddable":true,"href":"https:\/\/conexion23.com\/index.php?rest_route=%2Fwp%2Fv2%2Fcomments&post=34371"}],"version-history":[{"count":1,"href":"https:\/\/conexion23.com\/index.php?rest_route=\/wp\/v2\/posts\/34371\/revisions"}],"predecessor-version":[{"id":34373,"href":"https:\/\/conexion23.com\/index.php?rest_route=\/wp\/v2\/posts\/34371\/revisions\/34373"}],"wp:featuredmedia":[{"embeddable":true,"href":"https:\/\/conexion23.com\/index.php?rest_route=\/wp\/v2\/media\/34372"}],"wp:attachment":[{"href":"https:\/\/conexion23.com\/index.php?rest_route=%2Fwp%2Fv2%2Fmedia&parent=34371"}],"wp:term":[{"taxonomy":"category","embeddable":true,"href":"https:\/\/conexion23.com\/index.php?rest_route=%2Fwp%2Fv2%2Fcategories&post=34371"},{"taxonomy":"post_tag","embeddable":true,"href":"https:\/\/conexion23.com\/index.php?rest_route=%2Fwp%2Fv2%2Ftags&post=34371"}],"curies":[{"name":"wp","href":"https:\/\/api.w.org\/{rel}","templated":true}]}}