{"id":34470,"date":"2024-11-05T08:17:49","date_gmt":"2024-11-05T12:17:49","guid":{"rendered":"https:\/\/conexion23.com\/?p=34470"},"modified":"2024-11-05T08:17:50","modified_gmt":"2024-11-05T12:17:50","slug":"pn-detiene-responsable-de-dar-muerte-a-una-femina-y-herir-a-otra-persona-en-villa-providencia","status":"publish","type":"post","link":"https:\/\/conexion23.com\/?p=34470","title":{"rendered":"PN detiene responsable de dar muerte a una f\u00e9mina y herir a otra persona en Villa Providencia."},"content":{"rendered":"\n<p>Agentes del (Dicrim), pusieron bajo arresto a un hombre acusado de causarle la muerte a una f\u00e9mina y her\u00edr a otra persona de proyectil de arma de fuego, tras un incidente generado producto de un accidente de tr\u00e1nsito en la madrugada de este lunes, en el sector Villa Providencia de San Pedro de Macoris.<\/p>\n\n\n\n<p>El detenido es el nombrado Alvin Amaurys G\u00f3mez Roa, de 27 a\u00f1os, residente en esta ciudad, quien presenta una fractura en pierna izquierda, seg\u00fan diagn\u00f3stico m\u00e9dico, producto del accidente.<\/p>\n\n\n\n<p>La fallecida es la nombrada Yuliza Castillo Charles, de 31 a\u00f1os, quien resid\u00eda en la provincia La Romana, tras presentar seg\u00fan diagn\u00f3stico del m\u00e9dico legista \u201cHerida de proyectil de arma de fuego con entrada en el hemitorax izquierdo sin salida\u201d; Mientras, el herido es Marcio Esteban Paredes Mingo, de 35 a\u00f1os, residente en esta ciudad, tras presentar \u201cHerida por proyectil de arma de fuego con entrada y salida en el brazo derecho\u201d.<\/p>\n\n\n\n<p>Seg\u00fan el informe preliminar, el veh\u00edculo en que la fallecida y el herido transitaban fue impactado por el lado derecho delantero, por una motocicleta y una pasola, en las cuales se transportaban el detenido Alvin Amaurys y dos personas m\u00e1s ya identificadas posterior al choque de los veh\u00edculos ya mencionados, es cuando el detenido saca una arma de fuego que portaba y sin mediar palabras realiza un disparo, provoc\u00e1ndole las heridas que presenta la f\u00e9mina, la cual falleci\u00f3 mientras recib\u00eda atenciones m\u00e9dicas, y resulto herido el se\u00f1or Marcio Esteban.<\/p>\n\n\n\n<p>La Polic\u00eda Nacional mantiene detenidas a otras ocho personas con relacion a este incidente para fines de investigaci\u00f3n.<\/p>\n\n\n\n<p>En el lugar del hecho fue ocupada la pistola marca ilegible, calibre 9mm, serie No. 41858, y la pistola marca Arcus, calibre 9mm, serie No. 24AB 400001; Asimismo, el veh\u00edculo Marca Hyundai, modelo Sonata, color blanco; el veh\u00edculo marca Hyundai, color negro, la camioneta marca Toyata, modelo Tundra, color verde, y las motocicletas Yamaha AX-115, color rojo y Job 3KJ, color blanco y negro para fines de investigaci\u00f3n.<\/p>\n\n\n\n<p>El detenido y lo ocupado fueron puestos a disposici\u00f3n del Ministerio P\u00fablico para los fines legales correspondientes.<\/p>\n","protected":false},"excerpt":{"rendered":"<p>Agentes del (Dicrim), pusieron bajo arresto a un hombre acusado de causarle la muerte a una f\u00e9mina y her\u00edr a otra persona de proyectil de arma de fuego, tras un incidente generado producto de un accidente de tr\u00e1nsito en la madrugada de este lunes, en el sector Villa Providencia de San Pedro de Macoris. El [&hellip;]<\/p>\n","protected":false},"author":15,"featured_media":34471,"comment_status":"open","ping_status":"open","sticky":false,"template":"","format":"standard","meta":{"footnotes":""},"categories":[35],"tags":[],"class_list":{"0":"post-34470","1":"post","2":"type-post","3":"status-publish","4":"format-standard","5":"has-post-thumbnail","7":"category-spm"},"yoast_head":"<!-- This site is optimized with the Yoast SEO plugin v27.1.1 - https:\/\/yoast.com\/product\/yoast-seo-wordpress\/ -->\n<title>PN detiene responsable de dar muerte a una f\u00e9mina y herir a otra persona en Villa Providencia. - Conexi\u00f3n 23<\/title>\n<meta name=\"robots\" content=\"index, follow, max-snippet:-1, max-image-preview:large, max-video-preview:-1\" \/>\n<link rel=\"canonical\" href=\"http:\/\/conexion23.com\/?p=34470\" \/>\n<meta property=\"og:locale\" content=\"es_ES\" \/>\n<meta property=\"og:type\" content=\"article\" \/>\n<meta property=\"og:title\" content=\"PN detiene responsable de dar muerte a una f\u00e9mina y herir a otra persona en Villa Providencia. - Conexi\u00f3n 23\" \/>\n<meta property=\"og:description\" content=\"Agentes del (Dicrim), pusieron bajo arresto a un hombre acusado de causarle la muerte a una f\u00e9mina y her\u00edr a otra persona de proyectil de arma de fuego, tras un incidente generado producto de un accidente de tr\u00e1nsito en la madrugada de este lunes, en el sector Villa Providencia de San Pedro de Macoris. El [&hellip;]\" \/>\n<meta property=\"og:url\" content=\"http:\/\/conexion23.com\/?p=34470\" \/>\n<meta property=\"og:site_name\" content=\"Conexi\u00f3n 23\" \/>\n<meta property=\"article:publisher\" content=\"https:\/\/www.facebook.com\/conexion23com\" \/>\n<meta property=\"article:published_time\" content=\"2024-11-05T12:17:49+00:00\" \/>\n<meta property=\"article:modified_time\" content=\"2024-11-05T12:17:50+00:00\" \/>\n<meta property=\"og:image\" content=\"http:\/\/conexion23.com\/wp-content\/uploads\/2024\/11\/iii.jpg\" \/>\n\t<meta property=\"og:image:width\" content=\"225\" \/>\n\t<meta property=\"og:image:height\" content=\"221\" \/>\n\t<meta property=\"og:image:type\" content=\"image\/jpeg\" \/>\n<meta name=\"author\" content=\"Raffy Ben\u00edtez\" \/>\n<meta name=\"twitter:card\" content=\"summary_large_image\" \/>\n<meta name=\"twitter:label1\" content=\"Escrito por\" \/>\n\t<meta name=\"twitter:data1\" content=\"Raffy Ben\u00edtez\" \/>\n\t<meta name=\"twitter:label2\" content=\"Tiempo de lectura\" \/>\n\t<meta name=\"twitter:data2\" content=\"2 minutos\" \/>\n<script type=\"application\/ld+json\" class=\"yoast-schema-graph\">{\"@context\":\"https:\/\/schema.org\",\"@graph\":[{\"@type\":\"Article\",\"@id\":\"http:\/\/conexion23.com\/?p=34470#article\",\"isPartOf\":{\"@id\":\"http:\/\/conexion23.com\/?p=34470\"},\"author\":{\"name\":\"Raffy Ben\u00edtez\",\"@id\":\"https:\/\/conexion23.com\/#\/schema\/person\/03e36043331117e97a373299bbcd30a6\"},\"headline\":\"PN detiene responsable de dar muerte a una f\u00e9mina y herir a otra persona en Villa Providencia.\",\"datePublished\":\"2024-11-05T12:17:49+00:00\",\"dateModified\":\"2024-11-05T12:17:50+00:00\",\"mainEntityOfPage\":{\"@id\":\"http:\/\/conexion23.com\/?p=34470\"},\"wordCount\":390,\"commentCount\":0,\"publisher\":{\"@id\":\"https:\/\/conexion23.com\/#organization\"},\"image\":{\"@id\":\"http:\/\/conexion23.com\/?p=34470#primaryimage\"},\"thumbnailUrl\":\"https:\/\/conexion23.com\/wp-content\/uploads\/2024\/11\/iii.jpg\",\"articleSection\":[\"SPM\"],\"inLanguage\":\"es\",\"potentialAction\":[{\"@type\":\"CommentAction\",\"name\":\"Comment\",\"target\":[\"http:\/\/conexion23.com\/?p=34470#respond\"]}]},{\"@type\":\"WebPage\",\"@id\":\"http:\/\/conexion23.com\/?p=34470\",\"url\":\"http:\/\/conexion23.com\/?p=34470\",\"name\":\"PN detiene responsable de dar muerte a una f\u00e9mina y herir a otra persona en Villa Providencia. - Conexi\u00f3n 23\",\"isPartOf\":{\"@id\":\"https:\/\/conexion23.com\/#website\"},\"primaryImageOfPage\":{\"@id\":\"http:\/\/conexion23.com\/?p=34470#primaryimage\"},\"image\":{\"@id\":\"http:\/\/conexion23.com\/?p=34470#primaryimage\"},\"thumbnailUrl\":\"https:\/\/conexion23.com\/wp-content\/uploads\/2024\/11\/iii.jpg\",\"datePublished\":\"2024-11-05T12:17:49+00:00\",\"dateModified\":\"2024-11-05T12:17:50+00:00\",\"breadcrumb\":{\"@id\":\"http:\/\/conexion23.com\/?p=34470#breadcrumb\"},\"inLanguage\":\"es\",\"potentialAction\":[{\"@type\":\"ReadAction\",\"target\":[\"http:\/\/conexion23.com\/?p=34470\"]}]},{\"@type\":\"ImageObject\",\"inLanguage\":\"es\",\"@id\":\"http:\/\/conexion23.com\/?p=34470#primaryimage\",\"url\":\"https:\/\/conexion23.com\/wp-content\/uploads\/2024\/11\/iii.jpg\",\"contentUrl\":\"https:\/\/conexion23.com\/wp-content\/uploads\/2024\/11\/iii.jpg\",\"width\":225,\"height\":221},{\"@type\":\"BreadcrumbList\",\"@id\":\"http:\/\/conexion23.com\/?p=34470#breadcrumb\",\"itemListElement\":[{\"@type\":\"ListItem\",\"position\":1,\"name\":\"Portada\",\"item\":\"https:\/\/conexion23.com\/\"},{\"@type\":\"ListItem\",\"position\":2,\"name\":\"PN detiene responsable de dar muerte a una f\u00e9mina y herir a otra persona en Villa Providencia.\"}]},{\"@type\":\"WebSite\",\"@id\":\"https:\/\/conexion23.com\/#website\",\"url\":\"https:\/\/conexion23.com\/\",\"name\":\"Conexi\u00f3n 23\",\"description\":\"Peri\u00f3dico 100% Petromacorisano\",\"publisher\":{\"@id\":\"https:\/\/conexion23.com\/#organization\"},\"potentialAction\":[{\"@type\":\"SearchAction\",\"target\":{\"@type\":\"EntryPoint\",\"urlTemplate\":\"https:\/\/conexion23.com\/?s={search_term_string}\"},\"query-input\":{\"@type\":\"PropertyValueSpecification\",\"valueRequired\":true,\"valueName\":\"search_term_string\"}}],\"inLanguage\":\"es\"},{\"@type\":\"Organization\",\"@id\":\"https:\/\/conexion23.com\/#organization\",\"name\":\"Conexion 23\",\"url\":\"https:\/\/conexion23.com\/\",\"logo\":{\"@type\":\"ImageObject\",\"inLanguage\":\"es\",\"@id\":\"https:\/\/conexion23.com\/#\/schema\/logo\/image\/\",\"url\":\"https:\/\/conexion23.com\/wp-content\/uploads\/2021\/11\/Diseno-sin-titulo-2.png\",\"contentUrl\":\"https:\/\/conexion23.com\/wp-content\/uploads\/2021\/11\/Diseno-sin-titulo-2.png\",\"width\":541,\"height\":90,\"caption\":\"Conexion 23\"},\"image\":{\"@id\":\"https:\/\/conexion23.com\/#\/schema\/logo\/image\/\"},\"sameAs\":[\"https:\/\/www.facebook.com\/conexion23com\",\"https:\/\/www.instagram.com\/conexion23com\/\",\"https:\/\/www.youtube.com\/channel\/UCYc7vxxFZMYLIHNsHHxPZ3Q\"]},{\"@type\":\"Person\",\"@id\":\"https:\/\/conexion23.com\/#\/schema\/person\/03e36043331117e97a373299bbcd30a6\",\"name\":\"Raffy Ben\u00edtez\",\"image\":{\"@type\":\"ImageObject\",\"inLanguage\":\"es\",\"@id\":\"https:\/\/conexion23.com\/#\/schema\/person\/image\/\",\"url\":\"https:\/\/secure.gravatar.com\/avatar\/3190a6a6c5e1b0327500f7d6c56b6242472ee6cb974cf09b401ee6b3b0798f23?s=96&d=mm&r=g\",\"contentUrl\":\"https:\/\/secure.gravatar.com\/avatar\/3190a6a6c5e1b0327500f7d6c56b6242472ee6cb974cf09b401ee6b3b0798f23?s=96&d=mm&r=g\",\"caption\":\"Raffy Ben\u00edtez\"},\"url\":\"https:\/\/conexion23.com\/?author=15\"}]}<\/script>\n<!-- \/ Yoast SEO plugin. -->","yoast_head_json":{"title":"PN detiene responsable de dar muerte a una f\u00e9mina y herir a otra persona en Villa Providencia. - Conexi\u00f3n 23","robots":{"index":"index","follow":"follow","max-snippet":"max-snippet:-1","max-image-preview":"max-image-preview:large","max-video-preview":"max-video-preview:-1"},"canonical":"http:\/\/conexion23.com\/?p=34470","og_locale":"es_ES","og_type":"article","og_title":"PN detiene responsable de dar muerte a una f\u00e9mina y herir a otra persona en Villa Providencia. - Conexi\u00f3n 23","og_description":"Agentes del (Dicrim), pusieron bajo arresto a un hombre acusado de causarle la muerte a una f\u00e9mina y her\u00edr a otra persona de proyectil de arma de fuego, tras un incidente generado producto de un accidente de tr\u00e1nsito en la madrugada de este lunes, en el sector Villa Providencia de San Pedro de Macoris. El [&hellip;]","og_url":"http:\/\/conexion23.com\/?p=34470","og_site_name":"Conexi\u00f3n 23","article_publisher":"https:\/\/www.facebook.com\/conexion23com","article_published_time":"2024-11-05T12:17:49+00:00","article_modified_time":"2024-11-05T12:17:50+00:00","og_image":[{"width":225,"height":221,"url":"http:\/\/conexion23.com\/wp-content\/uploads\/2024\/11\/iii.jpg","type":"image\/jpeg"}],"author":"Raffy Ben\u00edtez","twitter_card":"summary_large_image","twitter_misc":{"Escrito por":"Raffy Ben\u00edtez","Tiempo de lectura":"2 minutos"},"schema":{"@context":"https:\/\/schema.org","@graph":[{"@type":"Article","@id":"http:\/\/conexion23.com\/?p=34470#article","isPartOf":{"@id":"http:\/\/conexion23.com\/?p=34470"},"author":{"name":"Raffy Ben\u00edtez","@id":"https:\/\/conexion23.com\/#\/schema\/person\/03e36043331117e97a373299bbcd30a6"},"headline":"PN detiene responsable de dar muerte a una f\u00e9mina y herir a otra persona en Villa Providencia.","datePublished":"2024-11-05T12:17:49+00:00","dateModified":"2024-11-05T12:17:50+00:00","mainEntityOfPage":{"@id":"http:\/\/conexion23.com\/?p=34470"},"wordCount":390,"commentCount":0,"publisher":{"@id":"https:\/\/conexion23.com\/#organization"},"image":{"@id":"http:\/\/conexion23.com\/?p=34470#primaryimage"},"thumbnailUrl":"https:\/\/conexion23.com\/wp-content\/uploads\/2024\/11\/iii.jpg","articleSection":["SPM"],"inLanguage":"es","potentialAction":[{"@type":"CommentAction","name":"Comment","target":["http:\/\/conexion23.com\/?p=34470#respond"]}]},{"@type":"WebPage","@id":"http:\/\/conexion23.com\/?p=34470","url":"http:\/\/conexion23.com\/?p=34470","name":"PN detiene responsable de dar muerte a una f\u00e9mina y herir a otra persona en Villa Providencia. - Conexi\u00f3n 23","isPartOf":{"@id":"https:\/\/conexion23.com\/#website"},"primaryImageOfPage":{"@id":"http:\/\/conexion23.com\/?p=34470#primaryimage"},"image":{"@id":"http:\/\/conexion23.com\/?p=34470#primaryimage"},"thumbnailUrl":"https:\/\/conexion23.com\/wp-content\/uploads\/2024\/11\/iii.jpg","datePublished":"2024-11-05T12:17:49+00:00","dateModified":"2024-11-05T12:17:50+00:00","breadcrumb":{"@id":"http:\/\/conexion23.com\/?p=34470#breadcrumb"},"inLanguage":"es","potentialAction":[{"@type":"ReadAction","target":["http:\/\/conexion23.com\/?p=34470"]}]},{"@type":"ImageObject","inLanguage":"es","@id":"http:\/\/conexion23.com\/?p=34470#primaryimage","url":"https:\/\/conexion23.com\/wp-content\/uploads\/2024\/11\/iii.jpg","contentUrl":"https:\/\/conexion23.com\/wp-content\/uploads\/2024\/11\/iii.jpg","width":225,"height":221},{"@type":"BreadcrumbList","@id":"http:\/\/conexion23.com\/?p=34470#breadcrumb","itemListElement":[{"@type":"ListItem","position":1,"name":"Portada","item":"https:\/\/conexion23.com\/"},{"@type":"ListItem","position":2,"name":"PN detiene responsable de dar muerte a una f\u00e9mina y herir a otra persona en Villa Providencia."}]},{"@type":"WebSite","@id":"https:\/\/conexion23.com\/#website","url":"https:\/\/conexion23.com\/","name":"Conexi\u00f3n 23","description":"Peri\u00f3dico 100% Petromacorisano","publisher":{"@id":"https:\/\/conexion23.com\/#organization"},"potentialAction":[{"@type":"SearchAction","target":{"@type":"EntryPoint","urlTemplate":"https:\/\/conexion23.com\/?s={search_term_string}"},"query-input":{"@type":"PropertyValueSpecification","valueRequired":true,"valueName":"search_term_string"}}],"inLanguage":"es"},{"@type":"Organization","@id":"https:\/\/conexion23.com\/#organization","name":"Conexion 23","url":"https:\/\/conexion23.com\/","logo":{"@type":"ImageObject","inLanguage":"es","@id":"https:\/\/conexion23.com\/#\/schema\/logo\/image\/","url":"https:\/\/conexion23.com\/wp-content\/uploads\/2021\/11\/Diseno-sin-titulo-2.png","contentUrl":"https:\/\/conexion23.com\/wp-content\/uploads\/2021\/11\/Diseno-sin-titulo-2.png","width":541,"height":90,"caption":"Conexion 23"},"image":{"@id":"https:\/\/conexion23.com\/#\/schema\/logo\/image\/"},"sameAs":["https:\/\/www.facebook.com\/conexion23com","https:\/\/www.instagram.com\/conexion23com\/","https:\/\/www.youtube.com\/channel\/UCYc7vxxFZMYLIHNsHHxPZ3Q"]},{"@type":"Person","@id":"https:\/\/conexion23.com\/#\/schema\/person\/03e36043331117e97a373299bbcd30a6","name":"Raffy Ben\u00edtez","image":{"@type":"ImageObject","inLanguage":"es","@id":"https:\/\/conexion23.com\/#\/schema\/person\/image\/","url":"https:\/\/secure.gravatar.com\/avatar\/3190a6a6c5e1b0327500f7d6c56b6242472ee6cb974cf09b401ee6b3b0798f23?s=96&d=mm&r=g","contentUrl":"https:\/\/secure.gravatar.com\/avatar\/3190a6a6c5e1b0327500f7d6c56b6242472ee6cb974cf09b401ee6b3b0798f23?s=96&d=mm&r=g","caption":"Raffy Ben\u00edtez"},"url":"https:\/\/conexion23.com\/?author=15"}]}},"_links":{"self":[{"href":"https:\/\/conexion23.com\/index.php?rest_route=\/wp\/v2\/posts\/34470","targetHints":{"allow":["GET"]}}],"collection":[{"href":"https:\/\/conexion23.com\/index.php?rest_route=\/wp\/v2\/posts"}],"about":[{"href":"https:\/\/conexion23.com\/index.php?rest_route=\/wp\/v2\/types\/post"}],"author":[{"embeddable":true,"href":"https:\/\/conexion23.com\/index.php?rest_route=\/wp\/v2\/users\/15"}],"replies":[{"embeddable":true,"href":"https:\/\/conexion23.com\/index.php?rest_route=%2Fwp%2Fv2%2Fcomments&post=34470"}],"version-history":[{"count":1,"href":"https:\/\/conexion23.com\/index.php?rest_route=\/wp\/v2\/posts\/34470\/revisions"}],"predecessor-version":[{"id":34472,"href":"https:\/\/conexion23.com\/index.php?rest_route=\/wp\/v2\/posts\/34470\/revisions\/34472"}],"wp:featuredmedia":[{"embeddable":true,"href":"https:\/\/conexion23.com\/index.php?rest_route=\/wp\/v2\/media\/34471"}],"wp:attachment":[{"href":"https:\/\/conexion23.com\/index.php?rest_route=%2Fwp%2Fv2%2Fmedia&parent=34470"}],"wp:term":[{"taxonomy":"category","embeddable":true,"href":"https:\/\/conexion23.com\/index.php?rest_route=%2Fwp%2Fv2%2Fcategories&post=34470"},{"taxonomy":"post_tag","embeddable":true,"href":"https:\/\/conexion23.com\/index.php?rest_route=%2Fwp%2Fv2%2Ftags&post=34470"}],"curies":[{"name":"wp","href":"https:\/\/api.w.org\/{rel}","templated":true}]}}