{"id":34500,"date":"2024-11-06T07:40:12","date_gmt":"2024-11-06T11:40:12","guid":{"rendered":"https:\/\/conexion23.com\/?p=34500"},"modified":"2024-11-06T07:40:13","modified_gmt":"2024-11-06T11:40:13","slug":"benjamin-netanyahu-destituye-al-ministro-de-defensa-de-israel","status":"publish","type":"post","link":"https:\/\/conexion23.com\/?p=34500","title":{"rendered":"Benjamin Netanyahu destituye al ministro de Defensa de Israel"},"content":{"rendered":"\n<p>El<strong><em>&nbsp;primer ministro israel\u00ed, Benjamin Netanyahu,<\/em>&nbsp;<\/strong>quien se encuentra de gira por el Reino Unido, destituy\u00f3 este domingo a su ministro de Defensa, Yoav Galant.<\/p>\n\n\n\n<p><strong>En un discurso el s\u00e1bado por la noche, Galant, que pertenece al mismo partido que Netanyahu, el Likud, dijo que teme que la divisi\u00f3n sobre la reforma judicial cree una \u201camenaza real para la seguridad de Israel\u201d.<\/strong><a href=\"https:\/\/www.instagram.com\/norbertorodprm\/\"><\/a><\/p>\n\n\n\n<p>El ministro de Agricultura, Avi Dichter, parece el favorito para suceder a Galant.<a href=\"https:\/\/www.instagram.com\/norbertorodprm\/\"><\/a><\/p>\n\n\n\n<p><strong>Dichter fue director del servicio secreto para el interior de Israel y los territorios palestinos, el Shin Bet. Sin embargo, Dichter tambi\u00e9n ha planteado sus dudas sobre los riesgos para la cohesi\u00f3n y la seguridad del pa\u00eds que supone seguir adelante con la tramitaci\u00f3n de la reforma judicial. Tambi\u00e9n podr\u00eda ocupar el cargo el ministro de Econom\u00eda, Nir Barkat.<\/strong><\/p>\n\n\n\n<p>Desde que el gobierno de Netanyahu present\u00f3 en enero un proyecto de reforma legal de la magistratura, el pa\u00eds se encuentra muy dividido y hay manifestaciones en contra de la iniciativa cada semana. Este domingo m\u00e1s de medio mill\u00f3n de israel\u00edes salieron a las calles a protestar.<\/p>\n\n\n\n<p><strong>La reforma prev\u00e9 aumentar el poder de los cargos electos en detrimento del Poder Judicial lo que, seg\u00fan sus cr\u00edticos, pone en peligro el car\u00e1cter democr\u00e1tico del Estado de Israel.<\/strong><\/p>\n\n\n\n<p>\u201cLa seguridad de Israel siempre ha sido y seguir\u00e1 siendo la misi\u00f3n de mi vida\u201d, escribi\u00f3 Galant en su cuenta de Twitter este domingo tras la confirmaci\u00f3n de su destituci\u00f3n.<a href=\"https:\/\/puntoprints.com\/\"><\/a><\/p>\n\n\n\n<p><strong>La v\u00edspera, hab\u00eda pedido \u201cdetener el proceso legislativo\u201d durante un mes.<\/strong><\/p>\n\n\n\n<p>\u201cEstoy comprometido con los valores del Likud (\u2026) pero los cambios mayores a nivel nacional deben hacerse por la v\u00eda de la consulta y el di\u00e1logo\u201d, afirm\u00f3 el ya ex ministro, antes de una semana clave marcada por otras disposiciones legislativas y nuevas convocatorias de protestas que se esperan masivas.<\/p>\n\n\n\n<p>\u201cNetanyahu puede despedir a Galant pero no puede despedir a la realidad y no puede despedir al pueblo de Israel que se opone a la locura de la coalici\u00f3n\u201d, tuite\u00f3 el l\u00edder opositor, Yair Lapid, que el d\u00eda anterior alab\u00f3 el \u201cvalor\u201d del ministro destituido.<\/p>\n\n\n\n<p>La reforma ha suscitado cr\u00edticas no solo dentro, sino tambi\u00e9n fuera del pa\u00eds. Incluso el principal aliado de Israel, Estados Unidos, ha expresado su \u201cpreocupaci\u00f3n\u201d por la reforma.<\/p>\n\n\n\n<p>D\u00edas atr\u00e1s, Netanyahu hab\u00eda anunciado una suavizaci\u00f3n del plan de reforma judicial, despu\u00e9s de que el presidente estadounidense, Joe Biden, le pidi\u00f3 que buscara el compromiso y el consenso en la crisis constitucional en la que est\u00e1 inmerso el pa\u00eds.<\/p>\n\n\n\n<p>En la conversaci\u00f3n telef\u00f3nica, Biden dijo que apoyar\u00eda un compromiso sobre la reforma judicial y anim\u00f3 a que se establecieran controles y equilibrios para llegar a un amplio acuerdo. Netanyahu, en tanto, tranquiliz\u00f3 al presidente estadounidense sobre la salud de la democracia israel\u00ed.<\/p>\n\n\n\n<p>El mandatario, que cuenta con mayor\u00eda parlamentaria, estaba dispuesto a ratificar el paquete de reformas antes del receso de la Knesset del 2 de abril. Sin embargo, la mayor\u00eda de las mismas se aplazar\u00e1 hasta que la c\u00e1mara legislativa vuelva a reunirse el 30 de abril, seg\u00fan han declarado Netanyahu y sus socios de la coalici\u00f3n nacionalista religiosa.<\/p>\n","protected":false},"excerpt":{"rendered":"<p>El&nbsp;primer ministro israel\u00ed, Benjamin Netanyahu,&nbsp;quien se encuentra de gira por el Reino Unido, destituy\u00f3 este domingo a su ministro de Defensa, Yoav Galant. En un discurso el s\u00e1bado por la noche, Galant, que pertenece al mismo partido que Netanyahu, el Likud, dijo que teme que la divisi\u00f3n sobre la reforma judicial cree una \u201camenaza real [&hellip;]<\/p>\n","protected":false},"author":15,"featured_media":34501,"comment_status":"open","ping_status":"open","sticky":false,"template":"","format":"standard","meta":{"footnotes":""},"categories":[1],"tags":[],"class_list":{"0":"post-34500","1":"post","2":"type-post","3":"status-publish","4":"format-standard","5":"has-post-thumbnail","7":"category-uncategorized"},"yoast_head":"<!-- This site is optimized with the Yoast SEO plugin v27.1.1 - https:\/\/yoast.com\/product\/yoast-seo-wordpress\/ -->\n<title>Benjamin Netanyahu destituye al ministro de Defensa de Israel - Conexi\u00f3n 23<\/title>\n<meta name=\"robots\" content=\"index, follow, max-snippet:-1, max-image-preview:large, max-video-preview:-1\" \/>\n<link rel=\"canonical\" href=\"http:\/\/conexion23.com\/?p=34500\" \/>\n<meta property=\"og:locale\" content=\"es_ES\" \/>\n<meta property=\"og:type\" content=\"article\" \/>\n<meta property=\"og:title\" content=\"Benjamin Netanyahu destituye al ministro de Defensa de Israel - Conexi\u00f3n 23\" \/>\n<meta property=\"og:description\" content=\"El&nbsp;primer ministro israel\u00ed, Benjamin Netanyahu,&nbsp;quien se encuentra de gira por el Reino Unido, destituy\u00f3 este domingo a su ministro de Defensa, Yoav Galant. En un discurso el s\u00e1bado por la noche, Galant, que pertenece al mismo partido que Netanyahu, el Likud, dijo que teme que la divisi\u00f3n sobre la reforma judicial cree una \u201camenaza real [&hellip;]\" \/>\n<meta property=\"og:url\" content=\"http:\/\/conexion23.com\/?p=34500\" \/>\n<meta property=\"og:site_name\" content=\"Conexi\u00f3n 23\" \/>\n<meta property=\"article:publisher\" content=\"https:\/\/www.facebook.com\/conexion23com\" \/>\n<meta property=\"article:published_time\" content=\"2024-11-06T11:40:12+00:00\" \/>\n<meta property=\"article:modified_time\" content=\"2024-11-06T11:40:13+00:00\" \/>\n<meta property=\"og:image\" content=\"http:\/\/conexion23.com\/wp-content\/uploads\/2024\/11\/download-5.jpg\" \/>\n\t<meta property=\"og:image:width\" content=\"170\" \/>\n\t<meta property=\"og:image:height\" content=\"177\" \/>\n\t<meta property=\"og:image:type\" content=\"image\/jpeg\" \/>\n<meta name=\"author\" content=\"Raffy Ben\u00edtez\" \/>\n<meta name=\"twitter:card\" content=\"summary_large_image\" \/>\n<meta name=\"twitter:label1\" content=\"Escrito por\" \/>\n\t<meta name=\"twitter:data1\" content=\"Raffy Ben\u00edtez\" \/>\n\t<meta name=\"twitter:label2\" content=\"Tiempo de lectura\" \/>\n\t<meta name=\"twitter:data2\" content=\"3 minutos\" \/>\n<script type=\"application\/ld+json\" class=\"yoast-schema-graph\">{\"@context\":\"https:\/\/schema.org\",\"@graph\":[{\"@type\":\"Article\",\"@id\":\"http:\/\/conexion23.com\/?p=34500#article\",\"isPartOf\":{\"@id\":\"http:\/\/conexion23.com\/?p=34500\"},\"author\":{\"name\":\"Raffy Ben\u00edtez\",\"@id\":\"https:\/\/conexion23.com\/#\/schema\/person\/03e36043331117e97a373299bbcd30a6\"},\"headline\":\"Benjamin Netanyahu destituye al ministro de Defensa de Israel\",\"datePublished\":\"2024-11-06T11:40:12+00:00\",\"dateModified\":\"2024-11-06T11:40:13+00:00\",\"mainEntityOfPage\":{\"@id\":\"http:\/\/conexion23.com\/?p=34500\"},\"wordCount\":569,\"commentCount\":0,\"publisher\":{\"@id\":\"https:\/\/conexion23.com\/#organization\"},\"image\":{\"@id\":\"http:\/\/conexion23.com\/?p=34500#primaryimage\"},\"thumbnailUrl\":\"https:\/\/conexion23.com\/wp-content\/uploads\/2024\/11\/download-5.jpg\",\"articleSection\":[\"Uncategorized\"],\"inLanguage\":\"es\",\"potentialAction\":[{\"@type\":\"CommentAction\",\"name\":\"Comment\",\"target\":[\"http:\/\/conexion23.com\/?p=34500#respond\"]}]},{\"@type\":\"WebPage\",\"@id\":\"http:\/\/conexion23.com\/?p=34500\",\"url\":\"http:\/\/conexion23.com\/?p=34500\",\"name\":\"Benjamin Netanyahu destituye al ministro de Defensa de Israel - Conexi\u00f3n 23\",\"isPartOf\":{\"@id\":\"https:\/\/conexion23.com\/#website\"},\"primaryImageOfPage\":{\"@id\":\"http:\/\/conexion23.com\/?p=34500#primaryimage\"},\"image\":{\"@id\":\"http:\/\/conexion23.com\/?p=34500#primaryimage\"},\"thumbnailUrl\":\"https:\/\/conexion23.com\/wp-content\/uploads\/2024\/11\/download-5.jpg\",\"datePublished\":\"2024-11-06T11:40:12+00:00\",\"dateModified\":\"2024-11-06T11:40:13+00:00\",\"breadcrumb\":{\"@id\":\"http:\/\/conexion23.com\/?p=34500#breadcrumb\"},\"inLanguage\":\"es\",\"potentialAction\":[{\"@type\":\"ReadAction\",\"target\":[\"http:\/\/conexion23.com\/?p=34500\"]}]},{\"@type\":\"ImageObject\",\"inLanguage\":\"es\",\"@id\":\"http:\/\/conexion23.com\/?p=34500#primaryimage\",\"url\":\"https:\/\/conexion23.com\/wp-content\/uploads\/2024\/11\/download-5.jpg\",\"contentUrl\":\"https:\/\/conexion23.com\/wp-content\/uploads\/2024\/11\/download-5.jpg\",\"width\":170,\"height\":177},{\"@type\":\"BreadcrumbList\",\"@id\":\"http:\/\/conexion23.com\/?p=34500#breadcrumb\",\"itemListElement\":[{\"@type\":\"ListItem\",\"position\":1,\"name\":\"Portada\",\"item\":\"https:\/\/conexion23.com\/\"},{\"@type\":\"ListItem\",\"position\":2,\"name\":\"Benjamin Netanyahu destituye al ministro de Defensa de Israel\"}]},{\"@type\":\"WebSite\",\"@id\":\"https:\/\/conexion23.com\/#website\",\"url\":\"https:\/\/conexion23.com\/\",\"name\":\"Conexi\u00f3n 23\",\"description\":\"Peri\u00f3dico 100% Petromacorisano\",\"publisher\":{\"@id\":\"https:\/\/conexion23.com\/#organization\"},\"potentialAction\":[{\"@type\":\"SearchAction\",\"target\":{\"@type\":\"EntryPoint\",\"urlTemplate\":\"https:\/\/conexion23.com\/?s={search_term_string}\"},\"query-input\":{\"@type\":\"PropertyValueSpecification\",\"valueRequired\":true,\"valueName\":\"search_term_string\"}}],\"inLanguage\":\"es\"},{\"@type\":\"Organization\",\"@id\":\"https:\/\/conexion23.com\/#organization\",\"name\":\"Conexion 23\",\"url\":\"https:\/\/conexion23.com\/\",\"logo\":{\"@type\":\"ImageObject\",\"inLanguage\":\"es\",\"@id\":\"https:\/\/conexion23.com\/#\/schema\/logo\/image\/\",\"url\":\"https:\/\/conexion23.com\/wp-content\/uploads\/2021\/11\/Diseno-sin-titulo-2.png\",\"contentUrl\":\"https:\/\/conexion23.com\/wp-content\/uploads\/2021\/11\/Diseno-sin-titulo-2.png\",\"width\":541,\"height\":90,\"caption\":\"Conexion 23\"},\"image\":{\"@id\":\"https:\/\/conexion23.com\/#\/schema\/logo\/image\/\"},\"sameAs\":[\"https:\/\/www.facebook.com\/conexion23com\",\"https:\/\/www.instagram.com\/conexion23com\/\",\"https:\/\/www.youtube.com\/channel\/UCYc7vxxFZMYLIHNsHHxPZ3Q\"]},{\"@type\":\"Person\",\"@id\":\"https:\/\/conexion23.com\/#\/schema\/person\/03e36043331117e97a373299bbcd30a6\",\"name\":\"Raffy Ben\u00edtez\",\"image\":{\"@type\":\"ImageObject\",\"inLanguage\":\"es\",\"@id\":\"https:\/\/conexion23.com\/#\/schema\/person\/image\/\",\"url\":\"https:\/\/secure.gravatar.com\/avatar\/3190a6a6c5e1b0327500f7d6c56b6242472ee6cb974cf09b401ee6b3b0798f23?s=96&d=mm&r=g\",\"contentUrl\":\"https:\/\/secure.gravatar.com\/avatar\/3190a6a6c5e1b0327500f7d6c56b6242472ee6cb974cf09b401ee6b3b0798f23?s=96&d=mm&r=g\",\"caption\":\"Raffy Ben\u00edtez\"},\"url\":\"https:\/\/conexion23.com\/?author=15\"}]}<\/script>\n<!-- \/ Yoast SEO plugin. -->","yoast_head_json":{"title":"Benjamin Netanyahu destituye al ministro de Defensa de Israel - Conexi\u00f3n 23","robots":{"index":"index","follow":"follow","max-snippet":"max-snippet:-1","max-image-preview":"max-image-preview:large","max-video-preview":"max-video-preview:-1"},"canonical":"http:\/\/conexion23.com\/?p=34500","og_locale":"es_ES","og_type":"article","og_title":"Benjamin Netanyahu destituye al ministro de Defensa de Israel - Conexi\u00f3n 23","og_description":"El&nbsp;primer ministro israel\u00ed, Benjamin Netanyahu,&nbsp;quien se encuentra de gira por el Reino Unido, destituy\u00f3 este domingo a su ministro de Defensa, Yoav Galant. En un discurso el s\u00e1bado por la noche, Galant, que pertenece al mismo partido que Netanyahu, el Likud, dijo que teme que la divisi\u00f3n sobre la reforma judicial cree una \u201camenaza real [&hellip;]","og_url":"http:\/\/conexion23.com\/?p=34500","og_site_name":"Conexi\u00f3n 23","article_publisher":"https:\/\/www.facebook.com\/conexion23com","article_published_time":"2024-11-06T11:40:12+00:00","article_modified_time":"2024-11-06T11:40:13+00:00","og_image":[{"width":170,"height":177,"url":"http:\/\/conexion23.com\/wp-content\/uploads\/2024\/11\/download-5.jpg","type":"image\/jpeg"}],"author":"Raffy Ben\u00edtez","twitter_card":"summary_large_image","twitter_misc":{"Escrito por":"Raffy Ben\u00edtez","Tiempo de lectura":"3 minutos"},"schema":{"@context":"https:\/\/schema.org","@graph":[{"@type":"Article","@id":"http:\/\/conexion23.com\/?p=34500#article","isPartOf":{"@id":"http:\/\/conexion23.com\/?p=34500"},"author":{"name":"Raffy Ben\u00edtez","@id":"https:\/\/conexion23.com\/#\/schema\/person\/03e36043331117e97a373299bbcd30a6"},"headline":"Benjamin Netanyahu destituye al ministro de Defensa de Israel","datePublished":"2024-11-06T11:40:12+00:00","dateModified":"2024-11-06T11:40:13+00:00","mainEntityOfPage":{"@id":"http:\/\/conexion23.com\/?p=34500"},"wordCount":569,"commentCount":0,"publisher":{"@id":"https:\/\/conexion23.com\/#organization"},"image":{"@id":"http:\/\/conexion23.com\/?p=34500#primaryimage"},"thumbnailUrl":"https:\/\/conexion23.com\/wp-content\/uploads\/2024\/11\/download-5.jpg","articleSection":["Uncategorized"],"inLanguage":"es","potentialAction":[{"@type":"CommentAction","name":"Comment","target":["http:\/\/conexion23.com\/?p=34500#respond"]}]},{"@type":"WebPage","@id":"http:\/\/conexion23.com\/?p=34500","url":"http:\/\/conexion23.com\/?p=34500","name":"Benjamin Netanyahu destituye al ministro de Defensa de Israel - Conexi\u00f3n 23","isPartOf":{"@id":"https:\/\/conexion23.com\/#website"},"primaryImageOfPage":{"@id":"http:\/\/conexion23.com\/?p=34500#primaryimage"},"image":{"@id":"http:\/\/conexion23.com\/?p=34500#primaryimage"},"thumbnailUrl":"https:\/\/conexion23.com\/wp-content\/uploads\/2024\/11\/download-5.jpg","datePublished":"2024-11-06T11:40:12+00:00","dateModified":"2024-11-06T11:40:13+00:00","breadcrumb":{"@id":"http:\/\/conexion23.com\/?p=34500#breadcrumb"},"inLanguage":"es","potentialAction":[{"@type":"ReadAction","target":["http:\/\/conexion23.com\/?p=34500"]}]},{"@type":"ImageObject","inLanguage":"es","@id":"http:\/\/conexion23.com\/?p=34500#primaryimage","url":"https:\/\/conexion23.com\/wp-content\/uploads\/2024\/11\/download-5.jpg","contentUrl":"https:\/\/conexion23.com\/wp-content\/uploads\/2024\/11\/download-5.jpg","width":170,"height":177},{"@type":"BreadcrumbList","@id":"http:\/\/conexion23.com\/?p=34500#breadcrumb","itemListElement":[{"@type":"ListItem","position":1,"name":"Portada","item":"https:\/\/conexion23.com\/"},{"@type":"ListItem","position":2,"name":"Benjamin Netanyahu destituye al ministro de Defensa de Israel"}]},{"@type":"WebSite","@id":"https:\/\/conexion23.com\/#website","url":"https:\/\/conexion23.com\/","name":"Conexi\u00f3n 23","description":"Peri\u00f3dico 100% Petromacorisano","publisher":{"@id":"https:\/\/conexion23.com\/#organization"},"potentialAction":[{"@type":"SearchAction","target":{"@type":"EntryPoint","urlTemplate":"https:\/\/conexion23.com\/?s={search_term_string}"},"query-input":{"@type":"PropertyValueSpecification","valueRequired":true,"valueName":"search_term_string"}}],"inLanguage":"es"},{"@type":"Organization","@id":"https:\/\/conexion23.com\/#organization","name":"Conexion 23","url":"https:\/\/conexion23.com\/","logo":{"@type":"ImageObject","inLanguage":"es","@id":"https:\/\/conexion23.com\/#\/schema\/logo\/image\/","url":"https:\/\/conexion23.com\/wp-content\/uploads\/2021\/11\/Diseno-sin-titulo-2.png","contentUrl":"https:\/\/conexion23.com\/wp-content\/uploads\/2021\/11\/Diseno-sin-titulo-2.png","width":541,"height":90,"caption":"Conexion 23"},"image":{"@id":"https:\/\/conexion23.com\/#\/schema\/logo\/image\/"},"sameAs":["https:\/\/www.facebook.com\/conexion23com","https:\/\/www.instagram.com\/conexion23com\/","https:\/\/www.youtube.com\/channel\/UCYc7vxxFZMYLIHNsHHxPZ3Q"]},{"@type":"Person","@id":"https:\/\/conexion23.com\/#\/schema\/person\/03e36043331117e97a373299bbcd30a6","name":"Raffy Ben\u00edtez","image":{"@type":"ImageObject","inLanguage":"es","@id":"https:\/\/conexion23.com\/#\/schema\/person\/image\/","url":"https:\/\/secure.gravatar.com\/avatar\/3190a6a6c5e1b0327500f7d6c56b6242472ee6cb974cf09b401ee6b3b0798f23?s=96&d=mm&r=g","contentUrl":"https:\/\/secure.gravatar.com\/avatar\/3190a6a6c5e1b0327500f7d6c56b6242472ee6cb974cf09b401ee6b3b0798f23?s=96&d=mm&r=g","caption":"Raffy Ben\u00edtez"},"url":"https:\/\/conexion23.com\/?author=15"}]}},"_links":{"self":[{"href":"https:\/\/conexion23.com\/index.php?rest_route=\/wp\/v2\/posts\/34500","targetHints":{"allow":["GET"]}}],"collection":[{"href":"https:\/\/conexion23.com\/index.php?rest_route=\/wp\/v2\/posts"}],"about":[{"href":"https:\/\/conexion23.com\/index.php?rest_route=\/wp\/v2\/types\/post"}],"author":[{"embeddable":true,"href":"https:\/\/conexion23.com\/index.php?rest_route=\/wp\/v2\/users\/15"}],"replies":[{"embeddable":true,"href":"https:\/\/conexion23.com\/index.php?rest_route=%2Fwp%2Fv2%2Fcomments&post=34500"}],"version-history":[{"count":1,"href":"https:\/\/conexion23.com\/index.php?rest_route=\/wp\/v2\/posts\/34500\/revisions"}],"predecessor-version":[{"id":34502,"href":"https:\/\/conexion23.com\/index.php?rest_route=\/wp\/v2\/posts\/34500\/revisions\/34502"}],"wp:featuredmedia":[{"embeddable":true,"href":"https:\/\/conexion23.com\/index.php?rest_route=\/wp\/v2\/media\/34501"}],"wp:attachment":[{"href":"https:\/\/conexion23.com\/index.php?rest_route=%2Fwp%2Fv2%2Fmedia&parent=34500"}],"wp:term":[{"taxonomy":"category","embeddable":true,"href":"https:\/\/conexion23.com\/index.php?rest_route=%2Fwp%2Fv2%2Fcategories&post=34500"},{"taxonomy":"post_tag","embeddable":true,"href":"https:\/\/conexion23.com\/index.php?rest_route=%2Fwp%2Fv2%2Ftags&post=34500"}],"curies":[{"name":"wp","href":"https:\/\/api.w.org\/{rel}","templated":true}]}}