{"id":34503,"date":"2024-11-06T07:47:42","date_gmt":"2024-11-06T11:47:42","guid":{"rendered":"https:\/\/conexion23.com\/?p=34503"},"modified":"2024-11-06T07:47:43","modified_gmt":"2024-11-06T11:47:43","slug":"dupuy-dice-rd-redujo-deportaciones-por-gestiones-ante-comunidad-internacional","status":"publish","type":"post","link":"https:\/\/conexion23.com\/?p=34503","title":{"rendered":"Dupuy dice, RD redujo deportaciones por gestiones ante comunidad internacional."},"content":{"rendered":"\n<p>La ministra de Relaciones Exteriores de Hait\u00ed, Dominique Dupuy, asegur\u00f3 este martes que se ha registrado una \u201creducci\u00f3n\u201d en las deportaciones de haitianos desde Rep\u00fablica Dominicana.<\/p>\n\n\n\n<p>Asimismo, afirm\u00f3 que Hait\u00ed aspira tener una relaci\u00f3n con Rep\u00fablica Dominicana que beneficie a ambas partes.<\/p>\n\n\n\n<p>Estas declaraciones de Dupuy est\u00e1n en una publicaci\u00f3n en la red social X, que la acompa\u00f1\u00f3 con un video.<\/p>\n\n\n\n<p><strong>\u201cSaludamos la reducci\u00f3n de las deportaciones, fruto de nuestros esfuerzos y de nuestra solidaridad con nuestros aliados.&nbsp;<\/strong>Hait\u00ed aspira a un di\u00e1logo franco y respetuoso con Rep\u00fablica Dominicana, para una asociaci\u00f3n donde cada naci\u00f3n encuentre sus ventajas\u201d, escribi\u00f3 la funcionaria.<\/p>\n\n\n\n<p>De manera similar, en el referido audiovisual, Dupuy reiter\u00f3 que el Gobierno dominicano&nbsp;<strong>deporta haitianos por su color de piel, calificando este accionar como \u201cdiscriminatorio\u201d y \u201cracista\u201d.<\/strong><\/p>\n\n\n\n<p><strong>\u201cEs discriminatorio y racista.&nbsp;<\/strong>Es por el color de la piel de estas personas la raz\u00f3n por las que son expulsadas de Rep\u00fablica Dominicana\u201d, dijo.<\/p>\n\n\n\n<p>Asimismo, Dupuy indic\u00f3 que durante el proceso de deportaci\u00f3n hay beb\u00e9s separados de sus madres, as\u00ed como ni\u00f1os con menos de cinco a\u00f1os que son liberados en la frontera de noche.<\/p>\n\n\n\n<p>\u201cAl frente de algo que es inaceptable, nosotros no debemos mantener el silencio. Hubo un comunicado que anunci\u00f3 el inicio de deportaciones masivas, pero hay regulaciones&nbsp;<strong>en las deportaciones masivas que exigen el respeto de los principios y de los derechos humanos\u201d<\/strong>, expres\u00f3.&nbsp;<\/p>\n\n\n\n<h3 class=\"wp-block-heading\">asegura tiene caso legal en contra deportaciones<\/h3>\n\n\n\n<p>Dupuy tambi\u00e9n dijo que Hait\u00ed contrat\u00f3 una firma legal internacional para tener un \u00abcaso legal\u00bb en contra de los supuestos abusos cometidos durante las deportaciones.<\/p>\n\n\n\n<p>\u00abPersonalmente le escrib\u00ed a la OEA, le escrib\u00ed a la ONU, le escrib\u00ed a la Acnur, a Caricom, Unicef y Unesco. Grit\u00e9 en voz alta en todos los lugares en contra del abuso en contra de nosotros, y con el permiso del primer ministro contactamos un bufete de abogados de ley internacional, con algunas universidades extranjeras y haitianas reportando todos los abusos nos permitir\u00e1 tener un caso s\u00f3lido&#8230; es algo que tendr\u00e1 un verdadero caso legal que podremos defender, denunciar y reclamar todo lo que tenemos que reclamar\u00bb, afirm\u00f3.<\/p>\n","protected":false},"excerpt":{"rendered":"<p>La ministra de Relaciones Exteriores de Hait\u00ed, Dominique Dupuy, asegur\u00f3 este martes que se ha registrado una \u201creducci\u00f3n\u201d en las deportaciones de haitianos desde Rep\u00fablica Dominicana. Asimismo, afirm\u00f3 que Hait\u00ed aspira tener una relaci\u00f3n con Rep\u00fablica Dominicana que beneficie a ambas partes. Estas declaraciones de Dupuy est\u00e1n en una publicaci\u00f3n en la red social X, [&hellip;]<\/p>\n","protected":false},"author":15,"featured_media":34504,"comment_status":"open","ping_status":"open","sticky":false,"template":"","format":"standard","meta":{"footnotes":""},"categories":[1],"tags":[],"class_list":{"0":"post-34503","1":"post","2":"type-post","3":"status-publish","4":"format-standard","5":"has-post-thumbnail","7":"category-uncategorized"},"yoast_head":"<!-- This site is optimized with the Yoast SEO plugin v27.1.1 - https:\/\/yoast.com\/product\/yoast-seo-wordpress\/ -->\n<title>Dupuy dice, RD redujo deportaciones por gestiones ante comunidad internacional. - Conexi\u00f3n 23<\/title>\n<meta name=\"robots\" content=\"index, follow, max-snippet:-1, max-image-preview:large, max-video-preview:-1\" \/>\n<link rel=\"canonical\" href=\"http:\/\/conexion23.com\/?p=34503\" \/>\n<meta property=\"og:locale\" content=\"es_ES\" \/>\n<meta property=\"og:type\" content=\"article\" \/>\n<meta property=\"og:title\" content=\"Dupuy dice, RD redujo deportaciones por gestiones ante comunidad internacional. - Conexi\u00f3n 23\" \/>\n<meta property=\"og:description\" content=\"La ministra de Relaciones Exteriores de Hait\u00ed, Dominique Dupuy, asegur\u00f3 este martes que se ha registrado una \u201creducci\u00f3n\u201d en las deportaciones de haitianos desde Rep\u00fablica Dominicana. Asimismo, afirm\u00f3 que Hait\u00ed aspira tener una relaci\u00f3n con Rep\u00fablica Dominicana que beneficie a ambas partes. Estas declaraciones de Dupuy est\u00e1n en una publicaci\u00f3n en la red social X, [&hellip;]\" \/>\n<meta property=\"og:url\" content=\"http:\/\/conexion23.com\/?p=34503\" \/>\n<meta property=\"og:site_name\" content=\"Conexi\u00f3n 23\" \/>\n<meta property=\"article:publisher\" content=\"https:\/\/www.facebook.com\/conexion23com\" \/>\n<meta property=\"article:published_time\" content=\"2024-11-06T11:47:42+00:00\" \/>\n<meta property=\"article:modified_time\" content=\"2024-11-06T11:47:43+00:00\" \/>\n<meta property=\"og:image\" content=\"http:\/\/conexion23.com\/wp-content\/uploads\/2024\/11\/ooo.jpeg\" \/>\n\t<meta property=\"og:image:width\" content=\"577\" \/>\n\t<meta property=\"og:image:height\" content=\"507\" \/>\n\t<meta property=\"og:image:type\" content=\"image\/jpeg\" \/>\n<meta name=\"author\" content=\"Raffy Ben\u00edtez\" \/>\n<meta name=\"twitter:card\" content=\"summary_large_image\" \/>\n<meta name=\"twitter:label1\" content=\"Escrito por\" \/>\n\t<meta name=\"twitter:data1\" content=\"Raffy Ben\u00edtez\" \/>\n\t<meta name=\"twitter:label2\" content=\"Tiempo de lectura\" \/>\n\t<meta name=\"twitter:data2\" content=\"2 minutos\" \/>\n<script type=\"application\/ld+json\" class=\"yoast-schema-graph\">{\"@context\":\"https:\/\/schema.org\",\"@graph\":[{\"@type\":\"Article\",\"@id\":\"http:\/\/conexion23.com\/?p=34503#article\",\"isPartOf\":{\"@id\":\"http:\/\/conexion23.com\/?p=34503\"},\"author\":{\"name\":\"Raffy Ben\u00edtez\",\"@id\":\"https:\/\/conexion23.com\/#\/schema\/person\/03e36043331117e97a373299bbcd30a6\"},\"headline\":\"Dupuy dice, RD redujo deportaciones por gestiones ante comunidad internacional.\",\"datePublished\":\"2024-11-06T11:47:42+00:00\",\"dateModified\":\"2024-11-06T11:47:43+00:00\",\"mainEntityOfPage\":{\"@id\":\"http:\/\/conexion23.com\/?p=34503\"},\"wordCount\":382,\"commentCount\":0,\"publisher\":{\"@id\":\"https:\/\/conexion23.com\/#organization\"},\"image\":{\"@id\":\"http:\/\/conexion23.com\/?p=34503#primaryimage\"},\"thumbnailUrl\":\"https:\/\/conexion23.com\/wp-content\/uploads\/2024\/11\/ooo.jpeg\",\"articleSection\":[\"Uncategorized\"],\"inLanguage\":\"es\",\"potentialAction\":[{\"@type\":\"CommentAction\",\"name\":\"Comment\",\"target\":[\"http:\/\/conexion23.com\/?p=34503#respond\"]}]},{\"@type\":\"WebPage\",\"@id\":\"http:\/\/conexion23.com\/?p=34503\",\"url\":\"http:\/\/conexion23.com\/?p=34503\",\"name\":\"Dupuy dice, RD redujo deportaciones por gestiones ante comunidad internacional. - Conexi\u00f3n 23\",\"isPartOf\":{\"@id\":\"https:\/\/conexion23.com\/#website\"},\"primaryImageOfPage\":{\"@id\":\"http:\/\/conexion23.com\/?p=34503#primaryimage\"},\"image\":{\"@id\":\"http:\/\/conexion23.com\/?p=34503#primaryimage\"},\"thumbnailUrl\":\"https:\/\/conexion23.com\/wp-content\/uploads\/2024\/11\/ooo.jpeg\",\"datePublished\":\"2024-11-06T11:47:42+00:00\",\"dateModified\":\"2024-11-06T11:47:43+00:00\",\"breadcrumb\":{\"@id\":\"http:\/\/conexion23.com\/?p=34503#breadcrumb\"},\"inLanguage\":\"es\",\"potentialAction\":[{\"@type\":\"ReadAction\",\"target\":[\"http:\/\/conexion23.com\/?p=34503\"]}]},{\"@type\":\"ImageObject\",\"inLanguage\":\"es\",\"@id\":\"http:\/\/conexion23.com\/?p=34503#primaryimage\",\"url\":\"https:\/\/conexion23.com\/wp-content\/uploads\/2024\/11\/ooo.jpeg\",\"contentUrl\":\"https:\/\/conexion23.com\/wp-content\/uploads\/2024\/11\/ooo.jpeg\",\"width\":577,\"height\":507},{\"@type\":\"BreadcrumbList\",\"@id\":\"http:\/\/conexion23.com\/?p=34503#breadcrumb\",\"itemListElement\":[{\"@type\":\"ListItem\",\"position\":1,\"name\":\"Portada\",\"item\":\"https:\/\/conexion23.com\/\"},{\"@type\":\"ListItem\",\"position\":2,\"name\":\"Dupuy dice, RD redujo deportaciones por gestiones ante comunidad internacional.\"}]},{\"@type\":\"WebSite\",\"@id\":\"https:\/\/conexion23.com\/#website\",\"url\":\"https:\/\/conexion23.com\/\",\"name\":\"Conexi\u00f3n 23\",\"description\":\"Peri\u00f3dico 100% Petromacorisano\",\"publisher\":{\"@id\":\"https:\/\/conexion23.com\/#organization\"},\"potentialAction\":[{\"@type\":\"SearchAction\",\"target\":{\"@type\":\"EntryPoint\",\"urlTemplate\":\"https:\/\/conexion23.com\/?s={search_term_string}\"},\"query-input\":{\"@type\":\"PropertyValueSpecification\",\"valueRequired\":true,\"valueName\":\"search_term_string\"}}],\"inLanguage\":\"es\"},{\"@type\":\"Organization\",\"@id\":\"https:\/\/conexion23.com\/#organization\",\"name\":\"Conexion 23\",\"url\":\"https:\/\/conexion23.com\/\",\"logo\":{\"@type\":\"ImageObject\",\"inLanguage\":\"es\",\"@id\":\"https:\/\/conexion23.com\/#\/schema\/logo\/image\/\",\"url\":\"https:\/\/conexion23.com\/wp-content\/uploads\/2021\/11\/Diseno-sin-titulo-2.png\",\"contentUrl\":\"https:\/\/conexion23.com\/wp-content\/uploads\/2021\/11\/Diseno-sin-titulo-2.png\",\"width\":541,\"height\":90,\"caption\":\"Conexion 23\"},\"image\":{\"@id\":\"https:\/\/conexion23.com\/#\/schema\/logo\/image\/\"},\"sameAs\":[\"https:\/\/www.facebook.com\/conexion23com\",\"https:\/\/www.instagram.com\/conexion23com\/\",\"https:\/\/www.youtube.com\/channel\/UCYc7vxxFZMYLIHNsHHxPZ3Q\"]},{\"@type\":\"Person\",\"@id\":\"https:\/\/conexion23.com\/#\/schema\/person\/03e36043331117e97a373299bbcd30a6\",\"name\":\"Raffy Ben\u00edtez\",\"image\":{\"@type\":\"ImageObject\",\"inLanguage\":\"es\",\"@id\":\"https:\/\/conexion23.com\/#\/schema\/person\/image\/\",\"url\":\"https:\/\/secure.gravatar.com\/avatar\/3190a6a6c5e1b0327500f7d6c56b6242472ee6cb974cf09b401ee6b3b0798f23?s=96&d=mm&r=g\",\"contentUrl\":\"https:\/\/secure.gravatar.com\/avatar\/3190a6a6c5e1b0327500f7d6c56b6242472ee6cb974cf09b401ee6b3b0798f23?s=96&d=mm&r=g\",\"caption\":\"Raffy Ben\u00edtez\"},\"url\":\"https:\/\/conexion23.com\/?author=15\"}]}<\/script>\n<!-- \/ Yoast SEO plugin. -->","yoast_head_json":{"title":"Dupuy dice, RD redujo deportaciones por gestiones ante comunidad internacional. - Conexi\u00f3n 23","robots":{"index":"index","follow":"follow","max-snippet":"max-snippet:-1","max-image-preview":"max-image-preview:large","max-video-preview":"max-video-preview:-1"},"canonical":"http:\/\/conexion23.com\/?p=34503","og_locale":"es_ES","og_type":"article","og_title":"Dupuy dice, RD redujo deportaciones por gestiones ante comunidad internacional. - Conexi\u00f3n 23","og_description":"La ministra de Relaciones Exteriores de Hait\u00ed, Dominique Dupuy, asegur\u00f3 este martes que se ha registrado una \u201creducci\u00f3n\u201d en las deportaciones de haitianos desde Rep\u00fablica Dominicana. Asimismo, afirm\u00f3 que Hait\u00ed aspira tener una relaci\u00f3n con Rep\u00fablica Dominicana que beneficie a ambas partes. Estas declaraciones de Dupuy est\u00e1n en una publicaci\u00f3n en la red social X, [&hellip;]","og_url":"http:\/\/conexion23.com\/?p=34503","og_site_name":"Conexi\u00f3n 23","article_publisher":"https:\/\/www.facebook.com\/conexion23com","article_published_time":"2024-11-06T11:47:42+00:00","article_modified_time":"2024-11-06T11:47:43+00:00","og_image":[{"width":577,"height":507,"url":"http:\/\/conexion23.com\/wp-content\/uploads\/2024\/11\/ooo.jpeg","type":"image\/jpeg"}],"author":"Raffy Ben\u00edtez","twitter_card":"summary_large_image","twitter_misc":{"Escrito por":"Raffy Ben\u00edtez","Tiempo de lectura":"2 minutos"},"schema":{"@context":"https:\/\/schema.org","@graph":[{"@type":"Article","@id":"http:\/\/conexion23.com\/?p=34503#article","isPartOf":{"@id":"http:\/\/conexion23.com\/?p=34503"},"author":{"name":"Raffy Ben\u00edtez","@id":"https:\/\/conexion23.com\/#\/schema\/person\/03e36043331117e97a373299bbcd30a6"},"headline":"Dupuy dice, RD redujo deportaciones por gestiones ante comunidad internacional.","datePublished":"2024-11-06T11:47:42+00:00","dateModified":"2024-11-06T11:47:43+00:00","mainEntityOfPage":{"@id":"http:\/\/conexion23.com\/?p=34503"},"wordCount":382,"commentCount":0,"publisher":{"@id":"https:\/\/conexion23.com\/#organization"},"image":{"@id":"http:\/\/conexion23.com\/?p=34503#primaryimage"},"thumbnailUrl":"https:\/\/conexion23.com\/wp-content\/uploads\/2024\/11\/ooo.jpeg","articleSection":["Uncategorized"],"inLanguage":"es","potentialAction":[{"@type":"CommentAction","name":"Comment","target":["http:\/\/conexion23.com\/?p=34503#respond"]}]},{"@type":"WebPage","@id":"http:\/\/conexion23.com\/?p=34503","url":"http:\/\/conexion23.com\/?p=34503","name":"Dupuy dice, RD redujo deportaciones por gestiones ante comunidad internacional. - Conexi\u00f3n 23","isPartOf":{"@id":"https:\/\/conexion23.com\/#website"},"primaryImageOfPage":{"@id":"http:\/\/conexion23.com\/?p=34503#primaryimage"},"image":{"@id":"http:\/\/conexion23.com\/?p=34503#primaryimage"},"thumbnailUrl":"https:\/\/conexion23.com\/wp-content\/uploads\/2024\/11\/ooo.jpeg","datePublished":"2024-11-06T11:47:42+00:00","dateModified":"2024-11-06T11:47:43+00:00","breadcrumb":{"@id":"http:\/\/conexion23.com\/?p=34503#breadcrumb"},"inLanguage":"es","potentialAction":[{"@type":"ReadAction","target":["http:\/\/conexion23.com\/?p=34503"]}]},{"@type":"ImageObject","inLanguage":"es","@id":"http:\/\/conexion23.com\/?p=34503#primaryimage","url":"https:\/\/conexion23.com\/wp-content\/uploads\/2024\/11\/ooo.jpeg","contentUrl":"https:\/\/conexion23.com\/wp-content\/uploads\/2024\/11\/ooo.jpeg","width":577,"height":507},{"@type":"BreadcrumbList","@id":"http:\/\/conexion23.com\/?p=34503#breadcrumb","itemListElement":[{"@type":"ListItem","position":1,"name":"Portada","item":"https:\/\/conexion23.com\/"},{"@type":"ListItem","position":2,"name":"Dupuy dice, RD redujo deportaciones por gestiones ante comunidad internacional."}]},{"@type":"WebSite","@id":"https:\/\/conexion23.com\/#website","url":"https:\/\/conexion23.com\/","name":"Conexi\u00f3n 23","description":"Peri\u00f3dico 100% Petromacorisano","publisher":{"@id":"https:\/\/conexion23.com\/#organization"},"potentialAction":[{"@type":"SearchAction","target":{"@type":"EntryPoint","urlTemplate":"https:\/\/conexion23.com\/?s={search_term_string}"},"query-input":{"@type":"PropertyValueSpecification","valueRequired":true,"valueName":"search_term_string"}}],"inLanguage":"es"},{"@type":"Organization","@id":"https:\/\/conexion23.com\/#organization","name":"Conexion 23","url":"https:\/\/conexion23.com\/","logo":{"@type":"ImageObject","inLanguage":"es","@id":"https:\/\/conexion23.com\/#\/schema\/logo\/image\/","url":"https:\/\/conexion23.com\/wp-content\/uploads\/2021\/11\/Diseno-sin-titulo-2.png","contentUrl":"https:\/\/conexion23.com\/wp-content\/uploads\/2021\/11\/Diseno-sin-titulo-2.png","width":541,"height":90,"caption":"Conexion 23"},"image":{"@id":"https:\/\/conexion23.com\/#\/schema\/logo\/image\/"},"sameAs":["https:\/\/www.facebook.com\/conexion23com","https:\/\/www.instagram.com\/conexion23com\/","https:\/\/www.youtube.com\/channel\/UCYc7vxxFZMYLIHNsHHxPZ3Q"]},{"@type":"Person","@id":"https:\/\/conexion23.com\/#\/schema\/person\/03e36043331117e97a373299bbcd30a6","name":"Raffy Ben\u00edtez","image":{"@type":"ImageObject","inLanguage":"es","@id":"https:\/\/conexion23.com\/#\/schema\/person\/image\/","url":"https:\/\/secure.gravatar.com\/avatar\/3190a6a6c5e1b0327500f7d6c56b6242472ee6cb974cf09b401ee6b3b0798f23?s=96&d=mm&r=g","contentUrl":"https:\/\/secure.gravatar.com\/avatar\/3190a6a6c5e1b0327500f7d6c56b6242472ee6cb974cf09b401ee6b3b0798f23?s=96&d=mm&r=g","caption":"Raffy Ben\u00edtez"},"url":"https:\/\/conexion23.com\/?author=15"}]}},"_links":{"self":[{"href":"https:\/\/conexion23.com\/index.php?rest_route=\/wp\/v2\/posts\/34503","targetHints":{"allow":["GET"]}}],"collection":[{"href":"https:\/\/conexion23.com\/index.php?rest_route=\/wp\/v2\/posts"}],"about":[{"href":"https:\/\/conexion23.com\/index.php?rest_route=\/wp\/v2\/types\/post"}],"author":[{"embeddable":true,"href":"https:\/\/conexion23.com\/index.php?rest_route=\/wp\/v2\/users\/15"}],"replies":[{"embeddable":true,"href":"https:\/\/conexion23.com\/index.php?rest_route=%2Fwp%2Fv2%2Fcomments&post=34503"}],"version-history":[{"count":1,"href":"https:\/\/conexion23.com\/index.php?rest_route=\/wp\/v2\/posts\/34503\/revisions"}],"predecessor-version":[{"id":34505,"href":"https:\/\/conexion23.com\/index.php?rest_route=\/wp\/v2\/posts\/34503\/revisions\/34505"}],"wp:featuredmedia":[{"embeddable":true,"href":"https:\/\/conexion23.com\/index.php?rest_route=\/wp\/v2\/media\/34504"}],"wp:attachment":[{"href":"https:\/\/conexion23.com\/index.php?rest_route=%2Fwp%2Fv2%2Fmedia&parent=34503"}],"wp:term":[{"taxonomy":"category","embeddable":true,"href":"https:\/\/conexion23.com\/index.php?rest_route=%2Fwp%2Fv2%2Fcategories&post=34503"},{"taxonomy":"post_tag","embeddable":true,"href":"https:\/\/conexion23.com\/index.php?rest_route=%2Fwp%2Fv2%2Ftags&post=34503"}],"curies":[{"name":"wp","href":"https:\/\/api.w.org\/{rel}","templated":true}]}}