{"id":34509,"date":"2024-11-06T08:04:36","date_gmt":"2024-11-06T12:04:36","guid":{"rendered":"https:\/\/conexion23.com\/?p=34509"},"modified":"2024-11-06T08:04:37","modified_gmt":"2024-11-06T12:04:37","slug":"la-policia-de-higuey-apreso-a-tres-jovenes-a-quienes-se-le-acusa-de-ultimar-un-sargento-en-la-gina-de-miches","status":"publish","type":"post","link":"https:\/\/conexion23.com\/?p=34509","title":{"rendered":"La Polic\u00eda de Higuey apreso a tres j\u00f3venes a quienes se le acusa de ultimar un sargento en la Gina de Miches."},"content":{"rendered":"\n<p>Agentes adscritos a la Direcci\u00f3n Regional de La Altagracia, apresaron este martes a tres delincuentes con el arma de reglamento del sargento mayor de la Polic\u00eda Nacional Euclides Ure\u00f1a Mej\u00eda, quien fue asesinado por tres elementos el pasado s\u00e1bado, mientras este se encontraba hospedado en el hotel Mercedes, del distrito municipal La Gina de Miches, en la provincia El Seibo.<\/p>\n\n\n\n<p>Los detenidos han sido identificados como Luis \u00e1ngel Louis, Junior Armando y Maicol Tapia (a) El Lun\u00e1tico, este \u00faltimo seg\u00fan las autoridades tiene dos \u00f3rdenes de arresto una por homicidio y otra por robo.<\/p>\n\n\n\n<p>Los antisociales fueron detenidos por agentes del Dicrim y la Polic\u00eda Preventiva, momento en que se dispon\u00edan a cometer un atraco, el cual fue frustrado en el municipio de Hig\u00fcey, as\u00ed lo inform\u00f3 Jhovinson Manuel Gonz\u00e1lez, vocero de la PN<\/p>\n","protected":false},"excerpt":{"rendered":"<p>Agentes adscritos a la Direcci\u00f3n Regional de La Altagracia, apresaron este martes a tres delincuentes con el arma de reglamento del sargento mayor de la Polic\u00eda Nacional Euclides Ure\u00f1a Mej\u00eda, quien fue asesinado por tres elementos el pasado s\u00e1bado, mientras este se encontraba hospedado en el hotel Mercedes, del distrito municipal La Gina de Miches, [&hellip;]<\/p>\n","protected":false},"author":15,"featured_media":34510,"comment_status":"open","ping_status":"open","sticky":false,"template":"","format":"standard","meta":{"footnotes":""},"categories":[2474],"tags":[],"class_list":{"0":"post-34509","1":"post","2":"type-post","3":"status-publish","4":"format-standard","5":"has-post-thumbnail","7":"category-la-altagracia"},"yoast_head":"<!-- This site is optimized with the Yoast SEO plugin v27.1.1 - https:\/\/yoast.com\/product\/yoast-seo-wordpress\/ -->\n<title>La Polic\u00eda de Higuey apreso a tres j\u00f3venes a quienes se le acusa de ultimar un sargento en la Gina de Miches. - Conexi\u00f3n 23<\/title>\n<meta name=\"robots\" content=\"index, follow, max-snippet:-1, max-image-preview:large, max-video-preview:-1\" \/>\n<link rel=\"canonical\" href=\"http:\/\/conexion23.com\/?p=34509\" \/>\n<meta property=\"og:locale\" content=\"es_ES\" \/>\n<meta property=\"og:type\" content=\"article\" \/>\n<meta property=\"og:title\" content=\"La Polic\u00eda de Higuey apreso a tres j\u00f3venes a quienes se le acusa de ultimar un sargento en la Gina de Miches. - Conexi\u00f3n 23\" \/>\n<meta property=\"og:description\" content=\"Agentes adscritos a la Direcci\u00f3n Regional de La Altagracia, apresaron este martes a tres delincuentes con el arma de reglamento del sargento mayor de la Polic\u00eda Nacional Euclides Ure\u00f1a Mej\u00eda, quien fue asesinado por tres elementos el pasado s\u00e1bado, mientras este se encontraba hospedado en el hotel Mercedes, del distrito municipal La Gina de Miches, [&hellip;]\" \/>\n<meta property=\"og:url\" content=\"http:\/\/conexion23.com\/?p=34509\" \/>\n<meta property=\"og:site_name\" content=\"Conexi\u00f3n 23\" \/>\n<meta property=\"article:publisher\" content=\"https:\/\/www.facebook.com\/conexion23com\" \/>\n<meta property=\"article:published_time\" content=\"2024-11-06T12:04:36+00:00\" \/>\n<meta property=\"article:modified_time\" content=\"2024-11-06T12:04:37+00:00\" \/>\n<meta property=\"og:image\" content=\"http:\/\/conexion23.com\/wp-content\/uploads\/2024\/11\/ggggg-1.jpg\" \/>\n\t<meta property=\"og:image:width\" content=\"168\" \/>\n\t<meta property=\"og:image:height\" content=\"266\" \/>\n\t<meta property=\"og:image:type\" content=\"image\/jpeg\" \/>\n<meta name=\"author\" content=\"Raffy Ben\u00edtez\" \/>\n<meta name=\"twitter:card\" content=\"summary_large_image\" \/>\n<meta name=\"twitter:label1\" content=\"Escrito por\" \/>\n\t<meta name=\"twitter:data1\" content=\"Raffy Ben\u00edtez\" \/>\n\t<meta name=\"twitter:label2\" content=\"Tiempo de lectura\" \/>\n\t<meta name=\"twitter:data2\" content=\"1 minuto\" \/>\n<script type=\"application\/ld+json\" class=\"yoast-schema-graph\">{\"@context\":\"https:\/\/schema.org\",\"@graph\":[{\"@type\":\"Article\",\"@id\":\"http:\/\/conexion23.com\/?p=34509#article\",\"isPartOf\":{\"@id\":\"http:\/\/conexion23.com\/?p=34509\"},\"author\":{\"name\":\"Raffy Ben\u00edtez\",\"@id\":\"https:\/\/conexion23.com\/#\/schema\/person\/03e36043331117e97a373299bbcd30a6\"},\"headline\":\"La Polic\u00eda de Higuey apreso a tres j\u00f3venes a quienes se le acusa de ultimar un sargento en la Gina de Miches.\",\"datePublished\":\"2024-11-06T12:04:36+00:00\",\"dateModified\":\"2024-11-06T12:04:37+00:00\",\"mainEntityOfPage\":{\"@id\":\"http:\/\/conexion23.com\/?p=34509\"},\"wordCount\":169,\"commentCount\":0,\"publisher\":{\"@id\":\"https:\/\/conexion23.com\/#organization\"},\"image\":{\"@id\":\"http:\/\/conexion23.com\/?p=34509#primaryimage\"},\"thumbnailUrl\":\"https:\/\/conexion23.com\/wp-content\/uploads\/2024\/11\/ggggg-1.jpg\",\"articleSection\":[\"La Altagracia\"],\"inLanguage\":\"es\",\"potentialAction\":[{\"@type\":\"CommentAction\",\"name\":\"Comment\",\"target\":[\"http:\/\/conexion23.com\/?p=34509#respond\"]}]},{\"@type\":\"WebPage\",\"@id\":\"http:\/\/conexion23.com\/?p=34509\",\"url\":\"http:\/\/conexion23.com\/?p=34509\",\"name\":\"La Polic\u00eda de Higuey apreso a tres j\u00f3venes a quienes se le acusa de ultimar un sargento en la Gina de Miches. - Conexi\u00f3n 23\",\"isPartOf\":{\"@id\":\"https:\/\/conexion23.com\/#website\"},\"primaryImageOfPage\":{\"@id\":\"http:\/\/conexion23.com\/?p=34509#primaryimage\"},\"image\":{\"@id\":\"http:\/\/conexion23.com\/?p=34509#primaryimage\"},\"thumbnailUrl\":\"https:\/\/conexion23.com\/wp-content\/uploads\/2024\/11\/ggggg-1.jpg\",\"datePublished\":\"2024-11-06T12:04:36+00:00\",\"dateModified\":\"2024-11-06T12:04:37+00:00\",\"breadcrumb\":{\"@id\":\"http:\/\/conexion23.com\/?p=34509#breadcrumb\"},\"inLanguage\":\"es\",\"potentialAction\":[{\"@type\":\"ReadAction\",\"target\":[\"http:\/\/conexion23.com\/?p=34509\"]}]},{\"@type\":\"ImageObject\",\"inLanguage\":\"es\",\"@id\":\"http:\/\/conexion23.com\/?p=34509#primaryimage\",\"url\":\"https:\/\/conexion23.com\/wp-content\/uploads\/2024\/11\/ggggg-1.jpg\",\"contentUrl\":\"https:\/\/conexion23.com\/wp-content\/uploads\/2024\/11\/ggggg-1.jpg\",\"width\":168,\"height\":266},{\"@type\":\"BreadcrumbList\",\"@id\":\"http:\/\/conexion23.com\/?p=34509#breadcrumb\",\"itemListElement\":[{\"@type\":\"ListItem\",\"position\":1,\"name\":\"Portada\",\"item\":\"https:\/\/conexion23.com\/\"},{\"@type\":\"ListItem\",\"position\":2,\"name\":\"La Polic\u00eda de Higuey apreso a tres j\u00f3venes a quienes se le acusa de ultimar un sargento en la Gina de Miches.\"}]},{\"@type\":\"WebSite\",\"@id\":\"https:\/\/conexion23.com\/#website\",\"url\":\"https:\/\/conexion23.com\/\",\"name\":\"Conexi\u00f3n 23\",\"description\":\"Peri\u00f3dico 100% Petromacorisano\",\"publisher\":{\"@id\":\"https:\/\/conexion23.com\/#organization\"},\"potentialAction\":[{\"@type\":\"SearchAction\",\"target\":{\"@type\":\"EntryPoint\",\"urlTemplate\":\"https:\/\/conexion23.com\/?s={search_term_string}\"},\"query-input\":{\"@type\":\"PropertyValueSpecification\",\"valueRequired\":true,\"valueName\":\"search_term_string\"}}],\"inLanguage\":\"es\"},{\"@type\":\"Organization\",\"@id\":\"https:\/\/conexion23.com\/#organization\",\"name\":\"Conexion 23\",\"url\":\"https:\/\/conexion23.com\/\",\"logo\":{\"@type\":\"ImageObject\",\"inLanguage\":\"es\",\"@id\":\"https:\/\/conexion23.com\/#\/schema\/logo\/image\/\",\"url\":\"https:\/\/conexion23.com\/wp-content\/uploads\/2021\/11\/Diseno-sin-titulo-2.png\",\"contentUrl\":\"https:\/\/conexion23.com\/wp-content\/uploads\/2021\/11\/Diseno-sin-titulo-2.png\",\"width\":541,\"height\":90,\"caption\":\"Conexion 23\"},\"image\":{\"@id\":\"https:\/\/conexion23.com\/#\/schema\/logo\/image\/\"},\"sameAs\":[\"https:\/\/www.facebook.com\/conexion23com\",\"https:\/\/www.instagram.com\/conexion23com\/\",\"https:\/\/www.youtube.com\/channel\/UCYc7vxxFZMYLIHNsHHxPZ3Q\"]},{\"@type\":\"Person\",\"@id\":\"https:\/\/conexion23.com\/#\/schema\/person\/03e36043331117e97a373299bbcd30a6\",\"name\":\"Raffy Ben\u00edtez\",\"image\":{\"@type\":\"ImageObject\",\"inLanguage\":\"es\",\"@id\":\"https:\/\/conexion23.com\/#\/schema\/person\/image\/\",\"url\":\"https:\/\/secure.gravatar.com\/avatar\/3190a6a6c5e1b0327500f7d6c56b6242472ee6cb974cf09b401ee6b3b0798f23?s=96&d=mm&r=g\",\"contentUrl\":\"https:\/\/secure.gravatar.com\/avatar\/3190a6a6c5e1b0327500f7d6c56b6242472ee6cb974cf09b401ee6b3b0798f23?s=96&d=mm&r=g\",\"caption\":\"Raffy Ben\u00edtez\"},\"url\":\"https:\/\/conexion23.com\/?author=15\"}]}<\/script>\n<!-- \/ Yoast SEO plugin. -->","yoast_head_json":{"title":"La Polic\u00eda de Higuey apreso a tres j\u00f3venes a quienes se le acusa de ultimar un sargento en la Gina de Miches. - Conexi\u00f3n 23","robots":{"index":"index","follow":"follow","max-snippet":"max-snippet:-1","max-image-preview":"max-image-preview:large","max-video-preview":"max-video-preview:-1"},"canonical":"http:\/\/conexion23.com\/?p=34509","og_locale":"es_ES","og_type":"article","og_title":"La Polic\u00eda de Higuey apreso a tres j\u00f3venes a quienes se le acusa de ultimar un sargento en la Gina de Miches. - Conexi\u00f3n 23","og_description":"Agentes adscritos a la Direcci\u00f3n Regional de La Altagracia, apresaron este martes a tres delincuentes con el arma de reglamento del sargento mayor de la Polic\u00eda Nacional Euclides Ure\u00f1a Mej\u00eda, quien fue asesinado por tres elementos el pasado s\u00e1bado, mientras este se encontraba hospedado en el hotel Mercedes, del distrito municipal La Gina de Miches, [&hellip;]","og_url":"http:\/\/conexion23.com\/?p=34509","og_site_name":"Conexi\u00f3n 23","article_publisher":"https:\/\/www.facebook.com\/conexion23com","article_published_time":"2024-11-06T12:04:36+00:00","article_modified_time":"2024-11-06T12:04:37+00:00","og_image":[{"width":168,"height":266,"url":"http:\/\/conexion23.com\/wp-content\/uploads\/2024\/11\/ggggg-1.jpg","type":"image\/jpeg"}],"author":"Raffy Ben\u00edtez","twitter_card":"summary_large_image","twitter_misc":{"Escrito por":"Raffy Ben\u00edtez","Tiempo de lectura":"1 minuto"},"schema":{"@context":"https:\/\/schema.org","@graph":[{"@type":"Article","@id":"http:\/\/conexion23.com\/?p=34509#article","isPartOf":{"@id":"http:\/\/conexion23.com\/?p=34509"},"author":{"name":"Raffy Ben\u00edtez","@id":"https:\/\/conexion23.com\/#\/schema\/person\/03e36043331117e97a373299bbcd30a6"},"headline":"La Polic\u00eda de Higuey apreso a tres j\u00f3venes a quienes se le acusa de ultimar un sargento en la Gina de Miches.","datePublished":"2024-11-06T12:04:36+00:00","dateModified":"2024-11-06T12:04:37+00:00","mainEntityOfPage":{"@id":"http:\/\/conexion23.com\/?p=34509"},"wordCount":169,"commentCount":0,"publisher":{"@id":"https:\/\/conexion23.com\/#organization"},"image":{"@id":"http:\/\/conexion23.com\/?p=34509#primaryimage"},"thumbnailUrl":"https:\/\/conexion23.com\/wp-content\/uploads\/2024\/11\/ggggg-1.jpg","articleSection":["La Altagracia"],"inLanguage":"es","potentialAction":[{"@type":"CommentAction","name":"Comment","target":["http:\/\/conexion23.com\/?p=34509#respond"]}]},{"@type":"WebPage","@id":"http:\/\/conexion23.com\/?p=34509","url":"http:\/\/conexion23.com\/?p=34509","name":"La Polic\u00eda de Higuey apreso a tres j\u00f3venes a quienes se le acusa de ultimar un sargento en la Gina de Miches. - Conexi\u00f3n 23","isPartOf":{"@id":"https:\/\/conexion23.com\/#website"},"primaryImageOfPage":{"@id":"http:\/\/conexion23.com\/?p=34509#primaryimage"},"image":{"@id":"http:\/\/conexion23.com\/?p=34509#primaryimage"},"thumbnailUrl":"https:\/\/conexion23.com\/wp-content\/uploads\/2024\/11\/ggggg-1.jpg","datePublished":"2024-11-06T12:04:36+00:00","dateModified":"2024-11-06T12:04:37+00:00","breadcrumb":{"@id":"http:\/\/conexion23.com\/?p=34509#breadcrumb"},"inLanguage":"es","potentialAction":[{"@type":"ReadAction","target":["http:\/\/conexion23.com\/?p=34509"]}]},{"@type":"ImageObject","inLanguage":"es","@id":"http:\/\/conexion23.com\/?p=34509#primaryimage","url":"https:\/\/conexion23.com\/wp-content\/uploads\/2024\/11\/ggggg-1.jpg","contentUrl":"https:\/\/conexion23.com\/wp-content\/uploads\/2024\/11\/ggggg-1.jpg","width":168,"height":266},{"@type":"BreadcrumbList","@id":"http:\/\/conexion23.com\/?p=34509#breadcrumb","itemListElement":[{"@type":"ListItem","position":1,"name":"Portada","item":"https:\/\/conexion23.com\/"},{"@type":"ListItem","position":2,"name":"La Polic\u00eda de Higuey apreso a tres j\u00f3venes a quienes se le acusa de ultimar un sargento en la Gina de Miches."}]},{"@type":"WebSite","@id":"https:\/\/conexion23.com\/#website","url":"https:\/\/conexion23.com\/","name":"Conexi\u00f3n 23","description":"Peri\u00f3dico 100% Petromacorisano","publisher":{"@id":"https:\/\/conexion23.com\/#organization"},"potentialAction":[{"@type":"SearchAction","target":{"@type":"EntryPoint","urlTemplate":"https:\/\/conexion23.com\/?s={search_term_string}"},"query-input":{"@type":"PropertyValueSpecification","valueRequired":true,"valueName":"search_term_string"}}],"inLanguage":"es"},{"@type":"Organization","@id":"https:\/\/conexion23.com\/#organization","name":"Conexion 23","url":"https:\/\/conexion23.com\/","logo":{"@type":"ImageObject","inLanguage":"es","@id":"https:\/\/conexion23.com\/#\/schema\/logo\/image\/","url":"https:\/\/conexion23.com\/wp-content\/uploads\/2021\/11\/Diseno-sin-titulo-2.png","contentUrl":"https:\/\/conexion23.com\/wp-content\/uploads\/2021\/11\/Diseno-sin-titulo-2.png","width":541,"height":90,"caption":"Conexion 23"},"image":{"@id":"https:\/\/conexion23.com\/#\/schema\/logo\/image\/"},"sameAs":["https:\/\/www.facebook.com\/conexion23com","https:\/\/www.instagram.com\/conexion23com\/","https:\/\/www.youtube.com\/channel\/UCYc7vxxFZMYLIHNsHHxPZ3Q"]},{"@type":"Person","@id":"https:\/\/conexion23.com\/#\/schema\/person\/03e36043331117e97a373299bbcd30a6","name":"Raffy Ben\u00edtez","image":{"@type":"ImageObject","inLanguage":"es","@id":"https:\/\/conexion23.com\/#\/schema\/person\/image\/","url":"https:\/\/secure.gravatar.com\/avatar\/3190a6a6c5e1b0327500f7d6c56b6242472ee6cb974cf09b401ee6b3b0798f23?s=96&d=mm&r=g","contentUrl":"https:\/\/secure.gravatar.com\/avatar\/3190a6a6c5e1b0327500f7d6c56b6242472ee6cb974cf09b401ee6b3b0798f23?s=96&d=mm&r=g","caption":"Raffy Ben\u00edtez"},"url":"https:\/\/conexion23.com\/?author=15"}]}},"_links":{"self":[{"href":"https:\/\/conexion23.com\/index.php?rest_route=\/wp\/v2\/posts\/34509","targetHints":{"allow":["GET"]}}],"collection":[{"href":"https:\/\/conexion23.com\/index.php?rest_route=\/wp\/v2\/posts"}],"about":[{"href":"https:\/\/conexion23.com\/index.php?rest_route=\/wp\/v2\/types\/post"}],"author":[{"embeddable":true,"href":"https:\/\/conexion23.com\/index.php?rest_route=\/wp\/v2\/users\/15"}],"replies":[{"embeddable":true,"href":"https:\/\/conexion23.com\/index.php?rest_route=%2Fwp%2Fv2%2Fcomments&post=34509"}],"version-history":[{"count":1,"href":"https:\/\/conexion23.com\/index.php?rest_route=\/wp\/v2\/posts\/34509\/revisions"}],"predecessor-version":[{"id":34511,"href":"https:\/\/conexion23.com\/index.php?rest_route=\/wp\/v2\/posts\/34509\/revisions\/34511"}],"wp:featuredmedia":[{"embeddable":true,"href":"https:\/\/conexion23.com\/index.php?rest_route=\/wp\/v2\/media\/34510"}],"wp:attachment":[{"href":"https:\/\/conexion23.com\/index.php?rest_route=%2Fwp%2Fv2%2Fmedia&parent=34509"}],"wp:term":[{"taxonomy":"category","embeddable":true,"href":"https:\/\/conexion23.com\/index.php?rest_route=%2Fwp%2Fv2%2Fcategories&post=34509"},{"taxonomy":"post_tag","embeddable":true,"href":"https:\/\/conexion23.com\/index.php?rest_route=%2Fwp%2Fv2%2Ftags&post=34509"}],"curies":[{"name":"wp","href":"https:\/\/api.w.org\/{rel}","templated":true}]}}