{"id":34741,"date":"2024-11-14T08:30:27","date_gmt":"2024-11-14T12:30:27","guid":{"rendered":"https:\/\/conexion23.com\/?p=34741"},"modified":"2024-11-14T08:30:29","modified_gmt":"2024-11-14T12:30:29","slug":"repatrian-a-17-migrantes-a-r-d-tras-llegar-a-las-costas-de-puerto-rico","status":"publish","type":"post","link":"https:\/\/conexion23.com\/?p=34741","title":{"rendered":"Repatr\u00edan a 17 migrantes a R.D tras llegar a las costas de Puerto Rico."},"content":{"rendered":"\n<p>La Guardia Costera estadounidense inform\u00f3 este mi\u00e9rcoles de que repatri\u00f3 a Rep\u00fablica Dominicana a 17 migrantes que fueron detenidos durante una operaci\u00f3n llevada a cabo la semana pasada cerca de isla de Mona, una reserva natural situada al oeste de Puerto Rico.<\/p>\n\n\n\n<p>\u00abEstoy incre\u00edblemente orgulloso de nuestro equipo junto con la Estaci\u00f3n A\u00e9rea Borinquen de la Guardia Costera y nuestros socios del Grupo Interagencial Fronterizo del Caribe\u00bb, subray\u00f3 en un comunicado Alexander Rodgers, oficial al mando de la embarcaci\u00f3n guardacostas Heriberto Hern\u00e1ndez.<a href=\"https:\/\/www.instagram.com\/norbertorodprm\/\"><\/a><\/p>\n\n\n\n<p>Seg\u00fan las autoridades, la detenci\u00f3n de los migrantes se produjo la noche del 5 de noviembre, despu\u00e9s de que la tripulaci\u00f3n de un avi\u00f3n HC-144 Ocean Sentry de la Estaci\u00f3n A\u00e9rea de Miami de la Guardia Costera avistara una embarcaci\u00f3n improvisada por el suroeste de la isla de Mona.<a href=\"https:\/\/www.instagram.com\/norbertorodprm\/\"><\/a><\/p>\n\n\n\n<p>Los guardacostas del sector San Juan desviaron a la embarcaci\u00f3n Heriberto Hern\u00e1ndez para llevar a cabo la operaci\u00f3n.<\/p>\n\n\n\n<p>Una vez en el lugar, la tripulaci\u00f3n del Heriberto Hern\u00e1ndez despleg\u00f3 el barco Over the Horizon, que detuvo a la embarcaci\u00f3n sospechosa con los migrantes a bordo, que afirmaron ser de Rep\u00fablica Dominicana.<\/p>\n\n\n\n<p>Los inmigrantes fueron repatriados y transferidos a las autoridades de la Armada de Rep\u00fablica Dominicana.<\/p>\n\n\n\n<p>Uno de los migrantes interceptados permanece bajo custodia estadounidense para ser procesado por el Tribunal de Distrito de Puerto Rico por intentar reingresar ilegalmente a los Estados Unidos bajo la ley 8 U.S.C. 1326.<\/p>\n\n\n\n<p>El individuo est\u00e1 pendiente de enjuiciamiento y fue transferido a la custodia de la Patrulla Fronteriza estadounidense en Mayag\u00fcez.<a href=\"https:\/\/puntoprints.com\/\"><\/a><\/p>\n\n\n\n<p>\u00abInstamos a todas las personas que est\u00e9n pensando en participar en uno de estos viajes a que no pongan en peligro su vida haci\u00e9ndose a la mar y busquen en su lugar v\u00edas de migraci\u00f3n seguras, ordenadas y legales\u00bb, zanj\u00f3 Rodger.<\/p>\n\n\n\n<p>Los migrantes enfrentan varios cargos incluyendo el intento de reentrada en Estados Unidos en virtud del 8 U.S.C. 1326, la entrada ilegal en los Estados Unidos en virtud del 8 U.S.C. 1325, y el incumplimiento de la obligaci\u00f3n de arriar en virtud del 18 U.S.C. 2237.<\/p>\n\n\n\n<p>El Pasaje o Canal de la Mona, que separa Puerto Rico de Rep\u00fablica Dominicana, es una ruta migratoria muy utilizada por los dominicanos y haitianos que tratan de llegar a Puerto Rico, un Estado Libre Asociado a EE.UU.<\/p>\n","protected":false},"excerpt":{"rendered":"<p>La Guardia Costera estadounidense inform\u00f3 este mi\u00e9rcoles de que repatri\u00f3 a Rep\u00fablica Dominicana a 17 migrantes que fueron detenidos durante una operaci\u00f3n llevada a cabo la semana pasada cerca de isla de Mona, una reserva natural situada al oeste de Puerto Rico. \u00abEstoy incre\u00edblemente orgulloso de nuestro equipo junto con la Estaci\u00f3n A\u00e9rea Borinquen de [&hellip;]<\/p>\n","protected":false},"author":15,"featured_media":34742,"comment_status":"open","ping_status":"open","sticky":false,"template":"","format":"standard","meta":{"footnotes":""},"categories":[1],"tags":[],"class_list":{"0":"post-34741","1":"post","2":"type-post","3":"status-publish","4":"format-standard","5":"has-post-thumbnail","7":"category-uncategorized"},"yoast_head":"<!-- This site is optimized with the Yoast SEO plugin v27.1.1 - https:\/\/yoast.com\/product\/yoast-seo-wordpress\/ -->\n<title>Repatr\u00edan a 17 migrantes a R.D tras llegar a las costas de Puerto Rico. - Conexi\u00f3n 23<\/title>\n<meta name=\"robots\" content=\"index, follow, max-snippet:-1, max-image-preview:large, max-video-preview:-1\" \/>\n<link rel=\"canonical\" href=\"http:\/\/conexion23.com\/?p=34741\" \/>\n<meta property=\"og:locale\" content=\"es_ES\" \/>\n<meta property=\"og:type\" content=\"article\" \/>\n<meta property=\"og:title\" content=\"Repatr\u00edan a 17 migrantes a R.D tras llegar a las costas de Puerto Rico. - Conexi\u00f3n 23\" \/>\n<meta property=\"og:description\" content=\"La Guardia Costera estadounidense inform\u00f3 este mi\u00e9rcoles de que repatri\u00f3 a Rep\u00fablica Dominicana a 17 migrantes que fueron detenidos durante una operaci\u00f3n llevada a cabo la semana pasada cerca de isla de Mona, una reserva natural situada al oeste de Puerto Rico. \u00abEstoy incre\u00edblemente orgulloso de nuestro equipo junto con la Estaci\u00f3n A\u00e9rea Borinquen de [&hellip;]\" \/>\n<meta property=\"og:url\" content=\"http:\/\/conexion23.com\/?p=34741\" \/>\n<meta property=\"og:site_name\" content=\"Conexi\u00f3n 23\" \/>\n<meta property=\"article:publisher\" content=\"https:\/\/www.facebook.com\/conexion23com\" \/>\n<meta property=\"article:published_time\" content=\"2024-11-14T12:30:27+00:00\" \/>\n<meta property=\"article:modified_time\" content=\"2024-11-14T12:30:29+00:00\" \/>\n<meta property=\"og:image\" content=\"http:\/\/conexion23.com\/wp-content\/uploads\/2024\/11\/Cientos-de-emigrantes-caribenos-en-su-mayoria-haitianos-arriban-en-yola-a-Puerto-Rico-.webp\" \/>\n\t<meta property=\"og:image:width\" content=\"546\" \/>\n\t<meta property=\"og:image:height\" content=\"350\" \/>\n\t<meta property=\"og:image:type\" content=\"image\/webp\" \/>\n<meta name=\"author\" content=\"Raffy Ben\u00edtez\" \/>\n<meta name=\"twitter:card\" content=\"summary_large_image\" \/>\n<meta name=\"twitter:label1\" content=\"Escrito por\" \/>\n\t<meta name=\"twitter:data1\" content=\"Raffy Ben\u00edtez\" \/>\n\t<meta name=\"twitter:label2\" content=\"Tiempo de lectura\" \/>\n\t<meta name=\"twitter:data2\" content=\"2 minutos\" \/>\n<script type=\"application\/ld+json\" class=\"yoast-schema-graph\">{\"@context\":\"https:\/\/schema.org\",\"@graph\":[{\"@type\":\"Article\",\"@id\":\"http:\/\/conexion23.com\/?p=34741#article\",\"isPartOf\":{\"@id\":\"http:\/\/conexion23.com\/?p=34741\"},\"author\":{\"name\":\"Raffy Ben\u00edtez\",\"@id\":\"https:\/\/conexion23.com\/#\/schema\/person\/03e36043331117e97a373299bbcd30a6\"},\"headline\":\"Repatr\u00edan a 17 migrantes a R.D tras llegar a las costas de Puerto Rico.\",\"datePublished\":\"2024-11-14T12:30:27+00:00\",\"dateModified\":\"2024-11-14T12:30:29+00:00\",\"mainEntityOfPage\":{\"@id\":\"http:\/\/conexion23.com\/?p=34741\"},\"wordCount\":420,\"commentCount\":0,\"publisher\":{\"@id\":\"https:\/\/conexion23.com\/#organization\"},\"image\":{\"@id\":\"http:\/\/conexion23.com\/?p=34741#primaryimage\"},\"thumbnailUrl\":\"https:\/\/conexion23.com\/wp-content\/uploads\/2024\/11\/Cientos-de-emigrantes-caribenos-en-su-mayoria-haitianos-arriban-en-yola-a-Puerto-Rico-.webp\",\"articleSection\":[\"Uncategorized\"],\"inLanguage\":\"es\",\"potentialAction\":[{\"@type\":\"CommentAction\",\"name\":\"Comment\",\"target\":[\"http:\/\/conexion23.com\/?p=34741#respond\"]}]},{\"@type\":\"WebPage\",\"@id\":\"http:\/\/conexion23.com\/?p=34741\",\"url\":\"http:\/\/conexion23.com\/?p=34741\",\"name\":\"Repatr\u00edan a 17 migrantes a R.D tras llegar a las costas de Puerto Rico. - Conexi\u00f3n 23\",\"isPartOf\":{\"@id\":\"https:\/\/conexion23.com\/#website\"},\"primaryImageOfPage\":{\"@id\":\"http:\/\/conexion23.com\/?p=34741#primaryimage\"},\"image\":{\"@id\":\"http:\/\/conexion23.com\/?p=34741#primaryimage\"},\"thumbnailUrl\":\"https:\/\/conexion23.com\/wp-content\/uploads\/2024\/11\/Cientos-de-emigrantes-caribenos-en-su-mayoria-haitianos-arriban-en-yola-a-Puerto-Rico-.webp\",\"datePublished\":\"2024-11-14T12:30:27+00:00\",\"dateModified\":\"2024-11-14T12:30:29+00:00\",\"breadcrumb\":{\"@id\":\"http:\/\/conexion23.com\/?p=34741#breadcrumb\"},\"inLanguage\":\"es\",\"potentialAction\":[{\"@type\":\"ReadAction\",\"target\":[\"http:\/\/conexion23.com\/?p=34741\"]}]},{\"@type\":\"ImageObject\",\"inLanguage\":\"es\",\"@id\":\"http:\/\/conexion23.com\/?p=34741#primaryimage\",\"url\":\"https:\/\/conexion23.com\/wp-content\/uploads\/2024\/11\/Cientos-de-emigrantes-caribenos-en-su-mayoria-haitianos-arriban-en-yola-a-Puerto-Rico-.webp\",\"contentUrl\":\"https:\/\/conexion23.com\/wp-content\/uploads\/2024\/11\/Cientos-de-emigrantes-caribenos-en-su-mayoria-haitianos-arriban-en-yola-a-Puerto-Rico-.webp\",\"width\":546,\"height\":350},{\"@type\":\"BreadcrumbList\",\"@id\":\"http:\/\/conexion23.com\/?p=34741#breadcrumb\",\"itemListElement\":[{\"@type\":\"ListItem\",\"position\":1,\"name\":\"Portada\",\"item\":\"https:\/\/conexion23.com\/\"},{\"@type\":\"ListItem\",\"position\":2,\"name\":\"Repatr\u00edan a 17 migrantes a R.D tras llegar a las costas de Puerto Rico.\"}]},{\"@type\":\"WebSite\",\"@id\":\"https:\/\/conexion23.com\/#website\",\"url\":\"https:\/\/conexion23.com\/\",\"name\":\"Conexi\u00f3n 23\",\"description\":\"Peri\u00f3dico 100% Petromacorisano\",\"publisher\":{\"@id\":\"https:\/\/conexion23.com\/#organization\"},\"potentialAction\":[{\"@type\":\"SearchAction\",\"target\":{\"@type\":\"EntryPoint\",\"urlTemplate\":\"https:\/\/conexion23.com\/?s={search_term_string}\"},\"query-input\":{\"@type\":\"PropertyValueSpecification\",\"valueRequired\":true,\"valueName\":\"search_term_string\"}}],\"inLanguage\":\"es\"},{\"@type\":\"Organization\",\"@id\":\"https:\/\/conexion23.com\/#organization\",\"name\":\"Conexion 23\",\"url\":\"https:\/\/conexion23.com\/\",\"logo\":{\"@type\":\"ImageObject\",\"inLanguage\":\"es\",\"@id\":\"https:\/\/conexion23.com\/#\/schema\/logo\/image\/\",\"url\":\"https:\/\/conexion23.com\/wp-content\/uploads\/2021\/11\/Diseno-sin-titulo-2.png\",\"contentUrl\":\"https:\/\/conexion23.com\/wp-content\/uploads\/2021\/11\/Diseno-sin-titulo-2.png\",\"width\":541,\"height\":90,\"caption\":\"Conexion 23\"},\"image\":{\"@id\":\"https:\/\/conexion23.com\/#\/schema\/logo\/image\/\"},\"sameAs\":[\"https:\/\/www.facebook.com\/conexion23com\",\"https:\/\/www.instagram.com\/conexion23com\/\",\"https:\/\/www.youtube.com\/channel\/UCYc7vxxFZMYLIHNsHHxPZ3Q\"]},{\"@type\":\"Person\",\"@id\":\"https:\/\/conexion23.com\/#\/schema\/person\/03e36043331117e97a373299bbcd30a6\",\"name\":\"Raffy Ben\u00edtez\",\"image\":{\"@type\":\"ImageObject\",\"inLanguage\":\"es\",\"@id\":\"https:\/\/conexion23.com\/#\/schema\/person\/image\/\",\"url\":\"https:\/\/secure.gravatar.com\/avatar\/3190a6a6c5e1b0327500f7d6c56b6242472ee6cb974cf09b401ee6b3b0798f23?s=96&d=mm&r=g\",\"contentUrl\":\"https:\/\/secure.gravatar.com\/avatar\/3190a6a6c5e1b0327500f7d6c56b6242472ee6cb974cf09b401ee6b3b0798f23?s=96&d=mm&r=g\",\"caption\":\"Raffy Ben\u00edtez\"},\"url\":\"https:\/\/conexion23.com\/?author=15\"}]}<\/script>\n<!-- \/ Yoast SEO plugin. -->","yoast_head_json":{"title":"Repatr\u00edan a 17 migrantes a R.D tras llegar a las costas de Puerto Rico. - Conexi\u00f3n 23","robots":{"index":"index","follow":"follow","max-snippet":"max-snippet:-1","max-image-preview":"max-image-preview:large","max-video-preview":"max-video-preview:-1"},"canonical":"http:\/\/conexion23.com\/?p=34741","og_locale":"es_ES","og_type":"article","og_title":"Repatr\u00edan a 17 migrantes a R.D tras llegar a las costas de Puerto Rico. - Conexi\u00f3n 23","og_description":"La Guardia Costera estadounidense inform\u00f3 este mi\u00e9rcoles de que repatri\u00f3 a Rep\u00fablica Dominicana a 17 migrantes que fueron detenidos durante una operaci\u00f3n llevada a cabo la semana pasada cerca de isla de Mona, una reserva natural situada al oeste de Puerto Rico. \u00abEstoy incre\u00edblemente orgulloso de nuestro equipo junto con la Estaci\u00f3n A\u00e9rea Borinquen de [&hellip;]","og_url":"http:\/\/conexion23.com\/?p=34741","og_site_name":"Conexi\u00f3n 23","article_publisher":"https:\/\/www.facebook.com\/conexion23com","article_published_time":"2024-11-14T12:30:27+00:00","article_modified_time":"2024-11-14T12:30:29+00:00","og_image":[{"width":546,"height":350,"url":"http:\/\/conexion23.com\/wp-content\/uploads\/2024\/11\/Cientos-de-emigrantes-caribenos-en-su-mayoria-haitianos-arriban-en-yola-a-Puerto-Rico-.webp","type":"image\/webp"}],"author":"Raffy Ben\u00edtez","twitter_card":"summary_large_image","twitter_misc":{"Escrito por":"Raffy Ben\u00edtez","Tiempo de lectura":"2 minutos"},"schema":{"@context":"https:\/\/schema.org","@graph":[{"@type":"Article","@id":"http:\/\/conexion23.com\/?p=34741#article","isPartOf":{"@id":"http:\/\/conexion23.com\/?p=34741"},"author":{"name":"Raffy Ben\u00edtez","@id":"https:\/\/conexion23.com\/#\/schema\/person\/03e36043331117e97a373299bbcd30a6"},"headline":"Repatr\u00edan a 17 migrantes a R.D tras llegar a las costas de Puerto Rico.","datePublished":"2024-11-14T12:30:27+00:00","dateModified":"2024-11-14T12:30:29+00:00","mainEntityOfPage":{"@id":"http:\/\/conexion23.com\/?p=34741"},"wordCount":420,"commentCount":0,"publisher":{"@id":"https:\/\/conexion23.com\/#organization"},"image":{"@id":"http:\/\/conexion23.com\/?p=34741#primaryimage"},"thumbnailUrl":"https:\/\/conexion23.com\/wp-content\/uploads\/2024\/11\/Cientos-de-emigrantes-caribenos-en-su-mayoria-haitianos-arriban-en-yola-a-Puerto-Rico-.webp","articleSection":["Uncategorized"],"inLanguage":"es","potentialAction":[{"@type":"CommentAction","name":"Comment","target":["http:\/\/conexion23.com\/?p=34741#respond"]}]},{"@type":"WebPage","@id":"http:\/\/conexion23.com\/?p=34741","url":"http:\/\/conexion23.com\/?p=34741","name":"Repatr\u00edan a 17 migrantes a R.D tras llegar a las costas de Puerto Rico. - Conexi\u00f3n 23","isPartOf":{"@id":"https:\/\/conexion23.com\/#website"},"primaryImageOfPage":{"@id":"http:\/\/conexion23.com\/?p=34741#primaryimage"},"image":{"@id":"http:\/\/conexion23.com\/?p=34741#primaryimage"},"thumbnailUrl":"https:\/\/conexion23.com\/wp-content\/uploads\/2024\/11\/Cientos-de-emigrantes-caribenos-en-su-mayoria-haitianos-arriban-en-yola-a-Puerto-Rico-.webp","datePublished":"2024-11-14T12:30:27+00:00","dateModified":"2024-11-14T12:30:29+00:00","breadcrumb":{"@id":"http:\/\/conexion23.com\/?p=34741#breadcrumb"},"inLanguage":"es","potentialAction":[{"@type":"ReadAction","target":["http:\/\/conexion23.com\/?p=34741"]}]},{"@type":"ImageObject","inLanguage":"es","@id":"http:\/\/conexion23.com\/?p=34741#primaryimage","url":"https:\/\/conexion23.com\/wp-content\/uploads\/2024\/11\/Cientos-de-emigrantes-caribenos-en-su-mayoria-haitianos-arriban-en-yola-a-Puerto-Rico-.webp","contentUrl":"https:\/\/conexion23.com\/wp-content\/uploads\/2024\/11\/Cientos-de-emigrantes-caribenos-en-su-mayoria-haitianos-arriban-en-yola-a-Puerto-Rico-.webp","width":546,"height":350},{"@type":"BreadcrumbList","@id":"http:\/\/conexion23.com\/?p=34741#breadcrumb","itemListElement":[{"@type":"ListItem","position":1,"name":"Portada","item":"https:\/\/conexion23.com\/"},{"@type":"ListItem","position":2,"name":"Repatr\u00edan a 17 migrantes a R.D tras llegar a las costas de Puerto Rico."}]},{"@type":"WebSite","@id":"https:\/\/conexion23.com\/#website","url":"https:\/\/conexion23.com\/","name":"Conexi\u00f3n 23","description":"Peri\u00f3dico 100% Petromacorisano","publisher":{"@id":"https:\/\/conexion23.com\/#organization"},"potentialAction":[{"@type":"SearchAction","target":{"@type":"EntryPoint","urlTemplate":"https:\/\/conexion23.com\/?s={search_term_string}"},"query-input":{"@type":"PropertyValueSpecification","valueRequired":true,"valueName":"search_term_string"}}],"inLanguage":"es"},{"@type":"Organization","@id":"https:\/\/conexion23.com\/#organization","name":"Conexion 23","url":"https:\/\/conexion23.com\/","logo":{"@type":"ImageObject","inLanguage":"es","@id":"https:\/\/conexion23.com\/#\/schema\/logo\/image\/","url":"https:\/\/conexion23.com\/wp-content\/uploads\/2021\/11\/Diseno-sin-titulo-2.png","contentUrl":"https:\/\/conexion23.com\/wp-content\/uploads\/2021\/11\/Diseno-sin-titulo-2.png","width":541,"height":90,"caption":"Conexion 23"},"image":{"@id":"https:\/\/conexion23.com\/#\/schema\/logo\/image\/"},"sameAs":["https:\/\/www.facebook.com\/conexion23com","https:\/\/www.instagram.com\/conexion23com\/","https:\/\/www.youtube.com\/channel\/UCYc7vxxFZMYLIHNsHHxPZ3Q"]},{"@type":"Person","@id":"https:\/\/conexion23.com\/#\/schema\/person\/03e36043331117e97a373299bbcd30a6","name":"Raffy Ben\u00edtez","image":{"@type":"ImageObject","inLanguage":"es","@id":"https:\/\/conexion23.com\/#\/schema\/person\/image\/","url":"https:\/\/secure.gravatar.com\/avatar\/3190a6a6c5e1b0327500f7d6c56b6242472ee6cb974cf09b401ee6b3b0798f23?s=96&d=mm&r=g","contentUrl":"https:\/\/secure.gravatar.com\/avatar\/3190a6a6c5e1b0327500f7d6c56b6242472ee6cb974cf09b401ee6b3b0798f23?s=96&d=mm&r=g","caption":"Raffy Ben\u00edtez"},"url":"https:\/\/conexion23.com\/?author=15"}]}},"_links":{"self":[{"href":"https:\/\/conexion23.com\/index.php?rest_route=\/wp\/v2\/posts\/34741","targetHints":{"allow":["GET"]}}],"collection":[{"href":"https:\/\/conexion23.com\/index.php?rest_route=\/wp\/v2\/posts"}],"about":[{"href":"https:\/\/conexion23.com\/index.php?rest_route=\/wp\/v2\/types\/post"}],"author":[{"embeddable":true,"href":"https:\/\/conexion23.com\/index.php?rest_route=\/wp\/v2\/users\/15"}],"replies":[{"embeddable":true,"href":"https:\/\/conexion23.com\/index.php?rest_route=%2Fwp%2Fv2%2Fcomments&post=34741"}],"version-history":[{"count":1,"href":"https:\/\/conexion23.com\/index.php?rest_route=\/wp\/v2\/posts\/34741\/revisions"}],"predecessor-version":[{"id":34743,"href":"https:\/\/conexion23.com\/index.php?rest_route=\/wp\/v2\/posts\/34741\/revisions\/34743"}],"wp:featuredmedia":[{"embeddable":true,"href":"https:\/\/conexion23.com\/index.php?rest_route=\/wp\/v2\/media\/34742"}],"wp:attachment":[{"href":"https:\/\/conexion23.com\/index.php?rest_route=%2Fwp%2Fv2%2Fmedia&parent=34741"}],"wp:term":[{"taxonomy":"category","embeddable":true,"href":"https:\/\/conexion23.com\/index.php?rest_route=%2Fwp%2Fv2%2Fcategories&post=34741"},{"taxonomy":"post_tag","embeddable":true,"href":"https:\/\/conexion23.com\/index.php?rest_route=%2Fwp%2Fv2%2Ftags&post=34741"}],"curies":[{"name":"wp","href":"https:\/\/api.w.org\/{rel}","templated":true}]}}