{"id":34744,"date":"2024-11-14T08:39:44","date_gmt":"2024-11-14T12:39:44","guid":{"rendered":"https:\/\/conexion23.com\/?p=34744"},"modified":"2024-11-14T08:39:46","modified_gmt":"2024-11-14T12:39:46","slug":"diputado-alcibiades-tavarez-apoya-proyecto-de-ley-que-declara-a-san-pedro-de-macoris-provincia-ecoturistica","status":"publish","type":"post","link":"https:\/\/conexion23.com\/?p=34744","title":{"rendered":"Diputado Alcib\u00edades Tav\u00e1rez apoya proyecto de ley que declara a San Pedro de Macor\u00eds provincia ecotur\u00edstica"},"content":{"rendered":"\n<p>El Diputado Alcib\u00edades Tav\u00e1rez se adhiri\u00f3 y apoy\u00f3 firmemente el Proyecto de Ley que declara a San Pedro de Macor\u00eds como Provincia Ecoturistica de la autor\u00eda de la Diputada Carlixta Carolina Paula.<br><\/p>\n\n\n\n<p>En su exposici\u00f3n Tav\u00e1rez destac\u00f3 el potencial que posee La Sultana del Este, con sus playas, r\u00edos, balnearios, Lagunas de Mallen, La Cueva de Las Maravillas, entre otros atributos que posee la provincia y destac\u00f3, adem\u00e1s que el ecoturismo y el turismo son fundamentales para el desarrollo de San Pedro de Macor\u00eds<\/p>\n","protected":false},"excerpt":{"rendered":"<p>El Diputado Alcib\u00edades Tav\u00e1rez se adhiri\u00f3 y apoy\u00f3 firmemente el Proyecto de Ley que declara a San Pedro de Macor\u00eds como Provincia Ecoturistica de la autor\u00eda de la Diputada Carlixta Carolina Paula. En su exposici\u00f3n Tav\u00e1rez destac\u00f3 el potencial que posee La Sultana del Este, con sus playas, r\u00edos, balnearios, Lagunas de Mallen, La Cueva [&hellip;]<\/p>\n","protected":false},"author":15,"featured_media":34745,"comment_status":"open","ping_status":"open","sticky":false,"template":"","format":"standard","meta":{"footnotes":""},"categories":[35],"tags":[],"class_list":{"0":"post-34744","1":"post","2":"type-post","3":"status-publish","4":"format-standard","5":"has-post-thumbnail","7":"category-spm"},"yoast_head":"<!-- This site is optimized with the Yoast SEO plugin v27.1.1 - https:\/\/yoast.com\/product\/yoast-seo-wordpress\/ -->\n<title>Diputado Alcib\u00edades Tav\u00e1rez apoya proyecto de ley que declara a San Pedro de Macor\u00eds provincia ecotur\u00edstica - Conexi\u00f3n 23<\/title>\n<meta name=\"robots\" content=\"index, follow, max-snippet:-1, max-image-preview:large, max-video-preview:-1\" \/>\n<link rel=\"canonical\" href=\"http:\/\/conexion23.com\/?p=34744\" \/>\n<meta property=\"og:locale\" content=\"es_ES\" \/>\n<meta property=\"og:type\" content=\"article\" \/>\n<meta property=\"og:title\" content=\"Diputado Alcib\u00edades Tav\u00e1rez apoya proyecto de ley que declara a San Pedro de Macor\u00eds provincia ecotur\u00edstica - Conexi\u00f3n 23\" \/>\n<meta property=\"og:description\" content=\"El Diputado Alcib\u00edades Tav\u00e1rez se adhiri\u00f3 y apoy\u00f3 firmemente el Proyecto de Ley que declara a San Pedro de Macor\u00eds como Provincia Ecoturistica de la autor\u00eda de la Diputada Carlixta Carolina Paula. En su exposici\u00f3n Tav\u00e1rez destac\u00f3 el potencial que posee La Sultana del Este, con sus playas, r\u00edos, balnearios, Lagunas de Mallen, La Cueva [&hellip;]\" \/>\n<meta property=\"og:url\" content=\"http:\/\/conexion23.com\/?p=34744\" \/>\n<meta property=\"og:site_name\" content=\"Conexi\u00f3n 23\" \/>\n<meta property=\"article:publisher\" content=\"https:\/\/www.facebook.com\/conexion23com\" \/>\n<meta property=\"article:published_time\" content=\"2024-11-14T12:39:44+00:00\" \/>\n<meta property=\"article:modified_time\" content=\"2024-11-14T12:39:46+00:00\" \/>\n<meta property=\"og:image\" content=\"http:\/\/conexion23.com\/wp-content\/uploads\/2024\/11\/v-vdz.jpg\" \/>\n\t<meta property=\"og:image:width\" content=\"278\" \/>\n\t<meta property=\"og:image:height\" content=\"168\" \/>\n\t<meta property=\"og:image:type\" content=\"image\/jpeg\" \/>\n<meta name=\"author\" content=\"Raffy Ben\u00edtez\" \/>\n<meta name=\"twitter:card\" content=\"summary_large_image\" \/>\n<meta name=\"twitter:label1\" content=\"Escrito por\" \/>\n\t<meta name=\"twitter:data1\" content=\"Raffy Ben\u00edtez\" \/>\n\t<meta name=\"twitter:label2\" content=\"Tiempo de lectura\" \/>\n\t<meta name=\"twitter:data2\" content=\"1 minuto\" \/>\n<script type=\"application\/ld+json\" class=\"yoast-schema-graph\">{\"@context\":\"https:\/\/schema.org\",\"@graph\":[{\"@type\":\"Article\",\"@id\":\"http:\/\/conexion23.com\/?p=34744#article\",\"isPartOf\":{\"@id\":\"http:\/\/conexion23.com\/?p=34744\"},\"author\":{\"name\":\"Raffy Ben\u00edtez\",\"@id\":\"https:\/\/conexion23.com\/#\/schema\/person\/03e36043331117e97a373299bbcd30a6\"},\"headline\":\"Diputado Alcib\u00edades Tav\u00e1rez apoya proyecto de ley que declara a San Pedro de Macor\u00eds provincia ecotur\u00edstica\",\"datePublished\":\"2024-11-14T12:39:44+00:00\",\"dateModified\":\"2024-11-14T12:39:46+00:00\",\"mainEntityOfPage\":{\"@id\":\"http:\/\/conexion23.com\/?p=34744\"},\"wordCount\":113,\"commentCount\":0,\"publisher\":{\"@id\":\"https:\/\/conexion23.com\/#organization\"},\"image\":{\"@id\":\"http:\/\/conexion23.com\/?p=34744#primaryimage\"},\"thumbnailUrl\":\"https:\/\/conexion23.com\/wp-content\/uploads\/2024\/11\/v-vdz.jpg\",\"articleSection\":[\"SPM\"],\"inLanguage\":\"es\",\"potentialAction\":[{\"@type\":\"CommentAction\",\"name\":\"Comment\",\"target\":[\"http:\/\/conexion23.com\/?p=34744#respond\"]}]},{\"@type\":\"WebPage\",\"@id\":\"http:\/\/conexion23.com\/?p=34744\",\"url\":\"http:\/\/conexion23.com\/?p=34744\",\"name\":\"Diputado Alcib\u00edades Tav\u00e1rez apoya proyecto de ley que declara a San Pedro de Macor\u00eds provincia ecotur\u00edstica - Conexi\u00f3n 23\",\"isPartOf\":{\"@id\":\"https:\/\/conexion23.com\/#website\"},\"primaryImageOfPage\":{\"@id\":\"http:\/\/conexion23.com\/?p=34744#primaryimage\"},\"image\":{\"@id\":\"http:\/\/conexion23.com\/?p=34744#primaryimage\"},\"thumbnailUrl\":\"https:\/\/conexion23.com\/wp-content\/uploads\/2024\/11\/v-vdz.jpg\",\"datePublished\":\"2024-11-14T12:39:44+00:00\",\"dateModified\":\"2024-11-14T12:39:46+00:00\",\"breadcrumb\":{\"@id\":\"http:\/\/conexion23.com\/?p=34744#breadcrumb\"},\"inLanguage\":\"es\",\"potentialAction\":[{\"@type\":\"ReadAction\",\"target\":[\"http:\/\/conexion23.com\/?p=34744\"]}]},{\"@type\":\"ImageObject\",\"inLanguage\":\"es\",\"@id\":\"http:\/\/conexion23.com\/?p=34744#primaryimage\",\"url\":\"https:\/\/conexion23.com\/wp-content\/uploads\/2024\/11\/v-vdz.jpg\",\"contentUrl\":\"https:\/\/conexion23.com\/wp-content\/uploads\/2024\/11\/v-vdz.jpg\",\"width\":278,\"height\":168},{\"@type\":\"BreadcrumbList\",\"@id\":\"http:\/\/conexion23.com\/?p=34744#breadcrumb\",\"itemListElement\":[{\"@type\":\"ListItem\",\"position\":1,\"name\":\"Portada\",\"item\":\"https:\/\/conexion23.com\/\"},{\"@type\":\"ListItem\",\"position\":2,\"name\":\"Diputado Alcib\u00edades Tav\u00e1rez apoya proyecto de ley que declara a San Pedro de Macor\u00eds provincia ecotur\u00edstica\"}]},{\"@type\":\"WebSite\",\"@id\":\"https:\/\/conexion23.com\/#website\",\"url\":\"https:\/\/conexion23.com\/\",\"name\":\"Conexi\u00f3n 23\",\"description\":\"Peri\u00f3dico 100% Petromacorisano\",\"publisher\":{\"@id\":\"https:\/\/conexion23.com\/#organization\"},\"potentialAction\":[{\"@type\":\"SearchAction\",\"target\":{\"@type\":\"EntryPoint\",\"urlTemplate\":\"https:\/\/conexion23.com\/?s={search_term_string}\"},\"query-input\":{\"@type\":\"PropertyValueSpecification\",\"valueRequired\":true,\"valueName\":\"search_term_string\"}}],\"inLanguage\":\"es\"},{\"@type\":\"Organization\",\"@id\":\"https:\/\/conexion23.com\/#organization\",\"name\":\"Conexion 23\",\"url\":\"https:\/\/conexion23.com\/\",\"logo\":{\"@type\":\"ImageObject\",\"inLanguage\":\"es\",\"@id\":\"https:\/\/conexion23.com\/#\/schema\/logo\/image\/\",\"url\":\"https:\/\/conexion23.com\/wp-content\/uploads\/2021\/11\/Diseno-sin-titulo-2.png\",\"contentUrl\":\"https:\/\/conexion23.com\/wp-content\/uploads\/2021\/11\/Diseno-sin-titulo-2.png\",\"width\":541,\"height\":90,\"caption\":\"Conexion 23\"},\"image\":{\"@id\":\"https:\/\/conexion23.com\/#\/schema\/logo\/image\/\"},\"sameAs\":[\"https:\/\/www.facebook.com\/conexion23com\",\"https:\/\/www.instagram.com\/conexion23com\/\",\"https:\/\/www.youtube.com\/channel\/UCYc7vxxFZMYLIHNsHHxPZ3Q\"]},{\"@type\":\"Person\",\"@id\":\"https:\/\/conexion23.com\/#\/schema\/person\/03e36043331117e97a373299bbcd30a6\",\"name\":\"Raffy Ben\u00edtez\",\"image\":{\"@type\":\"ImageObject\",\"inLanguage\":\"es\",\"@id\":\"https:\/\/conexion23.com\/#\/schema\/person\/image\/\",\"url\":\"https:\/\/secure.gravatar.com\/avatar\/3190a6a6c5e1b0327500f7d6c56b6242472ee6cb974cf09b401ee6b3b0798f23?s=96&d=mm&r=g\",\"contentUrl\":\"https:\/\/secure.gravatar.com\/avatar\/3190a6a6c5e1b0327500f7d6c56b6242472ee6cb974cf09b401ee6b3b0798f23?s=96&d=mm&r=g\",\"caption\":\"Raffy Ben\u00edtez\"},\"url\":\"https:\/\/conexion23.com\/?author=15\"}]}<\/script>\n<!-- \/ Yoast SEO plugin. -->","yoast_head_json":{"title":"Diputado Alcib\u00edades Tav\u00e1rez apoya proyecto de ley que declara a San Pedro de Macor\u00eds provincia ecotur\u00edstica - Conexi\u00f3n 23","robots":{"index":"index","follow":"follow","max-snippet":"max-snippet:-1","max-image-preview":"max-image-preview:large","max-video-preview":"max-video-preview:-1"},"canonical":"http:\/\/conexion23.com\/?p=34744","og_locale":"es_ES","og_type":"article","og_title":"Diputado Alcib\u00edades Tav\u00e1rez apoya proyecto de ley que declara a San Pedro de Macor\u00eds provincia ecotur\u00edstica - Conexi\u00f3n 23","og_description":"El Diputado Alcib\u00edades Tav\u00e1rez se adhiri\u00f3 y apoy\u00f3 firmemente el Proyecto de Ley que declara a San Pedro de Macor\u00eds como Provincia Ecoturistica de la autor\u00eda de la Diputada Carlixta Carolina Paula. En su exposici\u00f3n Tav\u00e1rez destac\u00f3 el potencial que posee La Sultana del Este, con sus playas, r\u00edos, balnearios, Lagunas de Mallen, La Cueva [&hellip;]","og_url":"http:\/\/conexion23.com\/?p=34744","og_site_name":"Conexi\u00f3n 23","article_publisher":"https:\/\/www.facebook.com\/conexion23com","article_published_time":"2024-11-14T12:39:44+00:00","article_modified_time":"2024-11-14T12:39:46+00:00","og_image":[{"width":278,"height":168,"url":"http:\/\/conexion23.com\/wp-content\/uploads\/2024\/11\/v-vdz.jpg","type":"image\/jpeg"}],"author":"Raffy Ben\u00edtez","twitter_card":"summary_large_image","twitter_misc":{"Escrito por":"Raffy Ben\u00edtez","Tiempo de lectura":"1 minuto"},"schema":{"@context":"https:\/\/schema.org","@graph":[{"@type":"Article","@id":"http:\/\/conexion23.com\/?p=34744#article","isPartOf":{"@id":"http:\/\/conexion23.com\/?p=34744"},"author":{"name":"Raffy Ben\u00edtez","@id":"https:\/\/conexion23.com\/#\/schema\/person\/03e36043331117e97a373299bbcd30a6"},"headline":"Diputado Alcib\u00edades Tav\u00e1rez apoya proyecto de ley que declara a San Pedro de Macor\u00eds provincia ecotur\u00edstica","datePublished":"2024-11-14T12:39:44+00:00","dateModified":"2024-11-14T12:39:46+00:00","mainEntityOfPage":{"@id":"http:\/\/conexion23.com\/?p=34744"},"wordCount":113,"commentCount":0,"publisher":{"@id":"https:\/\/conexion23.com\/#organization"},"image":{"@id":"http:\/\/conexion23.com\/?p=34744#primaryimage"},"thumbnailUrl":"https:\/\/conexion23.com\/wp-content\/uploads\/2024\/11\/v-vdz.jpg","articleSection":["SPM"],"inLanguage":"es","potentialAction":[{"@type":"CommentAction","name":"Comment","target":["http:\/\/conexion23.com\/?p=34744#respond"]}]},{"@type":"WebPage","@id":"http:\/\/conexion23.com\/?p=34744","url":"http:\/\/conexion23.com\/?p=34744","name":"Diputado Alcib\u00edades Tav\u00e1rez apoya proyecto de ley que declara a San Pedro de Macor\u00eds provincia ecotur\u00edstica - Conexi\u00f3n 23","isPartOf":{"@id":"https:\/\/conexion23.com\/#website"},"primaryImageOfPage":{"@id":"http:\/\/conexion23.com\/?p=34744#primaryimage"},"image":{"@id":"http:\/\/conexion23.com\/?p=34744#primaryimage"},"thumbnailUrl":"https:\/\/conexion23.com\/wp-content\/uploads\/2024\/11\/v-vdz.jpg","datePublished":"2024-11-14T12:39:44+00:00","dateModified":"2024-11-14T12:39:46+00:00","breadcrumb":{"@id":"http:\/\/conexion23.com\/?p=34744#breadcrumb"},"inLanguage":"es","potentialAction":[{"@type":"ReadAction","target":["http:\/\/conexion23.com\/?p=34744"]}]},{"@type":"ImageObject","inLanguage":"es","@id":"http:\/\/conexion23.com\/?p=34744#primaryimage","url":"https:\/\/conexion23.com\/wp-content\/uploads\/2024\/11\/v-vdz.jpg","contentUrl":"https:\/\/conexion23.com\/wp-content\/uploads\/2024\/11\/v-vdz.jpg","width":278,"height":168},{"@type":"BreadcrumbList","@id":"http:\/\/conexion23.com\/?p=34744#breadcrumb","itemListElement":[{"@type":"ListItem","position":1,"name":"Portada","item":"https:\/\/conexion23.com\/"},{"@type":"ListItem","position":2,"name":"Diputado Alcib\u00edades Tav\u00e1rez apoya proyecto de ley que declara a San Pedro de Macor\u00eds provincia ecotur\u00edstica"}]},{"@type":"WebSite","@id":"https:\/\/conexion23.com\/#website","url":"https:\/\/conexion23.com\/","name":"Conexi\u00f3n 23","description":"Peri\u00f3dico 100% Petromacorisano","publisher":{"@id":"https:\/\/conexion23.com\/#organization"},"potentialAction":[{"@type":"SearchAction","target":{"@type":"EntryPoint","urlTemplate":"https:\/\/conexion23.com\/?s={search_term_string}"},"query-input":{"@type":"PropertyValueSpecification","valueRequired":true,"valueName":"search_term_string"}}],"inLanguage":"es"},{"@type":"Organization","@id":"https:\/\/conexion23.com\/#organization","name":"Conexion 23","url":"https:\/\/conexion23.com\/","logo":{"@type":"ImageObject","inLanguage":"es","@id":"https:\/\/conexion23.com\/#\/schema\/logo\/image\/","url":"https:\/\/conexion23.com\/wp-content\/uploads\/2021\/11\/Diseno-sin-titulo-2.png","contentUrl":"https:\/\/conexion23.com\/wp-content\/uploads\/2021\/11\/Diseno-sin-titulo-2.png","width":541,"height":90,"caption":"Conexion 23"},"image":{"@id":"https:\/\/conexion23.com\/#\/schema\/logo\/image\/"},"sameAs":["https:\/\/www.facebook.com\/conexion23com","https:\/\/www.instagram.com\/conexion23com\/","https:\/\/www.youtube.com\/channel\/UCYc7vxxFZMYLIHNsHHxPZ3Q"]},{"@type":"Person","@id":"https:\/\/conexion23.com\/#\/schema\/person\/03e36043331117e97a373299bbcd30a6","name":"Raffy Ben\u00edtez","image":{"@type":"ImageObject","inLanguage":"es","@id":"https:\/\/conexion23.com\/#\/schema\/person\/image\/","url":"https:\/\/secure.gravatar.com\/avatar\/3190a6a6c5e1b0327500f7d6c56b6242472ee6cb974cf09b401ee6b3b0798f23?s=96&d=mm&r=g","contentUrl":"https:\/\/secure.gravatar.com\/avatar\/3190a6a6c5e1b0327500f7d6c56b6242472ee6cb974cf09b401ee6b3b0798f23?s=96&d=mm&r=g","caption":"Raffy Ben\u00edtez"},"url":"https:\/\/conexion23.com\/?author=15"}]}},"_links":{"self":[{"href":"https:\/\/conexion23.com\/index.php?rest_route=\/wp\/v2\/posts\/34744","targetHints":{"allow":["GET"]}}],"collection":[{"href":"https:\/\/conexion23.com\/index.php?rest_route=\/wp\/v2\/posts"}],"about":[{"href":"https:\/\/conexion23.com\/index.php?rest_route=\/wp\/v2\/types\/post"}],"author":[{"embeddable":true,"href":"https:\/\/conexion23.com\/index.php?rest_route=\/wp\/v2\/users\/15"}],"replies":[{"embeddable":true,"href":"https:\/\/conexion23.com\/index.php?rest_route=%2Fwp%2Fv2%2Fcomments&post=34744"}],"version-history":[{"count":1,"href":"https:\/\/conexion23.com\/index.php?rest_route=\/wp\/v2\/posts\/34744\/revisions"}],"predecessor-version":[{"id":34746,"href":"https:\/\/conexion23.com\/index.php?rest_route=\/wp\/v2\/posts\/34744\/revisions\/34746"}],"wp:featuredmedia":[{"embeddable":true,"href":"https:\/\/conexion23.com\/index.php?rest_route=\/wp\/v2\/media\/34745"}],"wp:attachment":[{"href":"https:\/\/conexion23.com\/index.php?rest_route=%2Fwp%2Fv2%2Fmedia&parent=34744"}],"wp:term":[{"taxonomy":"category","embeddable":true,"href":"https:\/\/conexion23.com\/index.php?rest_route=%2Fwp%2Fv2%2Fcategories&post=34744"},{"taxonomy":"post_tag","embeddable":true,"href":"https:\/\/conexion23.com\/index.php?rest_route=%2Fwp%2Fv2%2Ftags&post=34744"}],"curies":[{"name":"wp","href":"https:\/\/api.w.org\/{rel}","templated":true}]}}