{"id":34822,"date":"2024-11-16T07:53:48","date_gmt":"2024-11-16T11:53:48","guid":{"rendered":"https:\/\/conexion23.com\/?p=34822"},"modified":"2024-11-16T07:53:50","modified_gmt":"2024-11-16T11:53:50","slug":"moradores-de-villa-faro-dos-denuncian-invasion-de-espacios-publicos-y-falta-de-respuesta-del-ayuntamiento","status":"publish","type":"post","link":"https:\/\/conexion23.com\/?p=34822","title":{"rendered":"Moradores de Villa Faro Dos Denuncian Invasi\u00f3n de Espacios P\u00fablicos y Falta de Respuesta del Ayuntamiento."},"content":{"rendered":"\n<p>Residentes del sector Villa Faro Dos expresaron su preocupaci\u00f3n ante la ocupaci\u00f3n de espacios p\u00fablicos en la intersecci\u00f3n de las calles Tortuguero y Rodrigo Estariana. Seg\u00fan los denunciantes, personas malintencionadas est\u00e1n ampliando sus solares a costa de \u00e1reas comunes, lo que estrecha las v\u00edas y dificulta el acceso de veh\u00edculos, especialmente en caso de emergencias.<\/p>\n\n\n\n<p>A pesar de las reiteradas visitas de inspectores del Ayuntamiento, los residentes alegan que no se han tomado medidas efectivas para resolver esta problem\u00e1tica. La comunidad exige una pronta intervenci\u00f3n para garantizar la libre circulaci\u00f3n y la seguridad en la zona.<\/p>\n","protected":false},"excerpt":{"rendered":"<p>Residentes del sector Villa Faro Dos expresaron su preocupaci\u00f3n ante la ocupaci\u00f3n de espacios p\u00fablicos en la intersecci\u00f3n de las calles Tortuguero y Rodrigo Estariana. Seg\u00fan los denunciantes, personas malintencionadas est\u00e1n ampliando sus solares a costa de \u00e1reas comunes, lo que estrecha las v\u00edas y dificulta el acceso de veh\u00edculos, especialmente en caso de emergencias. [&hellip;]<\/p>\n","protected":false},"author":15,"featured_media":34823,"comment_status":"open","ping_status":"open","sticky":false,"template":"","format":"standard","meta":{"footnotes":""},"categories":[35],"tags":[],"class_list":{"0":"post-34822","1":"post","2":"type-post","3":"status-publish","4":"format-standard","5":"has-post-thumbnail","7":"category-spm"},"yoast_head":"<!-- This site is optimized with the Yoast SEO plugin v27.1.1 - https:\/\/yoast.com\/product\/yoast-seo-wordpress\/ -->\n<title>Moradores de Villa Faro Dos Denuncian Invasi\u00f3n de Espacios P\u00fablicos y Falta de Respuesta del Ayuntamiento. - Conexi\u00f3n 23<\/title>\n<meta name=\"robots\" content=\"index, follow, max-snippet:-1, max-image-preview:large, max-video-preview:-1\" \/>\n<link rel=\"canonical\" href=\"http:\/\/conexion23.com\/?p=34822\" \/>\n<meta property=\"og:locale\" content=\"es_ES\" \/>\n<meta property=\"og:type\" content=\"article\" \/>\n<meta property=\"og:title\" content=\"Moradores de Villa Faro Dos Denuncian Invasi\u00f3n de Espacios P\u00fablicos y Falta de Respuesta del Ayuntamiento. - Conexi\u00f3n 23\" \/>\n<meta property=\"og:description\" content=\"Residentes del sector Villa Faro Dos expresaron su preocupaci\u00f3n ante la ocupaci\u00f3n de espacios p\u00fablicos en la intersecci\u00f3n de las calles Tortuguero y Rodrigo Estariana. Seg\u00fan los denunciantes, personas malintencionadas est\u00e1n ampliando sus solares a costa de \u00e1reas comunes, lo que estrecha las v\u00edas y dificulta el acceso de veh\u00edculos, especialmente en caso de emergencias. [&hellip;]\" \/>\n<meta property=\"og:url\" content=\"http:\/\/conexion23.com\/?p=34822\" \/>\n<meta property=\"og:site_name\" content=\"Conexi\u00f3n 23\" \/>\n<meta property=\"article:publisher\" content=\"https:\/\/www.facebook.com\/conexion23com\" \/>\n<meta property=\"article:published_time\" content=\"2024-11-16T11:53:48+00:00\" \/>\n<meta property=\"article:modified_time\" content=\"2024-11-16T11:53:50+00:00\" \/>\n<meta property=\"og:image\" content=\"http:\/\/conexion23.com\/wp-content\/uploads\/2024\/11\/nnnn.jpg\" \/>\n\t<meta property=\"og:image:width\" content=\"1204\" \/>\n\t<meta property=\"og:image:height\" content=\"1575\" \/>\n\t<meta property=\"og:image:type\" content=\"image\/jpeg\" \/>\n<meta name=\"author\" content=\"Raffy Ben\u00edtez\" \/>\n<meta name=\"twitter:card\" content=\"summary_large_image\" \/>\n<meta name=\"twitter:label1\" content=\"Escrito por\" \/>\n\t<meta name=\"twitter:data1\" content=\"Raffy Ben\u00edtez\" \/>\n\t<meta name=\"twitter:label2\" content=\"Tiempo de lectura\" \/>\n\t<meta name=\"twitter:data2\" content=\"1 minuto\" \/>\n<script type=\"application\/ld+json\" class=\"yoast-schema-graph\">{\"@context\":\"https:\/\/schema.org\",\"@graph\":[{\"@type\":\"Article\",\"@id\":\"http:\/\/conexion23.com\/?p=34822#article\",\"isPartOf\":{\"@id\":\"http:\/\/conexion23.com\/?p=34822\"},\"author\":{\"name\":\"Raffy Ben\u00edtez\",\"@id\":\"https:\/\/conexion23.com\/#\/schema\/person\/03e36043331117e97a373299bbcd30a6\"},\"headline\":\"Moradores de Villa Faro Dos Denuncian Invasi\u00f3n de Espacios P\u00fablicos y Falta de Respuesta del Ayuntamiento.\",\"datePublished\":\"2024-11-16T11:53:48+00:00\",\"dateModified\":\"2024-11-16T11:53:50+00:00\",\"mainEntityOfPage\":{\"@id\":\"http:\/\/conexion23.com\/?p=34822\"},\"wordCount\":125,\"commentCount\":0,\"publisher\":{\"@id\":\"https:\/\/conexion23.com\/#organization\"},\"image\":{\"@id\":\"http:\/\/conexion23.com\/?p=34822#primaryimage\"},\"thumbnailUrl\":\"https:\/\/conexion23.com\/wp-content\/uploads\/2024\/11\/nnnn.jpg\",\"articleSection\":[\"SPM\"],\"inLanguage\":\"es\",\"potentialAction\":[{\"@type\":\"CommentAction\",\"name\":\"Comment\",\"target\":[\"http:\/\/conexion23.com\/?p=34822#respond\"]}]},{\"@type\":\"WebPage\",\"@id\":\"http:\/\/conexion23.com\/?p=34822\",\"url\":\"http:\/\/conexion23.com\/?p=34822\",\"name\":\"Moradores de Villa Faro Dos Denuncian Invasi\u00f3n de Espacios P\u00fablicos y Falta de Respuesta del Ayuntamiento. - Conexi\u00f3n 23\",\"isPartOf\":{\"@id\":\"https:\/\/conexion23.com\/#website\"},\"primaryImageOfPage\":{\"@id\":\"http:\/\/conexion23.com\/?p=34822#primaryimage\"},\"image\":{\"@id\":\"http:\/\/conexion23.com\/?p=34822#primaryimage\"},\"thumbnailUrl\":\"https:\/\/conexion23.com\/wp-content\/uploads\/2024\/11\/nnnn.jpg\",\"datePublished\":\"2024-11-16T11:53:48+00:00\",\"dateModified\":\"2024-11-16T11:53:50+00:00\",\"breadcrumb\":{\"@id\":\"http:\/\/conexion23.com\/?p=34822#breadcrumb\"},\"inLanguage\":\"es\",\"potentialAction\":[{\"@type\":\"ReadAction\",\"target\":[\"http:\/\/conexion23.com\/?p=34822\"]}]},{\"@type\":\"ImageObject\",\"inLanguage\":\"es\",\"@id\":\"http:\/\/conexion23.com\/?p=34822#primaryimage\",\"url\":\"https:\/\/conexion23.com\/wp-content\/uploads\/2024\/11\/nnnn.jpg\",\"contentUrl\":\"https:\/\/conexion23.com\/wp-content\/uploads\/2024\/11\/nnnn.jpg\",\"width\":1204,\"height\":1575},{\"@type\":\"BreadcrumbList\",\"@id\":\"http:\/\/conexion23.com\/?p=34822#breadcrumb\",\"itemListElement\":[{\"@type\":\"ListItem\",\"position\":1,\"name\":\"Portada\",\"item\":\"https:\/\/conexion23.com\/\"},{\"@type\":\"ListItem\",\"position\":2,\"name\":\"Moradores de Villa Faro Dos Denuncian Invasi\u00f3n de Espacios P\u00fablicos y Falta de Respuesta del Ayuntamiento.\"}]},{\"@type\":\"WebSite\",\"@id\":\"https:\/\/conexion23.com\/#website\",\"url\":\"https:\/\/conexion23.com\/\",\"name\":\"Conexi\u00f3n 23\",\"description\":\"Peri\u00f3dico 100% Petromacorisano\",\"publisher\":{\"@id\":\"https:\/\/conexion23.com\/#organization\"},\"potentialAction\":[{\"@type\":\"SearchAction\",\"target\":{\"@type\":\"EntryPoint\",\"urlTemplate\":\"https:\/\/conexion23.com\/?s={search_term_string}\"},\"query-input\":{\"@type\":\"PropertyValueSpecification\",\"valueRequired\":true,\"valueName\":\"search_term_string\"}}],\"inLanguage\":\"es\"},{\"@type\":\"Organization\",\"@id\":\"https:\/\/conexion23.com\/#organization\",\"name\":\"Conexion 23\",\"url\":\"https:\/\/conexion23.com\/\",\"logo\":{\"@type\":\"ImageObject\",\"inLanguage\":\"es\",\"@id\":\"https:\/\/conexion23.com\/#\/schema\/logo\/image\/\",\"url\":\"https:\/\/conexion23.com\/wp-content\/uploads\/2021\/11\/Diseno-sin-titulo-2.png\",\"contentUrl\":\"https:\/\/conexion23.com\/wp-content\/uploads\/2021\/11\/Diseno-sin-titulo-2.png\",\"width\":541,\"height\":90,\"caption\":\"Conexion 23\"},\"image\":{\"@id\":\"https:\/\/conexion23.com\/#\/schema\/logo\/image\/\"},\"sameAs\":[\"https:\/\/www.facebook.com\/conexion23com\",\"https:\/\/www.instagram.com\/conexion23com\/\",\"https:\/\/www.youtube.com\/channel\/UCYc7vxxFZMYLIHNsHHxPZ3Q\"]},{\"@type\":\"Person\",\"@id\":\"https:\/\/conexion23.com\/#\/schema\/person\/03e36043331117e97a373299bbcd30a6\",\"name\":\"Raffy Ben\u00edtez\",\"image\":{\"@type\":\"ImageObject\",\"inLanguage\":\"es\",\"@id\":\"https:\/\/conexion23.com\/#\/schema\/person\/image\/\",\"url\":\"https:\/\/secure.gravatar.com\/avatar\/3190a6a6c5e1b0327500f7d6c56b6242472ee6cb974cf09b401ee6b3b0798f23?s=96&d=mm&r=g\",\"contentUrl\":\"https:\/\/secure.gravatar.com\/avatar\/3190a6a6c5e1b0327500f7d6c56b6242472ee6cb974cf09b401ee6b3b0798f23?s=96&d=mm&r=g\",\"caption\":\"Raffy Ben\u00edtez\"},\"url\":\"https:\/\/conexion23.com\/?author=15\"}]}<\/script>\n<!-- \/ Yoast SEO plugin. -->","yoast_head_json":{"title":"Moradores de Villa Faro Dos Denuncian Invasi\u00f3n de Espacios P\u00fablicos y Falta de Respuesta del Ayuntamiento. - Conexi\u00f3n 23","robots":{"index":"index","follow":"follow","max-snippet":"max-snippet:-1","max-image-preview":"max-image-preview:large","max-video-preview":"max-video-preview:-1"},"canonical":"http:\/\/conexion23.com\/?p=34822","og_locale":"es_ES","og_type":"article","og_title":"Moradores de Villa Faro Dos Denuncian Invasi\u00f3n de Espacios P\u00fablicos y Falta de Respuesta del Ayuntamiento. - Conexi\u00f3n 23","og_description":"Residentes del sector Villa Faro Dos expresaron su preocupaci\u00f3n ante la ocupaci\u00f3n de espacios p\u00fablicos en la intersecci\u00f3n de las calles Tortuguero y Rodrigo Estariana. Seg\u00fan los denunciantes, personas malintencionadas est\u00e1n ampliando sus solares a costa de \u00e1reas comunes, lo que estrecha las v\u00edas y dificulta el acceso de veh\u00edculos, especialmente en caso de emergencias. [&hellip;]","og_url":"http:\/\/conexion23.com\/?p=34822","og_site_name":"Conexi\u00f3n 23","article_publisher":"https:\/\/www.facebook.com\/conexion23com","article_published_time":"2024-11-16T11:53:48+00:00","article_modified_time":"2024-11-16T11:53:50+00:00","og_image":[{"width":1204,"height":1575,"url":"http:\/\/conexion23.com\/wp-content\/uploads\/2024\/11\/nnnn.jpg","type":"image\/jpeg"}],"author":"Raffy Ben\u00edtez","twitter_card":"summary_large_image","twitter_misc":{"Escrito por":"Raffy Ben\u00edtez","Tiempo de lectura":"1 minuto"},"schema":{"@context":"https:\/\/schema.org","@graph":[{"@type":"Article","@id":"http:\/\/conexion23.com\/?p=34822#article","isPartOf":{"@id":"http:\/\/conexion23.com\/?p=34822"},"author":{"name":"Raffy Ben\u00edtez","@id":"https:\/\/conexion23.com\/#\/schema\/person\/03e36043331117e97a373299bbcd30a6"},"headline":"Moradores de Villa Faro Dos Denuncian Invasi\u00f3n de Espacios P\u00fablicos y Falta de Respuesta del Ayuntamiento.","datePublished":"2024-11-16T11:53:48+00:00","dateModified":"2024-11-16T11:53:50+00:00","mainEntityOfPage":{"@id":"http:\/\/conexion23.com\/?p=34822"},"wordCount":125,"commentCount":0,"publisher":{"@id":"https:\/\/conexion23.com\/#organization"},"image":{"@id":"http:\/\/conexion23.com\/?p=34822#primaryimage"},"thumbnailUrl":"https:\/\/conexion23.com\/wp-content\/uploads\/2024\/11\/nnnn.jpg","articleSection":["SPM"],"inLanguage":"es","potentialAction":[{"@type":"CommentAction","name":"Comment","target":["http:\/\/conexion23.com\/?p=34822#respond"]}]},{"@type":"WebPage","@id":"http:\/\/conexion23.com\/?p=34822","url":"http:\/\/conexion23.com\/?p=34822","name":"Moradores de Villa Faro Dos Denuncian Invasi\u00f3n de Espacios P\u00fablicos y Falta de Respuesta del Ayuntamiento. - Conexi\u00f3n 23","isPartOf":{"@id":"https:\/\/conexion23.com\/#website"},"primaryImageOfPage":{"@id":"http:\/\/conexion23.com\/?p=34822#primaryimage"},"image":{"@id":"http:\/\/conexion23.com\/?p=34822#primaryimage"},"thumbnailUrl":"https:\/\/conexion23.com\/wp-content\/uploads\/2024\/11\/nnnn.jpg","datePublished":"2024-11-16T11:53:48+00:00","dateModified":"2024-11-16T11:53:50+00:00","breadcrumb":{"@id":"http:\/\/conexion23.com\/?p=34822#breadcrumb"},"inLanguage":"es","potentialAction":[{"@type":"ReadAction","target":["http:\/\/conexion23.com\/?p=34822"]}]},{"@type":"ImageObject","inLanguage":"es","@id":"http:\/\/conexion23.com\/?p=34822#primaryimage","url":"https:\/\/conexion23.com\/wp-content\/uploads\/2024\/11\/nnnn.jpg","contentUrl":"https:\/\/conexion23.com\/wp-content\/uploads\/2024\/11\/nnnn.jpg","width":1204,"height":1575},{"@type":"BreadcrumbList","@id":"http:\/\/conexion23.com\/?p=34822#breadcrumb","itemListElement":[{"@type":"ListItem","position":1,"name":"Portada","item":"https:\/\/conexion23.com\/"},{"@type":"ListItem","position":2,"name":"Moradores de Villa Faro Dos Denuncian Invasi\u00f3n de Espacios P\u00fablicos y Falta de Respuesta del Ayuntamiento."}]},{"@type":"WebSite","@id":"https:\/\/conexion23.com\/#website","url":"https:\/\/conexion23.com\/","name":"Conexi\u00f3n 23","description":"Peri\u00f3dico 100% Petromacorisano","publisher":{"@id":"https:\/\/conexion23.com\/#organization"},"potentialAction":[{"@type":"SearchAction","target":{"@type":"EntryPoint","urlTemplate":"https:\/\/conexion23.com\/?s={search_term_string}"},"query-input":{"@type":"PropertyValueSpecification","valueRequired":true,"valueName":"search_term_string"}}],"inLanguage":"es"},{"@type":"Organization","@id":"https:\/\/conexion23.com\/#organization","name":"Conexion 23","url":"https:\/\/conexion23.com\/","logo":{"@type":"ImageObject","inLanguage":"es","@id":"https:\/\/conexion23.com\/#\/schema\/logo\/image\/","url":"https:\/\/conexion23.com\/wp-content\/uploads\/2021\/11\/Diseno-sin-titulo-2.png","contentUrl":"https:\/\/conexion23.com\/wp-content\/uploads\/2021\/11\/Diseno-sin-titulo-2.png","width":541,"height":90,"caption":"Conexion 23"},"image":{"@id":"https:\/\/conexion23.com\/#\/schema\/logo\/image\/"},"sameAs":["https:\/\/www.facebook.com\/conexion23com","https:\/\/www.instagram.com\/conexion23com\/","https:\/\/www.youtube.com\/channel\/UCYc7vxxFZMYLIHNsHHxPZ3Q"]},{"@type":"Person","@id":"https:\/\/conexion23.com\/#\/schema\/person\/03e36043331117e97a373299bbcd30a6","name":"Raffy Ben\u00edtez","image":{"@type":"ImageObject","inLanguage":"es","@id":"https:\/\/conexion23.com\/#\/schema\/person\/image\/","url":"https:\/\/secure.gravatar.com\/avatar\/3190a6a6c5e1b0327500f7d6c56b6242472ee6cb974cf09b401ee6b3b0798f23?s=96&d=mm&r=g","contentUrl":"https:\/\/secure.gravatar.com\/avatar\/3190a6a6c5e1b0327500f7d6c56b6242472ee6cb974cf09b401ee6b3b0798f23?s=96&d=mm&r=g","caption":"Raffy Ben\u00edtez"},"url":"https:\/\/conexion23.com\/?author=15"}]}},"_links":{"self":[{"href":"https:\/\/conexion23.com\/index.php?rest_route=\/wp\/v2\/posts\/34822","targetHints":{"allow":["GET"]}}],"collection":[{"href":"https:\/\/conexion23.com\/index.php?rest_route=\/wp\/v2\/posts"}],"about":[{"href":"https:\/\/conexion23.com\/index.php?rest_route=\/wp\/v2\/types\/post"}],"author":[{"embeddable":true,"href":"https:\/\/conexion23.com\/index.php?rest_route=\/wp\/v2\/users\/15"}],"replies":[{"embeddable":true,"href":"https:\/\/conexion23.com\/index.php?rest_route=%2Fwp%2Fv2%2Fcomments&post=34822"}],"version-history":[{"count":1,"href":"https:\/\/conexion23.com\/index.php?rest_route=\/wp\/v2\/posts\/34822\/revisions"}],"predecessor-version":[{"id":34824,"href":"https:\/\/conexion23.com\/index.php?rest_route=\/wp\/v2\/posts\/34822\/revisions\/34824"}],"wp:featuredmedia":[{"embeddable":true,"href":"https:\/\/conexion23.com\/index.php?rest_route=\/wp\/v2\/media\/34823"}],"wp:attachment":[{"href":"https:\/\/conexion23.com\/index.php?rest_route=%2Fwp%2Fv2%2Fmedia&parent=34822"}],"wp:term":[{"taxonomy":"category","embeddable":true,"href":"https:\/\/conexion23.com\/index.php?rest_route=%2Fwp%2Fv2%2Fcategories&post=34822"},{"taxonomy":"post_tag","embeddable":true,"href":"https:\/\/conexion23.com\/index.php?rest_route=%2Fwp%2Fv2%2Ftags&post=34822"}],"curies":[{"name":"wp","href":"https:\/\/api.w.org\/{rel}","templated":true}]}}