{"id":34829,"date":"2024-11-16T08:08:56","date_gmt":"2024-11-16T12:08:56","guid":{"rendered":"https:\/\/conexion23.com\/?p=34829"},"modified":"2024-11-16T08:08:58","modified_gmt":"2024-11-16T12:08:58","slug":"cuales-son-los-puntos-pactados-entre-el-cmd-y-el-gabinete-de-salud","status":"publish","type":"post","link":"https:\/\/conexion23.com\/?p=34829","title":{"rendered":"\u00bfCu\u00e1les son los puntos pactados entre el CMD y el Gabinete de Salud?"},"content":{"rendered":"\n<p>El presidente del&nbsp;<strong>Colegio M\u00e9dico<\/strong>&nbsp;Dominicano (<strong>CMD<\/strong>),&nbsp;<strong>Waldo Ariel Suero<\/strong>, inform\u00f3 este viernes que, tras sostener un encuentro con la vicepresidenta de la Rep\u00fablica, Raquel Pe\u00f1a, ambas partes consensuaron el 90 % de las demandas de los facultativos, entre ellas un aumento salarial escalonado del 25 %, quedando sin efecto el paro de 96 horas convocado a partir del 19 de noviembre.<\/p>\n\n\n\n<p>Suero reiter\u00f3 que, de todos los puntos planteados, el&nbsp;<strong>aumento<\/strong>&nbsp;a los galenos era el de mayor peso, por lo que, inicialmente, solicitaban un 70 % y del cual recibieron una propuesta primaria de un 10 %, acci\u00f3n que fue rechazada por los m\u00e9dicos y que motiv\u00f3 el llamado a huelga.<\/p>\n\n\n\n<p>El 25 % del&nbsp;<strong>salario<\/strong>&nbsp;acordado ser\u00e1&nbsp;<strong>incrementado<\/strong>&nbsp;en tres&nbsp;<strong>partidas<\/strong>: un 10 % en enero de 2025; otro 10 % en junio de 2025 y el 5 % restante en enero de 2026.<\/p>\n\n\n\n<p>\u00abEstamos contentos con la decisi\u00f3n, fue un&nbsp;<strong>triunfo<\/strong>&nbsp;para la&nbsp;<strong>clase m\u00e9dica<\/strong>\u00ab, asegur\u00f3 el cardi\u00f3logo pediatra.<\/p>\n\n\n\n<p>Suero indic\u00f3 que, en t\u00e9rminos pr\u00e1cticos, el&nbsp;<strong>aumento<\/strong>&nbsp;es de 28.4 % porque, aunque sea escalonado, los nuevos porcentajes se ir\u00e1n sumando al&nbsp;<strong>salario<\/strong>&nbsp;anterior.<\/p>\n\n\n\n<p>\u00abHay que tener en cuenta que se logr\u00f3 ese&nbsp;<strong>acuerdo<\/strong>&nbsp;en medio de una&nbsp;<strong>crisis econ\u00f3mica<\/strong>, porque todos sabemos que el pa\u00eds est\u00e1 inmerso en medio de una&nbsp;<strong>crisis econ\u00f3mica<\/strong>&nbsp;y que se logr\u00f3 ese&nbsp;<strong>aumento<\/strong>&nbsp;sin reforma fiscal\u00bb, resalt\u00f3.<\/p>\n\n\n\n<p>Por tal motivo, la directiva del&nbsp;<strong>CMD<\/strong>&nbsp;decidi\u00f3 desistir del llamado a&nbsp;<strong>paro<\/strong>&nbsp;por 96 horas que se llevar\u00eda a cabo del 19 al 22 de noviembre en todos los&nbsp;<strong>hospitales<\/strong>&nbsp;del pa\u00eds.<\/p>\n\n\n\n<h2 class=\"wp-block-heading\">Otras&nbsp;<strong>conquistas<\/strong><\/h2>\n\n\n\n<p>Adem\u00e1s del&nbsp;<strong>aumento<\/strong>&nbsp;salarial, el doctor cit\u00f3 otros puntos negociados con el&nbsp;<strong>Gabinete de Salud<\/strong>&nbsp;que resultaron en grandes&nbsp;<strong>conquistas<\/strong>&nbsp;para los m\u00e9dicos.<\/p>\n\n\n\n<p>Estos incluyen:<\/p>\n\n\n\n<ul class=\"wp-block-list\">\n<li>A) Continuar y terminar con la construcci\u00f3n de los apartamentos del proyecto habitacional para m\u00e9dicos ubicado en la avenida Jacobo Majluta, por un costo de 240 millones de pesos (ya iniciado).<br>B) La nivelaci\u00f3n salarial de unos 400 m\u00e9dicos Covid (ya realizado).<br>C) La nivelaci\u00f3n salarial de los m\u00e9dicos del Ministerio de Salud P\u00fablica, que, aunque ya se inici\u00f3, Suero admiti\u00f3 que faltan algunos galenos por incluir.<br>D) Las pensiones se entregar\u00e1n de acuerdo con la Ley 414-98, cobrando el 100 % del salario al momento del retiro, los incentivos y la unificaci\u00f3n salarial de los m\u00e9dicos de los hospitales de Autogesti\u00f3n, del Instituto Dominicano de Prevenci\u00f3n y Protecci\u00f3n de Riesgos Laborales (Idoppril) y del hospital de los maestros (Semma), proceso ya iniciado.<br>E) Aumento de los incentivos por distancia de un 20 % a un 30 % a los m\u00e9dicos de la franja fronteriza.<br>F) Aumento de los incentivos de los m\u00e9dicos intensivistas de un 10 % a un 20 %.<br>G) Aumento de los incentivos de los emergenci\u00f3logos de un 10 % a un 30 %.<br>H) El aporte de 25 millones de pesos anuales para el Instituto de Previsi\u00f3n y Protecci\u00f3n Social del m\u00e9dico (IPPS) del CMD.<br>I) La disposici\u00f3n de mil cincuenta millones de pesos para los incentivos por antig\u00fcedad, as\u00ed como el pago de los incentivos por antig\u00fcedad a los m\u00e9dicos de los hospitales de autogesti\u00f3n, ambos procesos ya iniciados.<br>J) Disminuci\u00f3n del aporte del Seguro M\u00e9dico Transitorio de los pensionados de un 6.4 % a un 3.2 % mediante decreto ya firmado.<\/li>\n<\/ul>\n\n\n\n<h2 class=\"wp-block-heading\"><strong>Bono 14<\/strong>&nbsp;qued\u00f3 fuera<\/h2>\n\n\n\n<p>De la lista de demandas del&nbsp;<strong>CMD<\/strong>, el \u00fanico punto donde no hubo&nbsp;<strong>acuerdo<\/strong>&nbsp;fue sobre la inclusi\u00f3n del pago de un&nbsp;<strong>salario<\/strong>&nbsp;14.<\/p>\n\n\n\n<p>En la&nbsp;<strong>reuni\u00f3n<\/strong>&nbsp;en el&nbsp;<strong>Palacio Nacional<\/strong>&nbsp;estuvieron tambi\u00e9n presentes el ministro de Salud, V\u00edctor Atallah; el ministro de Trabajo, Luis Miguel De Camps; el director general de Promese, Rafael Adolfo P\u00e9rez; Santiago Hazim, director de Senasa y Miguel Ceara Hatton, superintendente de Salud y Riesgos Laborales.<\/p>\n","protected":false},"excerpt":{"rendered":"<p>El presidente del&nbsp;Colegio M\u00e9dico&nbsp;Dominicano (CMD),&nbsp;Waldo Ariel Suero, inform\u00f3 este viernes que, tras sostener un encuentro con la vicepresidenta de la Rep\u00fablica, Raquel Pe\u00f1a, ambas partes consensuaron el 90 % de las demandas de los facultativos, entre ellas un aumento salarial escalonado del 25 %, quedando sin efecto el paro de 96 horas convocado a partir [&hellip;]<\/p>\n","protected":false},"author":15,"featured_media":34830,"comment_status":"open","ping_status":"open","sticky":false,"template":"","format":"standard","meta":{"footnotes":""},"categories":[1],"tags":[],"class_list":{"0":"post-34829","1":"post","2":"type-post","3":"status-publish","4":"format-standard","5":"has-post-thumbnail","7":"category-uncategorized"},"yoast_head":"<!-- This site is optimized with the Yoast SEO plugin v27.1.1 - https:\/\/yoast.com\/product\/yoast-seo-wordpress\/ -->\n<title>\u00bfCu\u00e1les son los puntos pactados entre el CMD y el Gabinete de Salud? - Conexi\u00f3n 23<\/title>\n<meta name=\"robots\" content=\"index, follow, max-snippet:-1, max-image-preview:large, max-video-preview:-1\" \/>\n<link rel=\"canonical\" href=\"http:\/\/conexion23.com\/?p=34829\" \/>\n<meta property=\"og:locale\" content=\"es_ES\" \/>\n<meta property=\"og:type\" content=\"article\" \/>\n<meta property=\"og:title\" content=\"\u00bfCu\u00e1les son los puntos pactados entre el CMD y el Gabinete de Salud? - Conexi\u00f3n 23\" \/>\n<meta property=\"og:description\" content=\"El presidente del&nbsp;Colegio M\u00e9dico&nbsp;Dominicano (CMD),&nbsp;Waldo Ariel Suero, inform\u00f3 este viernes que, tras sostener un encuentro con la vicepresidenta de la Rep\u00fablica, Raquel Pe\u00f1a, ambas partes consensuaron el 90 % de las demandas de los facultativos, entre ellas un aumento salarial escalonado del 25 %, quedando sin efecto el paro de 96 horas convocado a partir [&hellip;]\" \/>\n<meta property=\"og:url\" content=\"http:\/\/conexion23.com\/?p=34829\" \/>\n<meta property=\"og:site_name\" content=\"Conexi\u00f3n 23\" \/>\n<meta property=\"article:publisher\" content=\"https:\/\/www.facebook.com\/conexion23com\" \/>\n<meta property=\"article:published_time\" content=\"2024-11-16T12:08:56+00:00\" \/>\n<meta property=\"article:modified_time\" content=\"2024-11-16T12:08:58+00:00\" \/>\n<meta property=\"og:image\" content=\"http:\/\/conexion23.com\/wp-content\/uploads\/2024\/11\/whatsapp-image-2024-11-15-at-1.37.45-pm-focus-0-0-896-504.jpg\" \/>\n\t<meta property=\"og:image:width\" content=\"896\" \/>\n\t<meta property=\"og:image:height\" content=\"504\" \/>\n\t<meta property=\"og:image:type\" content=\"image\/jpeg\" \/>\n<meta name=\"author\" content=\"Raffy Ben\u00edtez\" \/>\n<meta name=\"twitter:card\" content=\"summary_large_image\" \/>\n<meta name=\"twitter:label1\" content=\"Escrito por\" \/>\n\t<meta name=\"twitter:data1\" content=\"Raffy Ben\u00edtez\" \/>\n\t<meta name=\"twitter:label2\" content=\"Tiempo de lectura\" \/>\n\t<meta name=\"twitter:data2\" content=\"4 minutos\" \/>\n<script type=\"application\/ld+json\" class=\"yoast-schema-graph\">{\"@context\":\"https:\/\/schema.org\",\"@graph\":[{\"@type\":\"Article\",\"@id\":\"http:\/\/conexion23.com\/?p=34829#article\",\"isPartOf\":{\"@id\":\"http:\/\/conexion23.com\/?p=34829\"},\"author\":{\"name\":\"Raffy Ben\u00edtez\",\"@id\":\"https:\/\/conexion23.com\/#\/schema\/person\/03e36043331117e97a373299bbcd30a6\"},\"headline\":\"\u00bfCu\u00e1les son los puntos pactados entre el CMD y el Gabinete de Salud?\",\"datePublished\":\"2024-11-16T12:08:56+00:00\",\"dateModified\":\"2024-11-16T12:08:58+00:00\",\"mainEntityOfPage\":{\"@id\":\"http:\/\/conexion23.com\/?p=34829\"},\"wordCount\":682,\"commentCount\":0,\"publisher\":{\"@id\":\"https:\/\/conexion23.com\/#organization\"},\"image\":{\"@id\":\"http:\/\/conexion23.com\/?p=34829#primaryimage\"},\"thumbnailUrl\":\"https:\/\/conexion23.com\/wp-content\/uploads\/2024\/11\/whatsapp-image-2024-11-15-at-1.37.45-pm-focus-0-0-896-504.jpg\",\"articleSection\":[\"Uncategorized\"],\"inLanguage\":\"es\",\"potentialAction\":[{\"@type\":\"CommentAction\",\"name\":\"Comment\",\"target\":[\"http:\/\/conexion23.com\/?p=34829#respond\"]}]},{\"@type\":\"WebPage\",\"@id\":\"http:\/\/conexion23.com\/?p=34829\",\"url\":\"http:\/\/conexion23.com\/?p=34829\",\"name\":\"\u00bfCu\u00e1les son los puntos pactados entre el CMD y el Gabinete de Salud? - Conexi\u00f3n 23\",\"isPartOf\":{\"@id\":\"https:\/\/conexion23.com\/#website\"},\"primaryImageOfPage\":{\"@id\":\"http:\/\/conexion23.com\/?p=34829#primaryimage\"},\"image\":{\"@id\":\"http:\/\/conexion23.com\/?p=34829#primaryimage\"},\"thumbnailUrl\":\"https:\/\/conexion23.com\/wp-content\/uploads\/2024\/11\/whatsapp-image-2024-11-15-at-1.37.45-pm-focus-0-0-896-504.jpg\",\"datePublished\":\"2024-11-16T12:08:56+00:00\",\"dateModified\":\"2024-11-16T12:08:58+00:00\",\"breadcrumb\":{\"@id\":\"http:\/\/conexion23.com\/?p=34829#breadcrumb\"},\"inLanguage\":\"es\",\"potentialAction\":[{\"@type\":\"ReadAction\",\"target\":[\"http:\/\/conexion23.com\/?p=34829\"]}]},{\"@type\":\"ImageObject\",\"inLanguage\":\"es\",\"@id\":\"http:\/\/conexion23.com\/?p=34829#primaryimage\",\"url\":\"https:\/\/conexion23.com\/wp-content\/uploads\/2024\/11\/whatsapp-image-2024-11-15-at-1.37.45-pm-focus-0-0-896-504.jpg\",\"contentUrl\":\"https:\/\/conexion23.com\/wp-content\/uploads\/2024\/11\/whatsapp-image-2024-11-15-at-1.37.45-pm-focus-0-0-896-504.jpg\",\"width\":896,\"height\":504},{\"@type\":\"BreadcrumbList\",\"@id\":\"http:\/\/conexion23.com\/?p=34829#breadcrumb\",\"itemListElement\":[{\"@type\":\"ListItem\",\"position\":1,\"name\":\"Portada\",\"item\":\"https:\/\/conexion23.com\/\"},{\"@type\":\"ListItem\",\"position\":2,\"name\":\"\u00bfCu\u00e1les son los puntos pactados entre el CMD y el Gabinete de Salud?\"}]},{\"@type\":\"WebSite\",\"@id\":\"https:\/\/conexion23.com\/#website\",\"url\":\"https:\/\/conexion23.com\/\",\"name\":\"Conexi\u00f3n 23\",\"description\":\"Peri\u00f3dico 100% Petromacorisano\",\"publisher\":{\"@id\":\"https:\/\/conexion23.com\/#organization\"},\"potentialAction\":[{\"@type\":\"SearchAction\",\"target\":{\"@type\":\"EntryPoint\",\"urlTemplate\":\"https:\/\/conexion23.com\/?s={search_term_string}\"},\"query-input\":{\"@type\":\"PropertyValueSpecification\",\"valueRequired\":true,\"valueName\":\"search_term_string\"}}],\"inLanguage\":\"es\"},{\"@type\":\"Organization\",\"@id\":\"https:\/\/conexion23.com\/#organization\",\"name\":\"Conexion 23\",\"url\":\"https:\/\/conexion23.com\/\",\"logo\":{\"@type\":\"ImageObject\",\"inLanguage\":\"es\",\"@id\":\"https:\/\/conexion23.com\/#\/schema\/logo\/image\/\",\"url\":\"https:\/\/conexion23.com\/wp-content\/uploads\/2021\/11\/Diseno-sin-titulo-2.png\",\"contentUrl\":\"https:\/\/conexion23.com\/wp-content\/uploads\/2021\/11\/Diseno-sin-titulo-2.png\",\"width\":541,\"height\":90,\"caption\":\"Conexion 23\"},\"image\":{\"@id\":\"https:\/\/conexion23.com\/#\/schema\/logo\/image\/\"},\"sameAs\":[\"https:\/\/www.facebook.com\/conexion23com\",\"https:\/\/www.instagram.com\/conexion23com\/\",\"https:\/\/www.youtube.com\/channel\/UCYc7vxxFZMYLIHNsHHxPZ3Q\"]},{\"@type\":\"Person\",\"@id\":\"https:\/\/conexion23.com\/#\/schema\/person\/03e36043331117e97a373299bbcd30a6\",\"name\":\"Raffy Ben\u00edtez\",\"image\":{\"@type\":\"ImageObject\",\"inLanguage\":\"es\",\"@id\":\"https:\/\/conexion23.com\/#\/schema\/person\/image\/\",\"url\":\"https:\/\/secure.gravatar.com\/avatar\/3190a6a6c5e1b0327500f7d6c56b6242472ee6cb974cf09b401ee6b3b0798f23?s=96&d=mm&r=g\",\"contentUrl\":\"https:\/\/secure.gravatar.com\/avatar\/3190a6a6c5e1b0327500f7d6c56b6242472ee6cb974cf09b401ee6b3b0798f23?s=96&d=mm&r=g\",\"caption\":\"Raffy Ben\u00edtez\"},\"url\":\"https:\/\/conexion23.com\/?author=15\"}]}<\/script>\n<!-- \/ Yoast SEO plugin. -->","yoast_head_json":{"title":"\u00bfCu\u00e1les son los puntos pactados entre el CMD y el Gabinete de Salud? - Conexi\u00f3n 23","robots":{"index":"index","follow":"follow","max-snippet":"max-snippet:-1","max-image-preview":"max-image-preview:large","max-video-preview":"max-video-preview:-1"},"canonical":"http:\/\/conexion23.com\/?p=34829","og_locale":"es_ES","og_type":"article","og_title":"\u00bfCu\u00e1les son los puntos pactados entre el CMD y el Gabinete de Salud? - Conexi\u00f3n 23","og_description":"El presidente del&nbsp;Colegio M\u00e9dico&nbsp;Dominicano (CMD),&nbsp;Waldo Ariel Suero, inform\u00f3 este viernes que, tras sostener un encuentro con la vicepresidenta de la Rep\u00fablica, Raquel Pe\u00f1a, ambas partes consensuaron el 90 % de las demandas de los facultativos, entre ellas un aumento salarial escalonado del 25 %, quedando sin efecto el paro de 96 horas convocado a partir [&hellip;]","og_url":"http:\/\/conexion23.com\/?p=34829","og_site_name":"Conexi\u00f3n 23","article_publisher":"https:\/\/www.facebook.com\/conexion23com","article_published_time":"2024-11-16T12:08:56+00:00","article_modified_time":"2024-11-16T12:08:58+00:00","og_image":[{"width":896,"height":504,"url":"http:\/\/conexion23.com\/wp-content\/uploads\/2024\/11\/whatsapp-image-2024-11-15-at-1.37.45-pm-focus-0-0-896-504.jpg","type":"image\/jpeg"}],"author":"Raffy Ben\u00edtez","twitter_card":"summary_large_image","twitter_misc":{"Escrito por":"Raffy Ben\u00edtez","Tiempo de lectura":"4 minutos"},"schema":{"@context":"https:\/\/schema.org","@graph":[{"@type":"Article","@id":"http:\/\/conexion23.com\/?p=34829#article","isPartOf":{"@id":"http:\/\/conexion23.com\/?p=34829"},"author":{"name":"Raffy Ben\u00edtez","@id":"https:\/\/conexion23.com\/#\/schema\/person\/03e36043331117e97a373299bbcd30a6"},"headline":"\u00bfCu\u00e1les son los puntos pactados entre el CMD y el Gabinete de Salud?","datePublished":"2024-11-16T12:08:56+00:00","dateModified":"2024-11-16T12:08:58+00:00","mainEntityOfPage":{"@id":"http:\/\/conexion23.com\/?p=34829"},"wordCount":682,"commentCount":0,"publisher":{"@id":"https:\/\/conexion23.com\/#organization"},"image":{"@id":"http:\/\/conexion23.com\/?p=34829#primaryimage"},"thumbnailUrl":"https:\/\/conexion23.com\/wp-content\/uploads\/2024\/11\/whatsapp-image-2024-11-15-at-1.37.45-pm-focus-0-0-896-504.jpg","articleSection":["Uncategorized"],"inLanguage":"es","potentialAction":[{"@type":"CommentAction","name":"Comment","target":["http:\/\/conexion23.com\/?p=34829#respond"]}]},{"@type":"WebPage","@id":"http:\/\/conexion23.com\/?p=34829","url":"http:\/\/conexion23.com\/?p=34829","name":"\u00bfCu\u00e1les son los puntos pactados entre el CMD y el Gabinete de Salud? - Conexi\u00f3n 23","isPartOf":{"@id":"https:\/\/conexion23.com\/#website"},"primaryImageOfPage":{"@id":"http:\/\/conexion23.com\/?p=34829#primaryimage"},"image":{"@id":"http:\/\/conexion23.com\/?p=34829#primaryimage"},"thumbnailUrl":"https:\/\/conexion23.com\/wp-content\/uploads\/2024\/11\/whatsapp-image-2024-11-15-at-1.37.45-pm-focus-0-0-896-504.jpg","datePublished":"2024-11-16T12:08:56+00:00","dateModified":"2024-11-16T12:08:58+00:00","breadcrumb":{"@id":"http:\/\/conexion23.com\/?p=34829#breadcrumb"},"inLanguage":"es","potentialAction":[{"@type":"ReadAction","target":["http:\/\/conexion23.com\/?p=34829"]}]},{"@type":"ImageObject","inLanguage":"es","@id":"http:\/\/conexion23.com\/?p=34829#primaryimage","url":"https:\/\/conexion23.com\/wp-content\/uploads\/2024\/11\/whatsapp-image-2024-11-15-at-1.37.45-pm-focus-0-0-896-504.jpg","contentUrl":"https:\/\/conexion23.com\/wp-content\/uploads\/2024\/11\/whatsapp-image-2024-11-15-at-1.37.45-pm-focus-0-0-896-504.jpg","width":896,"height":504},{"@type":"BreadcrumbList","@id":"http:\/\/conexion23.com\/?p=34829#breadcrumb","itemListElement":[{"@type":"ListItem","position":1,"name":"Portada","item":"https:\/\/conexion23.com\/"},{"@type":"ListItem","position":2,"name":"\u00bfCu\u00e1les son los puntos pactados entre el CMD y el Gabinete de Salud?"}]},{"@type":"WebSite","@id":"https:\/\/conexion23.com\/#website","url":"https:\/\/conexion23.com\/","name":"Conexi\u00f3n 23","description":"Peri\u00f3dico 100% Petromacorisano","publisher":{"@id":"https:\/\/conexion23.com\/#organization"},"potentialAction":[{"@type":"SearchAction","target":{"@type":"EntryPoint","urlTemplate":"https:\/\/conexion23.com\/?s={search_term_string}"},"query-input":{"@type":"PropertyValueSpecification","valueRequired":true,"valueName":"search_term_string"}}],"inLanguage":"es"},{"@type":"Organization","@id":"https:\/\/conexion23.com\/#organization","name":"Conexion 23","url":"https:\/\/conexion23.com\/","logo":{"@type":"ImageObject","inLanguage":"es","@id":"https:\/\/conexion23.com\/#\/schema\/logo\/image\/","url":"https:\/\/conexion23.com\/wp-content\/uploads\/2021\/11\/Diseno-sin-titulo-2.png","contentUrl":"https:\/\/conexion23.com\/wp-content\/uploads\/2021\/11\/Diseno-sin-titulo-2.png","width":541,"height":90,"caption":"Conexion 23"},"image":{"@id":"https:\/\/conexion23.com\/#\/schema\/logo\/image\/"},"sameAs":["https:\/\/www.facebook.com\/conexion23com","https:\/\/www.instagram.com\/conexion23com\/","https:\/\/www.youtube.com\/channel\/UCYc7vxxFZMYLIHNsHHxPZ3Q"]},{"@type":"Person","@id":"https:\/\/conexion23.com\/#\/schema\/person\/03e36043331117e97a373299bbcd30a6","name":"Raffy Ben\u00edtez","image":{"@type":"ImageObject","inLanguage":"es","@id":"https:\/\/conexion23.com\/#\/schema\/person\/image\/","url":"https:\/\/secure.gravatar.com\/avatar\/3190a6a6c5e1b0327500f7d6c56b6242472ee6cb974cf09b401ee6b3b0798f23?s=96&d=mm&r=g","contentUrl":"https:\/\/secure.gravatar.com\/avatar\/3190a6a6c5e1b0327500f7d6c56b6242472ee6cb974cf09b401ee6b3b0798f23?s=96&d=mm&r=g","caption":"Raffy Ben\u00edtez"},"url":"https:\/\/conexion23.com\/?author=15"}]}},"_links":{"self":[{"href":"https:\/\/conexion23.com\/index.php?rest_route=\/wp\/v2\/posts\/34829","targetHints":{"allow":["GET"]}}],"collection":[{"href":"https:\/\/conexion23.com\/index.php?rest_route=\/wp\/v2\/posts"}],"about":[{"href":"https:\/\/conexion23.com\/index.php?rest_route=\/wp\/v2\/types\/post"}],"author":[{"embeddable":true,"href":"https:\/\/conexion23.com\/index.php?rest_route=\/wp\/v2\/users\/15"}],"replies":[{"embeddable":true,"href":"https:\/\/conexion23.com\/index.php?rest_route=%2Fwp%2Fv2%2Fcomments&post=34829"}],"version-history":[{"count":1,"href":"https:\/\/conexion23.com\/index.php?rest_route=\/wp\/v2\/posts\/34829\/revisions"}],"predecessor-version":[{"id":34831,"href":"https:\/\/conexion23.com\/index.php?rest_route=\/wp\/v2\/posts\/34829\/revisions\/34831"}],"wp:featuredmedia":[{"embeddable":true,"href":"https:\/\/conexion23.com\/index.php?rest_route=\/wp\/v2\/media\/34830"}],"wp:attachment":[{"href":"https:\/\/conexion23.com\/index.php?rest_route=%2Fwp%2Fv2%2Fmedia&parent=34829"}],"wp:term":[{"taxonomy":"category","embeddable":true,"href":"https:\/\/conexion23.com\/index.php?rest_route=%2Fwp%2Fv2%2Fcategories&post=34829"},{"taxonomy":"post_tag","embeddable":true,"href":"https:\/\/conexion23.com\/index.php?rest_route=%2Fwp%2Fv2%2Ftags&post=34829"}],"curies":[{"name":"wp","href":"https:\/\/api.w.org\/{rel}","templated":true}]}}