{"id":35088,"date":"2024-11-25T07:19:03","date_gmt":"2024-11-25T11:19:03","guid":{"rendered":"https:\/\/conexion23.com\/?p=35088"},"modified":"2024-11-25T07:19:05","modified_gmt":"2024-11-25T11:19:05","slug":"fallece-motociclista-tras-accidente-en-la-carretera-paraiso-barahona-proximo-al-mirador","status":"publish","type":"post","link":"https:\/\/conexion23.com\/?p=35088","title":{"rendered":"Fallece motociclista tras accidente en la carretera Para\u00edso-Barahona, pr\u00f3ximo al mirador."},"content":{"rendered":"\n<p>Un hombre perdi\u00f3 la vida esta ma\u00f1ana tras sufrir un accidente de tr\u00e1nsito en la carretera Para\u00edso-Barahona, espec\u00edficamente en el mirador, seg\u00fan reportes de las autoridades.<\/p>\n\n\n\n<p>La v\u00edctima fue identificada como Jenauris Mora S\u00e1nchez, un obrero dominicano, mayor de edad y residente en la calle Primera, casa n\u00famero 16, del municipio de Juancho.&nbsp;<\/p>\n\n\n\n<p>De acuerdo con el informe de la Direcci\u00f3n General de Seguridad de Tr\u00e1nsito y Transporte Terrestre (DIGESETT), el accidente ocurri\u00f3 alrededor de las 6:30 a.m., cuando Mora S\u00e1nchez se desliz\u00f3 mientras conduc\u00eda una motocicleta Suzuki X100, color rojo y sin placa.<\/p>\n\n\n\n<p>El diagn\u00f3stico m\u00e9dico revel\u00f3 que la causa del fallecimiento fue un trauma craneal cerrado. La v\u00edctima no llevaba casco protector al momento del accidente, lo que habr\u00eda incrementado la gravedad de sus lesiones.<\/p>\n\n\n\n<p>Se confirm\u00f3 que el fallecido se desplazaba en direcci\u00f3n Norte-Sur al momento del siniestro.&nbsp;<\/p>\n","protected":false},"excerpt":{"rendered":"<p>Un hombre perdi\u00f3 la vida esta ma\u00f1ana tras sufrir un accidente de tr\u00e1nsito en la carretera Para\u00edso-Barahona, espec\u00edficamente en el mirador, seg\u00fan reportes de las autoridades. La v\u00edctima fue identificada como Jenauris Mora S\u00e1nchez, un obrero dominicano, mayor de edad y residente en la calle Primera, casa n\u00famero 16, del municipio de Juancho.&nbsp; De acuerdo [&hellip;]<\/p>\n","protected":false},"author":15,"featured_media":35089,"comment_status":"open","ping_status":"open","sticky":false,"template":"","format":"standard","meta":{"footnotes":""},"categories":[1],"tags":[],"class_list":{"0":"post-35088","1":"post","2":"type-post","3":"status-publish","4":"format-standard","5":"has-post-thumbnail","7":"category-uncategorized"},"yoast_head":"<!-- This site is optimized with the Yoast SEO plugin v27.1.1 - https:\/\/yoast.com\/product\/yoast-seo-wordpress\/ -->\n<title>Fallece motociclista tras accidente en la carretera Para\u00edso-Barahona, pr\u00f3ximo al mirador. - Conexi\u00f3n 23<\/title>\n<meta name=\"robots\" content=\"index, follow, max-snippet:-1, max-image-preview:large, max-video-preview:-1\" \/>\n<link rel=\"canonical\" href=\"https:\/\/conexion23.com\/?p=35088\" \/>\n<meta property=\"og:locale\" content=\"es_ES\" \/>\n<meta property=\"og:type\" content=\"article\" \/>\n<meta property=\"og:title\" content=\"Fallece motociclista tras accidente en la carretera Para\u00edso-Barahona, pr\u00f3ximo al mirador. - Conexi\u00f3n 23\" \/>\n<meta property=\"og:description\" content=\"Un hombre perdi\u00f3 la vida esta ma\u00f1ana tras sufrir un accidente de tr\u00e1nsito en la carretera Para\u00edso-Barahona, espec\u00edficamente en el mirador, seg\u00fan reportes de las autoridades. La v\u00edctima fue identificada como Jenauris Mora S\u00e1nchez, un obrero dominicano, mayor de edad y residente en la calle Primera, casa n\u00famero 16, del municipio de Juancho.&nbsp; De acuerdo [&hellip;]\" \/>\n<meta property=\"og:url\" content=\"https:\/\/conexion23.com\/?p=35088\" \/>\n<meta property=\"og:site_name\" content=\"Conexi\u00f3n 23\" \/>\n<meta property=\"article:publisher\" content=\"https:\/\/www.facebook.com\/conexion23com\" \/>\n<meta property=\"article:published_time\" content=\"2024-11-25T11:19:03+00:00\" \/>\n<meta property=\"article:modified_time\" content=\"2024-11-25T11:19:05+00:00\" \/>\n<meta property=\"og:image\" content=\"https:\/\/conexion23.com\/wp-content\/uploads\/2024\/11\/1000637911.webp\" \/>\n\t<meta property=\"og:image:width\" content=\"400\" \/>\n\t<meta property=\"og:image:height\" content=\"225\" \/>\n\t<meta property=\"og:image:type\" content=\"image\/webp\" \/>\n<meta name=\"author\" content=\"Raffy Ben\u00edtez\" \/>\n<meta name=\"twitter:card\" content=\"summary_large_image\" \/>\n<meta name=\"twitter:label1\" content=\"Escrito por\" \/>\n\t<meta name=\"twitter:data1\" content=\"Raffy Ben\u00edtez\" \/>\n\t<meta name=\"twitter:label2\" content=\"Tiempo de lectura\" \/>\n\t<meta name=\"twitter:data2\" content=\"1 minuto\" \/>\n<script type=\"application\/ld+json\" class=\"yoast-schema-graph\">{\"@context\":\"https:\/\/schema.org\",\"@graph\":[{\"@type\":\"Article\",\"@id\":\"https:\/\/conexion23.com\/?p=35088#article\",\"isPartOf\":{\"@id\":\"https:\/\/conexion23.com\/?p=35088\"},\"author\":{\"name\":\"Raffy Ben\u00edtez\",\"@id\":\"https:\/\/conexion23.com\/#\/schema\/person\/03e36043331117e97a373299bbcd30a6\"},\"headline\":\"Fallece motociclista tras accidente en la carretera Para\u00edso-Barahona, pr\u00f3ximo al mirador.\",\"datePublished\":\"2024-11-25T11:19:03+00:00\",\"dateModified\":\"2024-11-25T11:19:05+00:00\",\"mainEntityOfPage\":{\"@id\":\"https:\/\/conexion23.com\/?p=35088\"},\"wordCount\":172,\"commentCount\":0,\"publisher\":{\"@id\":\"https:\/\/conexion23.com\/#organization\"},\"image\":{\"@id\":\"https:\/\/conexion23.com\/?p=35088#primaryimage\"},\"thumbnailUrl\":\"https:\/\/conexion23.com\/wp-content\/uploads\/2024\/11\/1000637911.webp\",\"articleSection\":[\"Uncategorized\"],\"inLanguage\":\"es\",\"potentialAction\":[{\"@type\":\"CommentAction\",\"name\":\"Comment\",\"target\":[\"https:\/\/conexion23.com\/?p=35088#respond\"]}]},{\"@type\":\"WebPage\",\"@id\":\"https:\/\/conexion23.com\/?p=35088\",\"url\":\"https:\/\/conexion23.com\/?p=35088\",\"name\":\"Fallece motociclista tras accidente en la carretera Para\u00edso-Barahona, pr\u00f3ximo al mirador. - Conexi\u00f3n 23\",\"isPartOf\":{\"@id\":\"https:\/\/conexion23.com\/#website\"},\"primaryImageOfPage\":{\"@id\":\"https:\/\/conexion23.com\/?p=35088#primaryimage\"},\"image\":{\"@id\":\"https:\/\/conexion23.com\/?p=35088#primaryimage\"},\"thumbnailUrl\":\"https:\/\/conexion23.com\/wp-content\/uploads\/2024\/11\/1000637911.webp\",\"datePublished\":\"2024-11-25T11:19:03+00:00\",\"dateModified\":\"2024-11-25T11:19:05+00:00\",\"breadcrumb\":{\"@id\":\"https:\/\/conexion23.com\/?p=35088#breadcrumb\"},\"inLanguage\":\"es\",\"potentialAction\":[{\"@type\":\"ReadAction\",\"target\":[\"https:\/\/conexion23.com\/?p=35088\"]}]},{\"@type\":\"ImageObject\",\"inLanguage\":\"es\",\"@id\":\"https:\/\/conexion23.com\/?p=35088#primaryimage\",\"url\":\"https:\/\/conexion23.com\/wp-content\/uploads\/2024\/11\/1000637911.webp\",\"contentUrl\":\"https:\/\/conexion23.com\/wp-content\/uploads\/2024\/11\/1000637911.webp\",\"width\":400,\"height\":225},{\"@type\":\"BreadcrumbList\",\"@id\":\"https:\/\/conexion23.com\/?p=35088#breadcrumb\",\"itemListElement\":[{\"@type\":\"ListItem\",\"position\":1,\"name\":\"Portada\",\"item\":\"https:\/\/conexion23.com\/\"},{\"@type\":\"ListItem\",\"position\":2,\"name\":\"Fallece motociclista tras accidente en la carretera Para\u00edso-Barahona, pr\u00f3ximo al mirador.\"}]},{\"@type\":\"WebSite\",\"@id\":\"https:\/\/conexion23.com\/#website\",\"url\":\"https:\/\/conexion23.com\/\",\"name\":\"Conexi\u00f3n 23\",\"description\":\"Peri\u00f3dico 100% Petromacorisano\",\"publisher\":{\"@id\":\"https:\/\/conexion23.com\/#organization\"},\"potentialAction\":[{\"@type\":\"SearchAction\",\"target\":{\"@type\":\"EntryPoint\",\"urlTemplate\":\"https:\/\/conexion23.com\/?s={search_term_string}\"},\"query-input\":{\"@type\":\"PropertyValueSpecification\",\"valueRequired\":true,\"valueName\":\"search_term_string\"}}],\"inLanguage\":\"es\"},{\"@type\":\"Organization\",\"@id\":\"https:\/\/conexion23.com\/#organization\",\"name\":\"Conexion 23\",\"url\":\"https:\/\/conexion23.com\/\",\"logo\":{\"@type\":\"ImageObject\",\"inLanguage\":\"es\",\"@id\":\"https:\/\/conexion23.com\/#\/schema\/logo\/image\/\",\"url\":\"https:\/\/conexion23.com\/wp-content\/uploads\/2021\/11\/Diseno-sin-titulo-2.png\",\"contentUrl\":\"https:\/\/conexion23.com\/wp-content\/uploads\/2021\/11\/Diseno-sin-titulo-2.png\",\"width\":541,\"height\":90,\"caption\":\"Conexion 23\"},\"image\":{\"@id\":\"https:\/\/conexion23.com\/#\/schema\/logo\/image\/\"},\"sameAs\":[\"https:\/\/www.facebook.com\/conexion23com\",\"https:\/\/www.instagram.com\/conexion23com\/\",\"https:\/\/www.youtube.com\/channel\/UCYc7vxxFZMYLIHNsHHxPZ3Q\"]},{\"@type\":\"Person\",\"@id\":\"https:\/\/conexion23.com\/#\/schema\/person\/03e36043331117e97a373299bbcd30a6\",\"name\":\"Raffy Ben\u00edtez\",\"image\":{\"@type\":\"ImageObject\",\"inLanguage\":\"es\",\"@id\":\"https:\/\/conexion23.com\/#\/schema\/person\/image\/\",\"url\":\"https:\/\/secure.gravatar.com\/avatar\/3190a6a6c5e1b0327500f7d6c56b6242472ee6cb974cf09b401ee6b3b0798f23?s=96&d=mm&r=g\",\"contentUrl\":\"https:\/\/secure.gravatar.com\/avatar\/3190a6a6c5e1b0327500f7d6c56b6242472ee6cb974cf09b401ee6b3b0798f23?s=96&d=mm&r=g\",\"caption\":\"Raffy Ben\u00edtez\"},\"url\":\"https:\/\/conexion23.com\/?author=15\"}]}<\/script>\n<!-- \/ Yoast SEO plugin. -->","yoast_head_json":{"title":"Fallece motociclista tras accidente en la carretera Para\u00edso-Barahona, pr\u00f3ximo al mirador. - Conexi\u00f3n 23","robots":{"index":"index","follow":"follow","max-snippet":"max-snippet:-1","max-image-preview":"max-image-preview:large","max-video-preview":"max-video-preview:-1"},"canonical":"https:\/\/conexion23.com\/?p=35088","og_locale":"es_ES","og_type":"article","og_title":"Fallece motociclista tras accidente en la carretera Para\u00edso-Barahona, pr\u00f3ximo al mirador. - Conexi\u00f3n 23","og_description":"Un hombre perdi\u00f3 la vida esta ma\u00f1ana tras sufrir un accidente de tr\u00e1nsito en la carretera Para\u00edso-Barahona, espec\u00edficamente en el mirador, seg\u00fan reportes de las autoridades. La v\u00edctima fue identificada como Jenauris Mora S\u00e1nchez, un obrero dominicano, mayor de edad y residente en la calle Primera, casa n\u00famero 16, del municipio de Juancho.&nbsp; De acuerdo [&hellip;]","og_url":"https:\/\/conexion23.com\/?p=35088","og_site_name":"Conexi\u00f3n 23","article_publisher":"https:\/\/www.facebook.com\/conexion23com","article_published_time":"2024-11-25T11:19:03+00:00","article_modified_time":"2024-11-25T11:19:05+00:00","og_image":[{"width":400,"height":225,"url":"https:\/\/conexion23.com\/wp-content\/uploads\/2024\/11\/1000637911.webp","type":"image\/webp"}],"author":"Raffy Ben\u00edtez","twitter_card":"summary_large_image","twitter_misc":{"Escrito por":"Raffy Ben\u00edtez","Tiempo de lectura":"1 minuto"},"schema":{"@context":"https:\/\/schema.org","@graph":[{"@type":"Article","@id":"https:\/\/conexion23.com\/?p=35088#article","isPartOf":{"@id":"https:\/\/conexion23.com\/?p=35088"},"author":{"name":"Raffy Ben\u00edtez","@id":"https:\/\/conexion23.com\/#\/schema\/person\/03e36043331117e97a373299bbcd30a6"},"headline":"Fallece motociclista tras accidente en la carretera Para\u00edso-Barahona, pr\u00f3ximo al mirador.","datePublished":"2024-11-25T11:19:03+00:00","dateModified":"2024-11-25T11:19:05+00:00","mainEntityOfPage":{"@id":"https:\/\/conexion23.com\/?p=35088"},"wordCount":172,"commentCount":0,"publisher":{"@id":"https:\/\/conexion23.com\/#organization"},"image":{"@id":"https:\/\/conexion23.com\/?p=35088#primaryimage"},"thumbnailUrl":"https:\/\/conexion23.com\/wp-content\/uploads\/2024\/11\/1000637911.webp","articleSection":["Uncategorized"],"inLanguage":"es","potentialAction":[{"@type":"CommentAction","name":"Comment","target":["https:\/\/conexion23.com\/?p=35088#respond"]}]},{"@type":"WebPage","@id":"https:\/\/conexion23.com\/?p=35088","url":"https:\/\/conexion23.com\/?p=35088","name":"Fallece motociclista tras accidente en la carretera Para\u00edso-Barahona, pr\u00f3ximo al mirador. - Conexi\u00f3n 23","isPartOf":{"@id":"https:\/\/conexion23.com\/#website"},"primaryImageOfPage":{"@id":"https:\/\/conexion23.com\/?p=35088#primaryimage"},"image":{"@id":"https:\/\/conexion23.com\/?p=35088#primaryimage"},"thumbnailUrl":"https:\/\/conexion23.com\/wp-content\/uploads\/2024\/11\/1000637911.webp","datePublished":"2024-11-25T11:19:03+00:00","dateModified":"2024-11-25T11:19:05+00:00","breadcrumb":{"@id":"https:\/\/conexion23.com\/?p=35088#breadcrumb"},"inLanguage":"es","potentialAction":[{"@type":"ReadAction","target":["https:\/\/conexion23.com\/?p=35088"]}]},{"@type":"ImageObject","inLanguage":"es","@id":"https:\/\/conexion23.com\/?p=35088#primaryimage","url":"https:\/\/conexion23.com\/wp-content\/uploads\/2024\/11\/1000637911.webp","contentUrl":"https:\/\/conexion23.com\/wp-content\/uploads\/2024\/11\/1000637911.webp","width":400,"height":225},{"@type":"BreadcrumbList","@id":"https:\/\/conexion23.com\/?p=35088#breadcrumb","itemListElement":[{"@type":"ListItem","position":1,"name":"Portada","item":"https:\/\/conexion23.com\/"},{"@type":"ListItem","position":2,"name":"Fallece motociclista tras accidente en la carretera Para\u00edso-Barahona, pr\u00f3ximo al mirador."}]},{"@type":"WebSite","@id":"https:\/\/conexion23.com\/#website","url":"https:\/\/conexion23.com\/","name":"Conexi\u00f3n 23","description":"Peri\u00f3dico 100% Petromacorisano","publisher":{"@id":"https:\/\/conexion23.com\/#organization"},"potentialAction":[{"@type":"SearchAction","target":{"@type":"EntryPoint","urlTemplate":"https:\/\/conexion23.com\/?s={search_term_string}"},"query-input":{"@type":"PropertyValueSpecification","valueRequired":true,"valueName":"search_term_string"}}],"inLanguage":"es"},{"@type":"Organization","@id":"https:\/\/conexion23.com\/#organization","name":"Conexion 23","url":"https:\/\/conexion23.com\/","logo":{"@type":"ImageObject","inLanguage":"es","@id":"https:\/\/conexion23.com\/#\/schema\/logo\/image\/","url":"https:\/\/conexion23.com\/wp-content\/uploads\/2021\/11\/Diseno-sin-titulo-2.png","contentUrl":"https:\/\/conexion23.com\/wp-content\/uploads\/2021\/11\/Diseno-sin-titulo-2.png","width":541,"height":90,"caption":"Conexion 23"},"image":{"@id":"https:\/\/conexion23.com\/#\/schema\/logo\/image\/"},"sameAs":["https:\/\/www.facebook.com\/conexion23com","https:\/\/www.instagram.com\/conexion23com\/","https:\/\/www.youtube.com\/channel\/UCYc7vxxFZMYLIHNsHHxPZ3Q"]},{"@type":"Person","@id":"https:\/\/conexion23.com\/#\/schema\/person\/03e36043331117e97a373299bbcd30a6","name":"Raffy Ben\u00edtez","image":{"@type":"ImageObject","inLanguage":"es","@id":"https:\/\/conexion23.com\/#\/schema\/person\/image\/","url":"https:\/\/secure.gravatar.com\/avatar\/3190a6a6c5e1b0327500f7d6c56b6242472ee6cb974cf09b401ee6b3b0798f23?s=96&d=mm&r=g","contentUrl":"https:\/\/secure.gravatar.com\/avatar\/3190a6a6c5e1b0327500f7d6c56b6242472ee6cb974cf09b401ee6b3b0798f23?s=96&d=mm&r=g","caption":"Raffy Ben\u00edtez"},"url":"https:\/\/conexion23.com\/?author=15"}]}},"_links":{"self":[{"href":"https:\/\/conexion23.com\/index.php?rest_route=\/wp\/v2\/posts\/35088","targetHints":{"allow":["GET"]}}],"collection":[{"href":"https:\/\/conexion23.com\/index.php?rest_route=\/wp\/v2\/posts"}],"about":[{"href":"https:\/\/conexion23.com\/index.php?rest_route=\/wp\/v2\/types\/post"}],"author":[{"embeddable":true,"href":"https:\/\/conexion23.com\/index.php?rest_route=\/wp\/v2\/users\/15"}],"replies":[{"embeddable":true,"href":"https:\/\/conexion23.com\/index.php?rest_route=%2Fwp%2Fv2%2Fcomments&post=35088"}],"version-history":[{"count":1,"href":"https:\/\/conexion23.com\/index.php?rest_route=\/wp\/v2\/posts\/35088\/revisions"}],"predecessor-version":[{"id":35090,"href":"https:\/\/conexion23.com\/index.php?rest_route=\/wp\/v2\/posts\/35088\/revisions\/35090"}],"wp:featuredmedia":[{"embeddable":true,"href":"https:\/\/conexion23.com\/index.php?rest_route=\/wp\/v2\/media\/35089"}],"wp:attachment":[{"href":"https:\/\/conexion23.com\/index.php?rest_route=%2Fwp%2Fv2%2Fmedia&parent=35088"}],"wp:term":[{"taxonomy":"category","embeddable":true,"href":"https:\/\/conexion23.com\/index.php?rest_route=%2Fwp%2Fv2%2Fcategories&post=35088"},{"taxonomy":"post_tag","embeddable":true,"href":"https:\/\/conexion23.com\/index.php?rest_route=%2Fwp%2Fv2%2Ftags&post=35088"}],"curies":[{"name":"wp","href":"https:\/\/api.w.org\/{rel}","templated":true}]}}