{"id":35091,"date":"2024-11-25T07:24:25","date_gmt":"2024-11-25T11:24:25","guid":{"rendered":"https:\/\/conexion23.com\/?p=35091"},"modified":"2024-11-25T07:24:27","modified_gmt":"2024-11-25T11:24:27","slug":"mas-de-30-millones-de-dolares-en-perdidas-reportaron-ejecutivos-de-imperial-tabacco-por-siniestro","status":"publish","type":"post","link":"https:\/\/conexion23.com\/?p=35091","title":{"rendered":"Mas de 30 millones de d\u00f3lares en p\u00e9rdidas reportaron ejecutivos de Imperial Tabacco por siniestro."},"content":{"rendered":"\n<p>El ministro de Industria, Comercio y Mipymes (MICM) Victor Orlando Bisogno Haza \u201cIto\u00bb visito este domingo las instalaciones de la Empresa Tabacalera, Imperial Tabacco La Romana, ubicada en la Zona Franca de San Pedro de Macor\u00eds, en miras de brindar apoyo antes el siniestro ocurrido este s\u00e1bado donde se reportaron grandes perdidas millonarias.<\/p>\n\n\n\n<p>El ejecutivo de la empresa Sr. Nelson Rond\u00f3n expreso que est\u00e1s perdidas no afectar\u00e1n los trabajos de producciones ya que est\u00e1s naves solo funcionaban como almac\u00e9n de insumos, lo que tampoco presentar\u00eda una perdida del personal humano en los empleos.<\/p>\n\n\n\n<p>Aclaro que estar\u00edan recibiendo apoyo de otras empresas para poder guardar sus mercanc\u00edas y poder seguir con la producci\u00f3n, ya que este s\u00e1bado recibieron unos treinta contenedores de productos que ser\u00edan utilizados para la producci\u00f3n.<\/p>\n\n\n\n<p>Unas cinco naves fueron afectadas en su totalidad y a\u00fan no se conoce que provoc\u00f3 el incendio y las autoridades del cuerpo de Bomberos est\u00e1n realizando un levantamiento para en las pr\u00f3ximas horas dar detalles.<\/p>\n","protected":false},"excerpt":{"rendered":"<p>El ministro de Industria, Comercio y Mipymes (MICM) Victor Orlando Bisogno Haza \u201cIto\u00bb visito este domingo las instalaciones de la Empresa Tabacalera, Imperial Tabacco La Romana, ubicada en la Zona Franca de San Pedro de Macor\u00eds, en miras de brindar apoyo antes el siniestro ocurrido este s\u00e1bado donde se reportaron grandes perdidas millonarias. El ejecutivo [&hellip;]<\/p>\n","protected":false},"author":15,"featured_media":35092,"comment_status":"open","ping_status":"open","sticky":false,"template":"","format":"standard","meta":{"footnotes":""},"categories":[35],"tags":[],"class_list":{"0":"post-35091","1":"post","2":"type-post","3":"status-publish","4":"format-standard","5":"has-post-thumbnail","7":"category-spm"},"yoast_head":"<!-- This site is optimized with the Yoast SEO plugin v27.1.1 - https:\/\/yoast.com\/product\/yoast-seo-wordpress\/ -->\n<title>Mas de 30 millones de d\u00f3lares en p\u00e9rdidas reportaron ejecutivos de Imperial Tabacco por siniestro. - Conexi\u00f3n 23<\/title>\n<meta name=\"robots\" content=\"index, follow, max-snippet:-1, max-image-preview:large, max-video-preview:-1\" \/>\n<link rel=\"canonical\" href=\"https:\/\/conexion23.com\/?p=35091\" \/>\n<meta property=\"og:locale\" content=\"es_ES\" \/>\n<meta property=\"og:type\" content=\"article\" \/>\n<meta property=\"og:title\" content=\"Mas de 30 millones de d\u00f3lares en p\u00e9rdidas reportaron ejecutivos de Imperial Tabacco por siniestro. - Conexi\u00f3n 23\" \/>\n<meta property=\"og:description\" content=\"El ministro de Industria, Comercio y Mipymes (MICM) Victor Orlando Bisogno Haza \u201cIto\u00bb visito este domingo las instalaciones de la Empresa Tabacalera, Imperial Tabacco La Romana, ubicada en la Zona Franca de San Pedro de Macor\u00eds, en miras de brindar apoyo antes el siniestro ocurrido este s\u00e1bado donde se reportaron grandes perdidas millonarias. El ejecutivo [&hellip;]\" \/>\n<meta property=\"og:url\" content=\"https:\/\/conexion23.com\/?p=35091\" \/>\n<meta property=\"og:site_name\" content=\"Conexi\u00f3n 23\" \/>\n<meta property=\"article:publisher\" content=\"https:\/\/www.facebook.com\/conexion23com\" \/>\n<meta property=\"article:published_time\" content=\"2024-11-25T11:24:25+00:00\" \/>\n<meta property=\"article:modified_time\" content=\"2024-11-25T11:24:27+00:00\" \/>\n<meta property=\"og:image\" content=\"https:\/\/conexion23.com\/wp-content\/uploads\/2024\/11\/bhhh.jpg\" \/>\n\t<meta property=\"og:image:width\" content=\"300\" \/>\n\t<meta property=\"og:image:height\" content=\"167\" \/>\n\t<meta property=\"og:image:type\" content=\"image\/jpeg\" \/>\n<meta name=\"author\" content=\"Raffy Ben\u00edtez\" \/>\n<meta name=\"twitter:card\" content=\"summary_large_image\" \/>\n<meta name=\"twitter:label1\" content=\"Escrito por\" \/>\n\t<meta name=\"twitter:data1\" content=\"Raffy Ben\u00edtez\" \/>\n\t<meta name=\"twitter:label2\" content=\"Tiempo de lectura\" \/>\n\t<meta name=\"twitter:data2\" content=\"1 minuto\" \/>\n<script type=\"application\/ld+json\" class=\"yoast-schema-graph\">{\"@context\":\"https:\/\/schema.org\",\"@graph\":[{\"@type\":\"Article\",\"@id\":\"https:\/\/conexion23.com\/?p=35091#article\",\"isPartOf\":{\"@id\":\"https:\/\/conexion23.com\/?p=35091\"},\"author\":{\"name\":\"Raffy Ben\u00edtez\",\"@id\":\"https:\/\/conexion23.com\/#\/schema\/person\/03e36043331117e97a373299bbcd30a6\"},\"headline\":\"Mas de 30 millones de d\u00f3lares en p\u00e9rdidas reportaron ejecutivos de Imperial Tabacco por siniestro.\",\"datePublished\":\"2024-11-25T11:24:25+00:00\",\"dateModified\":\"2024-11-25T11:24:27+00:00\",\"mainEntityOfPage\":{\"@id\":\"https:\/\/conexion23.com\/?p=35091\"},\"wordCount\":196,\"commentCount\":0,\"publisher\":{\"@id\":\"https:\/\/conexion23.com\/#organization\"},\"image\":{\"@id\":\"https:\/\/conexion23.com\/?p=35091#primaryimage\"},\"thumbnailUrl\":\"https:\/\/conexion23.com\/wp-content\/uploads\/2024\/11\/bhhh.jpg\",\"articleSection\":[\"SPM\"],\"inLanguage\":\"es\",\"potentialAction\":[{\"@type\":\"CommentAction\",\"name\":\"Comment\",\"target\":[\"https:\/\/conexion23.com\/?p=35091#respond\"]}]},{\"@type\":\"WebPage\",\"@id\":\"https:\/\/conexion23.com\/?p=35091\",\"url\":\"https:\/\/conexion23.com\/?p=35091\",\"name\":\"Mas de 30 millones de d\u00f3lares en p\u00e9rdidas reportaron ejecutivos de Imperial Tabacco por siniestro. - Conexi\u00f3n 23\",\"isPartOf\":{\"@id\":\"https:\/\/conexion23.com\/#website\"},\"primaryImageOfPage\":{\"@id\":\"https:\/\/conexion23.com\/?p=35091#primaryimage\"},\"image\":{\"@id\":\"https:\/\/conexion23.com\/?p=35091#primaryimage\"},\"thumbnailUrl\":\"https:\/\/conexion23.com\/wp-content\/uploads\/2024\/11\/bhhh.jpg\",\"datePublished\":\"2024-11-25T11:24:25+00:00\",\"dateModified\":\"2024-11-25T11:24:27+00:00\",\"breadcrumb\":{\"@id\":\"https:\/\/conexion23.com\/?p=35091#breadcrumb\"},\"inLanguage\":\"es\",\"potentialAction\":[{\"@type\":\"ReadAction\",\"target\":[\"https:\/\/conexion23.com\/?p=35091\"]}]},{\"@type\":\"ImageObject\",\"inLanguage\":\"es\",\"@id\":\"https:\/\/conexion23.com\/?p=35091#primaryimage\",\"url\":\"https:\/\/conexion23.com\/wp-content\/uploads\/2024\/11\/bhhh.jpg\",\"contentUrl\":\"https:\/\/conexion23.com\/wp-content\/uploads\/2024\/11\/bhhh.jpg\",\"width\":300,\"height\":167},{\"@type\":\"BreadcrumbList\",\"@id\":\"https:\/\/conexion23.com\/?p=35091#breadcrumb\",\"itemListElement\":[{\"@type\":\"ListItem\",\"position\":1,\"name\":\"Portada\",\"item\":\"https:\/\/conexion23.com\/\"},{\"@type\":\"ListItem\",\"position\":2,\"name\":\"Mas de 30 millones de d\u00f3lares en p\u00e9rdidas reportaron ejecutivos de Imperial Tabacco por siniestro.\"}]},{\"@type\":\"WebSite\",\"@id\":\"https:\/\/conexion23.com\/#website\",\"url\":\"https:\/\/conexion23.com\/\",\"name\":\"Conexi\u00f3n 23\",\"description\":\"Peri\u00f3dico 100% Petromacorisano\",\"publisher\":{\"@id\":\"https:\/\/conexion23.com\/#organization\"},\"potentialAction\":[{\"@type\":\"SearchAction\",\"target\":{\"@type\":\"EntryPoint\",\"urlTemplate\":\"https:\/\/conexion23.com\/?s={search_term_string}\"},\"query-input\":{\"@type\":\"PropertyValueSpecification\",\"valueRequired\":true,\"valueName\":\"search_term_string\"}}],\"inLanguage\":\"es\"},{\"@type\":\"Organization\",\"@id\":\"https:\/\/conexion23.com\/#organization\",\"name\":\"Conexion 23\",\"url\":\"https:\/\/conexion23.com\/\",\"logo\":{\"@type\":\"ImageObject\",\"inLanguage\":\"es\",\"@id\":\"https:\/\/conexion23.com\/#\/schema\/logo\/image\/\",\"url\":\"https:\/\/conexion23.com\/wp-content\/uploads\/2021\/11\/Diseno-sin-titulo-2.png\",\"contentUrl\":\"https:\/\/conexion23.com\/wp-content\/uploads\/2021\/11\/Diseno-sin-titulo-2.png\",\"width\":541,\"height\":90,\"caption\":\"Conexion 23\"},\"image\":{\"@id\":\"https:\/\/conexion23.com\/#\/schema\/logo\/image\/\"},\"sameAs\":[\"https:\/\/www.facebook.com\/conexion23com\",\"https:\/\/www.instagram.com\/conexion23com\/\",\"https:\/\/www.youtube.com\/channel\/UCYc7vxxFZMYLIHNsHHxPZ3Q\"]},{\"@type\":\"Person\",\"@id\":\"https:\/\/conexion23.com\/#\/schema\/person\/03e36043331117e97a373299bbcd30a6\",\"name\":\"Raffy Ben\u00edtez\",\"image\":{\"@type\":\"ImageObject\",\"inLanguage\":\"es\",\"@id\":\"https:\/\/conexion23.com\/#\/schema\/person\/image\/\",\"url\":\"https:\/\/secure.gravatar.com\/avatar\/3190a6a6c5e1b0327500f7d6c56b6242472ee6cb974cf09b401ee6b3b0798f23?s=96&d=mm&r=g\",\"contentUrl\":\"https:\/\/secure.gravatar.com\/avatar\/3190a6a6c5e1b0327500f7d6c56b6242472ee6cb974cf09b401ee6b3b0798f23?s=96&d=mm&r=g\",\"caption\":\"Raffy Ben\u00edtez\"},\"url\":\"https:\/\/conexion23.com\/?author=15\"}]}<\/script>\n<!-- \/ Yoast SEO plugin. -->","yoast_head_json":{"title":"Mas de 30 millones de d\u00f3lares en p\u00e9rdidas reportaron ejecutivos de Imperial Tabacco por siniestro. - Conexi\u00f3n 23","robots":{"index":"index","follow":"follow","max-snippet":"max-snippet:-1","max-image-preview":"max-image-preview:large","max-video-preview":"max-video-preview:-1"},"canonical":"https:\/\/conexion23.com\/?p=35091","og_locale":"es_ES","og_type":"article","og_title":"Mas de 30 millones de d\u00f3lares en p\u00e9rdidas reportaron ejecutivos de Imperial Tabacco por siniestro. - Conexi\u00f3n 23","og_description":"El ministro de Industria, Comercio y Mipymes (MICM) Victor Orlando Bisogno Haza \u201cIto\u00bb visito este domingo las instalaciones de la Empresa Tabacalera, Imperial Tabacco La Romana, ubicada en la Zona Franca de San Pedro de Macor\u00eds, en miras de brindar apoyo antes el siniestro ocurrido este s\u00e1bado donde se reportaron grandes perdidas millonarias. El ejecutivo [&hellip;]","og_url":"https:\/\/conexion23.com\/?p=35091","og_site_name":"Conexi\u00f3n 23","article_publisher":"https:\/\/www.facebook.com\/conexion23com","article_published_time":"2024-11-25T11:24:25+00:00","article_modified_time":"2024-11-25T11:24:27+00:00","og_image":[{"width":300,"height":167,"url":"https:\/\/conexion23.com\/wp-content\/uploads\/2024\/11\/bhhh.jpg","type":"image\/jpeg"}],"author":"Raffy Ben\u00edtez","twitter_card":"summary_large_image","twitter_misc":{"Escrito por":"Raffy Ben\u00edtez","Tiempo de lectura":"1 minuto"},"schema":{"@context":"https:\/\/schema.org","@graph":[{"@type":"Article","@id":"https:\/\/conexion23.com\/?p=35091#article","isPartOf":{"@id":"https:\/\/conexion23.com\/?p=35091"},"author":{"name":"Raffy Ben\u00edtez","@id":"https:\/\/conexion23.com\/#\/schema\/person\/03e36043331117e97a373299bbcd30a6"},"headline":"Mas de 30 millones de d\u00f3lares en p\u00e9rdidas reportaron ejecutivos de Imperial Tabacco por siniestro.","datePublished":"2024-11-25T11:24:25+00:00","dateModified":"2024-11-25T11:24:27+00:00","mainEntityOfPage":{"@id":"https:\/\/conexion23.com\/?p=35091"},"wordCount":196,"commentCount":0,"publisher":{"@id":"https:\/\/conexion23.com\/#organization"},"image":{"@id":"https:\/\/conexion23.com\/?p=35091#primaryimage"},"thumbnailUrl":"https:\/\/conexion23.com\/wp-content\/uploads\/2024\/11\/bhhh.jpg","articleSection":["SPM"],"inLanguage":"es","potentialAction":[{"@type":"CommentAction","name":"Comment","target":["https:\/\/conexion23.com\/?p=35091#respond"]}]},{"@type":"WebPage","@id":"https:\/\/conexion23.com\/?p=35091","url":"https:\/\/conexion23.com\/?p=35091","name":"Mas de 30 millones de d\u00f3lares en p\u00e9rdidas reportaron ejecutivos de Imperial Tabacco por siniestro. - Conexi\u00f3n 23","isPartOf":{"@id":"https:\/\/conexion23.com\/#website"},"primaryImageOfPage":{"@id":"https:\/\/conexion23.com\/?p=35091#primaryimage"},"image":{"@id":"https:\/\/conexion23.com\/?p=35091#primaryimage"},"thumbnailUrl":"https:\/\/conexion23.com\/wp-content\/uploads\/2024\/11\/bhhh.jpg","datePublished":"2024-11-25T11:24:25+00:00","dateModified":"2024-11-25T11:24:27+00:00","breadcrumb":{"@id":"https:\/\/conexion23.com\/?p=35091#breadcrumb"},"inLanguage":"es","potentialAction":[{"@type":"ReadAction","target":["https:\/\/conexion23.com\/?p=35091"]}]},{"@type":"ImageObject","inLanguage":"es","@id":"https:\/\/conexion23.com\/?p=35091#primaryimage","url":"https:\/\/conexion23.com\/wp-content\/uploads\/2024\/11\/bhhh.jpg","contentUrl":"https:\/\/conexion23.com\/wp-content\/uploads\/2024\/11\/bhhh.jpg","width":300,"height":167},{"@type":"BreadcrumbList","@id":"https:\/\/conexion23.com\/?p=35091#breadcrumb","itemListElement":[{"@type":"ListItem","position":1,"name":"Portada","item":"https:\/\/conexion23.com\/"},{"@type":"ListItem","position":2,"name":"Mas de 30 millones de d\u00f3lares en p\u00e9rdidas reportaron ejecutivos de Imperial Tabacco por siniestro."}]},{"@type":"WebSite","@id":"https:\/\/conexion23.com\/#website","url":"https:\/\/conexion23.com\/","name":"Conexi\u00f3n 23","description":"Peri\u00f3dico 100% Petromacorisano","publisher":{"@id":"https:\/\/conexion23.com\/#organization"},"potentialAction":[{"@type":"SearchAction","target":{"@type":"EntryPoint","urlTemplate":"https:\/\/conexion23.com\/?s={search_term_string}"},"query-input":{"@type":"PropertyValueSpecification","valueRequired":true,"valueName":"search_term_string"}}],"inLanguage":"es"},{"@type":"Organization","@id":"https:\/\/conexion23.com\/#organization","name":"Conexion 23","url":"https:\/\/conexion23.com\/","logo":{"@type":"ImageObject","inLanguage":"es","@id":"https:\/\/conexion23.com\/#\/schema\/logo\/image\/","url":"https:\/\/conexion23.com\/wp-content\/uploads\/2021\/11\/Diseno-sin-titulo-2.png","contentUrl":"https:\/\/conexion23.com\/wp-content\/uploads\/2021\/11\/Diseno-sin-titulo-2.png","width":541,"height":90,"caption":"Conexion 23"},"image":{"@id":"https:\/\/conexion23.com\/#\/schema\/logo\/image\/"},"sameAs":["https:\/\/www.facebook.com\/conexion23com","https:\/\/www.instagram.com\/conexion23com\/","https:\/\/www.youtube.com\/channel\/UCYc7vxxFZMYLIHNsHHxPZ3Q"]},{"@type":"Person","@id":"https:\/\/conexion23.com\/#\/schema\/person\/03e36043331117e97a373299bbcd30a6","name":"Raffy Ben\u00edtez","image":{"@type":"ImageObject","inLanguage":"es","@id":"https:\/\/conexion23.com\/#\/schema\/person\/image\/","url":"https:\/\/secure.gravatar.com\/avatar\/3190a6a6c5e1b0327500f7d6c56b6242472ee6cb974cf09b401ee6b3b0798f23?s=96&d=mm&r=g","contentUrl":"https:\/\/secure.gravatar.com\/avatar\/3190a6a6c5e1b0327500f7d6c56b6242472ee6cb974cf09b401ee6b3b0798f23?s=96&d=mm&r=g","caption":"Raffy Ben\u00edtez"},"url":"https:\/\/conexion23.com\/?author=15"}]}},"_links":{"self":[{"href":"https:\/\/conexion23.com\/index.php?rest_route=\/wp\/v2\/posts\/35091","targetHints":{"allow":["GET"]}}],"collection":[{"href":"https:\/\/conexion23.com\/index.php?rest_route=\/wp\/v2\/posts"}],"about":[{"href":"https:\/\/conexion23.com\/index.php?rest_route=\/wp\/v2\/types\/post"}],"author":[{"embeddable":true,"href":"https:\/\/conexion23.com\/index.php?rest_route=\/wp\/v2\/users\/15"}],"replies":[{"embeddable":true,"href":"https:\/\/conexion23.com\/index.php?rest_route=%2Fwp%2Fv2%2Fcomments&post=35091"}],"version-history":[{"count":1,"href":"https:\/\/conexion23.com\/index.php?rest_route=\/wp\/v2\/posts\/35091\/revisions"}],"predecessor-version":[{"id":35093,"href":"https:\/\/conexion23.com\/index.php?rest_route=\/wp\/v2\/posts\/35091\/revisions\/35093"}],"wp:featuredmedia":[{"embeddable":true,"href":"https:\/\/conexion23.com\/index.php?rest_route=\/wp\/v2\/media\/35092"}],"wp:attachment":[{"href":"https:\/\/conexion23.com\/index.php?rest_route=%2Fwp%2Fv2%2Fmedia&parent=35091"}],"wp:term":[{"taxonomy":"category","embeddable":true,"href":"https:\/\/conexion23.com\/index.php?rest_route=%2Fwp%2Fv2%2Fcategories&post=35091"},{"taxonomy":"post_tag","embeddable":true,"href":"https:\/\/conexion23.com\/index.php?rest_route=%2Fwp%2Fv2%2Ftags&post=35091"}],"curies":[{"name":"wp","href":"https:\/\/api.w.org\/{rel}","templated":true}]}}