{"id":35097,"date":"2024-11-25T07:40:16","date_gmt":"2024-11-25T11:40:16","guid":{"rendered":"https:\/\/conexion23.com\/?p=35097"},"modified":"2024-11-25T07:40:18","modified_gmt":"2024-11-25T11:40:18","slug":"tres-meses-de-prision-a-mujer-acusada-de-robar-en-casas-donde-trabajaba-como-domestica","status":"publish","type":"post","link":"https:\/\/conexion23.com\/?p=35097","title":{"rendered":"Tres meses de prisi\u00f3n a mujer acusada de robar en casas donde trabajaba como dom\u00e9stica."},"content":{"rendered":"\n<p>La jueza de la Oficina de Atenci\u00f3n Permanente del Distrito Judicial de Santiago, Yaritza Cabral, dict\u00f3 el jueves tres meses de prisi\u00f3n preventiva contra Dania Mart\u00ednez, acusada de hacerse pasar por dom\u00e9stica para robar en las viviendas en las que trabajaba.<\/p>\n\n\n\n<p>Seg\u00fan el Ministerio P\u00fablico, la imputada aprovechaba su puesto de empleada dom\u00e9stica para acceder a las propiedades de sus v\u00edctimas, a quienes supuestamente sedaba con caf\u00e9 para luego sustraer art\u00edculos de valor, como joyas, electrodom\u00e9sticos y dinero en efectivo.<\/p>\n\n\n\n<p>Uno de los afectados, Luis Vargas, relat\u00f3 que su esposa, quien estaba al cuidado de un beb\u00e9 reci\u00e9n nacido, fue sedada por Mart\u00ednez, quien rob\u00f3 una suma de dinero y varias prendas de valor. El abogado de la v\u00edctima, Cirilo P\u00e9rez Silverio, inform\u00f3 que la imputada est\u00e1 vinculada a al menos cuatro robos similares, todos realizados bajo el mismo modus operandi.<\/p>\n\n\n\n<p>La magistrada Cabral orden\u00f3 que Dania Mart\u00ednez cumpla la medida de coerci\u00f3n en el Centro de Correcci\u00f3n y Rehabilitaci\u00f3n Rafey Mujeres.<\/p>\n\n\n\n<p>Adem\u00e1s, las autoridades est\u00e1n investigando la posible participaci\u00f3n de otras personas en los robos, por lo que se ha activado una b\u00fasqueda para identificar a los c\u00f3mplices de la acusada.<\/p>\n\n\n\n<p>Este caso ha generado preocupaci\u00f3n en la comunidad, que ahora est\u00e1 m\u00e1s alerta ante el riesgo de ser v\u00edctima de este tipo de delitos.<\/p>\n","protected":false},"excerpt":{"rendered":"<p>La jueza de la Oficina de Atenci\u00f3n Permanente del Distrito Judicial de Santiago, Yaritza Cabral, dict\u00f3 el jueves tres meses de prisi\u00f3n preventiva contra Dania Mart\u00ednez, acusada de hacerse pasar por dom\u00e9stica para robar en las viviendas en las que trabajaba. Seg\u00fan el Ministerio P\u00fablico, la imputada aprovechaba su puesto de empleada dom\u00e9stica para acceder [&hellip;]<\/p>\n","protected":false},"author":15,"featured_media":35098,"comment_status":"open","ping_status":"open","sticky":false,"template":"","format":"standard","meta":{"footnotes":""},"categories":[1],"tags":[],"class_list":{"0":"post-35097","1":"post","2":"type-post","3":"status-publish","4":"format-standard","5":"has-post-thumbnail","7":"category-uncategorized"},"yoast_head":"<!-- This site is optimized with the Yoast SEO plugin v27.1.1 - https:\/\/yoast.com\/product\/yoast-seo-wordpress\/ -->\n<title>Tres meses de prisi\u00f3n a mujer acusada de robar en casas donde trabajaba como dom\u00e9stica. - Conexi\u00f3n 23<\/title>\n<meta name=\"robots\" content=\"index, follow, max-snippet:-1, max-image-preview:large, max-video-preview:-1\" \/>\n<link rel=\"canonical\" href=\"https:\/\/conexion23.com\/?p=35097\" \/>\n<meta property=\"og:locale\" content=\"es_ES\" \/>\n<meta property=\"og:type\" content=\"article\" \/>\n<meta property=\"og:title\" content=\"Tres meses de prisi\u00f3n a mujer acusada de robar en casas donde trabajaba como dom\u00e9stica. - Conexi\u00f3n 23\" \/>\n<meta property=\"og:description\" content=\"La jueza de la Oficina de Atenci\u00f3n Permanente del Distrito Judicial de Santiago, Yaritza Cabral, dict\u00f3 el jueves tres meses de prisi\u00f3n preventiva contra Dania Mart\u00ednez, acusada de hacerse pasar por dom\u00e9stica para robar en las viviendas en las que trabajaba. Seg\u00fan el Ministerio P\u00fablico, la imputada aprovechaba su puesto de empleada dom\u00e9stica para acceder [&hellip;]\" \/>\n<meta property=\"og:url\" content=\"https:\/\/conexion23.com\/?p=35097\" \/>\n<meta property=\"og:site_name\" content=\"Conexi\u00f3n 23\" \/>\n<meta property=\"article:publisher\" content=\"https:\/\/www.facebook.com\/conexion23com\" \/>\n<meta property=\"article:published_time\" content=\"2024-11-25T11:40:16+00:00\" \/>\n<meta property=\"article:modified_time\" content=\"2024-11-25T11:40:18+00:00\" \/>\n<meta property=\"og:image\" content=\"https:\/\/conexion23.com\/wp-content\/uploads\/2024\/11\/WhatsApp-Image-2024-11-22-at-11.37.30-AM-780x470-1.jpeg\" \/>\n\t<meta property=\"og:image:width\" content=\"780\" \/>\n\t<meta property=\"og:image:height\" content=\"470\" \/>\n\t<meta property=\"og:image:type\" content=\"image\/jpeg\" \/>\n<meta name=\"author\" content=\"Raffy Ben\u00edtez\" \/>\n<meta name=\"twitter:card\" content=\"summary_large_image\" \/>\n<meta name=\"twitter:label1\" content=\"Escrito por\" \/>\n\t<meta name=\"twitter:data1\" content=\"Raffy Ben\u00edtez\" \/>\n\t<meta name=\"twitter:label2\" content=\"Tiempo de lectura\" \/>\n\t<meta name=\"twitter:data2\" content=\"2 minutos\" \/>\n<script type=\"application\/ld+json\" class=\"yoast-schema-graph\">{\"@context\":\"https:\/\/schema.org\",\"@graph\":[{\"@type\":\"Article\",\"@id\":\"https:\/\/conexion23.com\/?p=35097#article\",\"isPartOf\":{\"@id\":\"https:\/\/conexion23.com\/?p=35097\"},\"author\":{\"name\":\"Raffy Ben\u00edtez\",\"@id\":\"https:\/\/conexion23.com\/#\/schema\/person\/03e36043331117e97a373299bbcd30a6\"},\"headline\":\"Tres meses de prisi\u00f3n a mujer acusada de robar en casas donde trabajaba como dom\u00e9stica.\",\"datePublished\":\"2024-11-25T11:40:16+00:00\",\"dateModified\":\"2024-11-25T11:40:18+00:00\",\"mainEntityOfPage\":{\"@id\":\"https:\/\/conexion23.com\/?p=35097\"},\"wordCount\":259,\"commentCount\":0,\"publisher\":{\"@id\":\"https:\/\/conexion23.com\/#organization\"},\"image\":{\"@id\":\"https:\/\/conexion23.com\/?p=35097#primaryimage\"},\"thumbnailUrl\":\"https:\/\/conexion23.com\/wp-content\/uploads\/2024\/11\/WhatsApp-Image-2024-11-22-at-11.37.30-AM-780x470-1.jpeg\",\"articleSection\":[\"Uncategorized\"],\"inLanguage\":\"es\",\"potentialAction\":[{\"@type\":\"CommentAction\",\"name\":\"Comment\",\"target\":[\"https:\/\/conexion23.com\/?p=35097#respond\"]}]},{\"@type\":\"WebPage\",\"@id\":\"https:\/\/conexion23.com\/?p=35097\",\"url\":\"https:\/\/conexion23.com\/?p=35097\",\"name\":\"Tres meses de prisi\u00f3n a mujer acusada de robar en casas donde trabajaba como dom\u00e9stica. - Conexi\u00f3n 23\",\"isPartOf\":{\"@id\":\"https:\/\/conexion23.com\/#website\"},\"primaryImageOfPage\":{\"@id\":\"https:\/\/conexion23.com\/?p=35097#primaryimage\"},\"image\":{\"@id\":\"https:\/\/conexion23.com\/?p=35097#primaryimage\"},\"thumbnailUrl\":\"https:\/\/conexion23.com\/wp-content\/uploads\/2024\/11\/WhatsApp-Image-2024-11-22-at-11.37.30-AM-780x470-1.jpeg\",\"datePublished\":\"2024-11-25T11:40:16+00:00\",\"dateModified\":\"2024-11-25T11:40:18+00:00\",\"breadcrumb\":{\"@id\":\"https:\/\/conexion23.com\/?p=35097#breadcrumb\"},\"inLanguage\":\"es\",\"potentialAction\":[{\"@type\":\"ReadAction\",\"target\":[\"https:\/\/conexion23.com\/?p=35097\"]}]},{\"@type\":\"ImageObject\",\"inLanguage\":\"es\",\"@id\":\"https:\/\/conexion23.com\/?p=35097#primaryimage\",\"url\":\"https:\/\/conexion23.com\/wp-content\/uploads\/2024\/11\/WhatsApp-Image-2024-11-22-at-11.37.30-AM-780x470-1.jpeg\",\"contentUrl\":\"https:\/\/conexion23.com\/wp-content\/uploads\/2024\/11\/WhatsApp-Image-2024-11-22-at-11.37.30-AM-780x470-1.jpeg\",\"width\":780,\"height\":470},{\"@type\":\"BreadcrumbList\",\"@id\":\"https:\/\/conexion23.com\/?p=35097#breadcrumb\",\"itemListElement\":[{\"@type\":\"ListItem\",\"position\":1,\"name\":\"Portada\",\"item\":\"https:\/\/conexion23.com\/\"},{\"@type\":\"ListItem\",\"position\":2,\"name\":\"Tres meses de prisi\u00f3n a mujer acusada de robar en casas donde trabajaba como dom\u00e9stica.\"}]},{\"@type\":\"WebSite\",\"@id\":\"https:\/\/conexion23.com\/#website\",\"url\":\"https:\/\/conexion23.com\/\",\"name\":\"Conexi\u00f3n 23\",\"description\":\"Peri\u00f3dico 100% Petromacorisano\",\"publisher\":{\"@id\":\"https:\/\/conexion23.com\/#organization\"},\"potentialAction\":[{\"@type\":\"SearchAction\",\"target\":{\"@type\":\"EntryPoint\",\"urlTemplate\":\"https:\/\/conexion23.com\/?s={search_term_string}\"},\"query-input\":{\"@type\":\"PropertyValueSpecification\",\"valueRequired\":true,\"valueName\":\"search_term_string\"}}],\"inLanguage\":\"es\"},{\"@type\":\"Organization\",\"@id\":\"https:\/\/conexion23.com\/#organization\",\"name\":\"Conexion 23\",\"url\":\"https:\/\/conexion23.com\/\",\"logo\":{\"@type\":\"ImageObject\",\"inLanguage\":\"es\",\"@id\":\"https:\/\/conexion23.com\/#\/schema\/logo\/image\/\",\"url\":\"https:\/\/conexion23.com\/wp-content\/uploads\/2021\/11\/Diseno-sin-titulo-2.png\",\"contentUrl\":\"https:\/\/conexion23.com\/wp-content\/uploads\/2021\/11\/Diseno-sin-titulo-2.png\",\"width\":541,\"height\":90,\"caption\":\"Conexion 23\"},\"image\":{\"@id\":\"https:\/\/conexion23.com\/#\/schema\/logo\/image\/\"},\"sameAs\":[\"https:\/\/www.facebook.com\/conexion23com\",\"https:\/\/www.instagram.com\/conexion23com\/\",\"https:\/\/www.youtube.com\/channel\/UCYc7vxxFZMYLIHNsHHxPZ3Q\"]},{\"@type\":\"Person\",\"@id\":\"https:\/\/conexion23.com\/#\/schema\/person\/03e36043331117e97a373299bbcd30a6\",\"name\":\"Raffy Ben\u00edtez\",\"image\":{\"@type\":\"ImageObject\",\"inLanguage\":\"es\",\"@id\":\"https:\/\/conexion23.com\/#\/schema\/person\/image\/\",\"url\":\"https:\/\/secure.gravatar.com\/avatar\/3190a6a6c5e1b0327500f7d6c56b6242472ee6cb974cf09b401ee6b3b0798f23?s=96&d=mm&r=g\",\"contentUrl\":\"https:\/\/secure.gravatar.com\/avatar\/3190a6a6c5e1b0327500f7d6c56b6242472ee6cb974cf09b401ee6b3b0798f23?s=96&d=mm&r=g\",\"caption\":\"Raffy Ben\u00edtez\"},\"url\":\"https:\/\/conexion23.com\/?author=15\"}]}<\/script>\n<!-- \/ Yoast SEO plugin. -->","yoast_head_json":{"title":"Tres meses de prisi\u00f3n a mujer acusada de robar en casas donde trabajaba como dom\u00e9stica. - Conexi\u00f3n 23","robots":{"index":"index","follow":"follow","max-snippet":"max-snippet:-1","max-image-preview":"max-image-preview:large","max-video-preview":"max-video-preview:-1"},"canonical":"https:\/\/conexion23.com\/?p=35097","og_locale":"es_ES","og_type":"article","og_title":"Tres meses de prisi\u00f3n a mujer acusada de robar en casas donde trabajaba como dom\u00e9stica. - Conexi\u00f3n 23","og_description":"La jueza de la Oficina de Atenci\u00f3n Permanente del Distrito Judicial de Santiago, Yaritza Cabral, dict\u00f3 el jueves tres meses de prisi\u00f3n preventiva contra Dania Mart\u00ednez, acusada de hacerse pasar por dom\u00e9stica para robar en las viviendas en las que trabajaba. Seg\u00fan el Ministerio P\u00fablico, la imputada aprovechaba su puesto de empleada dom\u00e9stica para acceder [&hellip;]","og_url":"https:\/\/conexion23.com\/?p=35097","og_site_name":"Conexi\u00f3n 23","article_publisher":"https:\/\/www.facebook.com\/conexion23com","article_published_time":"2024-11-25T11:40:16+00:00","article_modified_time":"2024-11-25T11:40:18+00:00","og_image":[{"width":780,"height":470,"url":"https:\/\/conexion23.com\/wp-content\/uploads\/2024\/11\/WhatsApp-Image-2024-11-22-at-11.37.30-AM-780x470-1.jpeg","type":"image\/jpeg"}],"author":"Raffy Ben\u00edtez","twitter_card":"summary_large_image","twitter_misc":{"Escrito por":"Raffy Ben\u00edtez","Tiempo de lectura":"2 minutos"},"schema":{"@context":"https:\/\/schema.org","@graph":[{"@type":"Article","@id":"https:\/\/conexion23.com\/?p=35097#article","isPartOf":{"@id":"https:\/\/conexion23.com\/?p=35097"},"author":{"name":"Raffy Ben\u00edtez","@id":"https:\/\/conexion23.com\/#\/schema\/person\/03e36043331117e97a373299bbcd30a6"},"headline":"Tres meses de prisi\u00f3n a mujer acusada de robar en casas donde trabajaba como dom\u00e9stica.","datePublished":"2024-11-25T11:40:16+00:00","dateModified":"2024-11-25T11:40:18+00:00","mainEntityOfPage":{"@id":"https:\/\/conexion23.com\/?p=35097"},"wordCount":259,"commentCount":0,"publisher":{"@id":"https:\/\/conexion23.com\/#organization"},"image":{"@id":"https:\/\/conexion23.com\/?p=35097#primaryimage"},"thumbnailUrl":"https:\/\/conexion23.com\/wp-content\/uploads\/2024\/11\/WhatsApp-Image-2024-11-22-at-11.37.30-AM-780x470-1.jpeg","articleSection":["Uncategorized"],"inLanguage":"es","potentialAction":[{"@type":"CommentAction","name":"Comment","target":["https:\/\/conexion23.com\/?p=35097#respond"]}]},{"@type":"WebPage","@id":"https:\/\/conexion23.com\/?p=35097","url":"https:\/\/conexion23.com\/?p=35097","name":"Tres meses de prisi\u00f3n a mujer acusada de robar en casas donde trabajaba como dom\u00e9stica. - Conexi\u00f3n 23","isPartOf":{"@id":"https:\/\/conexion23.com\/#website"},"primaryImageOfPage":{"@id":"https:\/\/conexion23.com\/?p=35097#primaryimage"},"image":{"@id":"https:\/\/conexion23.com\/?p=35097#primaryimage"},"thumbnailUrl":"https:\/\/conexion23.com\/wp-content\/uploads\/2024\/11\/WhatsApp-Image-2024-11-22-at-11.37.30-AM-780x470-1.jpeg","datePublished":"2024-11-25T11:40:16+00:00","dateModified":"2024-11-25T11:40:18+00:00","breadcrumb":{"@id":"https:\/\/conexion23.com\/?p=35097#breadcrumb"},"inLanguage":"es","potentialAction":[{"@type":"ReadAction","target":["https:\/\/conexion23.com\/?p=35097"]}]},{"@type":"ImageObject","inLanguage":"es","@id":"https:\/\/conexion23.com\/?p=35097#primaryimage","url":"https:\/\/conexion23.com\/wp-content\/uploads\/2024\/11\/WhatsApp-Image-2024-11-22-at-11.37.30-AM-780x470-1.jpeg","contentUrl":"https:\/\/conexion23.com\/wp-content\/uploads\/2024\/11\/WhatsApp-Image-2024-11-22-at-11.37.30-AM-780x470-1.jpeg","width":780,"height":470},{"@type":"BreadcrumbList","@id":"https:\/\/conexion23.com\/?p=35097#breadcrumb","itemListElement":[{"@type":"ListItem","position":1,"name":"Portada","item":"https:\/\/conexion23.com\/"},{"@type":"ListItem","position":2,"name":"Tres meses de prisi\u00f3n a mujer acusada de robar en casas donde trabajaba como dom\u00e9stica."}]},{"@type":"WebSite","@id":"https:\/\/conexion23.com\/#website","url":"https:\/\/conexion23.com\/","name":"Conexi\u00f3n 23","description":"Peri\u00f3dico 100% Petromacorisano","publisher":{"@id":"https:\/\/conexion23.com\/#organization"},"potentialAction":[{"@type":"SearchAction","target":{"@type":"EntryPoint","urlTemplate":"https:\/\/conexion23.com\/?s={search_term_string}"},"query-input":{"@type":"PropertyValueSpecification","valueRequired":true,"valueName":"search_term_string"}}],"inLanguage":"es"},{"@type":"Organization","@id":"https:\/\/conexion23.com\/#organization","name":"Conexion 23","url":"https:\/\/conexion23.com\/","logo":{"@type":"ImageObject","inLanguage":"es","@id":"https:\/\/conexion23.com\/#\/schema\/logo\/image\/","url":"https:\/\/conexion23.com\/wp-content\/uploads\/2021\/11\/Diseno-sin-titulo-2.png","contentUrl":"https:\/\/conexion23.com\/wp-content\/uploads\/2021\/11\/Diseno-sin-titulo-2.png","width":541,"height":90,"caption":"Conexion 23"},"image":{"@id":"https:\/\/conexion23.com\/#\/schema\/logo\/image\/"},"sameAs":["https:\/\/www.facebook.com\/conexion23com","https:\/\/www.instagram.com\/conexion23com\/","https:\/\/www.youtube.com\/channel\/UCYc7vxxFZMYLIHNsHHxPZ3Q"]},{"@type":"Person","@id":"https:\/\/conexion23.com\/#\/schema\/person\/03e36043331117e97a373299bbcd30a6","name":"Raffy Ben\u00edtez","image":{"@type":"ImageObject","inLanguage":"es","@id":"https:\/\/conexion23.com\/#\/schema\/person\/image\/","url":"https:\/\/secure.gravatar.com\/avatar\/3190a6a6c5e1b0327500f7d6c56b6242472ee6cb974cf09b401ee6b3b0798f23?s=96&d=mm&r=g","contentUrl":"https:\/\/secure.gravatar.com\/avatar\/3190a6a6c5e1b0327500f7d6c56b6242472ee6cb974cf09b401ee6b3b0798f23?s=96&d=mm&r=g","caption":"Raffy Ben\u00edtez"},"url":"https:\/\/conexion23.com\/?author=15"}]}},"_links":{"self":[{"href":"https:\/\/conexion23.com\/index.php?rest_route=\/wp\/v2\/posts\/35097","targetHints":{"allow":["GET"]}}],"collection":[{"href":"https:\/\/conexion23.com\/index.php?rest_route=\/wp\/v2\/posts"}],"about":[{"href":"https:\/\/conexion23.com\/index.php?rest_route=\/wp\/v2\/types\/post"}],"author":[{"embeddable":true,"href":"https:\/\/conexion23.com\/index.php?rest_route=\/wp\/v2\/users\/15"}],"replies":[{"embeddable":true,"href":"https:\/\/conexion23.com\/index.php?rest_route=%2Fwp%2Fv2%2Fcomments&post=35097"}],"version-history":[{"count":1,"href":"https:\/\/conexion23.com\/index.php?rest_route=\/wp\/v2\/posts\/35097\/revisions"}],"predecessor-version":[{"id":35099,"href":"https:\/\/conexion23.com\/index.php?rest_route=\/wp\/v2\/posts\/35097\/revisions\/35099"}],"wp:featuredmedia":[{"embeddable":true,"href":"https:\/\/conexion23.com\/index.php?rest_route=\/wp\/v2\/media\/35098"}],"wp:attachment":[{"href":"https:\/\/conexion23.com\/index.php?rest_route=%2Fwp%2Fv2%2Fmedia&parent=35097"}],"wp:term":[{"taxonomy":"category","embeddable":true,"href":"https:\/\/conexion23.com\/index.php?rest_route=%2Fwp%2Fv2%2Fcategories&post=35097"},{"taxonomy":"post_tag","embeddable":true,"href":"https:\/\/conexion23.com\/index.php?rest_route=%2Fwp%2Fv2%2Ftags&post=35097"}],"curies":[{"name":"wp","href":"https:\/\/api.w.org\/{rel}","templated":true}]}}