{"id":35160,"date":"2024-11-26T08:03:08","date_gmt":"2024-11-26T12:03:08","guid":{"rendered":"https:\/\/conexion23.com\/?p=35160"},"modified":"2024-11-26T08:03:10","modified_gmt":"2024-11-26T12:03:10","slug":"regidor-de-veron-punta-cana-se-pronuncia-tras-ser-atacado-brutalmente-por-seguridad-de-coco-bongo","status":"publish","type":"post","link":"https:\/\/conexion23.com\/?p=35160","title":{"rendered":"Regidor de Ver\u00f3n-Punta Cana Se Pronuncia Tras ser atacado brutalmente por Seguridad de Coco Bongo."},"content":{"rendered":"\n<p>En un acto que ha generado preocupaci\u00f3n en la comunidad, el Regidor del Distrito Municipal Tur\u00edstico de Ver\u00f3n-Punta Cana, Dionicio L\u00f3pez, ha formalizado una denuncia contra los agentes de seguridad de la famosa discoteca Coco Bongo, tras ser agredido f\u00edsicamente mientras documentaba, con su tel\u00e9fono celular, un incidente de violencia perpetrado contra turistas en el establecimiento.<\/p>\n\n\n\n<p>Seg\u00fan el testimonio de L\u00f3pez, la agresi\u00f3n fue llevada a cabo por varios miembros del personal de seguridad del local, resultando en lesiones significativas, incluidos un trauma contuso en las \u00e1reas cervical, lumbar y frontal, as\u00ed como un hematoma subyacente y otras heridas menores.<\/p>\n\n\n\n<p>El abogado del Regidor, Jonase Carpio, manifest\u00f3 su firme determinaci\u00f3n: \u201cNo tenemos miedo al poder econ\u00f3mico. Llegaremos hasta las \u00faltimas consecuencias.\u201d Carpio tambi\u00e9n destac\u00f3 que este tipo de comportamiento por parte de los agentes de seguridad en el establecimiento no es un hecho aislado, comentando que \u201cest\u00e1n acostumbrados a actuar de esta manera, pero esta vez encontrar\u00e1n justicia.\u00bb<\/p>\n\n\n\n<p>Dionicio L\u00f3pez hizo un llamado a las autoridades locales para que tomen medidas inmediatas en la investigaci\u00f3n del incidente y garanticen la seguridad tanto de los ciudadanos como de los turistas en la regi\u00f3n. \u201cNuestra lucha es por un entorno seguro para todos en Ver\u00f3n-Punta Cana,\u201d afirm\u00f3 el regidor, subrayando la importancia de proteger a aquellos que visitan la zona.<\/p>\n\n\n\n<p>El incidente ha reabierto el debate sobre la seguridad en espacios recreativos de la regi\u00f3n y la necesidad de implementar protocolos adecuados para salvaguardar a los visitantes y residentes.<\/p>\n","protected":false},"excerpt":{"rendered":"<p>En un acto que ha generado preocupaci\u00f3n en la comunidad, el Regidor del Distrito Municipal Tur\u00edstico de Ver\u00f3n-Punta Cana, Dionicio L\u00f3pez, ha formalizado una denuncia contra los agentes de seguridad de la famosa discoteca Coco Bongo, tras ser agredido f\u00edsicamente mientras documentaba, con su tel\u00e9fono celular, un incidente de violencia perpetrado contra turistas en el [&hellip;]<\/p>\n","protected":false},"author":15,"featured_media":35161,"comment_status":"open","ping_status":"open","sticky":false,"template":"","format":"standard","meta":{"footnotes":""},"categories":[2474],"tags":[],"class_list":{"0":"post-35160","1":"post","2":"type-post","3":"status-publish","4":"format-standard","5":"has-post-thumbnail","7":"category-la-altagracia"},"yoast_head":"<!-- This site is optimized with the Yoast SEO plugin v27.1.1 - https:\/\/yoast.com\/product\/yoast-seo-wordpress\/ -->\n<title>Regidor de Ver\u00f3n-Punta Cana Se Pronuncia Tras ser atacado brutalmente por Seguridad de Coco Bongo. - Conexi\u00f3n 23<\/title>\n<meta name=\"robots\" content=\"index, follow, max-snippet:-1, max-image-preview:large, max-video-preview:-1\" \/>\n<link rel=\"canonical\" href=\"http:\/\/conexion23.com\/?p=35160\" \/>\n<meta property=\"og:locale\" content=\"es_ES\" \/>\n<meta property=\"og:type\" content=\"article\" \/>\n<meta property=\"og:title\" content=\"Regidor de Ver\u00f3n-Punta Cana Se Pronuncia Tras ser atacado brutalmente por Seguridad de Coco Bongo. - Conexi\u00f3n 23\" \/>\n<meta property=\"og:description\" content=\"En un acto que ha generado preocupaci\u00f3n en la comunidad, el Regidor del Distrito Municipal Tur\u00edstico de Ver\u00f3n-Punta Cana, Dionicio L\u00f3pez, ha formalizado una denuncia contra los agentes de seguridad de la famosa discoteca Coco Bongo, tras ser agredido f\u00edsicamente mientras documentaba, con su tel\u00e9fono celular, un incidente de violencia perpetrado contra turistas en el [&hellip;]\" \/>\n<meta property=\"og:url\" content=\"http:\/\/conexion23.com\/?p=35160\" \/>\n<meta property=\"og:site_name\" content=\"Conexi\u00f3n 23\" \/>\n<meta property=\"article:publisher\" content=\"https:\/\/www.facebook.com\/conexion23com\" \/>\n<meta property=\"article:published_time\" content=\"2024-11-26T12:03:08+00:00\" \/>\n<meta property=\"article:modified_time\" content=\"2024-11-26T12:03:10+00:00\" \/>\n<meta property=\"og:image\" content=\"http:\/\/conexion23.com\/wp-content\/uploads\/2024\/11\/nb-nb.jpg\" \/>\n\t<meta property=\"og:image:width\" content=\"268\" \/>\n\t<meta property=\"og:image:height\" content=\"185\" \/>\n\t<meta property=\"og:image:type\" content=\"image\/jpeg\" \/>\n<meta name=\"author\" content=\"Raffy Ben\u00edtez\" \/>\n<meta name=\"twitter:card\" content=\"summary_large_image\" \/>\n<meta name=\"twitter:label1\" content=\"Escrito por\" \/>\n\t<meta name=\"twitter:data1\" content=\"Raffy Ben\u00edtez\" \/>\n\t<meta name=\"twitter:label2\" content=\"Tiempo de lectura\" \/>\n\t<meta name=\"twitter:data2\" content=\"2 minutos\" \/>\n<script type=\"application\/ld+json\" class=\"yoast-schema-graph\">{\"@context\":\"https:\/\/schema.org\",\"@graph\":[{\"@type\":\"Article\",\"@id\":\"http:\/\/conexion23.com\/?p=35160#article\",\"isPartOf\":{\"@id\":\"http:\/\/conexion23.com\/?p=35160\"},\"author\":{\"name\":\"Raffy Ben\u00edtez\",\"@id\":\"https:\/\/conexion23.com\/#\/schema\/person\/03e36043331117e97a373299bbcd30a6\"},\"headline\":\"Regidor de Ver\u00f3n-Punta Cana Se Pronuncia Tras ser atacado brutalmente por Seguridad de Coco Bongo.\",\"datePublished\":\"2024-11-26T12:03:08+00:00\",\"dateModified\":\"2024-11-26T12:03:10+00:00\",\"mainEntityOfPage\":{\"@id\":\"http:\/\/conexion23.com\/?p=35160\"},\"wordCount\":282,\"commentCount\":0,\"publisher\":{\"@id\":\"https:\/\/conexion23.com\/#organization\"},\"image\":{\"@id\":\"http:\/\/conexion23.com\/?p=35160#primaryimage\"},\"thumbnailUrl\":\"https:\/\/conexion23.com\/wp-content\/uploads\/2024\/11\/nb-nb.jpg\",\"articleSection\":[\"La Altagracia\"],\"inLanguage\":\"es\",\"potentialAction\":[{\"@type\":\"CommentAction\",\"name\":\"Comment\",\"target\":[\"http:\/\/conexion23.com\/?p=35160#respond\"]}]},{\"@type\":\"WebPage\",\"@id\":\"http:\/\/conexion23.com\/?p=35160\",\"url\":\"http:\/\/conexion23.com\/?p=35160\",\"name\":\"Regidor de Ver\u00f3n-Punta Cana Se Pronuncia Tras ser atacado brutalmente por Seguridad de Coco Bongo. - Conexi\u00f3n 23\",\"isPartOf\":{\"@id\":\"https:\/\/conexion23.com\/#website\"},\"primaryImageOfPage\":{\"@id\":\"http:\/\/conexion23.com\/?p=35160#primaryimage\"},\"image\":{\"@id\":\"http:\/\/conexion23.com\/?p=35160#primaryimage\"},\"thumbnailUrl\":\"https:\/\/conexion23.com\/wp-content\/uploads\/2024\/11\/nb-nb.jpg\",\"datePublished\":\"2024-11-26T12:03:08+00:00\",\"dateModified\":\"2024-11-26T12:03:10+00:00\",\"breadcrumb\":{\"@id\":\"http:\/\/conexion23.com\/?p=35160#breadcrumb\"},\"inLanguage\":\"es\",\"potentialAction\":[{\"@type\":\"ReadAction\",\"target\":[\"http:\/\/conexion23.com\/?p=35160\"]}]},{\"@type\":\"ImageObject\",\"inLanguage\":\"es\",\"@id\":\"http:\/\/conexion23.com\/?p=35160#primaryimage\",\"url\":\"https:\/\/conexion23.com\/wp-content\/uploads\/2024\/11\/nb-nb.jpg\",\"contentUrl\":\"https:\/\/conexion23.com\/wp-content\/uploads\/2024\/11\/nb-nb.jpg\",\"width\":268,\"height\":185},{\"@type\":\"BreadcrumbList\",\"@id\":\"http:\/\/conexion23.com\/?p=35160#breadcrumb\",\"itemListElement\":[{\"@type\":\"ListItem\",\"position\":1,\"name\":\"Portada\",\"item\":\"https:\/\/conexion23.com\/\"},{\"@type\":\"ListItem\",\"position\":2,\"name\":\"Regidor de Ver\u00f3n-Punta Cana Se Pronuncia Tras ser atacado brutalmente por Seguridad de Coco Bongo.\"}]},{\"@type\":\"WebSite\",\"@id\":\"https:\/\/conexion23.com\/#website\",\"url\":\"https:\/\/conexion23.com\/\",\"name\":\"Conexi\u00f3n 23\",\"description\":\"Peri\u00f3dico 100% Petromacorisano\",\"publisher\":{\"@id\":\"https:\/\/conexion23.com\/#organization\"},\"potentialAction\":[{\"@type\":\"SearchAction\",\"target\":{\"@type\":\"EntryPoint\",\"urlTemplate\":\"https:\/\/conexion23.com\/?s={search_term_string}\"},\"query-input\":{\"@type\":\"PropertyValueSpecification\",\"valueRequired\":true,\"valueName\":\"search_term_string\"}}],\"inLanguage\":\"es\"},{\"@type\":\"Organization\",\"@id\":\"https:\/\/conexion23.com\/#organization\",\"name\":\"Conexion 23\",\"url\":\"https:\/\/conexion23.com\/\",\"logo\":{\"@type\":\"ImageObject\",\"inLanguage\":\"es\",\"@id\":\"https:\/\/conexion23.com\/#\/schema\/logo\/image\/\",\"url\":\"https:\/\/conexion23.com\/wp-content\/uploads\/2021\/11\/Diseno-sin-titulo-2.png\",\"contentUrl\":\"https:\/\/conexion23.com\/wp-content\/uploads\/2021\/11\/Diseno-sin-titulo-2.png\",\"width\":541,\"height\":90,\"caption\":\"Conexion 23\"},\"image\":{\"@id\":\"https:\/\/conexion23.com\/#\/schema\/logo\/image\/\"},\"sameAs\":[\"https:\/\/www.facebook.com\/conexion23com\",\"https:\/\/www.instagram.com\/conexion23com\/\",\"https:\/\/www.youtube.com\/channel\/UCYc7vxxFZMYLIHNsHHxPZ3Q\"]},{\"@type\":\"Person\",\"@id\":\"https:\/\/conexion23.com\/#\/schema\/person\/03e36043331117e97a373299bbcd30a6\",\"name\":\"Raffy Ben\u00edtez\",\"image\":{\"@type\":\"ImageObject\",\"inLanguage\":\"es\",\"@id\":\"https:\/\/conexion23.com\/#\/schema\/person\/image\/\",\"url\":\"https:\/\/secure.gravatar.com\/avatar\/3190a6a6c5e1b0327500f7d6c56b6242472ee6cb974cf09b401ee6b3b0798f23?s=96&d=mm&r=g\",\"contentUrl\":\"https:\/\/secure.gravatar.com\/avatar\/3190a6a6c5e1b0327500f7d6c56b6242472ee6cb974cf09b401ee6b3b0798f23?s=96&d=mm&r=g\",\"caption\":\"Raffy Ben\u00edtez\"},\"url\":\"https:\/\/conexion23.com\/?author=15\"}]}<\/script>\n<!-- \/ Yoast SEO plugin. -->","yoast_head_json":{"title":"Regidor de Ver\u00f3n-Punta Cana Se Pronuncia Tras ser atacado brutalmente por Seguridad de Coco Bongo. - Conexi\u00f3n 23","robots":{"index":"index","follow":"follow","max-snippet":"max-snippet:-1","max-image-preview":"max-image-preview:large","max-video-preview":"max-video-preview:-1"},"canonical":"http:\/\/conexion23.com\/?p=35160","og_locale":"es_ES","og_type":"article","og_title":"Regidor de Ver\u00f3n-Punta Cana Se Pronuncia Tras ser atacado brutalmente por Seguridad de Coco Bongo. - Conexi\u00f3n 23","og_description":"En un acto que ha generado preocupaci\u00f3n en la comunidad, el Regidor del Distrito Municipal Tur\u00edstico de Ver\u00f3n-Punta Cana, Dionicio L\u00f3pez, ha formalizado una denuncia contra los agentes de seguridad de la famosa discoteca Coco Bongo, tras ser agredido f\u00edsicamente mientras documentaba, con su tel\u00e9fono celular, un incidente de violencia perpetrado contra turistas en el [&hellip;]","og_url":"http:\/\/conexion23.com\/?p=35160","og_site_name":"Conexi\u00f3n 23","article_publisher":"https:\/\/www.facebook.com\/conexion23com","article_published_time":"2024-11-26T12:03:08+00:00","article_modified_time":"2024-11-26T12:03:10+00:00","og_image":[{"width":268,"height":185,"url":"http:\/\/conexion23.com\/wp-content\/uploads\/2024\/11\/nb-nb.jpg","type":"image\/jpeg"}],"author":"Raffy Ben\u00edtez","twitter_card":"summary_large_image","twitter_misc":{"Escrito por":"Raffy Ben\u00edtez","Tiempo de lectura":"2 minutos"},"schema":{"@context":"https:\/\/schema.org","@graph":[{"@type":"Article","@id":"http:\/\/conexion23.com\/?p=35160#article","isPartOf":{"@id":"http:\/\/conexion23.com\/?p=35160"},"author":{"name":"Raffy Ben\u00edtez","@id":"https:\/\/conexion23.com\/#\/schema\/person\/03e36043331117e97a373299bbcd30a6"},"headline":"Regidor de Ver\u00f3n-Punta Cana Se Pronuncia Tras ser atacado brutalmente por Seguridad de Coco Bongo.","datePublished":"2024-11-26T12:03:08+00:00","dateModified":"2024-11-26T12:03:10+00:00","mainEntityOfPage":{"@id":"http:\/\/conexion23.com\/?p=35160"},"wordCount":282,"commentCount":0,"publisher":{"@id":"https:\/\/conexion23.com\/#organization"},"image":{"@id":"http:\/\/conexion23.com\/?p=35160#primaryimage"},"thumbnailUrl":"https:\/\/conexion23.com\/wp-content\/uploads\/2024\/11\/nb-nb.jpg","articleSection":["La Altagracia"],"inLanguage":"es","potentialAction":[{"@type":"CommentAction","name":"Comment","target":["http:\/\/conexion23.com\/?p=35160#respond"]}]},{"@type":"WebPage","@id":"http:\/\/conexion23.com\/?p=35160","url":"http:\/\/conexion23.com\/?p=35160","name":"Regidor de Ver\u00f3n-Punta Cana Se Pronuncia Tras ser atacado brutalmente por Seguridad de Coco Bongo. - Conexi\u00f3n 23","isPartOf":{"@id":"https:\/\/conexion23.com\/#website"},"primaryImageOfPage":{"@id":"http:\/\/conexion23.com\/?p=35160#primaryimage"},"image":{"@id":"http:\/\/conexion23.com\/?p=35160#primaryimage"},"thumbnailUrl":"https:\/\/conexion23.com\/wp-content\/uploads\/2024\/11\/nb-nb.jpg","datePublished":"2024-11-26T12:03:08+00:00","dateModified":"2024-11-26T12:03:10+00:00","breadcrumb":{"@id":"http:\/\/conexion23.com\/?p=35160#breadcrumb"},"inLanguage":"es","potentialAction":[{"@type":"ReadAction","target":["http:\/\/conexion23.com\/?p=35160"]}]},{"@type":"ImageObject","inLanguage":"es","@id":"http:\/\/conexion23.com\/?p=35160#primaryimage","url":"https:\/\/conexion23.com\/wp-content\/uploads\/2024\/11\/nb-nb.jpg","contentUrl":"https:\/\/conexion23.com\/wp-content\/uploads\/2024\/11\/nb-nb.jpg","width":268,"height":185},{"@type":"BreadcrumbList","@id":"http:\/\/conexion23.com\/?p=35160#breadcrumb","itemListElement":[{"@type":"ListItem","position":1,"name":"Portada","item":"https:\/\/conexion23.com\/"},{"@type":"ListItem","position":2,"name":"Regidor de Ver\u00f3n-Punta Cana Se Pronuncia Tras ser atacado brutalmente por Seguridad de Coco Bongo."}]},{"@type":"WebSite","@id":"https:\/\/conexion23.com\/#website","url":"https:\/\/conexion23.com\/","name":"Conexi\u00f3n 23","description":"Peri\u00f3dico 100% Petromacorisano","publisher":{"@id":"https:\/\/conexion23.com\/#organization"},"potentialAction":[{"@type":"SearchAction","target":{"@type":"EntryPoint","urlTemplate":"https:\/\/conexion23.com\/?s={search_term_string}"},"query-input":{"@type":"PropertyValueSpecification","valueRequired":true,"valueName":"search_term_string"}}],"inLanguage":"es"},{"@type":"Organization","@id":"https:\/\/conexion23.com\/#organization","name":"Conexion 23","url":"https:\/\/conexion23.com\/","logo":{"@type":"ImageObject","inLanguage":"es","@id":"https:\/\/conexion23.com\/#\/schema\/logo\/image\/","url":"https:\/\/conexion23.com\/wp-content\/uploads\/2021\/11\/Diseno-sin-titulo-2.png","contentUrl":"https:\/\/conexion23.com\/wp-content\/uploads\/2021\/11\/Diseno-sin-titulo-2.png","width":541,"height":90,"caption":"Conexion 23"},"image":{"@id":"https:\/\/conexion23.com\/#\/schema\/logo\/image\/"},"sameAs":["https:\/\/www.facebook.com\/conexion23com","https:\/\/www.instagram.com\/conexion23com\/","https:\/\/www.youtube.com\/channel\/UCYc7vxxFZMYLIHNsHHxPZ3Q"]},{"@type":"Person","@id":"https:\/\/conexion23.com\/#\/schema\/person\/03e36043331117e97a373299bbcd30a6","name":"Raffy Ben\u00edtez","image":{"@type":"ImageObject","inLanguage":"es","@id":"https:\/\/conexion23.com\/#\/schema\/person\/image\/","url":"https:\/\/secure.gravatar.com\/avatar\/3190a6a6c5e1b0327500f7d6c56b6242472ee6cb974cf09b401ee6b3b0798f23?s=96&d=mm&r=g","contentUrl":"https:\/\/secure.gravatar.com\/avatar\/3190a6a6c5e1b0327500f7d6c56b6242472ee6cb974cf09b401ee6b3b0798f23?s=96&d=mm&r=g","caption":"Raffy Ben\u00edtez"},"url":"https:\/\/conexion23.com\/?author=15"}]}},"_links":{"self":[{"href":"https:\/\/conexion23.com\/index.php?rest_route=\/wp\/v2\/posts\/35160","targetHints":{"allow":["GET"]}}],"collection":[{"href":"https:\/\/conexion23.com\/index.php?rest_route=\/wp\/v2\/posts"}],"about":[{"href":"https:\/\/conexion23.com\/index.php?rest_route=\/wp\/v2\/types\/post"}],"author":[{"embeddable":true,"href":"https:\/\/conexion23.com\/index.php?rest_route=\/wp\/v2\/users\/15"}],"replies":[{"embeddable":true,"href":"https:\/\/conexion23.com\/index.php?rest_route=%2Fwp%2Fv2%2Fcomments&post=35160"}],"version-history":[{"count":1,"href":"https:\/\/conexion23.com\/index.php?rest_route=\/wp\/v2\/posts\/35160\/revisions"}],"predecessor-version":[{"id":35162,"href":"https:\/\/conexion23.com\/index.php?rest_route=\/wp\/v2\/posts\/35160\/revisions\/35162"}],"wp:featuredmedia":[{"embeddable":true,"href":"https:\/\/conexion23.com\/index.php?rest_route=\/wp\/v2\/media\/35161"}],"wp:attachment":[{"href":"https:\/\/conexion23.com\/index.php?rest_route=%2Fwp%2Fv2%2Fmedia&parent=35160"}],"wp:term":[{"taxonomy":"category","embeddable":true,"href":"https:\/\/conexion23.com\/index.php?rest_route=%2Fwp%2Fv2%2Fcategories&post=35160"},{"taxonomy":"post_tag","embeddable":true,"href":"https:\/\/conexion23.com\/index.php?rest_route=%2Fwp%2Fv2%2Ftags&post=35160"}],"curies":[{"name":"wp","href":"https:\/\/api.w.org\/{rel}","templated":true}]}}