{"id":35163,"date":"2024-11-26T08:08:25","date_gmt":"2024-11-26T12:08:25","guid":{"rendered":"https:\/\/conexion23.com\/?p=35163"},"modified":"2024-11-26T08:08:28","modified_gmt":"2024-11-26T12:08:28","slug":"dictan-30-y-20-anos-a-implicados-en-la-muerte-de-la-nina-kylie-naomi","status":"publish","type":"post","link":"https:\/\/conexion23.com\/?p=35163","title":{"rendered":"Dictan 30 y 20 a\u00f1os a implicados en la muerte de la ni\u00f1a Kylie Naomi"},"content":{"rendered":"\n<p>El Primer Tribunal Colegiado del Distrito Nacional sentenci\u00f3 este lunes a Josu\u00e9 Alberto Mendoza Figuereo (Nano) a 30 a\u00f1os de prisi\u00f3n, y a Marcus Anthony S\u00e1nchez (Ramirito) y Luis Sander Mu\u00f1oz Manzueta a 20 a\u00f1os, por su responsabilidad en la muerte de la ni\u00f1a&nbsp;<a href=\"https:\/\/panorama.com.do\/asignan-defensores-publicos-a-acusados-de-participar-en-muerte-de-nina-kylie-naomi\/\">Kylie Naomi Rosa<\/a>, de 9 a\u00f1os.<\/p>\n\n\n\n<p>El hecho ocurri\u00f3 en la avenida M\u00e1ximo G\u00f3mez de Santo Domingo cuando la menor viajaba junto a su madre.<\/p>\n\n\n\n<p>El tribunal, presidido por Gisell M\u00e9ndez e integrado por las magistradas Jisell Naranjo y Emely Bruno, determin\u00f3 que Mendoza Figuereo fue quien dispar\u00f3 el arma ilegal que caus\u00f3 la muerte de la ni\u00f1a.<\/p>\n\n\n\n<p>Tambi\u00e9n ordenaron una multa de 50 salarios m\u00ednimos y el pago de una indemnizaci\u00f3n de 6 millones de pesos a los padres de la v\u00edctima por da\u00f1os y perjuicios.<\/p>\n\n\n\n<p>S\u00e1nchez y Mu\u00f1oz Manzueta los condenaron por asociarse para cometer robo agravado, mientras que el Ministerio P\u00fablico hab\u00eda solicitado 30 a\u00f1os para todos los imputados.<\/p>\n\n\n\n<p>La lectura \u00edntegra de la sentencia se fij\u00f3 para el 16 de diciembre a las 9:00 de la ma\u00f1ana. Adem\u00e1s, se remitir\u00e1 al juez de la Ejecuci\u00f3n de la Pena para los tr\u00e1mites correspondientes.<\/p>\n\n\n\n<h3 class=\"wp-block-heading\" id=\"h-sobre-el-robo\">Sobre el robo<\/h3>\n\n\n\n<p>El hecho ocurri\u00f3 en la madrugada del 6 de abril, cuando los imputados asaltaron a Anthony Johan Garc\u00eda Acosta. El saltado se dirig\u00eda en motocicleta junto a su novia.<\/p>\n\n\n\n<p>Durante el asalto, los imputados utilizaron armas de fuego, obligando a las v\u00edctimas a desmontarse de la motocicleta. Se apoderaron de la misma y emprendieron la huida en direcciones opuestas y, a unos metros de distancia, el coautor Luis Sander Mu\u00f1oz Manzueta cay\u00f3 al pavimento, tras el impacto de un veh\u00edculo que transitaba por el lugar.<\/p>\n\n\n\n<p>En un intento de rescatarlo, los otros imputados regresaron al lugar, y como represalia, \u2018Nano\u2019 dispar\u00f3 contra el veh\u00edculo. Este le caus\u00f3 la muerte de la ni\u00f1a Kylie Naomi Rosa Alc\u00e1ntara.<\/p>\n","protected":false},"excerpt":{"rendered":"<p>El Primer Tribunal Colegiado del Distrito Nacional sentenci\u00f3 este lunes a Josu\u00e9 Alberto Mendoza Figuereo (Nano) a 30 a\u00f1os de prisi\u00f3n, y a Marcus Anthony S\u00e1nchez (Ramirito) y Luis Sander Mu\u00f1oz Manzueta a 20 a\u00f1os, por su responsabilidad en la muerte de la ni\u00f1a&nbsp;Kylie Naomi Rosa, de 9 a\u00f1os. El hecho ocurri\u00f3 en la avenida [&hellip;]<\/p>\n","protected":false},"author":15,"featured_media":35164,"comment_status":"open","ping_status":"open","sticky":false,"template":"","format":"standard","meta":{"footnotes":""},"categories":[1],"tags":[],"class_list":{"0":"post-35163","1":"post","2":"type-post","3":"status-publish","4":"format-standard","5":"has-post-thumbnail","7":"category-uncategorized"},"yoast_head":"<!-- This site is optimized with the Yoast SEO plugin v27.1.1 - https:\/\/yoast.com\/product\/yoast-seo-wordpress\/ -->\n<title>Dictan 30 y 20 a\u00f1os a implicados en la muerte de la ni\u00f1a Kylie Naomi - Conexi\u00f3n 23<\/title>\n<meta name=\"robots\" content=\"index, follow, max-snippet:-1, max-image-preview:large, max-video-preview:-1\" \/>\n<link rel=\"canonical\" href=\"http:\/\/conexion23.com\/?p=35163\" \/>\n<meta property=\"og:locale\" content=\"es_ES\" \/>\n<meta property=\"og:type\" content=\"article\" \/>\n<meta property=\"og:title\" content=\"Dictan 30 y 20 a\u00f1os a implicados en la muerte de la ni\u00f1a Kylie Naomi - Conexi\u00f3n 23\" \/>\n<meta property=\"og:description\" content=\"El Primer Tribunal Colegiado del Distrito Nacional sentenci\u00f3 este lunes a Josu\u00e9 Alberto Mendoza Figuereo (Nano) a 30 a\u00f1os de prisi\u00f3n, y a Marcus Anthony S\u00e1nchez (Ramirito) y Luis Sander Mu\u00f1oz Manzueta a 20 a\u00f1os, por su responsabilidad en la muerte de la ni\u00f1a&nbsp;Kylie Naomi Rosa, de 9 a\u00f1os. El hecho ocurri\u00f3 en la avenida [&hellip;]\" \/>\n<meta property=\"og:url\" content=\"http:\/\/conexion23.com\/?p=35163\" \/>\n<meta property=\"og:site_name\" content=\"Conexi\u00f3n 23\" \/>\n<meta property=\"article:publisher\" content=\"https:\/\/www.facebook.com\/conexion23com\" \/>\n<meta property=\"article:published_time\" content=\"2024-11-26T12:08:25+00:00\" \/>\n<meta property=\"article:modified_time\" content=\"2024-11-26T12:08:28+00:00\" \/>\n<meta property=\"og:image\" content=\"http:\/\/conexion23.com\/wp-content\/uploads\/2024\/11\/download-16.jpg\" \/>\n\t<meta property=\"og:image:width\" content=\"247\" \/>\n\t<meta property=\"og:image:height\" content=\"170\" \/>\n\t<meta property=\"og:image:type\" content=\"image\/jpeg\" \/>\n<meta name=\"author\" content=\"Raffy Ben\u00edtez\" \/>\n<meta name=\"twitter:card\" content=\"summary_large_image\" \/>\n<meta name=\"twitter:label1\" content=\"Escrito por\" \/>\n\t<meta name=\"twitter:data1\" content=\"Raffy Ben\u00edtez\" \/>\n\t<meta name=\"twitter:label2\" content=\"Tiempo de lectura\" \/>\n\t<meta name=\"twitter:data2\" content=\"2 minutos\" \/>\n<script type=\"application\/ld+json\" class=\"yoast-schema-graph\">{\"@context\":\"https:\/\/schema.org\",\"@graph\":[{\"@type\":\"Article\",\"@id\":\"http:\/\/conexion23.com\/?p=35163#article\",\"isPartOf\":{\"@id\":\"http:\/\/conexion23.com\/?p=35163\"},\"author\":{\"name\":\"Raffy Ben\u00edtez\",\"@id\":\"https:\/\/conexion23.com\/#\/schema\/person\/03e36043331117e97a373299bbcd30a6\"},\"headline\":\"Dictan 30 y 20 a\u00f1os a implicados en la muerte de la ni\u00f1a Kylie Naomi\",\"datePublished\":\"2024-11-26T12:08:25+00:00\",\"dateModified\":\"2024-11-26T12:08:28+00:00\",\"mainEntityOfPage\":{\"@id\":\"http:\/\/conexion23.com\/?p=35163\"},\"wordCount\":349,\"commentCount\":0,\"publisher\":{\"@id\":\"https:\/\/conexion23.com\/#organization\"},\"image\":{\"@id\":\"http:\/\/conexion23.com\/?p=35163#primaryimage\"},\"thumbnailUrl\":\"https:\/\/conexion23.com\/wp-content\/uploads\/2024\/11\/download-16.jpg\",\"articleSection\":[\"Uncategorized\"],\"inLanguage\":\"es\",\"potentialAction\":[{\"@type\":\"CommentAction\",\"name\":\"Comment\",\"target\":[\"http:\/\/conexion23.com\/?p=35163#respond\"]}]},{\"@type\":\"WebPage\",\"@id\":\"http:\/\/conexion23.com\/?p=35163\",\"url\":\"http:\/\/conexion23.com\/?p=35163\",\"name\":\"Dictan 30 y 20 a\u00f1os a implicados en la muerte de la ni\u00f1a Kylie Naomi - Conexi\u00f3n 23\",\"isPartOf\":{\"@id\":\"https:\/\/conexion23.com\/#website\"},\"primaryImageOfPage\":{\"@id\":\"http:\/\/conexion23.com\/?p=35163#primaryimage\"},\"image\":{\"@id\":\"http:\/\/conexion23.com\/?p=35163#primaryimage\"},\"thumbnailUrl\":\"https:\/\/conexion23.com\/wp-content\/uploads\/2024\/11\/download-16.jpg\",\"datePublished\":\"2024-11-26T12:08:25+00:00\",\"dateModified\":\"2024-11-26T12:08:28+00:00\",\"breadcrumb\":{\"@id\":\"http:\/\/conexion23.com\/?p=35163#breadcrumb\"},\"inLanguage\":\"es\",\"potentialAction\":[{\"@type\":\"ReadAction\",\"target\":[\"http:\/\/conexion23.com\/?p=35163\"]}]},{\"@type\":\"ImageObject\",\"inLanguage\":\"es\",\"@id\":\"http:\/\/conexion23.com\/?p=35163#primaryimage\",\"url\":\"https:\/\/conexion23.com\/wp-content\/uploads\/2024\/11\/download-16.jpg\",\"contentUrl\":\"https:\/\/conexion23.com\/wp-content\/uploads\/2024\/11\/download-16.jpg\",\"width\":247,\"height\":170},{\"@type\":\"BreadcrumbList\",\"@id\":\"http:\/\/conexion23.com\/?p=35163#breadcrumb\",\"itemListElement\":[{\"@type\":\"ListItem\",\"position\":1,\"name\":\"Portada\",\"item\":\"https:\/\/conexion23.com\/\"},{\"@type\":\"ListItem\",\"position\":2,\"name\":\"Dictan 30 y 20 a\u00f1os a implicados en la muerte de la ni\u00f1a Kylie Naomi\"}]},{\"@type\":\"WebSite\",\"@id\":\"https:\/\/conexion23.com\/#website\",\"url\":\"https:\/\/conexion23.com\/\",\"name\":\"Conexi\u00f3n 23\",\"description\":\"Peri\u00f3dico 100% Petromacorisano\",\"publisher\":{\"@id\":\"https:\/\/conexion23.com\/#organization\"},\"potentialAction\":[{\"@type\":\"SearchAction\",\"target\":{\"@type\":\"EntryPoint\",\"urlTemplate\":\"https:\/\/conexion23.com\/?s={search_term_string}\"},\"query-input\":{\"@type\":\"PropertyValueSpecification\",\"valueRequired\":true,\"valueName\":\"search_term_string\"}}],\"inLanguage\":\"es\"},{\"@type\":\"Organization\",\"@id\":\"https:\/\/conexion23.com\/#organization\",\"name\":\"Conexion 23\",\"url\":\"https:\/\/conexion23.com\/\",\"logo\":{\"@type\":\"ImageObject\",\"inLanguage\":\"es\",\"@id\":\"https:\/\/conexion23.com\/#\/schema\/logo\/image\/\",\"url\":\"https:\/\/conexion23.com\/wp-content\/uploads\/2021\/11\/Diseno-sin-titulo-2.png\",\"contentUrl\":\"https:\/\/conexion23.com\/wp-content\/uploads\/2021\/11\/Diseno-sin-titulo-2.png\",\"width\":541,\"height\":90,\"caption\":\"Conexion 23\"},\"image\":{\"@id\":\"https:\/\/conexion23.com\/#\/schema\/logo\/image\/\"},\"sameAs\":[\"https:\/\/www.facebook.com\/conexion23com\",\"https:\/\/www.instagram.com\/conexion23com\/\",\"https:\/\/www.youtube.com\/channel\/UCYc7vxxFZMYLIHNsHHxPZ3Q\"]},{\"@type\":\"Person\",\"@id\":\"https:\/\/conexion23.com\/#\/schema\/person\/03e36043331117e97a373299bbcd30a6\",\"name\":\"Raffy Ben\u00edtez\",\"image\":{\"@type\":\"ImageObject\",\"inLanguage\":\"es\",\"@id\":\"https:\/\/conexion23.com\/#\/schema\/person\/image\/\",\"url\":\"https:\/\/secure.gravatar.com\/avatar\/3190a6a6c5e1b0327500f7d6c56b6242472ee6cb974cf09b401ee6b3b0798f23?s=96&d=mm&r=g\",\"contentUrl\":\"https:\/\/secure.gravatar.com\/avatar\/3190a6a6c5e1b0327500f7d6c56b6242472ee6cb974cf09b401ee6b3b0798f23?s=96&d=mm&r=g\",\"caption\":\"Raffy Ben\u00edtez\"},\"url\":\"https:\/\/conexion23.com\/?author=15\"}]}<\/script>\n<!-- \/ Yoast SEO plugin. -->","yoast_head_json":{"title":"Dictan 30 y 20 a\u00f1os a implicados en la muerte de la ni\u00f1a Kylie Naomi - Conexi\u00f3n 23","robots":{"index":"index","follow":"follow","max-snippet":"max-snippet:-1","max-image-preview":"max-image-preview:large","max-video-preview":"max-video-preview:-1"},"canonical":"http:\/\/conexion23.com\/?p=35163","og_locale":"es_ES","og_type":"article","og_title":"Dictan 30 y 20 a\u00f1os a implicados en la muerte de la ni\u00f1a Kylie Naomi - Conexi\u00f3n 23","og_description":"El Primer Tribunal Colegiado del Distrito Nacional sentenci\u00f3 este lunes a Josu\u00e9 Alberto Mendoza Figuereo (Nano) a 30 a\u00f1os de prisi\u00f3n, y a Marcus Anthony S\u00e1nchez (Ramirito) y Luis Sander Mu\u00f1oz Manzueta a 20 a\u00f1os, por su responsabilidad en la muerte de la ni\u00f1a&nbsp;Kylie Naomi Rosa, de 9 a\u00f1os. El hecho ocurri\u00f3 en la avenida [&hellip;]","og_url":"http:\/\/conexion23.com\/?p=35163","og_site_name":"Conexi\u00f3n 23","article_publisher":"https:\/\/www.facebook.com\/conexion23com","article_published_time":"2024-11-26T12:08:25+00:00","article_modified_time":"2024-11-26T12:08:28+00:00","og_image":[{"width":247,"height":170,"url":"http:\/\/conexion23.com\/wp-content\/uploads\/2024\/11\/download-16.jpg","type":"image\/jpeg"}],"author":"Raffy Ben\u00edtez","twitter_card":"summary_large_image","twitter_misc":{"Escrito por":"Raffy Ben\u00edtez","Tiempo de lectura":"2 minutos"},"schema":{"@context":"https:\/\/schema.org","@graph":[{"@type":"Article","@id":"http:\/\/conexion23.com\/?p=35163#article","isPartOf":{"@id":"http:\/\/conexion23.com\/?p=35163"},"author":{"name":"Raffy Ben\u00edtez","@id":"https:\/\/conexion23.com\/#\/schema\/person\/03e36043331117e97a373299bbcd30a6"},"headline":"Dictan 30 y 20 a\u00f1os a implicados en la muerte de la ni\u00f1a Kylie Naomi","datePublished":"2024-11-26T12:08:25+00:00","dateModified":"2024-11-26T12:08:28+00:00","mainEntityOfPage":{"@id":"http:\/\/conexion23.com\/?p=35163"},"wordCount":349,"commentCount":0,"publisher":{"@id":"https:\/\/conexion23.com\/#organization"},"image":{"@id":"http:\/\/conexion23.com\/?p=35163#primaryimage"},"thumbnailUrl":"https:\/\/conexion23.com\/wp-content\/uploads\/2024\/11\/download-16.jpg","articleSection":["Uncategorized"],"inLanguage":"es","potentialAction":[{"@type":"CommentAction","name":"Comment","target":["http:\/\/conexion23.com\/?p=35163#respond"]}]},{"@type":"WebPage","@id":"http:\/\/conexion23.com\/?p=35163","url":"http:\/\/conexion23.com\/?p=35163","name":"Dictan 30 y 20 a\u00f1os a implicados en la muerte de la ni\u00f1a Kylie Naomi - Conexi\u00f3n 23","isPartOf":{"@id":"https:\/\/conexion23.com\/#website"},"primaryImageOfPage":{"@id":"http:\/\/conexion23.com\/?p=35163#primaryimage"},"image":{"@id":"http:\/\/conexion23.com\/?p=35163#primaryimage"},"thumbnailUrl":"https:\/\/conexion23.com\/wp-content\/uploads\/2024\/11\/download-16.jpg","datePublished":"2024-11-26T12:08:25+00:00","dateModified":"2024-11-26T12:08:28+00:00","breadcrumb":{"@id":"http:\/\/conexion23.com\/?p=35163#breadcrumb"},"inLanguage":"es","potentialAction":[{"@type":"ReadAction","target":["http:\/\/conexion23.com\/?p=35163"]}]},{"@type":"ImageObject","inLanguage":"es","@id":"http:\/\/conexion23.com\/?p=35163#primaryimage","url":"https:\/\/conexion23.com\/wp-content\/uploads\/2024\/11\/download-16.jpg","contentUrl":"https:\/\/conexion23.com\/wp-content\/uploads\/2024\/11\/download-16.jpg","width":247,"height":170},{"@type":"BreadcrumbList","@id":"http:\/\/conexion23.com\/?p=35163#breadcrumb","itemListElement":[{"@type":"ListItem","position":1,"name":"Portada","item":"https:\/\/conexion23.com\/"},{"@type":"ListItem","position":2,"name":"Dictan 30 y 20 a\u00f1os a implicados en la muerte de la ni\u00f1a Kylie Naomi"}]},{"@type":"WebSite","@id":"https:\/\/conexion23.com\/#website","url":"https:\/\/conexion23.com\/","name":"Conexi\u00f3n 23","description":"Peri\u00f3dico 100% Petromacorisano","publisher":{"@id":"https:\/\/conexion23.com\/#organization"},"potentialAction":[{"@type":"SearchAction","target":{"@type":"EntryPoint","urlTemplate":"https:\/\/conexion23.com\/?s={search_term_string}"},"query-input":{"@type":"PropertyValueSpecification","valueRequired":true,"valueName":"search_term_string"}}],"inLanguage":"es"},{"@type":"Organization","@id":"https:\/\/conexion23.com\/#organization","name":"Conexion 23","url":"https:\/\/conexion23.com\/","logo":{"@type":"ImageObject","inLanguage":"es","@id":"https:\/\/conexion23.com\/#\/schema\/logo\/image\/","url":"https:\/\/conexion23.com\/wp-content\/uploads\/2021\/11\/Diseno-sin-titulo-2.png","contentUrl":"https:\/\/conexion23.com\/wp-content\/uploads\/2021\/11\/Diseno-sin-titulo-2.png","width":541,"height":90,"caption":"Conexion 23"},"image":{"@id":"https:\/\/conexion23.com\/#\/schema\/logo\/image\/"},"sameAs":["https:\/\/www.facebook.com\/conexion23com","https:\/\/www.instagram.com\/conexion23com\/","https:\/\/www.youtube.com\/channel\/UCYc7vxxFZMYLIHNsHHxPZ3Q"]},{"@type":"Person","@id":"https:\/\/conexion23.com\/#\/schema\/person\/03e36043331117e97a373299bbcd30a6","name":"Raffy Ben\u00edtez","image":{"@type":"ImageObject","inLanguage":"es","@id":"https:\/\/conexion23.com\/#\/schema\/person\/image\/","url":"https:\/\/secure.gravatar.com\/avatar\/3190a6a6c5e1b0327500f7d6c56b6242472ee6cb974cf09b401ee6b3b0798f23?s=96&d=mm&r=g","contentUrl":"https:\/\/secure.gravatar.com\/avatar\/3190a6a6c5e1b0327500f7d6c56b6242472ee6cb974cf09b401ee6b3b0798f23?s=96&d=mm&r=g","caption":"Raffy Ben\u00edtez"},"url":"https:\/\/conexion23.com\/?author=15"}]}},"_links":{"self":[{"href":"https:\/\/conexion23.com\/index.php?rest_route=\/wp\/v2\/posts\/35163","targetHints":{"allow":["GET"]}}],"collection":[{"href":"https:\/\/conexion23.com\/index.php?rest_route=\/wp\/v2\/posts"}],"about":[{"href":"https:\/\/conexion23.com\/index.php?rest_route=\/wp\/v2\/types\/post"}],"author":[{"embeddable":true,"href":"https:\/\/conexion23.com\/index.php?rest_route=\/wp\/v2\/users\/15"}],"replies":[{"embeddable":true,"href":"https:\/\/conexion23.com\/index.php?rest_route=%2Fwp%2Fv2%2Fcomments&post=35163"}],"version-history":[{"count":1,"href":"https:\/\/conexion23.com\/index.php?rest_route=\/wp\/v2\/posts\/35163\/revisions"}],"predecessor-version":[{"id":35165,"href":"https:\/\/conexion23.com\/index.php?rest_route=\/wp\/v2\/posts\/35163\/revisions\/35165"}],"wp:featuredmedia":[{"embeddable":true,"href":"https:\/\/conexion23.com\/index.php?rest_route=\/wp\/v2\/media\/35164"}],"wp:attachment":[{"href":"https:\/\/conexion23.com\/index.php?rest_route=%2Fwp%2Fv2%2Fmedia&parent=35163"}],"wp:term":[{"taxonomy":"category","embeddable":true,"href":"https:\/\/conexion23.com\/index.php?rest_route=%2Fwp%2Fv2%2Fcategories&post=35163"},{"taxonomy":"post_tag","embeddable":true,"href":"https:\/\/conexion23.com\/index.php?rest_route=%2Fwp%2Fv2%2Ftags&post=35163"}],"curies":[{"name":"wp","href":"https:\/\/api.w.org\/{rel}","templated":true}]}}