{"id":35179,"date":"2024-11-27T07:19:05","date_gmt":"2024-11-27T11:19:05","guid":{"rendered":"https:\/\/conexion23.com\/?p=35179"},"modified":"2024-11-27T07:19:07","modified_gmt":"2024-11-27T11:19:07","slug":"accidente-multiple-deja-dos-fallecidos-en-la-comunidad-de-juana-vicenta-samana","status":"publish","type":"post","link":"https:\/\/conexion23.com\/?p=35179","title":{"rendered":"Accidente m\u00faltiple deja Dos fallecidos en la comunidad de Juana Vicenta, Saman\u00e1."},"content":{"rendered":"\n<p>Un tr\u00e1gico accidente m\u00faltiple ocurrido en la tarde del lunes en la comunidad de Juana Vicenta ha dejado como saldo dos fallecidos. Una de las v\u00edctimas, Carlos Manuel Medina, residente de la misma comunidad, conduc\u00eda una motocicleta y falleci\u00f3 horas m\u00e1s tarde mientras recib\u00eda atenci\u00f3n m\u00e9dica en un centro hospitalario en Santo Domingo.<\/p>\n\n\n\n<p>La segunda v\u00edctima fue identificada como Alberto Medina Alcal\u00e1, de 51 a\u00f1os, quien conduc\u00eda una camioneta marca Isuzu. Era residente y oriundo de la comunidad de Los Corrales.<\/p>\n\n\n\n<p>El accidente se produjo cuando la camioneta de Medina Alcal\u00e1 fue impactada por un tercer veh\u00edculo, una jeep de color plateado, conducida por el empresario y dirigente pol\u00edtico Randy Esteban, residente en Las Terrenas, quien result\u00f3 ileso.<\/p>\n\n\n\n<p>Al lugar del accidente se presentaron miembros de la Direcci\u00f3n General de Seguridad de Tr\u00e1nsito y Transporte Terrestre (DIGESETT) y la unidad de emergencias del 9-1-1 para brindar asistencia y atender la situaci\u00f3n.<\/p>\n\n\n\n<p>Se est\u00e1n llevando a cabo investigaciones para esclarecer las circunstancias del accidente. La comunidad lamenta la p\u00e9rdida de estas vidas y env\u00eda sus condolencias a las familias afectadas.<\/p>\n","protected":false},"excerpt":{"rendered":"<p>Un tr\u00e1gico accidente m\u00faltiple ocurrido en la tarde del lunes en la comunidad de Juana Vicenta ha dejado como saldo dos fallecidos. Una de las v\u00edctimas, Carlos Manuel Medina, residente de la misma comunidad, conduc\u00eda una motocicleta y falleci\u00f3 horas m\u00e1s tarde mientras recib\u00eda atenci\u00f3n m\u00e9dica en un centro hospitalario en Santo Domingo. La segunda [&hellip;]<\/p>\n","protected":false},"author":15,"featured_media":35180,"comment_status":"open","ping_status":"open","sticky":false,"template":"","format":"standard","meta":{"footnotes":""},"categories":[1],"tags":[],"class_list":{"0":"post-35179","1":"post","2":"type-post","3":"status-publish","4":"format-standard","5":"has-post-thumbnail","7":"category-uncategorized"},"yoast_head":"<!-- This site is optimized with the Yoast SEO plugin v27.1.1 - https:\/\/yoast.com\/product\/yoast-seo-wordpress\/ -->\n<title>Accidente m\u00faltiple deja Dos fallecidos en la comunidad de Juana Vicenta, Saman\u00e1. - Conexi\u00f3n 23<\/title>\n<meta name=\"robots\" content=\"index, follow, max-snippet:-1, max-image-preview:large, max-video-preview:-1\" \/>\n<link rel=\"canonical\" href=\"http:\/\/conexion23.com\/?p=35179\" \/>\n<meta property=\"og:locale\" content=\"es_ES\" \/>\n<meta property=\"og:type\" content=\"article\" \/>\n<meta property=\"og:title\" content=\"Accidente m\u00faltiple deja Dos fallecidos en la comunidad de Juana Vicenta, Saman\u00e1. - Conexi\u00f3n 23\" \/>\n<meta property=\"og:description\" content=\"Un tr\u00e1gico accidente m\u00faltiple ocurrido en la tarde del lunes en la comunidad de Juana Vicenta ha dejado como saldo dos fallecidos. Una de las v\u00edctimas, Carlos Manuel Medina, residente de la misma comunidad, conduc\u00eda una motocicleta y falleci\u00f3 horas m\u00e1s tarde mientras recib\u00eda atenci\u00f3n m\u00e9dica en un centro hospitalario en Santo Domingo. La segunda [&hellip;]\" \/>\n<meta property=\"og:url\" content=\"http:\/\/conexion23.com\/?p=35179\" \/>\n<meta property=\"og:site_name\" content=\"Conexi\u00f3n 23\" \/>\n<meta property=\"article:publisher\" content=\"https:\/\/www.facebook.com\/conexion23com\" \/>\n<meta property=\"article:published_time\" content=\"2024-11-27T11:19:05+00:00\" \/>\n<meta property=\"article:modified_time\" content=\"2024-11-27T11:19:07+00:00\" \/>\n<meta property=\"og:image\" content=\"http:\/\/conexion23.com\/wp-content\/uploads\/2024\/11\/468532398_1045922494212129_3643098060759359085_n.jpg\" \/>\n\t<meta property=\"og:image:width\" content=\"526\" \/>\n\t<meta property=\"og:image:height\" content=\"284\" \/>\n\t<meta property=\"og:image:type\" content=\"image\/jpeg\" \/>\n<meta name=\"author\" content=\"Raffy Ben\u00edtez\" \/>\n<meta name=\"twitter:card\" content=\"summary_large_image\" \/>\n<meta name=\"twitter:label1\" content=\"Escrito por\" \/>\n\t<meta name=\"twitter:data1\" content=\"Raffy Ben\u00edtez\" \/>\n\t<meta name=\"twitter:label2\" content=\"Tiempo de lectura\" \/>\n\t<meta name=\"twitter:data2\" content=\"2 minutos\" \/>\n<script type=\"application\/ld+json\" class=\"yoast-schema-graph\">{\"@context\":\"https:\/\/schema.org\",\"@graph\":[{\"@type\":\"Article\",\"@id\":\"http:\/\/conexion23.com\/?p=35179#article\",\"isPartOf\":{\"@id\":\"http:\/\/conexion23.com\/?p=35179\"},\"author\":{\"name\":\"Raffy Ben\u00edtez\",\"@id\":\"https:\/\/conexion23.com\/#\/schema\/person\/03e36043331117e97a373299bbcd30a6\"},\"headline\":\"Accidente m\u00faltiple deja Dos fallecidos en la comunidad de Juana Vicenta, Saman\u00e1.\",\"datePublished\":\"2024-11-27T11:19:05+00:00\",\"dateModified\":\"2024-11-27T11:19:07+00:00\",\"mainEntityOfPage\":{\"@id\":\"http:\/\/conexion23.com\/?p=35179\"},\"wordCount\":211,\"commentCount\":0,\"publisher\":{\"@id\":\"https:\/\/conexion23.com\/#organization\"},\"image\":{\"@id\":\"http:\/\/conexion23.com\/?p=35179#primaryimage\"},\"thumbnailUrl\":\"https:\/\/conexion23.com\/wp-content\/uploads\/2024\/11\/468532398_1045922494212129_3643098060759359085_n.jpg\",\"articleSection\":[\"Uncategorized\"],\"inLanguage\":\"es\",\"potentialAction\":[{\"@type\":\"CommentAction\",\"name\":\"Comment\",\"target\":[\"http:\/\/conexion23.com\/?p=35179#respond\"]}]},{\"@type\":\"WebPage\",\"@id\":\"http:\/\/conexion23.com\/?p=35179\",\"url\":\"http:\/\/conexion23.com\/?p=35179\",\"name\":\"Accidente m\u00faltiple deja Dos fallecidos en la comunidad de Juana Vicenta, Saman\u00e1. - Conexi\u00f3n 23\",\"isPartOf\":{\"@id\":\"https:\/\/conexion23.com\/#website\"},\"primaryImageOfPage\":{\"@id\":\"http:\/\/conexion23.com\/?p=35179#primaryimage\"},\"image\":{\"@id\":\"http:\/\/conexion23.com\/?p=35179#primaryimage\"},\"thumbnailUrl\":\"https:\/\/conexion23.com\/wp-content\/uploads\/2024\/11\/468532398_1045922494212129_3643098060759359085_n.jpg\",\"datePublished\":\"2024-11-27T11:19:05+00:00\",\"dateModified\":\"2024-11-27T11:19:07+00:00\",\"breadcrumb\":{\"@id\":\"http:\/\/conexion23.com\/?p=35179#breadcrumb\"},\"inLanguage\":\"es\",\"potentialAction\":[{\"@type\":\"ReadAction\",\"target\":[\"http:\/\/conexion23.com\/?p=35179\"]}]},{\"@type\":\"ImageObject\",\"inLanguage\":\"es\",\"@id\":\"http:\/\/conexion23.com\/?p=35179#primaryimage\",\"url\":\"https:\/\/conexion23.com\/wp-content\/uploads\/2024\/11\/468532398_1045922494212129_3643098060759359085_n.jpg\",\"contentUrl\":\"https:\/\/conexion23.com\/wp-content\/uploads\/2024\/11\/468532398_1045922494212129_3643098060759359085_n.jpg\",\"width\":526,\"height\":284},{\"@type\":\"BreadcrumbList\",\"@id\":\"http:\/\/conexion23.com\/?p=35179#breadcrumb\",\"itemListElement\":[{\"@type\":\"ListItem\",\"position\":1,\"name\":\"Portada\",\"item\":\"https:\/\/conexion23.com\/\"},{\"@type\":\"ListItem\",\"position\":2,\"name\":\"Accidente m\u00faltiple deja Dos fallecidos en la comunidad de Juana Vicenta, Saman\u00e1.\"}]},{\"@type\":\"WebSite\",\"@id\":\"https:\/\/conexion23.com\/#website\",\"url\":\"https:\/\/conexion23.com\/\",\"name\":\"Conexi\u00f3n 23\",\"description\":\"Peri\u00f3dico 100% Petromacorisano\",\"publisher\":{\"@id\":\"https:\/\/conexion23.com\/#organization\"},\"potentialAction\":[{\"@type\":\"SearchAction\",\"target\":{\"@type\":\"EntryPoint\",\"urlTemplate\":\"https:\/\/conexion23.com\/?s={search_term_string}\"},\"query-input\":{\"@type\":\"PropertyValueSpecification\",\"valueRequired\":true,\"valueName\":\"search_term_string\"}}],\"inLanguage\":\"es\"},{\"@type\":\"Organization\",\"@id\":\"https:\/\/conexion23.com\/#organization\",\"name\":\"Conexion 23\",\"url\":\"https:\/\/conexion23.com\/\",\"logo\":{\"@type\":\"ImageObject\",\"inLanguage\":\"es\",\"@id\":\"https:\/\/conexion23.com\/#\/schema\/logo\/image\/\",\"url\":\"https:\/\/conexion23.com\/wp-content\/uploads\/2021\/11\/Diseno-sin-titulo-2.png\",\"contentUrl\":\"https:\/\/conexion23.com\/wp-content\/uploads\/2021\/11\/Diseno-sin-titulo-2.png\",\"width\":541,\"height\":90,\"caption\":\"Conexion 23\"},\"image\":{\"@id\":\"https:\/\/conexion23.com\/#\/schema\/logo\/image\/\"},\"sameAs\":[\"https:\/\/www.facebook.com\/conexion23com\",\"https:\/\/www.instagram.com\/conexion23com\/\",\"https:\/\/www.youtube.com\/channel\/UCYc7vxxFZMYLIHNsHHxPZ3Q\"]},{\"@type\":\"Person\",\"@id\":\"https:\/\/conexion23.com\/#\/schema\/person\/03e36043331117e97a373299bbcd30a6\",\"name\":\"Raffy Ben\u00edtez\",\"image\":{\"@type\":\"ImageObject\",\"inLanguage\":\"es\",\"@id\":\"https:\/\/conexion23.com\/#\/schema\/person\/image\/\",\"url\":\"https:\/\/secure.gravatar.com\/avatar\/3190a6a6c5e1b0327500f7d6c56b6242472ee6cb974cf09b401ee6b3b0798f23?s=96&d=mm&r=g\",\"contentUrl\":\"https:\/\/secure.gravatar.com\/avatar\/3190a6a6c5e1b0327500f7d6c56b6242472ee6cb974cf09b401ee6b3b0798f23?s=96&d=mm&r=g\",\"caption\":\"Raffy Ben\u00edtez\"},\"url\":\"https:\/\/conexion23.com\/?author=15\"}]}<\/script>\n<!-- \/ Yoast SEO plugin. -->","yoast_head_json":{"title":"Accidente m\u00faltiple deja Dos fallecidos en la comunidad de Juana Vicenta, Saman\u00e1. - Conexi\u00f3n 23","robots":{"index":"index","follow":"follow","max-snippet":"max-snippet:-1","max-image-preview":"max-image-preview:large","max-video-preview":"max-video-preview:-1"},"canonical":"http:\/\/conexion23.com\/?p=35179","og_locale":"es_ES","og_type":"article","og_title":"Accidente m\u00faltiple deja Dos fallecidos en la comunidad de Juana Vicenta, Saman\u00e1. - Conexi\u00f3n 23","og_description":"Un tr\u00e1gico accidente m\u00faltiple ocurrido en la tarde del lunes en la comunidad de Juana Vicenta ha dejado como saldo dos fallecidos. Una de las v\u00edctimas, Carlos Manuel Medina, residente de la misma comunidad, conduc\u00eda una motocicleta y falleci\u00f3 horas m\u00e1s tarde mientras recib\u00eda atenci\u00f3n m\u00e9dica en un centro hospitalario en Santo Domingo. La segunda [&hellip;]","og_url":"http:\/\/conexion23.com\/?p=35179","og_site_name":"Conexi\u00f3n 23","article_publisher":"https:\/\/www.facebook.com\/conexion23com","article_published_time":"2024-11-27T11:19:05+00:00","article_modified_time":"2024-11-27T11:19:07+00:00","og_image":[{"width":526,"height":284,"url":"http:\/\/conexion23.com\/wp-content\/uploads\/2024\/11\/468532398_1045922494212129_3643098060759359085_n.jpg","type":"image\/jpeg"}],"author":"Raffy Ben\u00edtez","twitter_card":"summary_large_image","twitter_misc":{"Escrito por":"Raffy Ben\u00edtez","Tiempo de lectura":"2 minutos"},"schema":{"@context":"https:\/\/schema.org","@graph":[{"@type":"Article","@id":"http:\/\/conexion23.com\/?p=35179#article","isPartOf":{"@id":"http:\/\/conexion23.com\/?p=35179"},"author":{"name":"Raffy Ben\u00edtez","@id":"https:\/\/conexion23.com\/#\/schema\/person\/03e36043331117e97a373299bbcd30a6"},"headline":"Accidente m\u00faltiple deja Dos fallecidos en la comunidad de Juana Vicenta, Saman\u00e1.","datePublished":"2024-11-27T11:19:05+00:00","dateModified":"2024-11-27T11:19:07+00:00","mainEntityOfPage":{"@id":"http:\/\/conexion23.com\/?p=35179"},"wordCount":211,"commentCount":0,"publisher":{"@id":"https:\/\/conexion23.com\/#organization"},"image":{"@id":"http:\/\/conexion23.com\/?p=35179#primaryimage"},"thumbnailUrl":"https:\/\/conexion23.com\/wp-content\/uploads\/2024\/11\/468532398_1045922494212129_3643098060759359085_n.jpg","articleSection":["Uncategorized"],"inLanguage":"es","potentialAction":[{"@type":"CommentAction","name":"Comment","target":["http:\/\/conexion23.com\/?p=35179#respond"]}]},{"@type":"WebPage","@id":"http:\/\/conexion23.com\/?p=35179","url":"http:\/\/conexion23.com\/?p=35179","name":"Accidente m\u00faltiple deja Dos fallecidos en la comunidad de Juana Vicenta, Saman\u00e1. - Conexi\u00f3n 23","isPartOf":{"@id":"https:\/\/conexion23.com\/#website"},"primaryImageOfPage":{"@id":"http:\/\/conexion23.com\/?p=35179#primaryimage"},"image":{"@id":"http:\/\/conexion23.com\/?p=35179#primaryimage"},"thumbnailUrl":"https:\/\/conexion23.com\/wp-content\/uploads\/2024\/11\/468532398_1045922494212129_3643098060759359085_n.jpg","datePublished":"2024-11-27T11:19:05+00:00","dateModified":"2024-11-27T11:19:07+00:00","breadcrumb":{"@id":"http:\/\/conexion23.com\/?p=35179#breadcrumb"},"inLanguage":"es","potentialAction":[{"@type":"ReadAction","target":["http:\/\/conexion23.com\/?p=35179"]}]},{"@type":"ImageObject","inLanguage":"es","@id":"http:\/\/conexion23.com\/?p=35179#primaryimage","url":"https:\/\/conexion23.com\/wp-content\/uploads\/2024\/11\/468532398_1045922494212129_3643098060759359085_n.jpg","contentUrl":"https:\/\/conexion23.com\/wp-content\/uploads\/2024\/11\/468532398_1045922494212129_3643098060759359085_n.jpg","width":526,"height":284},{"@type":"BreadcrumbList","@id":"http:\/\/conexion23.com\/?p=35179#breadcrumb","itemListElement":[{"@type":"ListItem","position":1,"name":"Portada","item":"https:\/\/conexion23.com\/"},{"@type":"ListItem","position":2,"name":"Accidente m\u00faltiple deja Dos fallecidos en la comunidad de Juana Vicenta, Saman\u00e1."}]},{"@type":"WebSite","@id":"https:\/\/conexion23.com\/#website","url":"https:\/\/conexion23.com\/","name":"Conexi\u00f3n 23","description":"Peri\u00f3dico 100% Petromacorisano","publisher":{"@id":"https:\/\/conexion23.com\/#organization"},"potentialAction":[{"@type":"SearchAction","target":{"@type":"EntryPoint","urlTemplate":"https:\/\/conexion23.com\/?s={search_term_string}"},"query-input":{"@type":"PropertyValueSpecification","valueRequired":true,"valueName":"search_term_string"}}],"inLanguage":"es"},{"@type":"Organization","@id":"https:\/\/conexion23.com\/#organization","name":"Conexion 23","url":"https:\/\/conexion23.com\/","logo":{"@type":"ImageObject","inLanguage":"es","@id":"https:\/\/conexion23.com\/#\/schema\/logo\/image\/","url":"https:\/\/conexion23.com\/wp-content\/uploads\/2021\/11\/Diseno-sin-titulo-2.png","contentUrl":"https:\/\/conexion23.com\/wp-content\/uploads\/2021\/11\/Diseno-sin-titulo-2.png","width":541,"height":90,"caption":"Conexion 23"},"image":{"@id":"https:\/\/conexion23.com\/#\/schema\/logo\/image\/"},"sameAs":["https:\/\/www.facebook.com\/conexion23com","https:\/\/www.instagram.com\/conexion23com\/","https:\/\/www.youtube.com\/channel\/UCYc7vxxFZMYLIHNsHHxPZ3Q"]},{"@type":"Person","@id":"https:\/\/conexion23.com\/#\/schema\/person\/03e36043331117e97a373299bbcd30a6","name":"Raffy Ben\u00edtez","image":{"@type":"ImageObject","inLanguage":"es","@id":"https:\/\/conexion23.com\/#\/schema\/person\/image\/","url":"https:\/\/secure.gravatar.com\/avatar\/3190a6a6c5e1b0327500f7d6c56b6242472ee6cb974cf09b401ee6b3b0798f23?s=96&d=mm&r=g","contentUrl":"https:\/\/secure.gravatar.com\/avatar\/3190a6a6c5e1b0327500f7d6c56b6242472ee6cb974cf09b401ee6b3b0798f23?s=96&d=mm&r=g","caption":"Raffy Ben\u00edtez"},"url":"https:\/\/conexion23.com\/?author=15"}]}},"_links":{"self":[{"href":"https:\/\/conexion23.com\/index.php?rest_route=\/wp\/v2\/posts\/35179","targetHints":{"allow":["GET"]}}],"collection":[{"href":"https:\/\/conexion23.com\/index.php?rest_route=\/wp\/v2\/posts"}],"about":[{"href":"https:\/\/conexion23.com\/index.php?rest_route=\/wp\/v2\/types\/post"}],"author":[{"embeddable":true,"href":"https:\/\/conexion23.com\/index.php?rest_route=\/wp\/v2\/users\/15"}],"replies":[{"embeddable":true,"href":"https:\/\/conexion23.com\/index.php?rest_route=%2Fwp%2Fv2%2Fcomments&post=35179"}],"version-history":[{"count":1,"href":"https:\/\/conexion23.com\/index.php?rest_route=\/wp\/v2\/posts\/35179\/revisions"}],"predecessor-version":[{"id":35181,"href":"https:\/\/conexion23.com\/index.php?rest_route=\/wp\/v2\/posts\/35179\/revisions\/35181"}],"wp:featuredmedia":[{"embeddable":true,"href":"https:\/\/conexion23.com\/index.php?rest_route=\/wp\/v2\/media\/35180"}],"wp:attachment":[{"href":"https:\/\/conexion23.com\/index.php?rest_route=%2Fwp%2Fv2%2Fmedia&parent=35179"}],"wp:term":[{"taxonomy":"category","embeddable":true,"href":"https:\/\/conexion23.com\/index.php?rest_route=%2Fwp%2Fv2%2Fcategories&post=35179"},{"taxonomy":"post_tag","embeddable":true,"href":"https:\/\/conexion23.com\/index.php?rest_route=%2Fwp%2Fv2%2Ftags&post=35179"}],"curies":[{"name":"wp","href":"https:\/\/api.w.org\/{rel}","templated":true}]}}