{"id":35191,"date":"2024-11-27T07:47:38","date_gmt":"2024-11-27T11:47:38","guid":{"rendered":"https:\/\/conexion23.com\/?p=35191"},"modified":"2024-11-27T07:47:40","modified_gmt":"2024-11-27T11:47:40","slug":"gobierno-de-haiti-considera-inaceptables-criticas-de-macron-sobre-destitucion-de-conille","status":"publish","type":"post","link":"https:\/\/conexion23.com\/?p=35191","title":{"rendered":"Gobierno de Hait\u00ed considera \u00abinaceptables\u00bb cr\u00edticas de Macron sobre destituci\u00f3n de Conille"},"content":{"rendered":"\n<p>El<strong>&nbsp;Gobierno de Hait\u00ed<\/strong>&nbsp;calific\u00f3 este jueves de \u00ab<strong>inaceptables<\/strong>\u00bb las palabras que el presidente de&nbsp;<strong>Francia, Emmanuel Macron<\/strong>, habr\u00eda pronunciado acerca de la reciente<a href=\"https:\/\/listindiario.com\/las-mundiales\/20241121\/macron-sobre-crisis-haitiana-haitianos-quienes-mataron-haiti_834597.html\" target=\"_blank\" rel=\"noreferrer noopener\">&nbsp;destituci\u00f3n de Garry Conille<\/a>&nbsp;como primer ministro del pa\u00eds caribe\u00f1o, seg\u00fan un comunicado del Ministerio de Asuntos Exteriores.<\/p>\n\n\n\n<p>De acuerdo con la nota de Exteriores, el responsable de esta cartera, Jean-Victor Harbel Jean-Baptiste, convoc\u00f3 al embajador de Francia en Hait\u00ed, Antoine Michon, a quien transmiti\u00f3 la<strong>&nbsp;\u00abindignaci\u00f3n\u00bb de las autoridades haitianas<\/strong>&nbsp;ante lo que consideran un \u00abgesto inamistoso e inapropiado que merece ser rectificado\u00bb.<\/p>\n\n\n\n<p>Los medios franceses divulgaron este jueves un v\u00eddeo de Macron durante una visita el pasado martes a R\u00edo de Janeiro al t\u00e9rmino de la&nbsp;<strong>cumbre del G20<\/strong>&nbsp;en el que el presidente franc\u00e9s, al ser interpelado por un ciudadano haitiano,<strong>&nbsp;habr\u00eda criticado la destituci\u00f3n de Conille<\/strong>&nbsp;por parte del Consejo Presidencial de Transici\u00f3n (CPT), pese a que, seg\u00fan habr\u00eda dicho, el ex primer ministro era \u00abestupendo\u00bb y \u00abgenial\u00bb.<\/p>\n\n\n\n<p>Durante la audiencia del<strong>&nbsp;canciller haitiano con el embajador franc\u00e9s<\/strong>, agrega el comunicado, se entreg\u00f3 una carta de protesta dirigida al ministro para Europa y Asuntos Exteriores de Francia, Jean-Noel Barrot.<\/p>\n\n\n\n<p>Siempre seg\u00fan la nota de la Canciller\u00eda haitiana, el diplom\u00e1tico franc\u00e9s reconoci\u00f3 que se trataba de \u00bbcomentarios desafortunados realizados en un contexto muy especial\u00bb.<\/p>\n\n\n\n<p>\u00abEl&nbsp;<strong>embajador franc\u00e9s en Hait\u00ed&nbsp;<\/strong>ha prometido que Francia estar\u00e1<strong>&nbsp;siempre al lado de Hait\u00ed&nbsp;<\/strong>y del pueblo haitiano para ayudar a hacer avanzar la agenda de la transici\u00f3n, en particular en el restablecimiento de la seguridad y la celebraci\u00f3n de elecciones\u00bb, concluye el texto del Ministerio de Asuntos Exteriores de Hait\u00ed.<\/p>\n","protected":false},"excerpt":{"rendered":"<p>El&nbsp;Gobierno de Hait\u00ed&nbsp;calific\u00f3 este jueves de \u00abinaceptables\u00bb las palabras que el presidente de&nbsp;Francia, Emmanuel Macron, habr\u00eda pronunciado acerca de la reciente&nbsp;destituci\u00f3n de Garry Conille&nbsp;como primer ministro del pa\u00eds caribe\u00f1o, seg\u00fan un comunicado del Ministerio de Asuntos Exteriores. De acuerdo con la nota de Exteriores, el responsable de esta cartera, Jean-Victor Harbel Jean-Baptiste, convoc\u00f3 al embajador [&hellip;]<\/p>\n","protected":false},"author":15,"featured_media":35192,"comment_status":"open","ping_status":"open","sticky":false,"template":"","format":"standard","meta":{"footnotes":""},"categories":[1],"tags":[],"class_list":{"0":"post-35191","1":"post","2":"type-post","3":"status-publish","4":"format-standard","5":"has-post-thumbnail","7":"category-uncategorized"},"yoast_head":"<!-- This site is optimized with the Yoast SEO plugin v27.1.1 - https:\/\/yoast.com\/product\/yoast-seo-wordpress\/ -->\n<title>Gobierno de Hait\u00ed considera &quot;inaceptables&quot; cr\u00edticas de Macron sobre destituci\u00f3n de Conille - Conexi\u00f3n 23<\/title>\n<meta name=\"robots\" content=\"index, follow, max-snippet:-1, max-image-preview:large, max-video-preview:-1\" \/>\n<link rel=\"canonical\" href=\"https:\/\/conexion23.com\/?p=35191\" \/>\n<meta property=\"og:locale\" content=\"es_ES\" \/>\n<meta property=\"og:type\" content=\"article\" \/>\n<meta property=\"og:title\" content=\"Gobierno de Hait\u00ed considera &quot;inaceptables&quot; cr\u00edticas de Macron sobre destituci\u00f3n de Conille - Conexi\u00f3n 23\" \/>\n<meta property=\"og:description\" content=\"El&nbsp;Gobierno de Hait\u00ed&nbsp;calific\u00f3 este jueves de \u00abinaceptables\u00bb las palabras que el presidente de&nbsp;Francia, Emmanuel Macron, habr\u00eda pronunciado acerca de la reciente&nbsp;destituci\u00f3n de Garry Conille&nbsp;como primer ministro del pa\u00eds caribe\u00f1o, seg\u00fan un comunicado del Ministerio de Asuntos Exteriores. De acuerdo con la nota de Exteriores, el responsable de esta cartera, Jean-Victor Harbel Jean-Baptiste, convoc\u00f3 al embajador [&hellip;]\" \/>\n<meta property=\"og:url\" content=\"https:\/\/conexion23.com\/?p=35191\" \/>\n<meta property=\"og:site_name\" content=\"Conexi\u00f3n 23\" \/>\n<meta property=\"article:publisher\" content=\"https:\/\/www.facebook.com\/conexion23com\" \/>\n<meta property=\"article:published_time\" content=\"2024-11-27T11:47:38+00:00\" \/>\n<meta property=\"article:modified_time\" content=\"2024-11-27T11:47:40+00:00\" \/>\n<meta property=\"og:image\" content=\"https:\/\/conexion23.com\/wp-content\/uploads\/2024\/11\/6430ac194c0a1.jpeg\" \/>\n\t<meta property=\"og:image:width\" content=\"800\" \/>\n\t<meta property=\"og:image:height\" content=\"531\" \/>\n\t<meta property=\"og:image:type\" content=\"image\/jpeg\" \/>\n<meta name=\"author\" content=\"Raffy Ben\u00edtez\" \/>\n<meta name=\"twitter:card\" content=\"summary_large_image\" \/>\n<meta name=\"twitter:label1\" content=\"Escrito por\" \/>\n\t<meta name=\"twitter:data1\" content=\"Raffy Ben\u00edtez\" \/>\n\t<meta name=\"twitter:label2\" content=\"Tiempo de lectura\" \/>\n\t<meta name=\"twitter:data2\" content=\"2 minutos\" \/>\n<script type=\"application\/ld+json\" class=\"yoast-schema-graph\">{\"@context\":\"https:\/\/schema.org\",\"@graph\":[{\"@type\":\"Article\",\"@id\":\"https:\/\/conexion23.com\/?p=35191#article\",\"isPartOf\":{\"@id\":\"https:\/\/conexion23.com\/?p=35191\"},\"author\":{\"name\":\"Raffy Ben\u00edtez\",\"@id\":\"https:\/\/conexion23.com\/#\/schema\/person\/03e36043331117e97a373299bbcd30a6\"},\"headline\":\"Gobierno de Hait\u00ed considera \u00abinaceptables\u00bb cr\u00edticas de Macron sobre destituci\u00f3n de Conille\",\"datePublished\":\"2024-11-27T11:47:38+00:00\",\"dateModified\":\"2024-11-27T11:47:40+00:00\",\"mainEntityOfPage\":{\"@id\":\"https:\/\/conexion23.com\/?p=35191\"},\"wordCount\":316,\"commentCount\":0,\"publisher\":{\"@id\":\"https:\/\/conexion23.com\/#organization\"},\"image\":{\"@id\":\"https:\/\/conexion23.com\/?p=35191#primaryimage\"},\"thumbnailUrl\":\"https:\/\/conexion23.com\/wp-content\/uploads\/2024\/11\/6430ac194c0a1.jpeg\",\"articleSection\":[\"Uncategorized\"],\"inLanguage\":\"es\",\"potentialAction\":[{\"@type\":\"CommentAction\",\"name\":\"Comment\",\"target\":[\"https:\/\/conexion23.com\/?p=35191#respond\"]}]},{\"@type\":\"WebPage\",\"@id\":\"https:\/\/conexion23.com\/?p=35191\",\"url\":\"https:\/\/conexion23.com\/?p=35191\",\"name\":\"Gobierno de Hait\u00ed considera \\\"inaceptables\\\" cr\u00edticas de Macron sobre destituci\u00f3n de Conille - Conexi\u00f3n 23\",\"isPartOf\":{\"@id\":\"https:\/\/conexion23.com\/#website\"},\"primaryImageOfPage\":{\"@id\":\"https:\/\/conexion23.com\/?p=35191#primaryimage\"},\"image\":{\"@id\":\"https:\/\/conexion23.com\/?p=35191#primaryimage\"},\"thumbnailUrl\":\"https:\/\/conexion23.com\/wp-content\/uploads\/2024\/11\/6430ac194c0a1.jpeg\",\"datePublished\":\"2024-11-27T11:47:38+00:00\",\"dateModified\":\"2024-11-27T11:47:40+00:00\",\"breadcrumb\":{\"@id\":\"https:\/\/conexion23.com\/?p=35191#breadcrumb\"},\"inLanguage\":\"es\",\"potentialAction\":[{\"@type\":\"ReadAction\",\"target\":[\"https:\/\/conexion23.com\/?p=35191\"]}]},{\"@type\":\"ImageObject\",\"inLanguage\":\"es\",\"@id\":\"https:\/\/conexion23.com\/?p=35191#primaryimage\",\"url\":\"https:\/\/conexion23.com\/wp-content\/uploads\/2024\/11\/6430ac194c0a1.jpeg\",\"contentUrl\":\"https:\/\/conexion23.com\/wp-content\/uploads\/2024\/11\/6430ac194c0a1.jpeg\",\"width\":800,\"height\":531},{\"@type\":\"BreadcrumbList\",\"@id\":\"https:\/\/conexion23.com\/?p=35191#breadcrumb\",\"itemListElement\":[{\"@type\":\"ListItem\",\"position\":1,\"name\":\"Portada\",\"item\":\"https:\/\/conexion23.com\/\"},{\"@type\":\"ListItem\",\"position\":2,\"name\":\"Gobierno de Hait\u00ed considera \u00abinaceptables\u00bb cr\u00edticas de Macron sobre destituci\u00f3n de Conille\"}]},{\"@type\":\"WebSite\",\"@id\":\"https:\/\/conexion23.com\/#website\",\"url\":\"https:\/\/conexion23.com\/\",\"name\":\"Conexi\u00f3n 23\",\"description\":\"Peri\u00f3dico 100% Petromacorisano\",\"publisher\":{\"@id\":\"https:\/\/conexion23.com\/#organization\"},\"potentialAction\":[{\"@type\":\"SearchAction\",\"target\":{\"@type\":\"EntryPoint\",\"urlTemplate\":\"https:\/\/conexion23.com\/?s={search_term_string}\"},\"query-input\":{\"@type\":\"PropertyValueSpecification\",\"valueRequired\":true,\"valueName\":\"search_term_string\"}}],\"inLanguage\":\"es\"},{\"@type\":\"Organization\",\"@id\":\"https:\/\/conexion23.com\/#organization\",\"name\":\"Conexion 23\",\"url\":\"https:\/\/conexion23.com\/\",\"logo\":{\"@type\":\"ImageObject\",\"inLanguage\":\"es\",\"@id\":\"https:\/\/conexion23.com\/#\/schema\/logo\/image\/\",\"url\":\"https:\/\/conexion23.com\/wp-content\/uploads\/2021\/11\/Diseno-sin-titulo-2.png\",\"contentUrl\":\"https:\/\/conexion23.com\/wp-content\/uploads\/2021\/11\/Diseno-sin-titulo-2.png\",\"width\":541,\"height\":90,\"caption\":\"Conexion 23\"},\"image\":{\"@id\":\"https:\/\/conexion23.com\/#\/schema\/logo\/image\/\"},\"sameAs\":[\"https:\/\/www.facebook.com\/conexion23com\",\"https:\/\/www.instagram.com\/conexion23com\/\",\"https:\/\/www.youtube.com\/channel\/UCYc7vxxFZMYLIHNsHHxPZ3Q\"]},{\"@type\":\"Person\",\"@id\":\"https:\/\/conexion23.com\/#\/schema\/person\/03e36043331117e97a373299bbcd30a6\",\"name\":\"Raffy Ben\u00edtez\",\"image\":{\"@type\":\"ImageObject\",\"inLanguage\":\"es\",\"@id\":\"https:\/\/conexion23.com\/#\/schema\/person\/image\/\",\"url\":\"https:\/\/secure.gravatar.com\/avatar\/3190a6a6c5e1b0327500f7d6c56b6242472ee6cb974cf09b401ee6b3b0798f23?s=96&d=mm&r=g\",\"contentUrl\":\"https:\/\/secure.gravatar.com\/avatar\/3190a6a6c5e1b0327500f7d6c56b6242472ee6cb974cf09b401ee6b3b0798f23?s=96&d=mm&r=g\",\"caption\":\"Raffy Ben\u00edtez\"},\"url\":\"https:\/\/conexion23.com\/?author=15\"}]}<\/script>\n<!-- \/ Yoast SEO plugin. -->","yoast_head_json":{"title":"Gobierno de Hait\u00ed considera \"inaceptables\" cr\u00edticas de Macron sobre destituci\u00f3n de Conille - Conexi\u00f3n 23","robots":{"index":"index","follow":"follow","max-snippet":"max-snippet:-1","max-image-preview":"max-image-preview:large","max-video-preview":"max-video-preview:-1"},"canonical":"https:\/\/conexion23.com\/?p=35191","og_locale":"es_ES","og_type":"article","og_title":"Gobierno de Hait\u00ed considera \"inaceptables\" cr\u00edticas de Macron sobre destituci\u00f3n de Conille - Conexi\u00f3n 23","og_description":"El&nbsp;Gobierno de Hait\u00ed&nbsp;calific\u00f3 este jueves de \u00abinaceptables\u00bb las palabras que el presidente de&nbsp;Francia, Emmanuel Macron, habr\u00eda pronunciado acerca de la reciente&nbsp;destituci\u00f3n de Garry Conille&nbsp;como primer ministro del pa\u00eds caribe\u00f1o, seg\u00fan un comunicado del Ministerio de Asuntos Exteriores. De acuerdo con la nota de Exteriores, el responsable de esta cartera, Jean-Victor Harbel Jean-Baptiste, convoc\u00f3 al embajador [&hellip;]","og_url":"https:\/\/conexion23.com\/?p=35191","og_site_name":"Conexi\u00f3n 23","article_publisher":"https:\/\/www.facebook.com\/conexion23com","article_published_time":"2024-11-27T11:47:38+00:00","article_modified_time":"2024-11-27T11:47:40+00:00","og_image":[{"width":800,"height":531,"url":"https:\/\/conexion23.com\/wp-content\/uploads\/2024\/11\/6430ac194c0a1.jpeg","type":"image\/jpeg"}],"author":"Raffy Ben\u00edtez","twitter_card":"summary_large_image","twitter_misc":{"Escrito por":"Raffy Ben\u00edtez","Tiempo de lectura":"2 minutos"},"schema":{"@context":"https:\/\/schema.org","@graph":[{"@type":"Article","@id":"https:\/\/conexion23.com\/?p=35191#article","isPartOf":{"@id":"https:\/\/conexion23.com\/?p=35191"},"author":{"name":"Raffy Ben\u00edtez","@id":"https:\/\/conexion23.com\/#\/schema\/person\/03e36043331117e97a373299bbcd30a6"},"headline":"Gobierno de Hait\u00ed considera \u00abinaceptables\u00bb cr\u00edticas de Macron sobre destituci\u00f3n de Conille","datePublished":"2024-11-27T11:47:38+00:00","dateModified":"2024-11-27T11:47:40+00:00","mainEntityOfPage":{"@id":"https:\/\/conexion23.com\/?p=35191"},"wordCount":316,"commentCount":0,"publisher":{"@id":"https:\/\/conexion23.com\/#organization"},"image":{"@id":"https:\/\/conexion23.com\/?p=35191#primaryimage"},"thumbnailUrl":"https:\/\/conexion23.com\/wp-content\/uploads\/2024\/11\/6430ac194c0a1.jpeg","articleSection":["Uncategorized"],"inLanguage":"es","potentialAction":[{"@type":"CommentAction","name":"Comment","target":["https:\/\/conexion23.com\/?p=35191#respond"]}]},{"@type":"WebPage","@id":"https:\/\/conexion23.com\/?p=35191","url":"https:\/\/conexion23.com\/?p=35191","name":"Gobierno de Hait\u00ed considera \"inaceptables\" cr\u00edticas de Macron sobre destituci\u00f3n de Conille - Conexi\u00f3n 23","isPartOf":{"@id":"https:\/\/conexion23.com\/#website"},"primaryImageOfPage":{"@id":"https:\/\/conexion23.com\/?p=35191#primaryimage"},"image":{"@id":"https:\/\/conexion23.com\/?p=35191#primaryimage"},"thumbnailUrl":"https:\/\/conexion23.com\/wp-content\/uploads\/2024\/11\/6430ac194c0a1.jpeg","datePublished":"2024-11-27T11:47:38+00:00","dateModified":"2024-11-27T11:47:40+00:00","breadcrumb":{"@id":"https:\/\/conexion23.com\/?p=35191#breadcrumb"},"inLanguage":"es","potentialAction":[{"@type":"ReadAction","target":["https:\/\/conexion23.com\/?p=35191"]}]},{"@type":"ImageObject","inLanguage":"es","@id":"https:\/\/conexion23.com\/?p=35191#primaryimage","url":"https:\/\/conexion23.com\/wp-content\/uploads\/2024\/11\/6430ac194c0a1.jpeg","contentUrl":"https:\/\/conexion23.com\/wp-content\/uploads\/2024\/11\/6430ac194c0a1.jpeg","width":800,"height":531},{"@type":"BreadcrumbList","@id":"https:\/\/conexion23.com\/?p=35191#breadcrumb","itemListElement":[{"@type":"ListItem","position":1,"name":"Portada","item":"https:\/\/conexion23.com\/"},{"@type":"ListItem","position":2,"name":"Gobierno de Hait\u00ed considera \u00abinaceptables\u00bb cr\u00edticas de Macron sobre destituci\u00f3n de Conille"}]},{"@type":"WebSite","@id":"https:\/\/conexion23.com\/#website","url":"https:\/\/conexion23.com\/","name":"Conexi\u00f3n 23","description":"Peri\u00f3dico 100% Petromacorisano","publisher":{"@id":"https:\/\/conexion23.com\/#organization"},"potentialAction":[{"@type":"SearchAction","target":{"@type":"EntryPoint","urlTemplate":"https:\/\/conexion23.com\/?s={search_term_string}"},"query-input":{"@type":"PropertyValueSpecification","valueRequired":true,"valueName":"search_term_string"}}],"inLanguage":"es"},{"@type":"Organization","@id":"https:\/\/conexion23.com\/#organization","name":"Conexion 23","url":"https:\/\/conexion23.com\/","logo":{"@type":"ImageObject","inLanguage":"es","@id":"https:\/\/conexion23.com\/#\/schema\/logo\/image\/","url":"https:\/\/conexion23.com\/wp-content\/uploads\/2021\/11\/Diseno-sin-titulo-2.png","contentUrl":"https:\/\/conexion23.com\/wp-content\/uploads\/2021\/11\/Diseno-sin-titulo-2.png","width":541,"height":90,"caption":"Conexion 23"},"image":{"@id":"https:\/\/conexion23.com\/#\/schema\/logo\/image\/"},"sameAs":["https:\/\/www.facebook.com\/conexion23com","https:\/\/www.instagram.com\/conexion23com\/","https:\/\/www.youtube.com\/channel\/UCYc7vxxFZMYLIHNsHHxPZ3Q"]},{"@type":"Person","@id":"https:\/\/conexion23.com\/#\/schema\/person\/03e36043331117e97a373299bbcd30a6","name":"Raffy Ben\u00edtez","image":{"@type":"ImageObject","inLanguage":"es","@id":"https:\/\/conexion23.com\/#\/schema\/person\/image\/","url":"https:\/\/secure.gravatar.com\/avatar\/3190a6a6c5e1b0327500f7d6c56b6242472ee6cb974cf09b401ee6b3b0798f23?s=96&d=mm&r=g","contentUrl":"https:\/\/secure.gravatar.com\/avatar\/3190a6a6c5e1b0327500f7d6c56b6242472ee6cb974cf09b401ee6b3b0798f23?s=96&d=mm&r=g","caption":"Raffy Ben\u00edtez"},"url":"https:\/\/conexion23.com\/?author=15"}]}},"_links":{"self":[{"href":"https:\/\/conexion23.com\/index.php?rest_route=\/wp\/v2\/posts\/35191","targetHints":{"allow":["GET"]}}],"collection":[{"href":"https:\/\/conexion23.com\/index.php?rest_route=\/wp\/v2\/posts"}],"about":[{"href":"https:\/\/conexion23.com\/index.php?rest_route=\/wp\/v2\/types\/post"}],"author":[{"embeddable":true,"href":"https:\/\/conexion23.com\/index.php?rest_route=\/wp\/v2\/users\/15"}],"replies":[{"embeddable":true,"href":"https:\/\/conexion23.com\/index.php?rest_route=%2Fwp%2Fv2%2Fcomments&post=35191"}],"version-history":[{"count":1,"href":"https:\/\/conexion23.com\/index.php?rest_route=\/wp\/v2\/posts\/35191\/revisions"}],"predecessor-version":[{"id":35193,"href":"https:\/\/conexion23.com\/index.php?rest_route=\/wp\/v2\/posts\/35191\/revisions\/35193"}],"wp:featuredmedia":[{"embeddable":true,"href":"https:\/\/conexion23.com\/index.php?rest_route=\/wp\/v2\/media\/35192"}],"wp:attachment":[{"href":"https:\/\/conexion23.com\/index.php?rest_route=%2Fwp%2Fv2%2Fmedia&parent=35191"}],"wp:term":[{"taxonomy":"category","embeddable":true,"href":"https:\/\/conexion23.com\/index.php?rest_route=%2Fwp%2Fv2%2Fcategories&post=35191"},{"taxonomy":"post_tag","embeddable":true,"href":"https:\/\/conexion23.com\/index.php?rest_route=%2Fwp%2Fv2%2Ftags&post=35191"}],"curies":[{"name":"wp","href":"https:\/\/api.w.org\/{rel}","templated":true}]}}