{"id":35194,"date":"2024-11-27T07:53:25","date_gmt":"2024-11-27T11:53:25","guid":{"rendered":"https:\/\/conexion23.com\/?p=35194"},"modified":"2024-11-27T07:53:27","modified_gmt":"2024-11-27T11:53:27","slug":"aplazan-medida-de-coercion-contra-profesor-acusado-de-violacion-en-la-escuela-la-siria","status":"publish","type":"post","link":"https:\/\/conexion23.com\/?p=35194","title":{"rendered":"Aplazan medida de coerci\u00f3n contra profesor acusado de violaci\u00f3n en la escuela La Siria"},"content":{"rendered":"\n<p>El Ministerio P\u00fablico ha anunciado el aplazamiento de la medida de coerci\u00f3n contra el profesor Fernando Pe\u00f1a Eusebio, acusado de presuntamente violar a una menor de 13 a\u00f1os en la Escuela La Siria. La decisi\u00f3n ser\u00e1 considerada el lunes 2 de diciembre.<\/p>\n\n\n\n<p>Eusebio se entreg\u00f3 a las autoridades el pasado jueves 21 de noviembre, acompa\u00f1ado por su abogado, el Dr. Guillermo Natera, en la Unidad de Atenci\u00f3n a V\u00edctimas de Violencia de G\u00e9nero, Intrafamiliar y Delitos Sexuales.<\/p>\n\n\n\n<p>El Dr. Natera calific\u00f3 el aplazamiento como una medida positiva que permitir\u00e1 una revisi\u00f3n m\u00e1s exhaustiva del expediente, el cual, seg\u00fan \u00e9l, podr\u00eda demostrar la inocencia de su cliente.<\/p>\n\n\n\n<p>A pesar de las acusaciones, familiares y amigos de Fernando Pe\u00f1a se manifestaron frente al Palacio de Justicia sosteniendo pancartas en apoyo al profesor, afirmando su inocencia.<\/p>\n\n\n\n<p>Asimismo, el Ministerio de Educaci\u00f3n ha decidido trasladar a 14 docentes de la Escuela La Siria como parte de medidas administrativas en respuesta a la situaci\u00f3n.<\/p>\n\n\n\n<p>Por otro lado, un segundo profesor est\u00e1 siendo buscado activamente por las autoridades debido a su supuesta implicaci\u00f3n en el caso, ya que no ha podido ser localizado.<\/p>\n","protected":false},"excerpt":{"rendered":"<p>El Ministerio P\u00fablico ha anunciado el aplazamiento de la medida de coerci\u00f3n contra el profesor Fernando Pe\u00f1a Eusebio, acusado de presuntamente violar a una menor de 13 a\u00f1os en la Escuela La Siria. La decisi\u00f3n ser\u00e1 considerada el lunes 2 de diciembre. Eusebio se entreg\u00f3 a las autoridades el pasado jueves 21 de noviembre, acompa\u00f1ado [&hellip;]<\/p>\n","protected":false},"author":15,"featured_media":35195,"comment_status":"open","ping_status":"open","sticky":false,"template":"","format":"standard","meta":{"footnotes":""},"categories":[35],"tags":[],"class_list":{"0":"post-35194","1":"post","2":"type-post","3":"status-publish","4":"format-standard","5":"has-post-thumbnail","7":"category-spm"},"yoast_head":"<!-- This site is optimized with the Yoast SEO plugin v27.1.1 - https:\/\/yoast.com\/product\/yoast-seo-wordpress\/ -->\n<title>Aplazan medida de coerci\u00f3n contra profesor acusado de violaci\u00f3n en la escuela La Siria - Conexi\u00f3n 23<\/title>\n<meta name=\"robots\" content=\"index, follow, max-snippet:-1, max-image-preview:large, max-video-preview:-1\" \/>\n<link rel=\"canonical\" href=\"https:\/\/conexion23.com\/?p=35194\" \/>\n<meta property=\"og:locale\" content=\"es_ES\" \/>\n<meta property=\"og:type\" content=\"article\" \/>\n<meta property=\"og:title\" content=\"Aplazan medida de coerci\u00f3n contra profesor acusado de violaci\u00f3n en la escuela La Siria - Conexi\u00f3n 23\" \/>\n<meta property=\"og:description\" content=\"El Ministerio P\u00fablico ha anunciado el aplazamiento de la medida de coerci\u00f3n contra el profesor Fernando Pe\u00f1a Eusebio, acusado de presuntamente violar a una menor de 13 a\u00f1os en la Escuela La Siria. La decisi\u00f3n ser\u00e1 considerada el lunes 2 de diciembre. Eusebio se entreg\u00f3 a las autoridades el pasado jueves 21 de noviembre, acompa\u00f1ado [&hellip;]\" \/>\n<meta property=\"og:url\" content=\"https:\/\/conexion23.com\/?p=35194\" \/>\n<meta property=\"og:site_name\" content=\"Conexi\u00f3n 23\" \/>\n<meta property=\"article:publisher\" content=\"https:\/\/www.facebook.com\/conexion23com\" \/>\n<meta property=\"article:published_time\" content=\"2024-11-27T11:53:25+00:00\" \/>\n<meta property=\"article:modified_time\" content=\"2024-11-27T11:53:27+00:00\" \/>\n<meta property=\"og:image\" content=\"https:\/\/conexion23.com\/wp-content\/uploads\/2024\/11\/download-18.jpg\" \/>\n\t<meta property=\"og:image:width\" content=\"317\" \/>\n\t<meta property=\"og:image:height\" content=\"158\" \/>\n\t<meta property=\"og:image:type\" content=\"image\/jpeg\" \/>\n<meta name=\"author\" content=\"Raffy Ben\u00edtez\" \/>\n<meta name=\"twitter:card\" content=\"summary_large_image\" \/>\n<meta name=\"twitter:label1\" content=\"Escrito por\" \/>\n\t<meta name=\"twitter:data1\" content=\"Raffy Ben\u00edtez\" \/>\n\t<meta name=\"twitter:label2\" content=\"Tiempo de lectura\" \/>\n\t<meta name=\"twitter:data2\" content=\"2 minutos\" \/>\n<script type=\"application\/ld+json\" class=\"yoast-schema-graph\">{\"@context\":\"https:\/\/schema.org\",\"@graph\":[{\"@type\":\"Article\",\"@id\":\"https:\/\/conexion23.com\/?p=35194#article\",\"isPartOf\":{\"@id\":\"https:\/\/conexion23.com\/?p=35194\"},\"author\":{\"name\":\"Raffy Ben\u00edtez\",\"@id\":\"https:\/\/conexion23.com\/#\/schema\/person\/03e36043331117e97a373299bbcd30a6\"},\"headline\":\"Aplazan medida de coerci\u00f3n contra profesor acusado de violaci\u00f3n en la escuela La Siria\",\"datePublished\":\"2024-11-27T11:53:25+00:00\",\"dateModified\":\"2024-11-27T11:53:27+00:00\",\"mainEntityOfPage\":{\"@id\":\"https:\/\/conexion23.com\/?p=35194\"},\"wordCount\":216,\"commentCount\":0,\"publisher\":{\"@id\":\"https:\/\/conexion23.com\/#organization\"},\"image\":{\"@id\":\"https:\/\/conexion23.com\/?p=35194#primaryimage\"},\"thumbnailUrl\":\"https:\/\/conexion23.com\/wp-content\/uploads\/2024\/11\/download-18.jpg\",\"articleSection\":[\"SPM\"],\"inLanguage\":\"es\",\"potentialAction\":[{\"@type\":\"CommentAction\",\"name\":\"Comment\",\"target\":[\"https:\/\/conexion23.com\/?p=35194#respond\"]}]},{\"@type\":\"WebPage\",\"@id\":\"https:\/\/conexion23.com\/?p=35194\",\"url\":\"https:\/\/conexion23.com\/?p=35194\",\"name\":\"Aplazan medida de coerci\u00f3n contra profesor acusado de violaci\u00f3n en la escuela La Siria - Conexi\u00f3n 23\",\"isPartOf\":{\"@id\":\"https:\/\/conexion23.com\/#website\"},\"primaryImageOfPage\":{\"@id\":\"https:\/\/conexion23.com\/?p=35194#primaryimage\"},\"image\":{\"@id\":\"https:\/\/conexion23.com\/?p=35194#primaryimage\"},\"thumbnailUrl\":\"https:\/\/conexion23.com\/wp-content\/uploads\/2024\/11\/download-18.jpg\",\"datePublished\":\"2024-11-27T11:53:25+00:00\",\"dateModified\":\"2024-11-27T11:53:27+00:00\",\"breadcrumb\":{\"@id\":\"https:\/\/conexion23.com\/?p=35194#breadcrumb\"},\"inLanguage\":\"es\",\"potentialAction\":[{\"@type\":\"ReadAction\",\"target\":[\"https:\/\/conexion23.com\/?p=35194\"]}]},{\"@type\":\"ImageObject\",\"inLanguage\":\"es\",\"@id\":\"https:\/\/conexion23.com\/?p=35194#primaryimage\",\"url\":\"https:\/\/conexion23.com\/wp-content\/uploads\/2024\/11\/download-18.jpg\",\"contentUrl\":\"https:\/\/conexion23.com\/wp-content\/uploads\/2024\/11\/download-18.jpg\",\"width\":317,\"height\":158},{\"@type\":\"BreadcrumbList\",\"@id\":\"https:\/\/conexion23.com\/?p=35194#breadcrumb\",\"itemListElement\":[{\"@type\":\"ListItem\",\"position\":1,\"name\":\"Portada\",\"item\":\"https:\/\/conexion23.com\/\"},{\"@type\":\"ListItem\",\"position\":2,\"name\":\"Aplazan medida de coerci\u00f3n contra profesor acusado de violaci\u00f3n en la escuela La Siria\"}]},{\"@type\":\"WebSite\",\"@id\":\"https:\/\/conexion23.com\/#website\",\"url\":\"https:\/\/conexion23.com\/\",\"name\":\"Conexi\u00f3n 23\",\"description\":\"Peri\u00f3dico 100% Petromacorisano\",\"publisher\":{\"@id\":\"https:\/\/conexion23.com\/#organization\"},\"potentialAction\":[{\"@type\":\"SearchAction\",\"target\":{\"@type\":\"EntryPoint\",\"urlTemplate\":\"https:\/\/conexion23.com\/?s={search_term_string}\"},\"query-input\":{\"@type\":\"PropertyValueSpecification\",\"valueRequired\":true,\"valueName\":\"search_term_string\"}}],\"inLanguage\":\"es\"},{\"@type\":\"Organization\",\"@id\":\"https:\/\/conexion23.com\/#organization\",\"name\":\"Conexion 23\",\"url\":\"https:\/\/conexion23.com\/\",\"logo\":{\"@type\":\"ImageObject\",\"inLanguage\":\"es\",\"@id\":\"https:\/\/conexion23.com\/#\/schema\/logo\/image\/\",\"url\":\"https:\/\/conexion23.com\/wp-content\/uploads\/2021\/11\/Diseno-sin-titulo-2.png\",\"contentUrl\":\"https:\/\/conexion23.com\/wp-content\/uploads\/2021\/11\/Diseno-sin-titulo-2.png\",\"width\":541,\"height\":90,\"caption\":\"Conexion 23\"},\"image\":{\"@id\":\"https:\/\/conexion23.com\/#\/schema\/logo\/image\/\"},\"sameAs\":[\"https:\/\/www.facebook.com\/conexion23com\",\"https:\/\/www.instagram.com\/conexion23com\/\",\"https:\/\/www.youtube.com\/channel\/UCYc7vxxFZMYLIHNsHHxPZ3Q\"]},{\"@type\":\"Person\",\"@id\":\"https:\/\/conexion23.com\/#\/schema\/person\/03e36043331117e97a373299bbcd30a6\",\"name\":\"Raffy Ben\u00edtez\",\"image\":{\"@type\":\"ImageObject\",\"inLanguage\":\"es\",\"@id\":\"https:\/\/conexion23.com\/#\/schema\/person\/image\/\",\"url\":\"https:\/\/secure.gravatar.com\/avatar\/3190a6a6c5e1b0327500f7d6c56b6242472ee6cb974cf09b401ee6b3b0798f23?s=96&d=mm&r=g\",\"contentUrl\":\"https:\/\/secure.gravatar.com\/avatar\/3190a6a6c5e1b0327500f7d6c56b6242472ee6cb974cf09b401ee6b3b0798f23?s=96&d=mm&r=g\",\"caption\":\"Raffy Ben\u00edtez\"},\"url\":\"https:\/\/conexion23.com\/?author=15\"}]}<\/script>\n<!-- \/ Yoast SEO plugin. -->","yoast_head_json":{"title":"Aplazan medida de coerci\u00f3n contra profesor acusado de violaci\u00f3n en la escuela La Siria - Conexi\u00f3n 23","robots":{"index":"index","follow":"follow","max-snippet":"max-snippet:-1","max-image-preview":"max-image-preview:large","max-video-preview":"max-video-preview:-1"},"canonical":"https:\/\/conexion23.com\/?p=35194","og_locale":"es_ES","og_type":"article","og_title":"Aplazan medida de coerci\u00f3n contra profesor acusado de violaci\u00f3n en la escuela La Siria - Conexi\u00f3n 23","og_description":"El Ministerio P\u00fablico ha anunciado el aplazamiento de la medida de coerci\u00f3n contra el profesor Fernando Pe\u00f1a Eusebio, acusado de presuntamente violar a una menor de 13 a\u00f1os en la Escuela La Siria. La decisi\u00f3n ser\u00e1 considerada el lunes 2 de diciembre. Eusebio se entreg\u00f3 a las autoridades el pasado jueves 21 de noviembre, acompa\u00f1ado [&hellip;]","og_url":"https:\/\/conexion23.com\/?p=35194","og_site_name":"Conexi\u00f3n 23","article_publisher":"https:\/\/www.facebook.com\/conexion23com","article_published_time":"2024-11-27T11:53:25+00:00","article_modified_time":"2024-11-27T11:53:27+00:00","og_image":[{"width":317,"height":158,"url":"https:\/\/conexion23.com\/wp-content\/uploads\/2024\/11\/download-18.jpg","type":"image\/jpeg"}],"author":"Raffy Ben\u00edtez","twitter_card":"summary_large_image","twitter_misc":{"Escrito por":"Raffy Ben\u00edtez","Tiempo de lectura":"2 minutos"},"schema":{"@context":"https:\/\/schema.org","@graph":[{"@type":"Article","@id":"https:\/\/conexion23.com\/?p=35194#article","isPartOf":{"@id":"https:\/\/conexion23.com\/?p=35194"},"author":{"name":"Raffy Ben\u00edtez","@id":"https:\/\/conexion23.com\/#\/schema\/person\/03e36043331117e97a373299bbcd30a6"},"headline":"Aplazan medida de coerci\u00f3n contra profesor acusado de violaci\u00f3n en la escuela La Siria","datePublished":"2024-11-27T11:53:25+00:00","dateModified":"2024-11-27T11:53:27+00:00","mainEntityOfPage":{"@id":"https:\/\/conexion23.com\/?p=35194"},"wordCount":216,"commentCount":0,"publisher":{"@id":"https:\/\/conexion23.com\/#organization"},"image":{"@id":"https:\/\/conexion23.com\/?p=35194#primaryimage"},"thumbnailUrl":"https:\/\/conexion23.com\/wp-content\/uploads\/2024\/11\/download-18.jpg","articleSection":["SPM"],"inLanguage":"es","potentialAction":[{"@type":"CommentAction","name":"Comment","target":["https:\/\/conexion23.com\/?p=35194#respond"]}]},{"@type":"WebPage","@id":"https:\/\/conexion23.com\/?p=35194","url":"https:\/\/conexion23.com\/?p=35194","name":"Aplazan medida de coerci\u00f3n contra profesor acusado de violaci\u00f3n en la escuela La Siria - Conexi\u00f3n 23","isPartOf":{"@id":"https:\/\/conexion23.com\/#website"},"primaryImageOfPage":{"@id":"https:\/\/conexion23.com\/?p=35194#primaryimage"},"image":{"@id":"https:\/\/conexion23.com\/?p=35194#primaryimage"},"thumbnailUrl":"https:\/\/conexion23.com\/wp-content\/uploads\/2024\/11\/download-18.jpg","datePublished":"2024-11-27T11:53:25+00:00","dateModified":"2024-11-27T11:53:27+00:00","breadcrumb":{"@id":"https:\/\/conexion23.com\/?p=35194#breadcrumb"},"inLanguage":"es","potentialAction":[{"@type":"ReadAction","target":["https:\/\/conexion23.com\/?p=35194"]}]},{"@type":"ImageObject","inLanguage":"es","@id":"https:\/\/conexion23.com\/?p=35194#primaryimage","url":"https:\/\/conexion23.com\/wp-content\/uploads\/2024\/11\/download-18.jpg","contentUrl":"https:\/\/conexion23.com\/wp-content\/uploads\/2024\/11\/download-18.jpg","width":317,"height":158},{"@type":"BreadcrumbList","@id":"https:\/\/conexion23.com\/?p=35194#breadcrumb","itemListElement":[{"@type":"ListItem","position":1,"name":"Portada","item":"https:\/\/conexion23.com\/"},{"@type":"ListItem","position":2,"name":"Aplazan medida de coerci\u00f3n contra profesor acusado de violaci\u00f3n en la escuela La Siria"}]},{"@type":"WebSite","@id":"https:\/\/conexion23.com\/#website","url":"https:\/\/conexion23.com\/","name":"Conexi\u00f3n 23","description":"Peri\u00f3dico 100% Petromacorisano","publisher":{"@id":"https:\/\/conexion23.com\/#organization"},"potentialAction":[{"@type":"SearchAction","target":{"@type":"EntryPoint","urlTemplate":"https:\/\/conexion23.com\/?s={search_term_string}"},"query-input":{"@type":"PropertyValueSpecification","valueRequired":true,"valueName":"search_term_string"}}],"inLanguage":"es"},{"@type":"Organization","@id":"https:\/\/conexion23.com\/#organization","name":"Conexion 23","url":"https:\/\/conexion23.com\/","logo":{"@type":"ImageObject","inLanguage":"es","@id":"https:\/\/conexion23.com\/#\/schema\/logo\/image\/","url":"https:\/\/conexion23.com\/wp-content\/uploads\/2021\/11\/Diseno-sin-titulo-2.png","contentUrl":"https:\/\/conexion23.com\/wp-content\/uploads\/2021\/11\/Diseno-sin-titulo-2.png","width":541,"height":90,"caption":"Conexion 23"},"image":{"@id":"https:\/\/conexion23.com\/#\/schema\/logo\/image\/"},"sameAs":["https:\/\/www.facebook.com\/conexion23com","https:\/\/www.instagram.com\/conexion23com\/","https:\/\/www.youtube.com\/channel\/UCYc7vxxFZMYLIHNsHHxPZ3Q"]},{"@type":"Person","@id":"https:\/\/conexion23.com\/#\/schema\/person\/03e36043331117e97a373299bbcd30a6","name":"Raffy Ben\u00edtez","image":{"@type":"ImageObject","inLanguage":"es","@id":"https:\/\/conexion23.com\/#\/schema\/person\/image\/","url":"https:\/\/secure.gravatar.com\/avatar\/3190a6a6c5e1b0327500f7d6c56b6242472ee6cb974cf09b401ee6b3b0798f23?s=96&d=mm&r=g","contentUrl":"https:\/\/secure.gravatar.com\/avatar\/3190a6a6c5e1b0327500f7d6c56b6242472ee6cb974cf09b401ee6b3b0798f23?s=96&d=mm&r=g","caption":"Raffy Ben\u00edtez"},"url":"https:\/\/conexion23.com\/?author=15"}]}},"_links":{"self":[{"href":"https:\/\/conexion23.com\/index.php?rest_route=\/wp\/v2\/posts\/35194","targetHints":{"allow":["GET"]}}],"collection":[{"href":"https:\/\/conexion23.com\/index.php?rest_route=\/wp\/v2\/posts"}],"about":[{"href":"https:\/\/conexion23.com\/index.php?rest_route=\/wp\/v2\/types\/post"}],"author":[{"embeddable":true,"href":"https:\/\/conexion23.com\/index.php?rest_route=\/wp\/v2\/users\/15"}],"replies":[{"embeddable":true,"href":"https:\/\/conexion23.com\/index.php?rest_route=%2Fwp%2Fv2%2Fcomments&post=35194"}],"version-history":[{"count":1,"href":"https:\/\/conexion23.com\/index.php?rest_route=\/wp\/v2\/posts\/35194\/revisions"}],"predecessor-version":[{"id":35196,"href":"https:\/\/conexion23.com\/index.php?rest_route=\/wp\/v2\/posts\/35194\/revisions\/35196"}],"wp:featuredmedia":[{"embeddable":true,"href":"https:\/\/conexion23.com\/index.php?rest_route=\/wp\/v2\/media\/35195"}],"wp:attachment":[{"href":"https:\/\/conexion23.com\/index.php?rest_route=%2Fwp%2Fv2%2Fmedia&parent=35194"}],"wp:term":[{"taxonomy":"category","embeddable":true,"href":"https:\/\/conexion23.com\/index.php?rest_route=%2Fwp%2Fv2%2Fcategories&post=35194"},{"taxonomy":"post_tag","embeddable":true,"href":"https:\/\/conexion23.com\/index.php?rest_route=%2Fwp%2Fv2%2Ftags&post=35194"}],"curies":[{"name":"wp","href":"https:\/\/api.w.org\/{rel}","templated":true}]}}