{"id":35212,"date":"2024-11-28T07:13:10","date_gmt":"2024-11-28T11:13:10","guid":{"rendered":"https:\/\/conexion23.com\/?p=35212"},"modified":"2024-11-28T07:13:12","modified_gmt":"2024-11-28T11:13:12","slug":"aprueban-en-australia-ley-que-prohibe-el-uso-de-las-redes-sociales-a-menores-de-16-anos","status":"publish","type":"post","link":"https:\/\/conexion23.com\/?p=35212","title":{"rendered":"Aprueban en Australia ley que proh\u00edbe el uso de las redes sociales a menores de 16 a\u00f1os"},"content":{"rendered":"\n<p>La C\u00e1mara de Representantes de&nbsp;<strong>Australia&nbsp;<\/strong>aprob\u00f3 este mi\u00e9rcoles un proyecto de ley que&nbsp;<strong>prohibir\u00eda a los ni\u00f1os menores de 16 a\u00f1os usar las redes sociales<\/strong>, dejando en manos del Senado la finalizaci\u00f3n de la primera ley de este tipo en el mundo.<\/p>\n\n\n\n<p>Los principales partidos respaldaron el proyecto de ley que har\u00eda que plataformas como<strong>&nbsp;TikTok, Facebook, Snapchat, Reddit, X e Instagram<\/strong>&nbsp;sean responsables de multas de hasta 50 millones de d\u00f3lares australianos (33 millones de d\u00f3lares) por fallas sist\u00e9micas para evitar que los ni\u00f1os peque\u00f1os tengan cuentas.<\/p>\n\n\n\n<p>La legislaci\u00f3n fue<strong>&nbsp;aprobada por 102 votos a favor y 13 en contra.<\/strong>&nbsp;Si el proyecto se convierte en ley esta semana, las plataformas tendr\u00edan un a\u00f1o para determinar c\u00f3mo implementar las restricciones de edad antes de que se apliquen las sanciones.<\/p>\n\n\n\n<p>El diputado de la oposici\u00f3n Dan Tehan dijo al Parlamento que el gobierno hab\u00eda acordado aceptar las enmiendas en el Senado que reforzar\u00edan las protecciones de la privacidad. Las plataformas no podr\u00edan obligar a los usuarios a proporcionar documentos de identidad emitidos por el gobierno, incluidos pasaportes o licencias de conducir, ni podr\u00edan exigir una identificaci\u00f3n digital a trav\u00e9s de un sistema gubernamental.<\/p>\n\n\n\n<p>\u201c\u00bfSer\u00e1 perfecta? No. Pero \u00bfhay alguna ley perfecta? No, no lo es. Pero si ayuda, aunque sea de la forma m\u00e1s m\u00ednima, marcar\u00e1 una enorme diferencia en la vida de las personas\u201d, dijo Tehan al Parlamento.<\/p>\n\n\n\n<p>El proyecto de ley fue presentado al Senado el mi\u00e9rcoles por la noche para ser debatido en una hora no especificada.<\/p>\n\n\n\n<p>El apoyo de los principales partidos pr\u00e1cticamente garantiza que la legislaci\u00f3n se aprobar\u00e1 en el Senado, donde&nbsp;<strong>ning\u00fan partido tiene mayor\u00eda de esca\u00f1os<\/strong>.<\/p>\n\n\n\n<p>Los legisladores que no estaban alineados ni con el gobierno ni con la oposici\u00f3n fueron los m\u00e1s cr\u00edticos con la legislaci\u00f3n durante el debate del martes y mi\u00e9rcoles.<\/p>\n\n\n\n<p>Las cr\u00edticas incluyen que la legislaci\u00f3n fue aprobada apresuradamente en el Parlamento sin un escrutinio adecuado, no funcionar\u00eda, crear\u00eda riesgos de privacidad para usuarios de todas las edades y quitar\u00eda a los padres la autoridad para decidir qu\u00e9 es lo mejor para sus hijos.<\/p>\n\n\n\n<p>Los cr\u00edticos tambi\u00e9n argumentan que&nbsp;<strong>la prohibici\u00f3n aislar\u00eda a los ni\u00f1os<\/strong>, los privar\u00eda de los aspectos positivos de las redes sociales, los llevar\u00eda a la red oscura, har\u00eda que los ni\u00f1os demasiado peque\u00f1os para las redes sociales se vuelvan reacios a denunciar los da\u00f1os que encuentren y eliminar\u00eda los incentivos para que las plataformas hagan que los espacios en l\u00ednea sean m\u00e1s seguros.<\/p>\n\n\n\n<p>La legisladora independiente Zoe Daniel dijo que la legislaci\u00f3n \u201cno har\u00eda ninguna diferencia respecto de los da\u00f1os inherentes a las redes sociales\u201d.<\/p>\n\n\n\n<p>\u201cEl verdadero objetivo de esta legislaci\u00f3n no es hacer que las redes sociales sean seguras por dise\u00f1o, sino hacer que los padres y los votantes sientan que el gobierno est\u00e1 haciendo algo al respecto\u201d, dijo Daniel al Parlamento.<\/p>\n\n\n\n<p>\u201cHay una raz\u00f3n por la cual el gobierno presenta esta legislaci\u00f3n como l\u00edder mundial: porque ning\u00fan otro pa\u00eds quiere implementarla\u201d, agreg\u00f3.<\/p>\n\n\n\n<p>Las plataformas hab\u00edan pedido que la votaci\u00f3n se retrasara al menos hasta junio del pr\u00f3ximo a\u00f1o, cuando una evaluaci\u00f3n de las tecnolog\u00edas de garant\u00eda de edad encargada por el gobierno present\u00f3 su informe sobre c\u00f3mo se podr\u00eda aplicar la prohibici\u00f3n.<\/p>\n","protected":false},"excerpt":{"rendered":"<p>La C\u00e1mara de Representantes de&nbsp;Australia&nbsp;aprob\u00f3 este mi\u00e9rcoles un proyecto de ley que&nbsp;prohibir\u00eda a los ni\u00f1os menores de 16 a\u00f1os usar las redes sociales, dejando en manos del Senado la finalizaci\u00f3n de la primera ley de este tipo en el mundo. Los principales partidos respaldaron el proyecto de ley que har\u00eda que plataformas como&nbsp;TikTok, Facebook, Snapchat, [&hellip;]<\/p>\n","protected":false},"author":15,"featured_media":35213,"comment_status":"open","ping_status":"open","sticky":false,"template":"","format":"standard","meta":{"footnotes":""},"categories":[1],"tags":[],"class_list":{"0":"post-35212","1":"post","2":"type-post","3":"status-publish","4":"format-standard","5":"has-post-thumbnail","7":"category-uncategorized"},"yoast_head":"<!-- This site is optimized with the Yoast SEO plugin v27.1.1 - https:\/\/yoast.com\/product\/yoast-seo-wordpress\/ -->\n<title>Aprueban en Australia ley que proh\u00edbe el uso de las redes sociales a menores de 16 a\u00f1os - Conexi\u00f3n 23<\/title>\n<meta name=\"robots\" content=\"index, follow, max-snippet:-1, max-image-preview:large, max-video-preview:-1\" \/>\n<link rel=\"canonical\" href=\"https:\/\/conexion23.com\/?p=35212\" \/>\n<meta property=\"og:locale\" content=\"es_ES\" \/>\n<meta property=\"og:type\" content=\"article\" \/>\n<meta property=\"og:title\" content=\"Aprueban en Australia ley que proh\u00edbe el uso de las redes sociales a menores de 16 a\u00f1os - Conexi\u00f3n 23\" \/>\n<meta property=\"og:description\" content=\"La C\u00e1mara de Representantes de&nbsp;Australia&nbsp;aprob\u00f3 este mi\u00e9rcoles un proyecto de ley que&nbsp;prohibir\u00eda a los ni\u00f1os menores de 16 a\u00f1os usar las redes sociales, dejando en manos del Senado la finalizaci\u00f3n de la primera ley de este tipo en el mundo. Los principales partidos respaldaron el proyecto de ley que har\u00eda que plataformas como&nbsp;TikTok, Facebook, Snapchat, [&hellip;]\" \/>\n<meta property=\"og:url\" content=\"https:\/\/conexion23.com\/?p=35212\" \/>\n<meta property=\"og:site_name\" content=\"Conexi\u00f3n 23\" \/>\n<meta property=\"article:publisher\" content=\"https:\/\/www.facebook.com\/conexion23com\" \/>\n<meta property=\"article:published_time\" content=\"2024-11-28T11:13:10+00:00\" \/>\n<meta property=\"article:modified_time\" content=\"2024-11-28T11:13:12+00:00\" \/>\n<meta property=\"og:image\" content=\"https:\/\/conexion23.com\/wp-content\/uploads\/2024\/11\/Australia-ley-que-prohibe-el-uso-de-las-redes-sociales-a-menores-de-16-anos.jpg\" \/>\n\t<meta property=\"og:image:width\" content=\"630\" \/>\n\t<meta property=\"og:image:height\" content=\"354\" \/>\n\t<meta property=\"og:image:type\" content=\"image\/jpeg\" \/>\n<meta name=\"author\" content=\"Raffy Ben\u00edtez\" \/>\n<meta name=\"twitter:card\" content=\"summary_large_image\" \/>\n<meta name=\"twitter:label1\" content=\"Escrito por\" \/>\n\t<meta name=\"twitter:data1\" content=\"Raffy Ben\u00edtez\" \/>\n\t<meta name=\"twitter:label2\" content=\"Tiempo de lectura\" \/>\n\t<meta name=\"twitter:data2\" content=\"3 minutos\" \/>\n<script type=\"application\/ld+json\" class=\"yoast-schema-graph\">{\"@context\":\"https:\/\/schema.org\",\"@graph\":[{\"@type\":\"Article\",\"@id\":\"https:\/\/conexion23.com\/?p=35212#article\",\"isPartOf\":{\"@id\":\"https:\/\/conexion23.com\/?p=35212\"},\"author\":{\"name\":\"Raffy Ben\u00edtez\",\"@id\":\"https:\/\/conexion23.com\/#\/schema\/person\/03e36043331117e97a373299bbcd30a6\"},\"headline\":\"Aprueban en Australia ley que proh\u00edbe el uso de las redes sociales a menores de 16 a\u00f1os\",\"datePublished\":\"2024-11-28T11:13:10+00:00\",\"dateModified\":\"2024-11-28T11:13:12+00:00\",\"mainEntityOfPage\":{\"@id\":\"https:\/\/conexion23.com\/?p=35212\"},\"wordCount\":627,\"commentCount\":0,\"publisher\":{\"@id\":\"https:\/\/conexion23.com\/#organization\"},\"image\":{\"@id\":\"https:\/\/conexion23.com\/?p=35212#primaryimage\"},\"thumbnailUrl\":\"https:\/\/conexion23.com\/wp-content\/uploads\/2024\/11\/Australia-ley-que-prohibe-el-uso-de-las-redes-sociales-a-menores-de-16-anos.jpg\",\"articleSection\":[\"Uncategorized\"],\"inLanguage\":\"es\",\"potentialAction\":[{\"@type\":\"CommentAction\",\"name\":\"Comment\",\"target\":[\"https:\/\/conexion23.com\/?p=35212#respond\"]}]},{\"@type\":\"WebPage\",\"@id\":\"https:\/\/conexion23.com\/?p=35212\",\"url\":\"https:\/\/conexion23.com\/?p=35212\",\"name\":\"Aprueban en Australia ley que proh\u00edbe el uso de las redes sociales a menores de 16 a\u00f1os - Conexi\u00f3n 23\",\"isPartOf\":{\"@id\":\"https:\/\/conexion23.com\/#website\"},\"primaryImageOfPage\":{\"@id\":\"https:\/\/conexion23.com\/?p=35212#primaryimage\"},\"image\":{\"@id\":\"https:\/\/conexion23.com\/?p=35212#primaryimage\"},\"thumbnailUrl\":\"https:\/\/conexion23.com\/wp-content\/uploads\/2024\/11\/Australia-ley-que-prohibe-el-uso-de-las-redes-sociales-a-menores-de-16-anos.jpg\",\"datePublished\":\"2024-11-28T11:13:10+00:00\",\"dateModified\":\"2024-11-28T11:13:12+00:00\",\"breadcrumb\":{\"@id\":\"https:\/\/conexion23.com\/?p=35212#breadcrumb\"},\"inLanguage\":\"es\",\"potentialAction\":[{\"@type\":\"ReadAction\",\"target\":[\"https:\/\/conexion23.com\/?p=35212\"]}]},{\"@type\":\"ImageObject\",\"inLanguage\":\"es\",\"@id\":\"https:\/\/conexion23.com\/?p=35212#primaryimage\",\"url\":\"https:\/\/conexion23.com\/wp-content\/uploads\/2024\/11\/Australia-ley-que-prohibe-el-uso-de-las-redes-sociales-a-menores-de-16-anos.jpg\",\"contentUrl\":\"https:\/\/conexion23.com\/wp-content\/uploads\/2024\/11\/Australia-ley-que-prohibe-el-uso-de-las-redes-sociales-a-menores-de-16-anos.jpg\",\"width\":630,\"height\":354},{\"@type\":\"BreadcrumbList\",\"@id\":\"https:\/\/conexion23.com\/?p=35212#breadcrumb\",\"itemListElement\":[{\"@type\":\"ListItem\",\"position\":1,\"name\":\"Portada\",\"item\":\"https:\/\/conexion23.com\/\"},{\"@type\":\"ListItem\",\"position\":2,\"name\":\"Aprueban en Australia ley que proh\u00edbe el uso de las redes sociales a menores de 16 a\u00f1os\"}]},{\"@type\":\"WebSite\",\"@id\":\"https:\/\/conexion23.com\/#website\",\"url\":\"https:\/\/conexion23.com\/\",\"name\":\"Conexi\u00f3n 23\",\"description\":\"Peri\u00f3dico 100% Petromacorisano\",\"publisher\":{\"@id\":\"https:\/\/conexion23.com\/#organization\"},\"potentialAction\":[{\"@type\":\"SearchAction\",\"target\":{\"@type\":\"EntryPoint\",\"urlTemplate\":\"https:\/\/conexion23.com\/?s={search_term_string}\"},\"query-input\":{\"@type\":\"PropertyValueSpecification\",\"valueRequired\":true,\"valueName\":\"search_term_string\"}}],\"inLanguage\":\"es\"},{\"@type\":\"Organization\",\"@id\":\"https:\/\/conexion23.com\/#organization\",\"name\":\"Conexion 23\",\"url\":\"https:\/\/conexion23.com\/\",\"logo\":{\"@type\":\"ImageObject\",\"inLanguage\":\"es\",\"@id\":\"https:\/\/conexion23.com\/#\/schema\/logo\/image\/\",\"url\":\"https:\/\/conexion23.com\/wp-content\/uploads\/2021\/11\/Diseno-sin-titulo-2.png\",\"contentUrl\":\"https:\/\/conexion23.com\/wp-content\/uploads\/2021\/11\/Diseno-sin-titulo-2.png\",\"width\":541,\"height\":90,\"caption\":\"Conexion 23\"},\"image\":{\"@id\":\"https:\/\/conexion23.com\/#\/schema\/logo\/image\/\"},\"sameAs\":[\"https:\/\/www.facebook.com\/conexion23com\",\"https:\/\/www.instagram.com\/conexion23com\/\",\"https:\/\/www.youtube.com\/channel\/UCYc7vxxFZMYLIHNsHHxPZ3Q\"]},{\"@type\":\"Person\",\"@id\":\"https:\/\/conexion23.com\/#\/schema\/person\/03e36043331117e97a373299bbcd30a6\",\"name\":\"Raffy Ben\u00edtez\",\"image\":{\"@type\":\"ImageObject\",\"inLanguage\":\"es\",\"@id\":\"https:\/\/conexion23.com\/#\/schema\/person\/image\/\",\"url\":\"https:\/\/secure.gravatar.com\/avatar\/3190a6a6c5e1b0327500f7d6c56b6242472ee6cb974cf09b401ee6b3b0798f23?s=96&d=mm&r=g\",\"contentUrl\":\"https:\/\/secure.gravatar.com\/avatar\/3190a6a6c5e1b0327500f7d6c56b6242472ee6cb974cf09b401ee6b3b0798f23?s=96&d=mm&r=g\",\"caption\":\"Raffy Ben\u00edtez\"},\"url\":\"https:\/\/conexion23.com\/?author=15\"}]}<\/script>\n<!-- \/ Yoast SEO plugin. -->","yoast_head_json":{"title":"Aprueban en Australia ley que proh\u00edbe el uso de las redes sociales a menores de 16 a\u00f1os - Conexi\u00f3n 23","robots":{"index":"index","follow":"follow","max-snippet":"max-snippet:-1","max-image-preview":"max-image-preview:large","max-video-preview":"max-video-preview:-1"},"canonical":"https:\/\/conexion23.com\/?p=35212","og_locale":"es_ES","og_type":"article","og_title":"Aprueban en Australia ley que proh\u00edbe el uso de las redes sociales a menores de 16 a\u00f1os - Conexi\u00f3n 23","og_description":"La C\u00e1mara de Representantes de&nbsp;Australia&nbsp;aprob\u00f3 este mi\u00e9rcoles un proyecto de ley que&nbsp;prohibir\u00eda a los ni\u00f1os menores de 16 a\u00f1os usar las redes sociales, dejando en manos del Senado la finalizaci\u00f3n de la primera ley de este tipo en el mundo. Los principales partidos respaldaron el proyecto de ley que har\u00eda que plataformas como&nbsp;TikTok, Facebook, Snapchat, [&hellip;]","og_url":"https:\/\/conexion23.com\/?p=35212","og_site_name":"Conexi\u00f3n 23","article_publisher":"https:\/\/www.facebook.com\/conexion23com","article_published_time":"2024-11-28T11:13:10+00:00","article_modified_time":"2024-11-28T11:13:12+00:00","og_image":[{"width":630,"height":354,"url":"https:\/\/conexion23.com\/wp-content\/uploads\/2024\/11\/Australia-ley-que-prohibe-el-uso-de-las-redes-sociales-a-menores-de-16-anos.jpg","type":"image\/jpeg"}],"author":"Raffy Ben\u00edtez","twitter_card":"summary_large_image","twitter_misc":{"Escrito por":"Raffy Ben\u00edtez","Tiempo de lectura":"3 minutos"},"schema":{"@context":"https:\/\/schema.org","@graph":[{"@type":"Article","@id":"https:\/\/conexion23.com\/?p=35212#article","isPartOf":{"@id":"https:\/\/conexion23.com\/?p=35212"},"author":{"name":"Raffy Ben\u00edtez","@id":"https:\/\/conexion23.com\/#\/schema\/person\/03e36043331117e97a373299bbcd30a6"},"headline":"Aprueban en Australia ley que proh\u00edbe el uso de las redes sociales a menores de 16 a\u00f1os","datePublished":"2024-11-28T11:13:10+00:00","dateModified":"2024-11-28T11:13:12+00:00","mainEntityOfPage":{"@id":"https:\/\/conexion23.com\/?p=35212"},"wordCount":627,"commentCount":0,"publisher":{"@id":"https:\/\/conexion23.com\/#organization"},"image":{"@id":"https:\/\/conexion23.com\/?p=35212#primaryimage"},"thumbnailUrl":"https:\/\/conexion23.com\/wp-content\/uploads\/2024\/11\/Australia-ley-que-prohibe-el-uso-de-las-redes-sociales-a-menores-de-16-anos.jpg","articleSection":["Uncategorized"],"inLanguage":"es","potentialAction":[{"@type":"CommentAction","name":"Comment","target":["https:\/\/conexion23.com\/?p=35212#respond"]}]},{"@type":"WebPage","@id":"https:\/\/conexion23.com\/?p=35212","url":"https:\/\/conexion23.com\/?p=35212","name":"Aprueban en Australia ley que proh\u00edbe el uso de las redes sociales a menores de 16 a\u00f1os - Conexi\u00f3n 23","isPartOf":{"@id":"https:\/\/conexion23.com\/#website"},"primaryImageOfPage":{"@id":"https:\/\/conexion23.com\/?p=35212#primaryimage"},"image":{"@id":"https:\/\/conexion23.com\/?p=35212#primaryimage"},"thumbnailUrl":"https:\/\/conexion23.com\/wp-content\/uploads\/2024\/11\/Australia-ley-que-prohibe-el-uso-de-las-redes-sociales-a-menores-de-16-anos.jpg","datePublished":"2024-11-28T11:13:10+00:00","dateModified":"2024-11-28T11:13:12+00:00","breadcrumb":{"@id":"https:\/\/conexion23.com\/?p=35212#breadcrumb"},"inLanguage":"es","potentialAction":[{"@type":"ReadAction","target":["https:\/\/conexion23.com\/?p=35212"]}]},{"@type":"ImageObject","inLanguage":"es","@id":"https:\/\/conexion23.com\/?p=35212#primaryimage","url":"https:\/\/conexion23.com\/wp-content\/uploads\/2024\/11\/Australia-ley-que-prohibe-el-uso-de-las-redes-sociales-a-menores-de-16-anos.jpg","contentUrl":"https:\/\/conexion23.com\/wp-content\/uploads\/2024\/11\/Australia-ley-que-prohibe-el-uso-de-las-redes-sociales-a-menores-de-16-anos.jpg","width":630,"height":354},{"@type":"BreadcrumbList","@id":"https:\/\/conexion23.com\/?p=35212#breadcrumb","itemListElement":[{"@type":"ListItem","position":1,"name":"Portada","item":"https:\/\/conexion23.com\/"},{"@type":"ListItem","position":2,"name":"Aprueban en Australia ley que proh\u00edbe el uso de las redes sociales a menores de 16 a\u00f1os"}]},{"@type":"WebSite","@id":"https:\/\/conexion23.com\/#website","url":"https:\/\/conexion23.com\/","name":"Conexi\u00f3n 23","description":"Peri\u00f3dico 100% Petromacorisano","publisher":{"@id":"https:\/\/conexion23.com\/#organization"},"potentialAction":[{"@type":"SearchAction","target":{"@type":"EntryPoint","urlTemplate":"https:\/\/conexion23.com\/?s={search_term_string}"},"query-input":{"@type":"PropertyValueSpecification","valueRequired":true,"valueName":"search_term_string"}}],"inLanguage":"es"},{"@type":"Organization","@id":"https:\/\/conexion23.com\/#organization","name":"Conexion 23","url":"https:\/\/conexion23.com\/","logo":{"@type":"ImageObject","inLanguage":"es","@id":"https:\/\/conexion23.com\/#\/schema\/logo\/image\/","url":"https:\/\/conexion23.com\/wp-content\/uploads\/2021\/11\/Diseno-sin-titulo-2.png","contentUrl":"https:\/\/conexion23.com\/wp-content\/uploads\/2021\/11\/Diseno-sin-titulo-2.png","width":541,"height":90,"caption":"Conexion 23"},"image":{"@id":"https:\/\/conexion23.com\/#\/schema\/logo\/image\/"},"sameAs":["https:\/\/www.facebook.com\/conexion23com","https:\/\/www.instagram.com\/conexion23com\/","https:\/\/www.youtube.com\/channel\/UCYc7vxxFZMYLIHNsHHxPZ3Q"]},{"@type":"Person","@id":"https:\/\/conexion23.com\/#\/schema\/person\/03e36043331117e97a373299bbcd30a6","name":"Raffy Ben\u00edtez","image":{"@type":"ImageObject","inLanguage":"es","@id":"https:\/\/conexion23.com\/#\/schema\/person\/image\/","url":"https:\/\/secure.gravatar.com\/avatar\/3190a6a6c5e1b0327500f7d6c56b6242472ee6cb974cf09b401ee6b3b0798f23?s=96&d=mm&r=g","contentUrl":"https:\/\/secure.gravatar.com\/avatar\/3190a6a6c5e1b0327500f7d6c56b6242472ee6cb974cf09b401ee6b3b0798f23?s=96&d=mm&r=g","caption":"Raffy Ben\u00edtez"},"url":"https:\/\/conexion23.com\/?author=15"}]}},"_links":{"self":[{"href":"https:\/\/conexion23.com\/index.php?rest_route=\/wp\/v2\/posts\/35212","targetHints":{"allow":["GET"]}}],"collection":[{"href":"https:\/\/conexion23.com\/index.php?rest_route=\/wp\/v2\/posts"}],"about":[{"href":"https:\/\/conexion23.com\/index.php?rest_route=\/wp\/v2\/types\/post"}],"author":[{"embeddable":true,"href":"https:\/\/conexion23.com\/index.php?rest_route=\/wp\/v2\/users\/15"}],"replies":[{"embeddable":true,"href":"https:\/\/conexion23.com\/index.php?rest_route=%2Fwp%2Fv2%2Fcomments&post=35212"}],"version-history":[{"count":1,"href":"https:\/\/conexion23.com\/index.php?rest_route=\/wp\/v2\/posts\/35212\/revisions"}],"predecessor-version":[{"id":35214,"href":"https:\/\/conexion23.com\/index.php?rest_route=\/wp\/v2\/posts\/35212\/revisions\/35214"}],"wp:featuredmedia":[{"embeddable":true,"href":"https:\/\/conexion23.com\/index.php?rest_route=\/wp\/v2\/media\/35213"}],"wp:attachment":[{"href":"https:\/\/conexion23.com\/index.php?rest_route=%2Fwp%2Fv2%2Fmedia&parent=35212"}],"wp:term":[{"taxonomy":"category","embeddable":true,"href":"https:\/\/conexion23.com\/index.php?rest_route=%2Fwp%2Fv2%2Fcategories&post=35212"},{"taxonomy":"post_tag","embeddable":true,"href":"https:\/\/conexion23.com\/index.php?rest_route=%2Fwp%2Fv2%2Ftags&post=35212"}],"curies":[{"name":"wp","href":"https:\/\/api.w.org\/{rel}","templated":true}]}}