{"id":35276,"date":"2024-11-29T07:46:55","date_gmt":"2024-11-29T11:46:55","guid":{"rendered":"https:\/\/conexion23.com\/?p=35276"},"modified":"2024-11-29T07:46:56","modified_gmt":"2024-11-29T11:46:56","slug":"pn-captura-3-presuntos-delincuentes-vinculados-a-robo-y-posesion-de-sustancias-controladas-en-higuey","status":"publish","type":"post","link":"https:\/\/conexion23.com\/?p=35276","title":{"rendered":"PN captura 3 presuntos delincuentes vinculados a robo y posesi\u00f3n de sustancias controladas en Hig\u00fcey"},"content":{"rendered":"\n<p>La Polic\u00eda Nacional, a trav\u00e9s de su Subdirecci\u00f3n Regional de Investigaciones en La Altagracia, realiz\u00f3 una serie de operativos en distintos puntos de Hig\u00fcey, logrando la detenci\u00f3n de tres hombres implicados en delitos como robo, posesi\u00f3n de sustancias controladas y porte ilegal de armas blancas.<\/p>\n\n\n\n<p>Entre los apresados figura Malvin Antonio Mota Inirio, interceptado mientras conduc\u00eda una motocicleta Yamaha modelo YDIIOD, azul, que no aparece registrada en los archivos policiales.<\/p>\n\n\n\n<p>Durante la inspecci\u00f3n, se le confiscaron 33 envoltorios de un polvo blanco, presumiblemente coca\u00edna, distribuidos en 21 porciones empacadas en recortes de pl\u00e1stico y 12 porciones selladas en pl\u00e1sticos rojos con rayas transparentes.<\/p>\n\n\n\n<p>Tambi\u00e9n se le incautaron tres celulares, RD$750 en efectivo y un billete de un d\u00f3lar estadounidense.<\/p>\n\n\n\n<p>En otra intervenci\u00f3n realizada en la misma zona, fue detenido Luis Rijo de Paula, a quien se le ocup\u00f3 un cuchillo de aproximadamente 6 pulgadas escondido en el cinto de su pantal\u00f3n.<\/p>\n\n\n\n<p>Asimismo, Yordanis Guerrero Inirio, de 22 a\u00f1os, residente en el sector Villa Mar\u00eda, fue apresado mientras portaba un machete de unas 24 pulgadas.<\/p>\n\n\n\n<p>Los detenidos ser\u00e1n puestos a disposici\u00f3n de la justicia en las pr\u00f3ximas horas para que respondan por los hechos que se les imputan. La Polic\u00eda Nacional reafirma su compromiso de continuar combatiendo el delito y garantizando la seguridad en la provincia y el pa\u00eds.<\/p>\n","protected":false},"excerpt":{"rendered":"<p>La Polic\u00eda Nacional, a trav\u00e9s de su Subdirecci\u00f3n Regional de Investigaciones en La Altagracia, realiz\u00f3 una serie de operativos en distintos puntos de Hig\u00fcey, logrando la detenci\u00f3n de tres hombres implicados en delitos como robo, posesi\u00f3n de sustancias controladas y porte ilegal de armas blancas. Entre los apresados figura Malvin Antonio Mota Inirio, interceptado mientras [&hellip;]<\/p>\n","protected":false},"author":15,"featured_media":35277,"comment_status":"open","ping_status":"open","sticky":false,"template":"","format":"standard","meta":{"footnotes":""},"categories":[2474],"tags":[],"class_list":{"0":"post-35276","1":"post","2":"type-post","3":"status-publish","4":"format-standard","5":"has-post-thumbnail","7":"category-la-altagracia"},"yoast_head":"<!-- This site is optimized with the Yoast SEO plugin v27.1.1 - https:\/\/yoast.com\/product\/yoast-seo-wordpress\/ -->\n<title>PN captura 3 presuntos delincuentes vinculados a robo y posesi\u00f3n de sustancias controladas en Hig\u00fcey - Conexi\u00f3n 23<\/title>\n<meta name=\"robots\" content=\"index, follow, max-snippet:-1, max-image-preview:large, max-video-preview:-1\" \/>\n<link rel=\"canonical\" href=\"https:\/\/conexion23.com\/?p=35276\" \/>\n<meta property=\"og:locale\" content=\"es_ES\" \/>\n<meta property=\"og:type\" content=\"article\" \/>\n<meta property=\"og:title\" content=\"PN captura 3 presuntos delincuentes vinculados a robo y posesi\u00f3n de sustancias controladas en Hig\u00fcey - Conexi\u00f3n 23\" \/>\n<meta property=\"og:description\" content=\"La Polic\u00eda Nacional, a trav\u00e9s de su Subdirecci\u00f3n Regional de Investigaciones en La Altagracia, realiz\u00f3 una serie de operativos en distintos puntos de Hig\u00fcey, logrando la detenci\u00f3n de tres hombres implicados en delitos como robo, posesi\u00f3n de sustancias controladas y porte ilegal de armas blancas. Entre los apresados figura Malvin Antonio Mota Inirio, interceptado mientras [&hellip;]\" \/>\n<meta property=\"og:url\" content=\"https:\/\/conexion23.com\/?p=35276\" \/>\n<meta property=\"og:site_name\" content=\"Conexi\u00f3n 23\" \/>\n<meta property=\"article:publisher\" content=\"https:\/\/www.facebook.com\/conexion23com\" \/>\n<meta property=\"article:published_time\" content=\"2024-11-29T11:46:55+00:00\" \/>\n<meta property=\"article:modified_time\" content=\"2024-11-29T11:46:56+00:00\" \/>\n<meta property=\"og:image\" content=\"https:\/\/conexion23.com\/wp-content\/uploads\/2024\/11\/ef1f2f33-ccec-4db4-93f7-1c82062d68df-1024x967-1.jpeg\" \/>\n\t<meta property=\"og:image:width\" content=\"1024\" \/>\n\t<meta property=\"og:image:height\" content=\"967\" \/>\n\t<meta property=\"og:image:type\" content=\"image\/jpeg\" \/>\n<meta name=\"author\" content=\"Raffy Ben\u00edtez\" \/>\n<meta name=\"twitter:card\" content=\"summary_large_image\" \/>\n<meta name=\"twitter:label1\" content=\"Escrito por\" \/>\n\t<meta name=\"twitter:data1\" content=\"Raffy Ben\u00edtez\" \/>\n\t<meta name=\"twitter:label2\" content=\"Tiempo de lectura\" \/>\n\t<meta name=\"twitter:data2\" content=\"2 minutos\" \/>\n<script type=\"application\/ld+json\" class=\"yoast-schema-graph\">{\"@context\":\"https:\/\/schema.org\",\"@graph\":[{\"@type\":\"Article\",\"@id\":\"https:\/\/conexion23.com\/?p=35276#article\",\"isPartOf\":{\"@id\":\"https:\/\/conexion23.com\/?p=35276\"},\"author\":{\"name\":\"Raffy Ben\u00edtez\",\"@id\":\"https:\/\/conexion23.com\/#\/schema\/person\/03e36043331117e97a373299bbcd30a6\"},\"headline\":\"PN captura 3 presuntos delincuentes vinculados a robo y posesi\u00f3n de sustancias controladas en Hig\u00fcey\",\"datePublished\":\"2024-11-29T11:46:55+00:00\",\"dateModified\":\"2024-11-29T11:46:56+00:00\",\"mainEntityOfPage\":{\"@id\":\"https:\/\/conexion23.com\/?p=35276\"},\"wordCount\":250,\"commentCount\":0,\"publisher\":{\"@id\":\"https:\/\/conexion23.com\/#organization\"},\"image\":{\"@id\":\"https:\/\/conexion23.com\/?p=35276#primaryimage\"},\"thumbnailUrl\":\"https:\/\/conexion23.com\/wp-content\/uploads\/2024\/11\/ef1f2f33-ccec-4db4-93f7-1c82062d68df-1024x967-1.jpeg\",\"articleSection\":[\"La Altagracia\"],\"inLanguage\":\"es\",\"potentialAction\":[{\"@type\":\"CommentAction\",\"name\":\"Comment\",\"target\":[\"https:\/\/conexion23.com\/?p=35276#respond\"]}]},{\"@type\":\"WebPage\",\"@id\":\"https:\/\/conexion23.com\/?p=35276\",\"url\":\"https:\/\/conexion23.com\/?p=35276\",\"name\":\"PN captura 3 presuntos delincuentes vinculados a robo y posesi\u00f3n de sustancias controladas en Hig\u00fcey - Conexi\u00f3n 23\",\"isPartOf\":{\"@id\":\"https:\/\/conexion23.com\/#website\"},\"primaryImageOfPage\":{\"@id\":\"https:\/\/conexion23.com\/?p=35276#primaryimage\"},\"image\":{\"@id\":\"https:\/\/conexion23.com\/?p=35276#primaryimage\"},\"thumbnailUrl\":\"https:\/\/conexion23.com\/wp-content\/uploads\/2024\/11\/ef1f2f33-ccec-4db4-93f7-1c82062d68df-1024x967-1.jpeg\",\"datePublished\":\"2024-11-29T11:46:55+00:00\",\"dateModified\":\"2024-11-29T11:46:56+00:00\",\"breadcrumb\":{\"@id\":\"https:\/\/conexion23.com\/?p=35276#breadcrumb\"},\"inLanguage\":\"es\",\"potentialAction\":[{\"@type\":\"ReadAction\",\"target\":[\"https:\/\/conexion23.com\/?p=35276\"]}]},{\"@type\":\"ImageObject\",\"inLanguage\":\"es\",\"@id\":\"https:\/\/conexion23.com\/?p=35276#primaryimage\",\"url\":\"https:\/\/conexion23.com\/wp-content\/uploads\/2024\/11\/ef1f2f33-ccec-4db4-93f7-1c82062d68df-1024x967-1.jpeg\",\"contentUrl\":\"https:\/\/conexion23.com\/wp-content\/uploads\/2024\/11\/ef1f2f33-ccec-4db4-93f7-1c82062d68df-1024x967-1.jpeg\",\"width\":1024,\"height\":967},{\"@type\":\"BreadcrumbList\",\"@id\":\"https:\/\/conexion23.com\/?p=35276#breadcrumb\",\"itemListElement\":[{\"@type\":\"ListItem\",\"position\":1,\"name\":\"Portada\",\"item\":\"https:\/\/conexion23.com\/\"},{\"@type\":\"ListItem\",\"position\":2,\"name\":\"PN captura 3 presuntos delincuentes vinculados a robo y posesi\u00f3n de sustancias controladas en Hig\u00fcey\"}]},{\"@type\":\"WebSite\",\"@id\":\"https:\/\/conexion23.com\/#website\",\"url\":\"https:\/\/conexion23.com\/\",\"name\":\"Conexi\u00f3n 23\",\"description\":\"Peri\u00f3dico 100% Petromacorisano\",\"publisher\":{\"@id\":\"https:\/\/conexion23.com\/#organization\"},\"potentialAction\":[{\"@type\":\"SearchAction\",\"target\":{\"@type\":\"EntryPoint\",\"urlTemplate\":\"https:\/\/conexion23.com\/?s={search_term_string}\"},\"query-input\":{\"@type\":\"PropertyValueSpecification\",\"valueRequired\":true,\"valueName\":\"search_term_string\"}}],\"inLanguage\":\"es\"},{\"@type\":\"Organization\",\"@id\":\"https:\/\/conexion23.com\/#organization\",\"name\":\"Conexion 23\",\"url\":\"https:\/\/conexion23.com\/\",\"logo\":{\"@type\":\"ImageObject\",\"inLanguage\":\"es\",\"@id\":\"https:\/\/conexion23.com\/#\/schema\/logo\/image\/\",\"url\":\"https:\/\/conexion23.com\/wp-content\/uploads\/2021\/11\/Diseno-sin-titulo-2.png\",\"contentUrl\":\"https:\/\/conexion23.com\/wp-content\/uploads\/2021\/11\/Diseno-sin-titulo-2.png\",\"width\":541,\"height\":90,\"caption\":\"Conexion 23\"},\"image\":{\"@id\":\"https:\/\/conexion23.com\/#\/schema\/logo\/image\/\"},\"sameAs\":[\"https:\/\/www.facebook.com\/conexion23com\",\"https:\/\/www.instagram.com\/conexion23com\/\",\"https:\/\/www.youtube.com\/channel\/UCYc7vxxFZMYLIHNsHHxPZ3Q\"]},{\"@type\":\"Person\",\"@id\":\"https:\/\/conexion23.com\/#\/schema\/person\/03e36043331117e97a373299bbcd30a6\",\"name\":\"Raffy Ben\u00edtez\",\"image\":{\"@type\":\"ImageObject\",\"inLanguage\":\"es\",\"@id\":\"https:\/\/conexion23.com\/#\/schema\/person\/image\/\",\"url\":\"https:\/\/secure.gravatar.com\/avatar\/3190a6a6c5e1b0327500f7d6c56b6242472ee6cb974cf09b401ee6b3b0798f23?s=96&d=mm&r=g\",\"contentUrl\":\"https:\/\/secure.gravatar.com\/avatar\/3190a6a6c5e1b0327500f7d6c56b6242472ee6cb974cf09b401ee6b3b0798f23?s=96&d=mm&r=g\",\"caption\":\"Raffy Ben\u00edtez\"},\"url\":\"https:\/\/conexion23.com\/?author=15\"}]}<\/script>\n<!-- \/ Yoast SEO plugin. -->","yoast_head_json":{"title":"PN captura 3 presuntos delincuentes vinculados a robo y posesi\u00f3n de sustancias controladas en Hig\u00fcey - Conexi\u00f3n 23","robots":{"index":"index","follow":"follow","max-snippet":"max-snippet:-1","max-image-preview":"max-image-preview:large","max-video-preview":"max-video-preview:-1"},"canonical":"https:\/\/conexion23.com\/?p=35276","og_locale":"es_ES","og_type":"article","og_title":"PN captura 3 presuntos delincuentes vinculados a robo y posesi\u00f3n de sustancias controladas en Hig\u00fcey - Conexi\u00f3n 23","og_description":"La Polic\u00eda Nacional, a trav\u00e9s de su Subdirecci\u00f3n Regional de Investigaciones en La Altagracia, realiz\u00f3 una serie de operativos en distintos puntos de Hig\u00fcey, logrando la detenci\u00f3n de tres hombres implicados en delitos como robo, posesi\u00f3n de sustancias controladas y porte ilegal de armas blancas. Entre los apresados figura Malvin Antonio Mota Inirio, interceptado mientras [&hellip;]","og_url":"https:\/\/conexion23.com\/?p=35276","og_site_name":"Conexi\u00f3n 23","article_publisher":"https:\/\/www.facebook.com\/conexion23com","article_published_time":"2024-11-29T11:46:55+00:00","article_modified_time":"2024-11-29T11:46:56+00:00","og_image":[{"width":1024,"height":967,"url":"https:\/\/conexion23.com\/wp-content\/uploads\/2024\/11\/ef1f2f33-ccec-4db4-93f7-1c82062d68df-1024x967-1.jpeg","type":"image\/jpeg"}],"author":"Raffy Ben\u00edtez","twitter_card":"summary_large_image","twitter_misc":{"Escrito por":"Raffy Ben\u00edtez","Tiempo de lectura":"2 minutos"},"schema":{"@context":"https:\/\/schema.org","@graph":[{"@type":"Article","@id":"https:\/\/conexion23.com\/?p=35276#article","isPartOf":{"@id":"https:\/\/conexion23.com\/?p=35276"},"author":{"name":"Raffy Ben\u00edtez","@id":"https:\/\/conexion23.com\/#\/schema\/person\/03e36043331117e97a373299bbcd30a6"},"headline":"PN captura 3 presuntos delincuentes vinculados a robo y posesi\u00f3n de sustancias controladas en Hig\u00fcey","datePublished":"2024-11-29T11:46:55+00:00","dateModified":"2024-11-29T11:46:56+00:00","mainEntityOfPage":{"@id":"https:\/\/conexion23.com\/?p=35276"},"wordCount":250,"commentCount":0,"publisher":{"@id":"https:\/\/conexion23.com\/#organization"},"image":{"@id":"https:\/\/conexion23.com\/?p=35276#primaryimage"},"thumbnailUrl":"https:\/\/conexion23.com\/wp-content\/uploads\/2024\/11\/ef1f2f33-ccec-4db4-93f7-1c82062d68df-1024x967-1.jpeg","articleSection":["La Altagracia"],"inLanguage":"es","potentialAction":[{"@type":"CommentAction","name":"Comment","target":["https:\/\/conexion23.com\/?p=35276#respond"]}]},{"@type":"WebPage","@id":"https:\/\/conexion23.com\/?p=35276","url":"https:\/\/conexion23.com\/?p=35276","name":"PN captura 3 presuntos delincuentes vinculados a robo y posesi\u00f3n de sustancias controladas en Hig\u00fcey - Conexi\u00f3n 23","isPartOf":{"@id":"https:\/\/conexion23.com\/#website"},"primaryImageOfPage":{"@id":"https:\/\/conexion23.com\/?p=35276#primaryimage"},"image":{"@id":"https:\/\/conexion23.com\/?p=35276#primaryimage"},"thumbnailUrl":"https:\/\/conexion23.com\/wp-content\/uploads\/2024\/11\/ef1f2f33-ccec-4db4-93f7-1c82062d68df-1024x967-1.jpeg","datePublished":"2024-11-29T11:46:55+00:00","dateModified":"2024-11-29T11:46:56+00:00","breadcrumb":{"@id":"https:\/\/conexion23.com\/?p=35276#breadcrumb"},"inLanguage":"es","potentialAction":[{"@type":"ReadAction","target":["https:\/\/conexion23.com\/?p=35276"]}]},{"@type":"ImageObject","inLanguage":"es","@id":"https:\/\/conexion23.com\/?p=35276#primaryimage","url":"https:\/\/conexion23.com\/wp-content\/uploads\/2024\/11\/ef1f2f33-ccec-4db4-93f7-1c82062d68df-1024x967-1.jpeg","contentUrl":"https:\/\/conexion23.com\/wp-content\/uploads\/2024\/11\/ef1f2f33-ccec-4db4-93f7-1c82062d68df-1024x967-1.jpeg","width":1024,"height":967},{"@type":"BreadcrumbList","@id":"https:\/\/conexion23.com\/?p=35276#breadcrumb","itemListElement":[{"@type":"ListItem","position":1,"name":"Portada","item":"https:\/\/conexion23.com\/"},{"@type":"ListItem","position":2,"name":"PN captura 3 presuntos delincuentes vinculados a robo y posesi\u00f3n de sustancias controladas en Hig\u00fcey"}]},{"@type":"WebSite","@id":"https:\/\/conexion23.com\/#website","url":"https:\/\/conexion23.com\/","name":"Conexi\u00f3n 23","description":"Peri\u00f3dico 100% Petromacorisano","publisher":{"@id":"https:\/\/conexion23.com\/#organization"},"potentialAction":[{"@type":"SearchAction","target":{"@type":"EntryPoint","urlTemplate":"https:\/\/conexion23.com\/?s={search_term_string}"},"query-input":{"@type":"PropertyValueSpecification","valueRequired":true,"valueName":"search_term_string"}}],"inLanguage":"es"},{"@type":"Organization","@id":"https:\/\/conexion23.com\/#organization","name":"Conexion 23","url":"https:\/\/conexion23.com\/","logo":{"@type":"ImageObject","inLanguage":"es","@id":"https:\/\/conexion23.com\/#\/schema\/logo\/image\/","url":"https:\/\/conexion23.com\/wp-content\/uploads\/2021\/11\/Diseno-sin-titulo-2.png","contentUrl":"https:\/\/conexion23.com\/wp-content\/uploads\/2021\/11\/Diseno-sin-titulo-2.png","width":541,"height":90,"caption":"Conexion 23"},"image":{"@id":"https:\/\/conexion23.com\/#\/schema\/logo\/image\/"},"sameAs":["https:\/\/www.facebook.com\/conexion23com","https:\/\/www.instagram.com\/conexion23com\/","https:\/\/www.youtube.com\/channel\/UCYc7vxxFZMYLIHNsHHxPZ3Q"]},{"@type":"Person","@id":"https:\/\/conexion23.com\/#\/schema\/person\/03e36043331117e97a373299bbcd30a6","name":"Raffy Ben\u00edtez","image":{"@type":"ImageObject","inLanguage":"es","@id":"https:\/\/conexion23.com\/#\/schema\/person\/image\/","url":"https:\/\/secure.gravatar.com\/avatar\/3190a6a6c5e1b0327500f7d6c56b6242472ee6cb974cf09b401ee6b3b0798f23?s=96&d=mm&r=g","contentUrl":"https:\/\/secure.gravatar.com\/avatar\/3190a6a6c5e1b0327500f7d6c56b6242472ee6cb974cf09b401ee6b3b0798f23?s=96&d=mm&r=g","caption":"Raffy Ben\u00edtez"},"url":"https:\/\/conexion23.com\/?author=15"}]}},"_links":{"self":[{"href":"https:\/\/conexion23.com\/index.php?rest_route=\/wp\/v2\/posts\/35276","targetHints":{"allow":["GET"]}}],"collection":[{"href":"https:\/\/conexion23.com\/index.php?rest_route=\/wp\/v2\/posts"}],"about":[{"href":"https:\/\/conexion23.com\/index.php?rest_route=\/wp\/v2\/types\/post"}],"author":[{"embeddable":true,"href":"https:\/\/conexion23.com\/index.php?rest_route=\/wp\/v2\/users\/15"}],"replies":[{"embeddable":true,"href":"https:\/\/conexion23.com\/index.php?rest_route=%2Fwp%2Fv2%2Fcomments&post=35276"}],"version-history":[{"count":1,"href":"https:\/\/conexion23.com\/index.php?rest_route=\/wp\/v2\/posts\/35276\/revisions"}],"predecessor-version":[{"id":35278,"href":"https:\/\/conexion23.com\/index.php?rest_route=\/wp\/v2\/posts\/35276\/revisions\/35278"}],"wp:featuredmedia":[{"embeddable":true,"href":"https:\/\/conexion23.com\/index.php?rest_route=\/wp\/v2\/media\/35277"}],"wp:attachment":[{"href":"https:\/\/conexion23.com\/index.php?rest_route=%2Fwp%2Fv2%2Fmedia&parent=35276"}],"wp:term":[{"taxonomy":"category","embeddable":true,"href":"https:\/\/conexion23.com\/index.php?rest_route=%2Fwp%2Fv2%2Fcategories&post=35276"},{"taxonomy":"post_tag","embeddable":true,"href":"https:\/\/conexion23.com\/index.php?rest_route=%2Fwp%2Fv2%2Ftags&post=35276"}],"curies":[{"name":"wp","href":"https:\/\/api.w.org\/{rel}","templated":true}]}}