{"id":35294,"date":"2024-11-30T07:31:56","date_gmt":"2024-11-30T11:31:56","guid":{"rendered":"https:\/\/conexion23.com\/?p=35294"},"modified":"2024-11-30T07:31:58","modified_gmt":"2024-11-30T11:31:58","slug":"por-roce-de-vehiculos-agreden-a-morocho-subdirector-de-senasa","status":"publish","type":"post","link":"https:\/\/conexion23.com\/?p=35294","title":{"rendered":"Por roce de veh\u00edculos agreden a \u00abMorocho\u00bb, subdirector de SENASA."},"content":{"rendered":"\n<p>Hip\u00f3lito Medina (morocho), subdirector Nacional del Seguro Nacional de Salud (Senasa), fue agredido por una persona hasta momento desconocida, luego de un accidente de tr\u00e1nsito en San Pedro de Macor\u00eds.<\/p>\n\n\n\n<p>Seg\u00fan informaciones obtenidas, Morocho, se dirig\u00eda hacia la Universidad Aut\u00f3noma de Santo Domingo (UAS), de esta provincia.<\/p>\n\n\n\n<p>En el trayecto, el espejo del veh\u00edculo de Medina tuvo un roce con otra persona, a cual procedi\u00f3 lo confront\u00f3.<\/p>\n\n\n\n<p>En medio de la discusi\u00f3n el sujeto agredi\u00f3 al galeno y le apunt\u00f3 con un arma de fuego.<\/p>\n\n\n\n<p>Hip\u00f3lito Medina denunci\u00f3 el hecho ante la fiscal\u00eda de esta demarcaci\u00f3n.<\/p>\n\n\n\n<p>PALABRAS DE MOROCHO.<\/p>\n\n\n\n<p>Buenas, estoy emitiendo esta declaraci\u00f3n, IVA para la UASD a una reuni\u00f3n, intent\u00e9 rebasar un veh\u00edculo, roce con el espejo de nuestro veh\u00edculo, el espejo del veh\u00edculo de la persona, sin ning\u00fan da\u00f1o, me persigui\u00f3, hasta que llegu\u00e9 al recinto de la UASD, donde me parquie, paro la yipeta en medio de la calle, frente al hospital , sagrado coraz\u00f3n y el centro de la UASD. Y saco una pistola la de alto calibre, y vino encima de mi y me dijo. \u201c\u201d tu quiere ver que te mate\u201d e inmediato, procedi\u00f3 agredirme, que ca\u00ed al suelo, le dije me excuse, para ganar tiempo y evitar que me matara, decid\u00ed, preservar mi vida, ante una personas, emocionalmente descontrolada y violentas, con la calma, pude preservar mi vida, era lo primero. <\/p>\n\n\n\n<p>Puse las querellas en fiscal\u00eda, como tengo laceraciones en brazos y extremidades, tambi\u00e9n en ICE, y POLIC\u00cdA NACIONAL.<br>E<\/p>\n\n\n\n<p>spero, que dicrim, fiscal\u00edas, den con el paradero del individuo, que puso en peligro mi vida, no obstante, haberle advertido, me escudar\u00e1, soy m\u00e9dico, finalmente la vida es lo primero<\/p>\n","protected":false},"excerpt":{"rendered":"<p>Hip\u00f3lito Medina (morocho), subdirector Nacional del Seguro Nacional de Salud (Senasa), fue agredido por una persona hasta momento desconocida, luego de un accidente de tr\u00e1nsito en San Pedro de Macor\u00eds. Seg\u00fan informaciones obtenidas, Morocho, se dirig\u00eda hacia la Universidad Aut\u00f3noma de Santo Domingo (UAS), de esta provincia. En el trayecto, el espejo del veh\u00edculo de [&hellip;]<\/p>\n","protected":false},"author":15,"featured_media":35295,"comment_status":"open","ping_status":"open","sticky":false,"template":"","format":"standard","meta":{"footnotes":""},"categories":[35],"tags":[],"class_list":{"0":"post-35294","1":"post","2":"type-post","3":"status-publish","4":"format-standard","5":"has-post-thumbnail","7":"category-spm"},"yoast_head":"<!-- This site is optimized with the Yoast SEO plugin v27.1.1 - https:\/\/yoast.com\/product\/yoast-seo-wordpress\/ -->\n<title>Por roce de veh\u00edculos agreden a &quot;Morocho&quot;, subdirector de SENASA. - Conexi\u00f3n 23<\/title>\n<meta name=\"robots\" content=\"index, follow, max-snippet:-1, max-image-preview:large, max-video-preview:-1\" \/>\n<link rel=\"canonical\" href=\"https:\/\/conexion23.com\/?p=35294\" \/>\n<meta property=\"og:locale\" content=\"es_ES\" \/>\n<meta property=\"og:type\" content=\"article\" \/>\n<meta property=\"og:title\" content=\"Por roce de veh\u00edculos agreden a &quot;Morocho&quot;, subdirector de SENASA. - Conexi\u00f3n 23\" \/>\n<meta property=\"og:description\" content=\"Hip\u00f3lito Medina (morocho), subdirector Nacional del Seguro Nacional de Salud (Senasa), fue agredido por una persona hasta momento desconocida, luego de un accidente de tr\u00e1nsito en San Pedro de Macor\u00eds. Seg\u00fan informaciones obtenidas, Morocho, se dirig\u00eda hacia la Universidad Aut\u00f3noma de Santo Domingo (UAS), de esta provincia. En el trayecto, el espejo del veh\u00edculo de [&hellip;]\" \/>\n<meta property=\"og:url\" content=\"https:\/\/conexion23.com\/?p=35294\" \/>\n<meta property=\"og:site_name\" content=\"Conexi\u00f3n 23\" \/>\n<meta property=\"article:publisher\" content=\"https:\/\/www.facebook.com\/conexion23com\" \/>\n<meta property=\"article:published_time\" content=\"2024-11-30T11:31:56+00:00\" \/>\n<meta property=\"article:modified_time\" content=\"2024-11-30T11:31:58+00:00\" \/>\n<meta property=\"og:image\" content=\"https:\/\/conexion23.com\/wp-content\/uploads\/2024\/11\/a3fc3762-4f29-4db5-8b43-047a00f29cd9.jpg\" \/>\n\t<meta property=\"og:image:width\" content=\"516\" \/>\n\t<meta property=\"og:image:height\" content=\"346\" \/>\n\t<meta property=\"og:image:type\" content=\"image\/jpeg\" \/>\n<meta name=\"author\" content=\"Raffy Ben\u00edtez\" \/>\n<meta name=\"twitter:card\" content=\"summary_large_image\" \/>\n<meta name=\"twitter:label1\" content=\"Escrito por\" \/>\n\t<meta name=\"twitter:data1\" content=\"Raffy Ben\u00edtez\" \/>\n\t<meta name=\"twitter:label2\" content=\"Tiempo de lectura\" \/>\n\t<meta name=\"twitter:data2\" content=\"2 minutos\" \/>\n<script type=\"application\/ld+json\" class=\"yoast-schema-graph\">{\"@context\":\"https:\/\/schema.org\",\"@graph\":[{\"@type\":\"Article\",\"@id\":\"https:\/\/conexion23.com\/?p=35294#article\",\"isPartOf\":{\"@id\":\"https:\/\/conexion23.com\/?p=35294\"},\"author\":{\"name\":\"Raffy Ben\u00edtez\",\"@id\":\"https:\/\/conexion23.com\/#\/schema\/person\/03e36043331117e97a373299bbcd30a6\"},\"headline\":\"Por roce de veh\u00edculos agreden a \u00abMorocho\u00bb, subdirector de SENASA.\",\"datePublished\":\"2024-11-30T11:31:56+00:00\",\"dateModified\":\"2024-11-30T11:31:58+00:00\",\"mainEntityOfPage\":{\"@id\":\"https:\/\/conexion23.com\/?p=35294\"},\"wordCount\":311,\"commentCount\":0,\"publisher\":{\"@id\":\"https:\/\/conexion23.com\/#organization\"},\"image\":{\"@id\":\"https:\/\/conexion23.com\/?p=35294#primaryimage\"},\"thumbnailUrl\":\"https:\/\/conexion23.com\/wp-content\/uploads\/2024\/11\/a3fc3762-4f29-4db5-8b43-047a00f29cd9.jpg\",\"articleSection\":[\"SPM\"],\"inLanguage\":\"es\",\"potentialAction\":[{\"@type\":\"CommentAction\",\"name\":\"Comment\",\"target\":[\"https:\/\/conexion23.com\/?p=35294#respond\"]}]},{\"@type\":\"WebPage\",\"@id\":\"https:\/\/conexion23.com\/?p=35294\",\"url\":\"https:\/\/conexion23.com\/?p=35294\",\"name\":\"Por roce de veh\u00edculos agreden a \\\"Morocho\\\", subdirector de SENASA. - Conexi\u00f3n 23\",\"isPartOf\":{\"@id\":\"https:\/\/conexion23.com\/#website\"},\"primaryImageOfPage\":{\"@id\":\"https:\/\/conexion23.com\/?p=35294#primaryimage\"},\"image\":{\"@id\":\"https:\/\/conexion23.com\/?p=35294#primaryimage\"},\"thumbnailUrl\":\"https:\/\/conexion23.com\/wp-content\/uploads\/2024\/11\/a3fc3762-4f29-4db5-8b43-047a00f29cd9.jpg\",\"datePublished\":\"2024-11-30T11:31:56+00:00\",\"dateModified\":\"2024-11-30T11:31:58+00:00\",\"breadcrumb\":{\"@id\":\"https:\/\/conexion23.com\/?p=35294#breadcrumb\"},\"inLanguage\":\"es\",\"potentialAction\":[{\"@type\":\"ReadAction\",\"target\":[\"https:\/\/conexion23.com\/?p=35294\"]}]},{\"@type\":\"ImageObject\",\"inLanguage\":\"es\",\"@id\":\"https:\/\/conexion23.com\/?p=35294#primaryimage\",\"url\":\"https:\/\/conexion23.com\/wp-content\/uploads\/2024\/11\/a3fc3762-4f29-4db5-8b43-047a00f29cd9.jpg\",\"contentUrl\":\"https:\/\/conexion23.com\/wp-content\/uploads\/2024\/11\/a3fc3762-4f29-4db5-8b43-047a00f29cd9.jpg\",\"width\":516,\"height\":346},{\"@type\":\"BreadcrumbList\",\"@id\":\"https:\/\/conexion23.com\/?p=35294#breadcrumb\",\"itemListElement\":[{\"@type\":\"ListItem\",\"position\":1,\"name\":\"Portada\",\"item\":\"https:\/\/conexion23.com\/\"},{\"@type\":\"ListItem\",\"position\":2,\"name\":\"Por roce de veh\u00edculos agreden a \u00abMorocho\u00bb, subdirector de SENASA.\"}]},{\"@type\":\"WebSite\",\"@id\":\"https:\/\/conexion23.com\/#website\",\"url\":\"https:\/\/conexion23.com\/\",\"name\":\"Conexi\u00f3n 23\",\"description\":\"Peri\u00f3dico 100% Petromacorisano\",\"publisher\":{\"@id\":\"https:\/\/conexion23.com\/#organization\"},\"potentialAction\":[{\"@type\":\"SearchAction\",\"target\":{\"@type\":\"EntryPoint\",\"urlTemplate\":\"https:\/\/conexion23.com\/?s={search_term_string}\"},\"query-input\":{\"@type\":\"PropertyValueSpecification\",\"valueRequired\":true,\"valueName\":\"search_term_string\"}}],\"inLanguage\":\"es\"},{\"@type\":\"Organization\",\"@id\":\"https:\/\/conexion23.com\/#organization\",\"name\":\"Conexion 23\",\"url\":\"https:\/\/conexion23.com\/\",\"logo\":{\"@type\":\"ImageObject\",\"inLanguage\":\"es\",\"@id\":\"https:\/\/conexion23.com\/#\/schema\/logo\/image\/\",\"url\":\"https:\/\/conexion23.com\/wp-content\/uploads\/2021\/11\/Diseno-sin-titulo-2.png\",\"contentUrl\":\"https:\/\/conexion23.com\/wp-content\/uploads\/2021\/11\/Diseno-sin-titulo-2.png\",\"width\":541,\"height\":90,\"caption\":\"Conexion 23\"},\"image\":{\"@id\":\"https:\/\/conexion23.com\/#\/schema\/logo\/image\/\"},\"sameAs\":[\"https:\/\/www.facebook.com\/conexion23com\",\"https:\/\/www.instagram.com\/conexion23com\/\",\"https:\/\/www.youtube.com\/channel\/UCYc7vxxFZMYLIHNsHHxPZ3Q\"]},{\"@type\":\"Person\",\"@id\":\"https:\/\/conexion23.com\/#\/schema\/person\/03e36043331117e97a373299bbcd30a6\",\"name\":\"Raffy Ben\u00edtez\",\"image\":{\"@type\":\"ImageObject\",\"inLanguage\":\"es\",\"@id\":\"https:\/\/conexion23.com\/#\/schema\/person\/image\/\",\"url\":\"https:\/\/secure.gravatar.com\/avatar\/3190a6a6c5e1b0327500f7d6c56b6242472ee6cb974cf09b401ee6b3b0798f23?s=96&d=mm&r=g\",\"contentUrl\":\"https:\/\/secure.gravatar.com\/avatar\/3190a6a6c5e1b0327500f7d6c56b6242472ee6cb974cf09b401ee6b3b0798f23?s=96&d=mm&r=g\",\"caption\":\"Raffy Ben\u00edtez\"},\"url\":\"https:\/\/conexion23.com\/?author=15\"}]}<\/script>\n<!-- \/ Yoast SEO plugin. -->","yoast_head_json":{"title":"Por roce de veh\u00edculos agreden a \"Morocho\", subdirector de SENASA. - Conexi\u00f3n 23","robots":{"index":"index","follow":"follow","max-snippet":"max-snippet:-1","max-image-preview":"max-image-preview:large","max-video-preview":"max-video-preview:-1"},"canonical":"https:\/\/conexion23.com\/?p=35294","og_locale":"es_ES","og_type":"article","og_title":"Por roce de veh\u00edculos agreden a \"Morocho\", subdirector de SENASA. - Conexi\u00f3n 23","og_description":"Hip\u00f3lito Medina (morocho), subdirector Nacional del Seguro Nacional de Salud (Senasa), fue agredido por una persona hasta momento desconocida, luego de un accidente de tr\u00e1nsito en San Pedro de Macor\u00eds. Seg\u00fan informaciones obtenidas, Morocho, se dirig\u00eda hacia la Universidad Aut\u00f3noma de Santo Domingo (UAS), de esta provincia. En el trayecto, el espejo del veh\u00edculo de [&hellip;]","og_url":"https:\/\/conexion23.com\/?p=35294","og_site_name":"Conexi\u00f3n 23","article_publisher":"https:\/\/www.facebook.com\/conexion23com","article_published_time":"2024-11-30T11:31:56+00:00","article_modified_time":"2024-11-30T11:31:58+00:00","og_image":[{"width":516,"height":346,"url":"https:\/\/conexion23.com\/wp-content\/uploads\/2024\/11\/a3fc3762-4f29-4db5-8b43-047a00f29cd9.jpg","type":"image\/jpeg"}],"author":"Raffy Ben\u00edtez","twitter_card":"summary_large_image","twitter_misc":{"Escrito por":"Raffy Ben\u00edtez","Tiempo de lectura":"2 minutos"},"schema":{"@context":"https:\/\/schema.org","@graph":[{"@type":"Article","@id":"https:\/\/conexion23.com\/?p=35294#article","isPartOf":{"@id":"https:\/\/conexion23.com\/?p=35294"},"author":{"name":"Raffy Ben\u00edtez","@id":"https:\/\/conexion23.com\/#\/schema\/person\/03e36043331117e97a373299bbcd30a6"},"headline":"Por roce de veh\u00edculos agreden a \u00abMorocho\u00bb, subdirector de SENASA.","datePublished":"2024-11-30T11:31:56+00:00","dateModified":"2024-11-30T11:31:58+00:00","mainEntityOfPage":{"@id":"https:\/\/conexion23.com\/?p=35294"},"wordCount":311,"commentCount":0,"publisher":{"@id":"https:\/\/conexion23.com\/#organization"},"image":{"@id":"https:\/\/conexion23.com\/?p=35294#primaryimage"},"thumbnailUrl":"https:\/\/conexion23.com\/wp-content\/uploads\/2024\/11\/a3fc3762-4f29-4db5-8b43-047a00f29cd9.jpg","articleSection":["SPM"],"inLanguage":"es","potentialAction":[{"@type":"CommentAction","name":"Comment","target":["https:\/\/conexion23.com\/?p=35294#respond"]}]},{"@type":"WebPage","@id":"https:\/\/conexion23.com\/?p=35294","url":"https:\/\/conexion23.com\/?p=35294","name":"Por roce de veh\u00edculos agreden a \"Morocho\", subdirector de SENASA. - Conexi\u00f3n 23","isPartOf":{"@id":"https:\/\/conexion23.com\/#website"},"primaryImageOfPage":{"@id":"https:\/\/conexion23.com\/?p=35294#primaryimage"},"image":{"@id":"https:\/\/conexion23.com\/?p=35294#primaryimage"},"thumbnailUrl":"https:\/\/conexion23.com\/wp-content\/uploads\/2024\/11\/a3fc3762-4f29-4db5-8b43-047a00f29cd9.jpg","datePublished":"2024-11-30T11:31:56+00:00","dateModified":"2024-11-30T11:31:58+00:00","breadcrumb":{"@id":"https:\/\/conexion23.com\/?p=35294#breadcrumb"},"inLanguage":"es","potentialAction":[{"@type":"ReadAction","target":["https:\/\/conexion23.com\/?p=35294"]}]},{"@type":"ImageObject","inLanguage":"es","@id":"https:\/\/conexion23.com\/?p=35294#primaryimage","url":"https:\/\/conexion23.com\/wp-content\/uploads\/2024\/11\/a3fc3762-4f29-4db5-8b43-047a00f29cd9.jpg","contentUrl":"https:\/\/conexion23.com\/wp-content\/uploads\/2024\/11\/a3fc3762-4f29-4db5-8b43-047a00f29cd9.jpg","width":516,"height":346},{"@type":"BreadcrumbList","@id":"https:\/\/conexion23.com\/?p=35294#breadcrumb","itemListElement":[{"@type":"ListItem","position":1,"name":"Portada","item":"https:\/\/conexion23.com\/"},{"@type":"ListItem","position":2,"name":"Por roce de veh\u00edculos agreden a \u00abMorocho\u00bb, subdirector de SENASA."}]},{"@type":"WebSite","@id":"https:\/\/conexion23.com\/#website","url":"https:\/\/conexion23.com\/","name":"Conexi\u00f3n 23","description":"Peri\u00f3dico 100% Petromacorisano","publisher":{"@id":"https:\/\/conexion23.com\/#organization"},"potentialAction":[{"@type":"SearchAction","target":{"@type":"EntryPoint","urlTemplate":"https:\/\/conexion23.com\/?s={search_term_string}"},"query-input":{"@type":"PropertyValueSpecification","valueRequired":true,"valueName":"search_term_string"}}],"inLanguage":"es"},{"@type":"Organization","@id":"https:\/\/conexion23.com\/#organization","name":"Conexion 23","url":"https:\/\/conexion23.com\/","logo":{"@type":"ImageObject","inLanguage":"es","@id":"https:\/\/conexion23.com\/#\/schema\/logo\/image\/","url":"https:\/\/conexion23.com\/wp-content\/uploads\/2021\/11\/Diseno-sin-titulo-2.png","contentUrl":"https:\/\/conexion23.com\/wp-content\/uploads\/2021\/11\/Diseno-sin-titulo-2.png","width":541,"height":90,"caption":"Conexion 23"},"image":{"@id":"https:\/\/conexion23.com\/#\/schema\/logo\/image\/"},"sameAs":["https:\/\/www.facebook.com\/conexion23com","https:\/\/www.instagram.com\/conexion23com\/","https:\/\/www.youtube.com\/channel\/UCYc7vxxFZMYLIHNsHHxPZ3Q"]},{"@type":"Person","@id":"https:\/\/conexion23.com\/#\/schema\/person\/03e36043331117e97a373299bbcd30a6","name":"Raffy Ben\u00edtez","image":{"@type":"ImageObject","inLanguage":"es","@id":"https:\/\/conexion23.com\/#\/schema\/person\/image\/","url":"https:\/\/secure.gravatar.com\/avatar\/3190a6a6c5e1b0327500f7d6c56b6242472ee6cb974cf09b401ee6b3b0798f23?s=96&d=mm&r=g","contentUrl":"https:\/\/secure.gravatar.com\/avatar\/3190a6a6c5e1b0327500f7d6c56b6242472ee6cb974cf09b401ee6b3b0798f23?s=96&d=mm&r=g","caption":"Raffy Ben\u00edtez"},"url":"https:\/\/conexion23.com\/?author=15"}]}},"_links":{"self":[{"href":"https:\/\/conexion23.com\/index.php?rest_route=\/wp\/v2\/posts\/35294","targetHints":{"allow":["GET"]}}],"collection":[{"href":"https:\/\/conexion23.com\/index.php?rest_route=\/wp\/v2\/posts"}],"about":[{"href":"https:\/\/conexion23.com\/index.php?rest_route=\/wp\/v2\/types\/post"}],"author":[{"embeddable":true,"href":"https:\/\/conexion23.com\/index.php?rest_route=\/wp\/v2\/users\/15"}],"replies":[{"embeddable":true,"href":"https:\/\/conexion23.com\/index.php?rest_route=%2Fwp%2Fv2%2Fcomments&post=35294"}],"version-history":[{"count":1,"href":"https:\/\/conexion23.com\/index.php?rest_route=\/wp\/v2\/posts\/35294\/revisions"}],"predecessor-version":[{"id":35296,"href":"https:\/\/conexion23.com\/index.php?rest_route=\/wp\/v2\/posts\/35294\/revisions\/35296"}],"wp:featuredmedia":[{"embeddable":true,"href":"https:\/\/conexion23.com\/index.php?rest_route=\/wp\/v2\/media\/35295"}],"wp:attachment":[{"href":"https:\/\/conexion23.com\/index.php?rest_route=%2Fwp%2Fv2%2Fmedia&parent=35294"}],"wp:term":[{"taxonomy":"category","embeddable":true,"href":"https:\/\/conexion23.com\/index.php?rest_route=%2Fwp%2Fv2%2Fcategories&post=35294"},{"taxonomy":"post_tag","embeddable":true,"href":"https:\/\/conexion23.com\/index.php?rest_route=%2Fwp%2Fv2%2Ftags&post=35294"}],"curies":[{"name":"wp","href":"https:\/\/api.w.org\/{rel}","templated":true}]}}