{"id":35309,"date":"2024-11-30T07:47:55","date_gmt":"2024-11-30T11:47:55","guid":{"rendered":"https:\/\/conexion23.com\/?p=35309"},"modified":"2024-11-30T07:47:57","modified_gmt":"2024-11-30T11:47:57","slug":"zelenski-sugiere-que-podria-poner-fin-a-la-guerra-en-ucrania-a-cambio-de-unirse-a-la-otan","status":"publish","type":"post","link":"https:\/\/conexion23.com\/?p=35309","title":{"rendered":"Zelenski sugiere que podr\u00eda poner fin a la guerra en Ucrania a cambio de unirse a la OTAN"},"content":{"rendered":"\n<p>El&nbsp;<strong>presidente<\/strong>&nbsp;de&nbsp;<strong>Ucrania<\/strong>,&nbsp;<strong>Volod\u00edmir Zelenski<\/strong>, sugiri\u00f3 este viernes que se podr\u00eda alcanzar un acuerdo de&nbsp;<strong>alto el fuego<\/strong>&nbsp;en la guerra de&nbsp;<strong>Ucrania<\/strong>&nbsp;si el territorio que controla actualmente quedase \u00abbajo el paraguas de la&nbsp;<strong>OTAN<\/strong>\u00bb y pudiese negociar la devoluci\u00f3n del resto m\u00e1s tarde de forma diplom\u00e1tica.<\/p>\n\n\n\n<p>\u00abSi queremos acabar la &#8216;fase caliente&#8217; de la guerra, necesitamos poner bajo el paraguas de la&nbsp;<strong>OTAN<\/strong>&nbsp;el territorio de&nbsp;<strong>Ucrania<\/strong>&nbsp;que tenemos bajo control. Necesitamos hacerlo r\u00e1pido y despu\u00e9s el resto del territorio (ocupado) se puede recuperar por la v\u00eda diplom\u00e1tica\u00bb, pronunci\u00f3 el l\u00edder ucraniano en una entrevista con Sky News.<\/p>\n\n\n\n<p><strong>Zelenski<\/strong>&nbsp;respondi\u00f3 as\u00ed al veterano corresponsal Stuart Ramsay, que pidi\u00f3 al ucraniano que reaccionase a las informaciones de algunos medios de comunicaci\u00f3n que dec\u00edan que uno de los planes del&nbsp;<strong>presidente<\/strong>&nbsp;electo de Estados Unidos,&nbsp;<strong>Donald Trump<\/strong>, para poner fin a la guerra en&nbsp;<strong>Ucrania<\/strong>&nbsp;pod\u00eda ser que Kiev cediera a&nbsp;<strong>Rusia<\/strong>&nbsp;la tierra que Mosc\u00fa ha anexionado a cambio de unirse a la&nbsp;<strong>OTAN<\/strong>.<strong>Te puede interesar<\/strong><\/p>\n\n\n\n<h2 class=\"wp-block-heading\"><a href=\"https:\/\/www.diariolibre.com\/mundo\/europa\/2024\/11\/28\/rusia-bombardea-sistema-electrico-ucraniano\/2926348?utm_source=relacionadas&amp;utm_medium=nota&amp;utm_campaign=relacionadas\">Rusia ataca el sistema el\u00e9ctrico ucraniano con m\u00e1s de 90 misiles y municiones de racimo<\/a><\/h2>\n\n\n\n<p>En este sentido,&nbsp;<strong>Zelenski<\/strong>&nbsp;coment\u00f3 que nadie les ha ofrecido oficialmente \u00abentrar en la&nbsp;<strong>OTAN<\/strong>&nbsp;con solo una parte de&nbsp;<strong>Ucrania<\/strong>\u00bb y que para garantizar que el&nbsp;<strong>presidente<\/strong>&nbsp;de&nbsp;<strong>Rusia<\/strong>,&nbsp;<strong>Vlad\u00edmir Putin<\/strong>, no regresar\u00e1 a tomar m\u00e1s territorio ucraniano era necesario un&nbsp;<strong>alto el fuego<\/strong>&nbsp;y que la Alianza cubriese \u00abinmediatamente\u00bb la parte del pa\u00eds bajo el control de Kiev.<\/p>\n\n\n\n<p>Sin embargo, matiz\u00f3: \u00abLa invitaci\u00f3n se debe extender a&nbsp;<strong>Ucrania<\/strong>&nbsp;bajo sus fronteras reconocidas internacionalmente, no se puede incluir a solo una parte del pa\u00eds. \u00bfPor qu\u00e9? Porque as\u00ed admitir\u00edas que&nbsp;<strong>Ucrania<\/strong>&nbsp;es solo esa parte del territorio y que la otra parte es&nbsp;<strong>Rusia<\/strong>\u00ab, algo que ir\u00eda contra la Constituci\u00f3n ucraniana.<\/p>\n\n\n\n<p>En la primera entrevista de&nbsp;<strong>Zelenski<\/strong>&nbsp;a medios brit\u00e1nicos desde la victoria electoral de&nbsp;<strong>Trump<\/strong>, el&nbsp;<strong>presidente<\/strong>&nbsp;ucraniano dijo que tendr\u00e1 que trabajar con el nuevo mandatario estadounidense y con su equipo para tener \u00abel mayor apoyo\u00bb, y confes\u00f3 que en su encuentro el pasado mes de septiembre en Nueva York tuvieron una conversaci\u00f3n \u00abmuy c\u00e1lida, buena y constructiva\u00bb.<\/p>\n\n\n\n<p>Seg\u00fan apunta Sky News, es tambi\u00e9n la primera vez que&nbsp;<strong>Zelenski<\/strong>&nbsp;insin\u00faa un acuerdo de&nbsp;<strong>alto el fuego<\/strong>&nbsp;que incluyese el control ruso de parte del territorio ucraniano, pues a lo largo de todo el conflicto siempre se mostr\u00f3 reacio a ceder partes del pa\u00eds a&nbsp;<strong>Rusia<\/strong>, incluida Crimea, anexionada desde 2014, y Donetsk, Jers\u00f3n, Luhansk y Zaporiya, declaradas unilateralmente rusas desde septiembre de 2022.<\/p>\n\n\n\n<p>La guerra en&nbsp;<strong>Ucrania<\/strong>&nbsp;ha escalado r\u00e1pidamente en estas \u00faltimas semanas, especialmente despu\u00e9s de que Estados Unidos diese luz verde a Kiev para usar misiles de largo alcance contra objetivos militares en territorio ruso; a lo que Putin ha respondido recientemente con ataques m\u00faltiples y los nuevos misiles bal\u00edsticos hipers\u00f3nicos Or\u00e9shnik.<\/p>\n","protected":false},"excerpt":{"rendered":"<p>El&nbsp;presidente&nbsp;de&nbsp;Ucrania,&nbsp;Volod\u00edmir Zelenski, sugiri\u00f3 este viernes que se podr\u00eda alcanzar un acuerdo de&nbsp;alto el fuego&nbsp;en la guerra de&nbsp;Ucrania&nbsp;si el territorio que controla actualmente quedase \u00abbajo el paraguas de la&nbsp;OTAN\u00bb y pudiese negociar la devoluci\u00f3n del resto m\u00e1s tarde de forma diplom\u00e1tica. \u00abSi queremos acabar la &#8216;fase caliente&#8217; de la guerra, necesitamos poner bajo el paraguas de [&hellip;]<\/p>\n","protected":false},"author":15,"featured_media":35310,"comment_status":"open","ping_status":"open","sticky":false,"template":"","format":"standard","meta":{"footnotes":""},"categories":[1],"tags":[],"class_list":{"0":"post-35309","1":"post","2":"type-post","3":"status-publish","4":"format-standard","5":"has-post-thumbnail","7":"category-uncategorized"},"yoast_head":"<!-- This site is optimized with the Yoast SEO plugin v27.1.1 - https:\/\/yoast.com\/product\/yoast-seo-wordpress\/ -->\n<title>Zelenski sugiere que podr\u00eda poner fin a la guerra en Ucrania a cambio de unirse a la OTAN - Conexi\u00f3n 23<\/title>\n<meta name=\"robots\" content=\"index, follow, max-snippet:-1, max-image-preview:large, max-video-preview:-1\" \/>\n<link rel=\"canonical\" href=\"https:\/\/conexion23.com\/?p=35309\" \/>\n<meta property=\"og:locale\" content=\"es_ES\" \/>\n<meta property=\"og:type\" content=\"article\" \/>\n<meta property=\"og:title\" content=\"Zelenski sugiere que podr\u00eda poner fin a la guerra en Ucrania a cambio de unirse a la OTAN - Conexi\u00f3n 23\" \/>\n<meta property=\"og:description\" content=\"El&nbsp;presidente&nbsp;de&nbsp;Ucrania,&nbsp;Volod\u00edmir Zelenski, sugiri\u00f3 este viernes que se podr\u00eda alcanzar un acuerdo de&nbsp;alto el fuego&nbsp;en la guerra de&nbsp;Ucrania&nbsp;si el territorio que controla actualmente quedase \u00abbajo el paraguas de la&nbsp;OTAN\u00bb y pudiese negociar la devoluci\u00f3n del resto m\u00e1s tarde de forma diplom\u00e1tica. \u00abSi queremos acabar la &#8216;fase caliente&#8217; de la guerra, necesitamos poner bajo el paraguas de [&hellip;]\" \/>\n<meta property=\"og:url\" content=\"https:\/\/conexion23.com\/?p=35309\" \/>\n<meta property=\"og:site_name\" content=\"Conexi\u00f3n 23\" \/>\n<meta property=\"article:publisher\" content=\"https:\/\/www.facebook.com\/conexion23com\" \/>\n<meta property=\"article:published_time\" content=\"2024-11-30T11:47:55+00:00\" \/>\n<meta property=\"article:modified_time\" content=\"2024-11-30T11:47:57+00:00\" \/>\n<meta property=\"og:image\" content=\"https:\/\/conexion23.com\/wp-content\/uploads\/2024\/11\/zelenky-efe-7162d464-focus-0.09-0.31-896-504.jpg\" \/>\n\t<meta property=\"og:image:width\" content=\"896\" \/>\n\t<meta property=\"og:image:height\" content=\"504\" \/>\n\t<meta property=\"og:image:type\" content=\"image\/jpeg\" \/>\n<meta name=\"author\" content=\"Raffy Ben\u00edtez\" \/>\n<meta name=\"twitter:card\" content=\"summary_large_image\" \/>\n<meta name=\"twitter:label1\" content=\"Escrito por\" \/>\n\t<meta name=\"twitter:data1\" content=\"Raffy Ben\u00edtez\" \/>\n\t<meta name=\"twitter:label2\" content=\"Tiempo de lectura\" \/>\n\t<meta name=\"twitter:data2\" content=\"3 minutos\" \/>\n<script type=\"application\/ld+json\" class=\"yoast-schema-graph\">{\"@context\":\"https:\/\/schema.org\",\"@graph\":[{\"@type\":\"Article\",\"@id\":\"https:\/\/conexion23.com\/?p=35309#article\",\"isPartOf\":{\"@id\":\"https:\/\/conexion23.com\/?p=35309\"},\"author\":{\"name\":\"Raffy Ben\u00edtez\",\"@id\":\"https:\/\/conexion23.com\/#\/schema\/person\/03e36043331117e97a373299bbcd30a6\"},\"headline\":\"Zelenski sugiere que podr\u00eda poner fin a la guerra en Ucrania a cambio de unirse a la OTAN\",\"datePublished\":\"2024-11-30T11:47:55+00:00\",\"dateModified\":\"2024-11-30T11:47:57+00:00\",\"mainEntityOfPage\":{\"@id\":\"https:\/\/conexion23.com\/?p=35309\"},\"wordCount\":574,\"commentCount\":0,\"publisher\":{\"@id\":\"https:\/\/conexion23.com\/#organization\"},\"image\":{\"@id\":\"https:\/\/conexion23.com\/?p=35309#primaryimage\"},\"thumbnailUrl\":\"https:\/\/conexion23.com\/wp-content\/uploads\/2024\/11\/zelenky-efe-7162d464-focus-0.09-0.31-896-504.jpg\",\"articleSection\":[\"Uncategorized\"],\"inLanguage\":\"es\",\"potentialAction\":[{\"@type\":\"CommentAction\",\"name\":\"Comment\",\"target\":[\"https:\/\/conexion23.com\/?p=35309#respond\"]}]},{\"@type\":\"WebPage\",\"@id\":\"https:\/\/conexion23.com\/?p=35309\",\"url\":\"https:\/\/conexion23.com\/?p=35309\",\"name\":\"Zelenski sugiere que podr\u00eda poner fin a la guerra en Ucrania a cambio de unirse a la OTAN - Conexi\u00f3n 23\",\"isPartOf\":{\"@id\":\"https:\/\/conexion23.com\/#website\"},\"primaryImageOfPage\":{\"@id\":\"https:\/\/conexion23.com\/?p=35309#primaryimage\"},\"image\":{\"@id\":\"https:\/\/conexion23.com\/?p=35309#primaryimage\"},\"thumbnailUrl\":\"https:\/\/conexion23.com\/wp-content\/uploads\/2024\/11\/zelenky-efe-7162d464-focus-0.09-0.31-896-504.jpg\",\"datePublished\":\"2024-11-30T11:47:55+00:00\",\"dateModified\":\"2024-11-30T11:47:57+00:00\",\"breadcrumb\":{\"@id\":\"https:\/\/conexion23.com\/?p=35309#breadcrumb\"},\"inLanguage\":\"es\",\"potentialAction\":[{\"@type\":\"ReadAction\",\"target\":[\"https:\/\/conexion23.com\/?p=35309\"]}]},{\"@type\":\"ImageObject\",\"inLanguage\":\"es\",\"@id\":\"https:\/\/conexion23.com\/?p=35309#primaryimage\",\"url\":\"https:\/\/conexion23.com\/wp-content\/uploads\/2024\/11\/zelenky-efe-7162d464-focus-0.09-0.31-896-504.jpg\",\"contentUrl\":\"https:\/\/conexion23.com\/wp-content\/uploads\/2024\/11\/zelenky-efe-7162d464-focus-0.09-0.31-896-504.jpg\",\"width\":896,\"height\":504},{\"@type\":\"BreadcrumbList\",\"@id\":\"https:\/\/conexion23.com\/?p=35309#breadcrumb\",\"itemListElement\":[{\"@type\":\"ListItem\",\"position\":1,\"name\":\"Portada\",\"item\":\"https:\/\/conexion23.com\/\"},{\"@type\":\"ListItem\",\"position\":2,\"name\":\"Zelenski sugiere que podr\u00eda poner fin a la guerra en Ucrania a cambio de unirse a la OTAN\"}]},{\"@type\":\"WebSite\",\"@id\":\"https:\/\/conexion23.com\/#website\",\"url\":\"https:\/\/conexion23.com\/\",\"name\":\"Conexi\u00f3n 23\",\"description\":\"Peri\u00f3dico 100% Petromacorisano\",\"publisher\":{\"@id\":\"https:\/\/conexion23.com\/#organization\"},\"potentialAction\":[{\"@type\":\"SearchAction\",\"target\":{\"@type\":\"EntryPoint\",\"urlTemplate\":\"https:\/\/conexion23.com\/?s={search_term_string}\"},\"query-input\":{\"@type\":\"PropertyValueSpecification\",\"valueRequired\":true,\"valueName\":\"search_term_string\"}}],\"inLanguage\":\"es\"},{\"@type\":\"Organization\",\"@id\":\"https:\/\/conexion23.com\/#organization\",\"name\":\"Conexion 23\",\"url\":\"https:\/\/conexion23.com\/\",\"logo\":{\"@type\":\"ImageObject\",\"inLanguage\":\"es\",\"@id\":\"https:\/\/conexion23.com\/#\/schema\/logo\/image\/\",\"url\":\"https:\/\/conexion23.com\/wp-content\/uploads\/2021\/11\/Diseno-sin-titulo-2.png\",\"contentUrl\":\"https:\/\/conexion23.com\/wp-content\/uploads\/2021\/11\/Diseno-sin-titulo-2.png\",\"width\":541,\"height\":90,\"caption\":\"Conexion 23\"},\"image\":{\"@id\":\"https:\/\/conexion23.com\/#\/schema\/logo\/image\/\"},\"sameAs\":[\"https:\/\/www.facebook.com\/conexion23com\",\"https:\/\/www.instagram.com\/conexion23com\/\",\"https:\/\/www.youtube.com\/channel\/UCYc7vxxFZMYLIHNsHHxPZ3Q\"]},{\"@type\":\"Person\",\"@id\":\"https:\/\/conexion23.com\/#\/schema\/person\/03e36043331117e97a373299bbcd30a6\",\"name\":\"Raffy Ben\u00edtez\",\"image\":{\"@type\":\"ImageObject\",\"inLanguage\":\"es\",\"@id\":\"https:\/\/conexion23.com\/#\/schema\/person\/image\/\",\"url\":\"https:\/\/secure.gravatar.com\/avatar\/3190a6a6c5e1b0327500f7d6c56b6242472ee6cb974cf09b401ee6b3b0798f23?s=96&d=mm&r=g\",\"contentUrl\":\"https:\/\/secure.gravatar.com\/avatar\/3190a6a6c5e1b0327500f7d6c56b6242472ee6cb974cf09b401ee6b3b0798f23?s=96&d=mm&r=g\",\"caption\":\"Raffy Ben\u00edtez\"},\"url\":\"https:\/\/conexion23.com\/?author=15\"}]}<\/script>\n<!-- \/ Yoast SEO plugin. -->","yoast_head_json":{"title":"Zelenski sugiere que podr\u00eda poner fin a la guerra en Ucrania a cambio de unirse a la OTAN - Conexi\u00f3n 23","robots":{"index":"index","follow":"follow","max-snippet":"max-snippet:-1","max-image-preview":"max-image-preview:large","max-video-preview":"max-video-preview:-1"},"canonical":"https:\/\/conexion23.com\/?p=35309","og_locale":"es_ES","og_type":"article","og_title":"Zelenski sugiere que podr\u00eda poner fin a la guerra en Ucrania a cambio de unirse a la OTAN - Conexi\u00f3n 23","og_description":"El&nbsp;presidente&nbsp;de&nbsp;Ucrania,&nbsp;Volod\u00edmir Zelenski, sugiri\u00f3 este viernes que se podr\u00eda alcanzar un acuerdo de&nbsp;alto el fuego&nbsp;en la guerra de&nbsp;Ucrania&nbsp;si el territorio que controla actualmente quedase \u00abbajo el paraguas de la&nbsp;OTAN\u00bb y pudiese negociar la devoluci\u00f3n del resto m\u00e1s tarde de forma diplom\u00e1tica. \u00abSi queremos acabar la &#8216;fase caliente&#8217; de la guerra, necesitamos poner bajo el paraguas de [&hellip;]","og_url":"https:\/\/conexion23.com\/?p=35309","og_site_name":"Conexi\u00f3n 23","article_publisher":"https:\/\/www.facebook.com\/conexion23com","article_published_time":"2024-11-30T11:47:55+00:00","article_modified_time":"2024-11-30T11:47:57+00:00","og_image":[{"width":896,"height":504,"url":"https:\/\/conexion23.com\/wp-content\/uploads\/2024\/11\/zelenky-efe-7162d464-focus-0.09-0.31-896-504.jpg","type":"image\/jpeg"}],"author":"Raffy Ben\u00edtez","twitter_card":"summary_large_image","twitter_misc":{"Escrito por":"Raffy Ben\u00edtez","Tiempo de lectura":"3 minutos"},"schema":{"@context":"https:\/\/schema.org","@graph":[{"@type":"Article","@id":"https:\/\/conexion23.com\/?p=35309#article","isPartOf":{"@id":"https:\/\/conexion23.com\/?p=35309"},"author":{"name":"Raffy Ben\u00edtez","@id":"https:\/\/conexion23.com\/#\/schema\/person\/03e36043331117e97a373299bbcd30a6"},"headline":"Zelenski sugiere que podr\u00eda poner fin a la guerra en Ucrania a cambio de unirse a la OTAN","datePublished":"2024-11-30T11:47:55+00:00","dateModified":"2024-11-30T11:47:57+00:00","mainEntityOfPage":{"@id":"https:\/\/conexion23.com\/?p=35309"},"wordCount":574,"commentCount":0,"publisher":{"@id":"https:\/\/conexion23.com\/#organization"},"image":{"@id":"https:\/\/conexion23.com\/?p=35309#primaryimage"},"thumbnailUrl":"https:\/\/conexion23.com\/wp-content\/uploads\/2024\/11\/zelenky-efe-7162d464-focus-0.09-0.31-896-504.jpg","articleSection":["Uncategorized"],"inLanguage":"es","potentialAction":[{"@type":"CommentAction","name":"Comment","target":["https:\/\/conexion23.com\/?p=35309#respond"]}]},{"@type":"WebPage","@id":"https:\/\/conexion23.com\/?p=35309","url":"https:\/\/conexion23.com\/?p=35309","name":"Zelenski sugiere que podr\u00eda poner fin a la guerra en Ucrania a cambio de unirse a la OTAN - Conexi\u00f3n 23","isPartOf":{"@id":"https:\/\/conexion23.com\/#website"},"primaryImageOfPage":{"@id":"https:\/\/conexion23.com\/?p=35309#primaryimage"},"image":{"@id":"https:\/\/conexion23.com\/?p=35309#primaryimage"},"thumbnailUrl":"https:\/\/conexion23.com\/wp-content\/uploads\/2024\/11\/zelenky-efe-7162d464-focus-0.09-0.31-896-504.jpg","datePublished":"2024-11-30T11:47:55+00:00","dateModified":"2024-11-30T11:47:57+00:00","breadcrumb":{"@id":"https:\/\/conexion23.com\/?p=35309#breadcrumb"},"inLanguage":"es","potentialAction":[{"@type":"ReadAction","target":["https:\/\/conexion23.com\/?p=35309"]}]},{"@type":"ImageObject","inLanguage":"es","@id":"https:\/\/conexion23.com\/?p=35309#primaryimage","url":"https:\/\/conexion23.com\/wp-content\/uploads\/2024\/11\/zelenky-efe-7162d464-focus-0.09-0.31-896-504.jpg","contentUrl":"https:\/\/conexion23.com\/wp-content\/uploads\/2024\/11\/zelenky-efe-7162d464-focus-0.09-0.31-896-504.jpg","width":896,"height":504},{"@type":"BreadcrumbList","@id":"https:\/\/conexion23.com\/?p=35309#breadcrumb","itemListElement":[{"@type":"ListItem","position":1,"name":"Portada","item":"https:\/\/conexion23.com\/"},{"@type":"ListItem","position":2,"name":"Zelenski sugiere que podr\u00eda poner fin a la guerra en Ucrania a cambio de unirse a la OTAN"}]},{"@type":"WebSite","@id":"https:\/\/conexion23.com\/#website","url":"https:\/\/conexion23.com\/","name":"Conexi\u00f3n 23","description":"Peri\u00f3dico 100% Petromacorisano","publisher":{"@id":"https:\/\/conexion23.com\/#organization"},"potentialAction":[{"@type":"SearchAction","target":{"@type":"EntryPoint","urlTemplate":"https:\/\/conexion23.com\/?s={search_term_string}"},"query-input":{"@type":"PropertyValueSpecification","valueRequired":true,"valueName":"search_term_string"}}],"inLanguage":"es"},{"@type":"Organization","@id":"https:\/\/conexion23.com\/#organization","name":"Conexion 23","url":"https:\/\/conexion23.com\/","logo":{"@type":"ImageObject","inLanguage":"es","@id":"https:\/\/conexion23.com\/#\/schema\/logo\/image\/","url":"https:\/\/conexion23.com\/wp-content\/uploads\/2021\/11\/Diseno-sin-titulo-2.png","contentUrl":"https:\/\/conexion23.com\/wp-content\/uploads\/2021\/11\/Diseno-sin-titulo-2.png","width":541,"height":90,"caption":"Conexion 23"},"image":{"@id":"https:\/\/conexion23.com\/#\/schema\/logo\/image\/"},"sameAs":["https:\/\/www.facebook.com\/conexion23com","https:\/\/www.instagram.com\/conexion23com\/","https:\/\/www.youtube.com\/channel\/UCYc7vxxFZMYLIHNsHHxPZ3Q"]},{"@type":"Person","@id":"https:\/\/conexion23.com\/#\/schema\/person\/03e36043331117e97a373299bbcd30a6","name":"Raffy Ben\u00edtez","image":{"@type":"ImageObject","inLanguage":"es","@id":"https:\/\/conexion23.com\/#\/schema\/person\/image\/","url":"https:\/\/secure.gravatar.com\/avatar\/3190a6a6c5e1b0327500f7d6c56b6242472ee6cb974cf09b401ee6b3b0798f23?s=96&d=mm&r=g","contentUrl":"https:\/\/secure.gravatar.com\/avatar\/3190a6a6c5e1b0327500f7d6c56b6242472ee6cb974cf09b401ee6b3b0798f23?s=96&d=mm&r=g","caption":"Raffy Ben\u00edtez"},"url":"https:\/\/conexion23.com\/?author=15"}]}},"_links":{"self":[{"href":"https:\/\/conexion23.com\/index.php?rest_route=\/wp\/v2\/posts\/35309","targetHints":{"allow":["GET"]}}],"collection":[{"href":"https:\/\/conexion23.com\/index.php?rest_route=\/wp\/v2\/posts"}],"about":[{"href":"https:\/\/conexion23.com\/index.php?rest_route=\/wp\/v2\/types\/post"}],"author":[{"embeddable":true,"href":"https:\/\/conexion23.com\/index.php?rest_route=\/wp\/v2\/users\/15"}],"replies":[{"embeddable":true,"href":"https:\/\/conexion23.com\/index.php?rest_route=%2Fwp%2Fv2%2Fcomments&post=35309"}],"version-history":[{"count":1,"href":"https:\/\/conexion23.com\/index.php?rest_route=\/wp\/v2\/posts\/35309\/revisions"}],"predecessor-version":[{"id":35311,"href":"https:\/\/conexion23.com\/index.php?rest_route=\/wp\/v2\/posts\/35309\/revisions\/35311"}],"wp:featuredmedia":[{"embeddable":true,"href":"https:\/\/conexion23.com\/index.php?rest_route=\/wp\/v2\/media\/35310"}],"wp:attachment":[{"href":"https:\/\/conexion23.com\/index.php?rest_route=%2Fwp%2Fv2%2Fmedia&parent=35309"}],"wp:term":[{"taxonomy":"category","embeddable":true,"href":"https:\/\/conexion23.com\/index.php?rest_route=%2Fwp%2Fv2%2Fcategories&post=35309"},{"taxonomy":"post_tag","embeddable":true,"href":"https:\/\/conexion23.com\/index.php?rest_route=%2Fwp%2Fv2%2Ftags&post=35309"}],"curies":[{"name":"wp","href":"https:\/\/api.w.org\/{rel}","templated":true}]}}