{"id":35324,"date":"2024-11-30T08:08:26","date_gmt":"2024-11-30T12:08:26","guid":{"rendered":"https:\/\/conexion23.com\/?p=35324"},"modified":"2024-11-30T08:08:28","modified_gmt":"2024-11-30T12:08:28","slug":"la-cesantia-mantiene-trancada-la-reforma-del-codigo-laboral","status":"publish","type":"post","link":"https:\/\/conexion23.com\/?p=35324","title":{"rendered":"La cesant\u00eda mantiene trancada la reforma del C\u00f3digo Laboral"},"content":{"rendered":"\n<p>El sector sindical en pleno sinti\u00f3 ayer un torbellino con la posici\u00f3n del sector empleador para que, a pesar de haberse logrado un consenso en el 98% de los temas de la reforma laboral, el proyecto no sea aprobado sin que se incluyan los temas pendientes, entre los que est\u00e1 el de la cesant\u00eda.<\/p>\n\n\n\n<p>El presidente del Consejo Nacional de Unidad Sindical (CNUS), Rafael-Pepe-Abreu, llam\u00f3 a List\u00edn Diario para advertir que si alg\u00fan congresista osa introducir la cesant\u00eda en el proyecto de reforma laboral que est\u00e1 en el Congreso, \u201cdespertar\u00e1n a un gigante dormido\u201d y de inmediato convocar\u00e1n a una huelga general que dar\u00e1 al traste con la paz social.<\/p>\n\n\n\n<p>El tema de la reforma laboral fue explicado ampliamente por el ministro de Trabajo, Luis Miguel De Camps, en el desayuno de List\u00edn Diario, donde dijo que el sector tripartito (Gobierno, sindicatos y empresarios) hab\u00edan alcanzado un consenso del 98% de los temas dentro del Consejo Consultivo del Trabajo).<\/p>\n\n\n\n<p>ADVERTISING<\/p>\n\n\n\n<p>De Camps, explic\u00f3 que el tema de la cesant\u00eda no est\u00e1 en el proyecto que est\u00e1 en el Congreso, porque la decisi\u00f3n fue llevar un proyecto conteniendo los consensos y la cesant\u00eda no fue parte de esto.<\/p>\n\n\n\n<p>La c\u00fapula empresarial, representada por el Consejo Nacional de la Empresa Privada (Conep) reiter\u00f3 en una carta enviada al ministro De Camps que el proyecto no debe ser aprobado sin abordar esos temas pendientes.<\/p>\n\n\n\n<p>De hecho, una delegaci\u00f3n empresarial ir\u00e1 el mi\u00e9rcoles al Congreso a validar sus planteamientos.<\/p>\n\n\n\n<h3 class=\"wp-block-heading\">Reacci\u00f3n sindical<\/h3>\n\n\n\n<p>Al respecto, Pepe Abreu recalc\u00f3 que tal como dijo De Camps, hubo consenso en m\u00e1s del 90% de los temas planteados en el CCT. Sin la cesant\u00eda.<\/p>\n\n\n\n<p>Abreu afirm\u00f3 que todos los dirigentes de sindicatos llamaron al CNUS para que haya una reacci\u00f3n a la postura del empresariado.<\/p>\n\n\n\n<p>Explic\u00f3 que el lunes 26 de agosto el presidente Luis Abinader convoc\u00f3 a los empresarios, al ministro de Trabajo y a los sindicatos a la rueda de prensa La Semanal para ese d\u00eda anunciar el acuerdo al que se hab\u00eda arribado luego de discusiones de dos a\u00f1os y medio en este Gobierno, sobre la reforma al C\u00f3digo Laboral.<\/p>\n","protected":false},"excerpt":{"rendered":"<p>El sector sindical en pleno sinti\u00f3 ayer un torbellino con la posici\u00f3n del sector empleador para que, a pesar de haberse logrado un consenso en el 98% de los temas de la reforma laboral, el proyecto no sea aprobado sin que se incluyan los temas pendientes, entre los que est\u00e1 el de la cesant\u00eda. El [&hellip;]<\/p>\n","protected":false},"author":15,"featured_media":35325,"comment_status":"open","ping_status":"open","sticky":false,"template":"","format":"standard","meta":{"footnotes":""},"categories":[1],"tags":[],"class_list":{"0":"post-35324","1":"post","2":"type-post","3":"status-publish","4":"format-standard","5":"has-post-thumbnail","7":"category-uncategorized"},"yoast_head":"<!-- This site is optimized with the Yoast SEO plugin v27.1.1 - https:\/\/yoast.com\/product\/yoast-seo-wordpress\/ -->\n<title>La cesant\u00eda mantiene trancada la reforma del C\u00f3digo Laboral - Conexi\u00f3n 23<\/title>\n<meta name=\"robots\" content=\"index, follow, max-snippet:-1, max-image-preview:large, max-video-preview:-1\" \/>\n<link rel=\"canonical\" href=\"https:\/\/conexion23.com\/?p=35324\" \/>\n<meta property=\"og:locale\" content=\"es_ES\" \/>\n<meta property=\"og:type\" content=\"article\" \/>\n<meta property=\"og:title\" content=\"La cesant\u00eda mantiene trancada la reforma del C\u00f3digo Laboral - Conexi\u00f3n 23\" \/>\n<meta property=\"og:description\" content=\"El sector sindical en pleno sinti\u00f3 ayer un torbellino con la posici\u00f3n del sector empleador para que, a pesar de haberse logrado un consenso en el 98% de los temas de la reforma laboral, el proyecto no sea aprobado sin que se incluyan los temas pendientes, entre los que est\u00e1 el de la cesant\u00eda. El [&hellip;]\" \/>\n<meta property=\"og:url\" content=\"https:\/\/conexion23.com\/?p=35324\" \/>\n<meta property=\"og:site_name\" content=\"Conexi\u00f3n 23\" \/>\n<meta property=\"article:publisher\" content=\"https:\/\/www.facebook.com\/conexion23com\" \/>\n<meta property=\"article:published_time\" content=\"2024-11-30T12:08:26+00:00\" \/>\n<meta property=\"article:modified_time\" content=\"2024-11-30T12:08:28+00:00\" \/>\n<meta property=\"og:image\" content=\"https:\/\/conexion23.com\/wp-content\/uploads\/2024\/11\/674a7792e2d56.jpeg\" \/>\n\t<meta property=\"og:image:width\" content=\"800\" \/>\n\t<meta property=\"og:image:height\" content=\"533\" \/>\n\t<meta property=\"og:image:type\" content=\"image\/jpeg\" \/>\n<meta name=\"author\" content=\"Raffy Ben\u00edtez\" \/>\n<meta name=\"twitter:card\" content=\"summary_large_image\" \/>\n<meta name=\"twitter:label1\" content=\"Escrito por\" \/>\n\t<meta name=\"twitter:data1\" content=\"Raffy Ben\u00edtez\" \/>\n\t<meta name=\"twitter:label2\" content=\"Tiempo de lectura\" \/>\n\t<meta name=\"twitter:data2\" content=\"2 minutos\" \/>\n<script type=\"application\/ld+json\" class=\"yoast-schema-graph\">{\"@context\":\"https:\/\/schema.org\",\"@graph\":[{\"@type\":\"Article\",\"@id\":\"https:\/\/conexion23.com\/?p=35324#article\",\"isPartOf\":{\"@id\":\"https:\/\/conexion23.com\/?p=35324\"},\"author\":{\"name\":\"Raffy Ben\u00edtez\",\"@id\":\"https:\/\/conexion23.com\/#\/schema\/person\/03e36043331117e97a373299bbcd30a6\"},\"headline\":\"La cesant\u00eda mantiene trancada la reforma del C\u00f3digo Laboral\",\"datePublished\":\"2024-11-30T12:08:26+00:00\",\"dateModified\":\"2024-11-30T12:08:28+00:00\",\"mainEntityOfPage\":{\"@id\":\"https:\/\/conexion23.com\/?p=35324\"},\"wordCount\":383,\"commentCount\":0,\"publisher\":{\"@id\":\"https:\/\/conexion23.com\/#organization\"},\"image\":{\"@id\":\"https:\/\/conexion23.com\/?p=35324#primaryimage\"},\"thumbnailUrl\":\"https:\/\/conexion23.com\/wp-content\/uploads\/2024\/11\/674a7792e2d56.jpeg\",\"articleSection\":[\"Uncategorized\"],\"inLanguage\":\"es\",\"potentialAction\":[{\"@type\":\"CommentAction\",\"name\":\"Comment\",\"target\":[\"https:\/\/conexion23.com\/?p=35324#respond\"]}]},{\"@type\":\"WebPage\",\"@id\":\"https:\/\/conexion23.com\/?p=35324\",\"url\":\"https:\/\/conexion23.com\/?p=35324\",\"name\":\"La cesant\u00eda mantiene trancada la reforma del C\u00f3digo Laboral - Conexi\u00f3n 23\",\"isPartOf\":{\"@id\":\"https:\/\/conexion23.com\/#website\"},\"primaryImageOfPage\":{\"@id\":\"https:\/\/conexion23.com\/?p=35324#primaryimage\"},\"image\":{\"@id\":\"https:\/\/conexion23.com\/?p=35324#primaryimage\"},\"thumbnailUrl\":\"https:\/\/conexion23.com\/wp-content\/uploads\/2024\/11\/674a7792e2d56.jpeg\",\"datePublished\":\"2024-11-30T12:08:26+00:00\",\"dateModified\":\"2024-11-30T12:08:28+00:00\",\"breadcrumb\":{\"@id\":\"https:\/\/conexion23.com\/?p=35324#breadcrumb\"},\"inLanguage\":\"es\",\"potentialAction\":[{\"@type\":\"ReadAction\",\"target\":[\"https:\/\/conexion23.com\/?p=35324\"]}]},{\"@type\":\"ImageObject\",\"inLanguage\":\"es\",\"@id\":\"https:\/\/conexion23.com\/?p=35324#primaryimage\",\"url\":\"https:\/\/conexion23.com\/wp-content\/uploads\/2024\/11\/674a7792e2d56.jpeg\",\"contentUrl\":\"https:\/\/conexion23.com\/wp-content\/uploads\/2024\/11\/674a7792e2d56.jpeg\",\"width\":800,\"height\":533},{\"@type\":\"BreadcrumbList\",\"@id\":\"https:\/\/conexion23.com\/?p=35324#breadcrumb\",\"itemListElement\":[{\"@type\":\"ListItem\",\"position\":1,\"name\":\"Portada\",\"item\":\"https:\/\/conexion23.com\/\"},{\"@type\":\"ListItem\",\"position\":2,\"name\":\"La cesant\u00eda mantiene trancada la reforma del C\u00f3digo Laboral\"}]},{\"@type\":\"WebSite\",\"@id\":\"https:\/\/conexion23.com\/#website\",\"url\":\"https:\/\/conexion23.com\/\",\"name\":\"Conexi\u00f3n 23\",\"description\":\"Peri\u00f3dico 100% Petromacorisano\",\"publisher\":{\"@id\":\"https:\/\/conexion23.com\/#organization\"},\"potentialAction\":[{\"@type\":\"SearchAction\",\"target\":{\"@type\":\"EntryPoint\",\"urlTemplate\":\"https:\/\/conexion23.com\/?s={search_term_string}\"},\"query-input\":{\"@type\":\"PropertyValueSpecification\",\"valueRequired\":true,\"valueName\":\"search_term_string\"}}],\"inLanguage\":\"es\"},{\"@type\":\"Organization\",\"@id\":\"https:\/\/conexion23.com\/#organization\",\"name\":\"Conexion 23\",\"url\":\"https:\/\/conexion23.com\/\",\"logo\":{\"@type\":\"ImageObject\",\"inLanguage\":\"es\",\"@id\":\"https:\/\/conexion23.com\/#\/schema\/logo\/image\/\",\"url\":\"https:\/\/conexion23.com\/wp-content\/uploads\/2021\/11\/Diseno-sin-titulo-2.png\",\"contentUrl\":\"https:\/\/conexion23.com\/wp-content\/uploads\/2021\/11\/Diseno-sin-titulo-2.png\",\"width\":541,\"height\":90,\"caption\":\"Conexion 23\"},\"image\":{\"@id\":\"https:\/\/conexion23.com\/#\/schema\/logo\/image\/\"},\"sameAs\":[\"https:\/\/www.facebook.com\/conexion23com\",\"https:\/\/www.instagram.com\/conexion23com\/\",\"https:\/\/www.youtube.com\/channel\/UCYc7vxxFZMYLIHNsHHxPZ3Q\"]},{\"@type\":\"Person\",\"@id\":\"https:\/\/conexion23.com\/#\/schema\/person\/03e36043331117e97a373299bbcd30a6\",\"name\":\"Raffy Ben\u00edtez\",\"image\":{\"@type\":\"ImageObject\",\"inLanguage\":\"es\",\"@id\":\"https:\/\/conexion23.com\/#\/schema\/person\/image\/\",\"url\":\"https:\/\/secure.gravatar.com\/avatar\/3190a6a6c5e1b0327500f7d6c56b6242472ee6cb974cf09b401ee6b3b0798f23?s=96&d=mm&r=g\",\"contentUrl\":\"https:\/\/secure.gravatar.com\/avatar\/3190a6a6c5e1b0327500f7d6c56b6242472ee6cb974cf09b401ee6b3b0798f23?s=96&d=mm&r=g\",\"caption\":\"Raffy Ben\u00edtez\"},\"url\":\"https:\/\/conexion23.com\/?author=15\"}]}<\/script>\n<!-- \/ Yoast SEO plugin. -->","yoast_head_json":{"title":"La cesant\u00eda mantiene trancada la reforma del C\u00f3digo Laboral - Conexi\u00f3n 23","robots":{"index":"index","follow":"follow","max-snippet":"max-snippet:-1","max-image-preview":"max-image-preview:large","max-video-preview":"max-video-preview:-1"},"canonical":"https:\/\/conexion23.com\/?p=35324","og_locale":"es_ES","og_type":"article","og_title":"La cesant\u00eda mantiene trancada la reforma del C\u00f3digo Laboral - Conexi\u00f3n 23","og_description":"El sector sindical en pleno sinti\u00f3 ayer un torbellino con la posici\u00f3n del sector empleador para que, a pesar de haberse logrado un consenso en el 98% de los temas de la reforma laboral, el proyecto no sea aprobado sin que se incluyan los temas pendientes, entre los que est\u00e1 el de la cesant\u00eda. El [&hellip;]","og_url":"https:\/\/conexion23.com\/?p=35324","og_site_name":"Conexi\u00f3n 23","article_publisher":"https:\/\/www.facebook.com\/conexion23com","article_published_time":"2024-11-30T12:08:26+00:00","article_modified_time":"2024-11-30T12:08:28+00:00","og_image":[{"width":800,"height":533,"url":"https:\/\/conexion23.com\/wp-content\/uploads\/2024\/11\/674a7792e2d56.jpeg","type":"image\/jpeg"}],"author":"Raffy Ben\u00edtez","twitter_card":"summary_large_image","twitter_misc":{"Escrito por":"Raffy Ben\u00edtez","Tiempo de lectura":"2 minutos"},"schema":{"@context":"https:\/\/schema.org","@graph":[{"@type":"Article","@id":"https:\/\/conexion23.com\/?p=35324#article","isPartOf":{"@id":"https:\/\/conexion23.com\/?p=35324"},"author":{"name":"Raffy Ben\u00edtez","@id":"https:\/\/conexion23.com\/#\/schema\/person\/03e36043331117e97a373299bbcd30a6"},"headline":"La cesant\u00eda mantiene trancada la reforma del C\u00f3digo Laboral","datePublished":"2024-11-30T12:08:26+00:00","dateModified":"2024-11-30T12:08:28+00:00","mainEntityOfPage":{"@id":"https:\/\/conexion23.com\/?p=35324"},"wordCount":383,"commentCount":0,"publisher":{"@id":"https:\/\/conexion23.com\/#organization"},"image":{"@id":"https:\/\/conexion23.com\/?p=35324#primaryimage"},"thumbnailUrl":"https:\/\/conexion23.com\/wp-content\/uploads\/2024\/11\/674a7792e2d56.jpeg","articleSection":["Uncategorized"],"inLanguage":"es","potentialAction":[{"@type":"CommentAction","name":"Comment","target":["https:\/\/conexion23.com\/?p=35324#respond"]}]},{"@type":"WebPage","@id":"https:\/\/conexion23.com\/?p=35324","url":"https:\/\/conexion23.com\/?p=35324","name":"La cesant\u00eda mantiene trancada la reforma del C\u00f3digo Laboral - Conexi\u00f3n 23","isPartOf":{"@id":"https:\/\/conexion23.com\/#website"},"primaryImageOfPage":{"@id":"https:\/\/conexion23.com\/?p=35324#primaryimage"},"image":{"@id":"https:\/\/conexion23.com\/?p=35324#primaryimage"},"thumbnailUrl":"https:\/\/conexion23.com\/wp-content\/uploads\/2024\/11\/674a7792e2d56.jpeg","datePublished":"2024-11-30T12:08:26+00:00","dateModified":"2024-11-30T12:08:28+00:00","breadcrumb":{"@id":"https:\/\/conexion23.com\/?p=35324#breadcrumb"},"inLanguage":"es","potentialAction":[{"@type":"ReadAction","target":["https:\/\/conexion23.com\/?p=35324"]}]},{"@type":"ImageObject","inLanguage":"es","@id":"https:\/\/conexion23.com\/?p=35324#primaryimage","url":"https:\/\/conexion23.com\/wp-content\/uploads\/2024\/11\/674a7792e2d56.jpeg","contentUrl":"https:\/\/conexion23.com\/wp-content\/uploads\/2024\/11\/674a7792e2d56.jpeg","width":800,"height":533},{"@type":"BreadcrumbList","@id":"https:\/\/conexion23.com\/?p=35324#breadcrumb","itemListElement":[{"@type":"ListItem","position":1,"name":"Portada","item":"https:\/\/conexion23.com\/"},{"@type":"ListItem","position":2,"name":"La cesant\u00eda mantiene trancada la reforma del C\u00f3digo Laboral"}]},{"@type":"WebSite","@id":"https:\/\/conexion23.com\/#website","url":"https:\/\/conexion23.com\/","name":"Conexi\u00f3n 23","description":"Peri\u00f3dico 100% Petromacorisano","publisher":{"@id":"https:\/\/conexion23.com\/#organization"},"potentialAction":[{"@type":"SearchAction","target":{"@type":"EntryPoint","urlTemplate":"https:\/\/conexion23.com\/?s={search_term_string}"},"query-input":{"@type":"PropertyValueSpecification","valueRequired":true,"valueName":"search_term_string"}}],"inLanguage":"es"},{"@type":"Organization","@id":"https:\/\/conexion23.com\/#organization","name":"Conexion 23","url":"https:\/\/conexion23.com\/","logo":{"@type":"ImageObject","inLanguage":"es","@id":"https:\/\/conexion23.com\/#\/schema\/logo\/image\/","url":"https:\/\/conexion23.com\/wp-content\/uploads\/2021\/11\/Diseno-sin-titulo-2.png","contentUrl":"https:\/\/conexion23.com\/wp-content\/uploads\/2021\/11\/Diseno-sin-titulo-2.png","width":541,"height":90,"caption":"Conexion 23"},"image":{"@id":"https:\/\/conexion23.com\/#\/schema\/logo\/image\/"},"sameAs":["https:\/\/www.facebook.com\/conexion23com","https:\/\/www.instagram.com\/conexion23com\/","https:\/\/www.youtube.com\/channel\/UCYc7vxxFZMYLIHNsHHxPZ3Q"]},{"@type":"Person","@id":"https:\/\/conexion23.com\/#\/schema\/person\/03e36043331117e97a373299bbcd30a6","name":"Raffy Ben\u00edtez","image":{"@type":"ImageObject","inLanguage":"es","@id":"https:\/\/conexion23.com\/#\/schema\/person\/image\/","url":"https:\/\/secure.gravatar.com\/avatar\/3190a6a6c5e1b0327500f7d6c56b6242472ee6cb974cf09b401ee6b3b0798f23?s=96&d=mm&r=g","contentUrl":"https:\/\/secure.gravatar.com\/avatar\/3190a6a6c5e1b0327500f7d6c56b6242472ee6cb974cf09b401ee6b3b0798f23?s=96&d=mm&r=g","caption":"Raffy Ben\u00edtez"},"url":"https:\/\/conexion23.com\/?author=15"}]}},"_links":{"self":[{"href":"https:\/\/conexion23.com\/index.php?rest_route=\/wp\/v2\/posts\/35324","targetHints":{"allow":["GET"]}}],"collection":[{"href":"https:\/\/conexion23.com\/index.php?rest_route=\/wp\/v2\/posts"}],"about":[{"href":"https:\/\/conexion23.com\/index.php?rest_route=\/wp\/v2\/types\/post"}],"author":[{"embeddable":true,"href":"https:\/\/conexion23.com\/index.php?rest_route=\/wp\/v2\/users\/15"}],"replies":[{"embeddable":true,"href":"https:\/\/conexion23.com\/index.php?rest_route=%2Fwp%2Fv2%2Fcomments&post=35324"}],"version-history":[{"count":1,"href":"https:\/\/conexion23.com\/index.php?rest_route=\/wp\/v2\/posts\/35324\/revisions"}],"predecessor-version":[{"id":35326,"href":"https:\/\/conexion23.com\/index.php?rest_route=\/wp\/v2\/posts\/35324\/revisions\/35326"}],"wp:featuredmedia":[{"embeddable":true,"href":"https:\/\/conexion23.com\/index.php?rest_route=\/wp\/v2\/media\/35325"}],"wp:attachment":[{"href":"https:\/\/conexion23.com\/index.php?rest_route=%2Fwp%2Fv2%2Fmedia&parent=35324"}],"wp:term":[{"taxonomy":"category","embeddable":true,"href":"https:\/\/conexion23.com\/index.php?rest_route=%2Fwp%2Fv2%2Fcategories&post=35324"},{"taxonomy":"post_tag","embeddable":true,"href":"https:\/\/conexion23.com\/index.php?rest_route=%2Fwp%2Fv2%2Ftags&post=35324"}],"curies":[{"name":"wp","href":"https:\/\/api.w.org\/{rel}","templated":true}]}}