{"id":35332,"date":"2024-12-05T07:18:52","date_gmt":"2024-12-05T11:18:52","guid":{"rendered":"https:\/\/conexion23.com\/?p=35332"},"modified":"2024-12-05T07:18:53","modified_gmt":"2024-12-05T11:18:53","slug":"prohibiran-en-enero-las-candidaturas-presidenciales-prm-jose-ignacio-paliza","status":"publish","type":"post","link":"https:\/\/conexion23.com\/?p=35332","title":{"rendered":"Prohibir\u00e1n en enero las candidaturas presidenciales PRM: Jos\u00e9 Ignacio Paliza"},"content":{"rendered":"\n<p>El ministro de la Presidencia y presidente del Partido Revolucionario Moderno (PRM), Jos\u00e9 Ignacio Paliza, adelant\u00f3 que en enero del pr\u00f3ximo a\u00f1o 2025 someter\u00e1 una resoluci\u00f3n a la consideraci\u00f3n de la Comisi\u00f3n Ejecutiva Nacional de la organizaci\u00f3n para prohibir las aspiraciones presidenciales y otras candidaturas.<\/p>\n\n\n\n<p>Dijo que los funcionarios y l\u00edderes provinciales del PRM deben esperar los plazos para la renovaci\u00f3n de la dirigencia de la agrupaci\u00f3n y los periodos de lanzamiento de aspiraciones.<\/p>\n\n\n\n<p>Entrevistado en el programa Hoy Mismo, que se difunde por Color<\/p>\n\n\n\n<p>Visi\u00f3n, Paliza consider\u00f3 que lo que corresponde ahora es trabajar por el gobierno del presidente Luis Abinader.<\/p>\n\n\n\n<p>Subray\u00f3 que la administraci\u00f3n perreme\u00edsta tiene muchas tareas por delante para responder a las expectativas de la poblaci\u00f3n en este nuevo mandato del actual jefe del Estado.<\/p>\n\n\n\n<p>\u201cNosotros propiciaremos, al principio del mes de enero, cuando se reanuden las actividades partidarias, someter un proyecto de resoluci\u00f3n tendente a detener o prohibir todo proceso de construcci\u00f3n proyectos presidenciales u otra naturaleza\u201d, precis\u00f3.<\/p>\n\n\n\n<p>Paliza dijo que en modo alguno esa resoluci\u00f3n violar\u00eda la Constituci\u00f3n de la Rep\u00fablica, sino que ser\u00e1 c\u00f3nsona con la ley y los reglamentos del PRM.<\/p>\n\n\n\n<p>Aclar\u00f3 que no se le est\u00e1 prohibiendo a ning\u00fan dirigente a que aspire a cualquier cargo de elecci\u00f3n, sino que se debe esperar que la organizaci\u00f3n haga un llamado en cumplimiento a las disposiciones estatutarias.<\/p>\n","protected":false},"excerpt":{"rendered":"<p>El ministro de la Presidencia y presidente del Partido Revolucionario Moderno (PRM), Jos\u00e9 Ignacio Paliza, adelant\u00f3 que en enero del pr\u00f3ximo a\u00f1o 2025 someter\u00e1 una resoluci\u00f3n a la consideraci\u00f3n de la Comisi\u00f3n Ejecutiva Nacional de la organizaci\u00f3n para prohibir las aspiraciones presidenciales y otras candidaturas. Dijo que los funcionarios y l\u00edderes provinciales del PRM deben [&hellip;]<\/p>\n","protected":false},"author":15,"featured_media":35333,"comment_status":"open","ping_status":"open","sticky":false,"template":"","format":"standard","meta":{"footnotes":""},"categories":[1],"tags":[],"class_list":{"0":"post-35332","1":"post","2":"type-post","3":"status-publish","4":"format-standard","5":"has-post-thumbnail","7":"category-uncategorized"},"yoast_head":"<!-- This site is optimized with the Yoast SEO plugin v27.1.1 - https:\/\/yoast.com\/product\/yoast-seo-wordpress\/ -->\n<title>Prohibir\u00e1n en enero las candidaturas presidenciales PRM: Jos\u00e9 Ignacio Paliza - Conexi\u00f3n 23<\/title>\n<meta name=\"robots\" content=\"index, follow, max-snippet:-1, max-image-preview:large, max-video-preview:-1\" \/>\n<link rel=\"canonical\" href=\"https:\/\/conexion23.com\/?p=35332\" \/>\n<meta property=\"og:locale\" content=\"es_ES\" \/>\n<meta property=\"og:type\" content=\"article\" \/>\n<meta property=\"og:title\" content=\"Prohibir\u00e1n en enero las candidaturas presidenciales PRM: Jos\u00e9 Ignacio Paliza - Conexi\u00f3n 23\" \/>\n<meta property=\"og:description\" content=\"El ministro de la Presidencia y presidente del Partido Revolucionario Moderno (PRM), Jos\u00e9 Ignacio Paliza, adelant\u00f3 que en enero del pr\u00f3ximo a\u00f1o 2025 someter\u00e1 una resoluci\u00f3n a la consideraci\u00f3n de la Comisi\u00f3n Ejecutiva Nacional de la organizaci\u00f3n para prohibir las aspiraciones presidenciales y otras candidaturas. Dijo que los funcionarios y l\u00edderes provinciales del PRM deben [&hellip;]\" \/>\n<meta property=\"og:url\" content=\"https:\/\/conexion23.com\/?p=35332\" \/>\n<meta property=\"og:site_name\" content=\"Conexi\u00f3n 23\" \/>\n<meta property=\"article:publisher\" content=\"https:\/\/www.facebook.com\/conexion23com\" \/>\n<meta property=\"article:published_time\" content=\"2024-12-05T11:18:52+00:00\" \/>\n<meta property=\"article:modified_time\" content=\"2024-12-05T11:18:53+00:00\" \/>\n<meta property=\"og:image\" content=\"https:\/\/conexion23.com\/wp-content\/uploads\/2024\/12\/20241127_184704.jpg\" \/>\n\t<meta property=\"og:image:width\" content=\"640\" \/>\n\t<meta property=\"og:image:height\" content=\"296\" \/>\n\t<meta property=\"og:image:type\" content=\"image\/jpeg\" \/>\n<meta name=\"author\" content=\"Raffy Ben\u00edtez\" \/>\n<meta name=\"twitter:card\" content=\"summary_large_image\" \/>\n<meta name=\"twitter:label1\" content=\"Escrito por\" \/>\n\t<meta name=\"twitter:data1\" content=\"Raffy Ben\u00edtez\" \/>\n\t<meta name=\"twitter:label2\" content=\"Tiempo de lectura\" \/>\n\t<meta name=\"twitter:data2\" content=\"2 minutos\" \/>\n<script type=\"application\/ld+json\" class=\"yoast-schema-graph\">{\"@context\":\"https:\/\/schema.org\",\"@graph\":[{\"@type\":\"Article\",\"@id\":\"https:\/\/conexion23.com\/?p=35332#article\",\"isPartOf\":{\"@id\":\"https:\/\/conexion23.com\/?p=35332\"},\"author\":{\"name\":\"Raffy Ben\u00edtez\",\"@id\":\"https:\/\/conexion23.com\/#\/schema\/person\/03e36043331117e97a373299bbcd30a6\"},\"headline\":\"Prohibir\u00e1n en enero las candidaturas presidenciales PRM: Jos\u00e9 Ignacio Paliza\",\"datePublished\":\"2024-12-05T11:18:52+00:00\",\"dateModified\":\"2024-12-05T11:18:53+00:00\",\"mainEntityOfPage\":{\"@id\":\"https:\/\/conexion23.com\/?p=35332\"},\"wordCount\":257,\"commentCount\":0,\"publisher\":{\"@id\":\"https:\/\/conexion23.com\/#organization\"},\"image\":{\"@id\":\"https:\/\/conexion23.com\/?p=35332#primaryimage\"},\"thumbnailUrl\":\"https:\/\/conexion23.com\/wp-content\/uploads\/2024\/12\/20241127_184704.jpg\",\"articleSection\":[\"Uncategorized\"],\"inLanguage\":\"es\",\"potentialAction\":[{\"@type\":\"CommentAction\",\"name\":\"Comment\",\"target\":[\"https:\/\/conexion23.com\/?p=35332#respond\"]}]},{\"@type\":\"WebPage\",\"@id\":\"https:\/\/conexion23.com\/?p=35332\",\"url\":\"https:\/\/conexion23.com\/?p=35332\",\"name\":\"Prohibir\u00e1n en enero las candidaturas presidenciales PRM: Jos\u00e9 Ignacio Paliza - Conexi\u00f3n 23\",\"isPartOf\":{\"@id\":\"https:\/\/conexion23.com\/#website\"},\"primaryImageOfPage\":{\"@id\":\"https:\/\/conexion23.com\/?p=35332#primaryimage\"},\"image\":{\"@id\":\"https:\/\/conexion23.com\/?p=35332#primaryimage\"},\"thumbnailUrl\":\"https:\/\/conexion23.com\/wp-content\/uploads\/2024\/12\/20241127_184704.jpg\",\"datePublished\":\"2024-12-05T11:18:52+00:00\",\"dateModified\":\"2024-12-05T11:18:53+00:00\",\"breadcrumb\":{\"@id\":\"https:\/\/conexion23.com\/?p=35332#breadcrumb\"},\"inLanguage\":\"es\",\"potentialAction\":[{\"@type\":\"ReadAction\",\"target\":[\"https:\/\/conexion23.com\/?p=35332\"]}]},{\"@type\":\"ImageObject\",\"inLanguage\":\"es\",\"@id\":\"https:\/\/conexion23.com\/?p=35332#primaryimage\",\"url\":\"https:\/\/conexion23.com\/wp-content\/uploads\/2024\/12\/20241127_184704.jpg\",\"contentUrl\":\"https:\/\/conexion23.com\/wp-content\/uploads\/2024\/12\/20241127_184704.jpg\",\"width\":640,\"height\":296},{\"@type\":\"BreadcrumbList\",\"@id\":\"https:\/\/conexion23.com\/?p=35332#breadcrumb\",\"itemListElement\":[{\"@type\":\"ListItem\",\"position\":1,\"name\":\"Portada\",\"item\":\"https:\/\/conexion23.com\/\"},{\"@type\":\"ListItem\",\"position\":2,\"name\":\"Prohibir\u00e1n en enero las candidaturas presidenciales PRM: Jos\u00e9 Ignacio Paliza\"}]},{\"@type\":\"WebSite\",\"@id\":\"https:\/\/conexion23.com\/#website\",\"url\":\"https:\/\/conexion23.com\/\",\"name\":\"Conexi\u00f3n 23\",\"description\":\"Peri\u00f3dico 100% Petromacorisano\",\"publisher\":{\"@id\":\"https:\/\/conexion23.com\/#organization\"},\"potentialAction\":[{\"@type\":\"SearchAction\",\"target\":{\"@type\":\"EntryPoint\",\"urlTemplate\":\"https:\/\/conexion23.com\/?s={search_term_string}\"},\"query-input\":{\"@type\":\"PropertyValueSpecification\",\"valueRequired\":true,\"valueName\":\"search_term_string\"}}],\"inLanguage\":\"es\"},{\"@type\":\"Organization\",\"@id\":\"https:\/\/conexion23.com\/#organization\",\"name\":\"Conexion 23\",\"url\":\"https:\/\/conexion23.com\/\",\"logo\":{\"@type\":\"ImageObject\",\"inLanguage\":\"es\",\"@id\":\"https:\/\/conexion23.com\/#\/schema\/logo\/image\/\",\"url\":\"https:\/\/conexion23.com\/wp-content\/uploads\/2021\/11\/Diseno-sin-titulo-2.png\",\"contentUrl\":\"https:\/\/conexion23.com\/wp-content\/uploads\/2021\/11\/Diseno-sin-titulo-2.png\",\"width\":541,\"height\":90,\"caption\":\"Conexion 23\"},\"image\":{\"@id\":\"https:\/\/conexion23.com\/#\/schema\/logo\/image\/\"},\"sameAs\":[\"https:\/\/www.facebook.com\/conexion23com\",\"https:\/\/www.instagram.com\/conexion23com\/\",\"https:\/\/www.youtube.com\/channel\/UCYc7vxxFZMYLIHNsHHxPZ3Q\"]},{\"@type\":\"Person\",\"@id\":\"https:\/\/conexion23.com\/#\/schema\/person\/03e36043331117e97a373299bbcd30a6\",\"name\":\"Raffy Ben\u00edtez\",\"image\":{\"@type\":\"ImageObject\",\"inLanguage\":\"es\",\"@id\":\"https:\/\/conexion23.com\/#\/schema\/person\/image\/\",\"url\":\"https:\/\/secure.gravatar.com\/avatar\/3190a6a6c5e1b0327500f7d6c56b6242472ee6cb974cf09b401ee6b3b0798f23?s=96&d=mm&r=g\",\"contentUrl\":\"https:\/\/secure.gravatar.com\/avatar\/3190a6a6c5e1b0327500f7d6c56b6242472ee6cb974cf09b401ee6b3b0798f23?s=96&d=mm&r=g\",\"caption\":\"Raffy Ben\u00edtez\"},\"url\":\"https:\/\/conexion23.com\/?author=15\"}]}<\/script>\n<!-- \/ Yoast SEO plugin. -->","yoast_head_json":{"title":"Prohibir\u00e1n en enero las candidaturas presidenciales PRM: Jos\u00e9 Ignacio Paliza - Conexi\u00f3n 23","robots":{"index":"index","follow":"follow","max-snippet":"max-snippet:-1","max-image-preview":"max-image-preview:large","max-video-preview":"max-video-preview:-1"},"canonical":"https:\/\/conexion23.com\/?p=35332","og_locale":"es_ES","og_type":"article","og_title":"Prohibir\u00e1n en enero las candidaturas presidenciales PRM: Jos\u00e9 Ignacio Paliza - Conexi\u00f3n 23","og_description":"El ministro de la Presidencia y presidente del Partido Revolucionario Moderno (PRM), Jos\u00e9 Ignacio Paliza, adelant\u00f3 que en enero del pr\u00f3ximo a\u00f1o 2025 someter\u00e1 una resoluci\u00f3n a la consideraci\u00f3n de la Comisi\u00f3n Ejecutiva Nacional de la organizaci\u00f3n para prohibir las aspiraciones presidenciales y otras candidaturas. Dijo que los funcionarios y l\u00edderes provinciales del PRM deben [&hellip;]","og_url":"https:\/\/conexion23.com\/?p=35332","og_site_name":"Conexi\u00f3n 23","article_publisher":"https:\/\/www.facebook.com\/conexion23com","article_published_time":"2024-12-05T11:18:52+00:00","article_modified_time":"2024-12-05T11:18:53+00:00","og_image":[{"width":640,"height":296,"url":"https:\/\/conexion23.com\/wp-content\/uploads\/2024\/12\/20241127_184704.jpg","type":"image\/jpeg"}],"author":"Raffy Ben\u00edtez","twitter_card":"summary_large_image","twitter_misc":{"Escrito por":"Raffy Ben\u00edtez","Tiempo de lectura":"2 minutos"},"schema":{"@context":"https:\/\/schema.org","@graph":[{"@type":"Article","@id":"https:\/\/conexion23.com\/?p=35332#article","isPartOf":{"@id":"https:\/\/conexion23.com\/?p=35332"},"author":{"name":"Raffy Ben\u00edtez","@id":"https:\/\/conexion23.com\/#\/schema\/person\/03e36043331117e97a373299bbcd30a6"},"headline":"Prohibir\u00e1n en enero las candidaturas presidenciales PRM: Jos\u00e9 Ignacio Paliza","datePublished":"2024-12-05T11:18:52+00:00","dateModified":"2024-12-05T11:18:53+00:00","mainEntityOfPage":{"@id":"https:\/\/conexion23.com\/?p=35332"},"wordCount":257,"commentCount":0,"publisher":{"@id":"https:\/\/conexion23.com\/#organization"},"image":{"@id":"https:\/\/conexion23.com\/?p=35332#primaryimage"},"thumbnailUrl":"https:\/\/conexion23.com\/wp-content\/uploads\/2024\/12\/20241127_184704.jpg","articleSection":["Uncategorized"],"inLanguage":"es","potentialAction":[{"@type":"CommentAction","name":"Comment","target":["https:\/\/conexion23.com\/?p=35332#respond"]}]},{"@type":"WebPage","@id":"https:\/\/conexion23.com\/?p=35332","url":"https:\/\/conexion23.com\/?p=35332","name":"Prohibir\u00e1n en enero las candidaturas presidenciales PRM: Jos\u00e9 Ignacio Paliza - Conexi\u00f3n 23","isPartOf":{"@id":"https:\/\/conexion23.com\/#website"},"primaryImageOfPage":{"@id":"https:\/\/conexion23.com\/?p=35332#primaryimage"},"image":{"@id":"https:\/\/conexion23.com\/?p=35332#primaryimage"},"thumbnailUrl":"https:\/\/conexion23.com\/wp-content\/uploads\/2024\/12\/20241127_184704.jpg","datePublished":"2024-12-05T11:18:52+00:00","dateModified":"2024-12-05T11:18:53+00:00","breadcrumb":{"@id":"https:\/\/conexion23.com\/?p=35332#breadcrumb"},"inLanguage":"es","potentialAction":[{"@type":"ReadAction","target":["https:\/\/conexion23.com\/?p=35332"]}]},{"@type":"ImageObject","inLanguage":"es","@id":"https:\/\/conexion23.com\/?p=35332#primaryimage","url":"https:\/\/conexion23.com\/wp-content\/uploads\/2024\/12\/20241127_184704.jpg","contentUrl":"https:\/\/conexion23.com\/wp-content\/uploads\/2024\/12\/20241127_184704.jpg","width":640,"height":296},{"@type":"BreadcrumbList","@id":"https:\/\/conexion23.com\/?p=35332#breadcrumb","itemListElement":[{"@type":"ListItem","position":1,"name":"Portada","item":"https:\/\/conexion23.com\/"},{"@type":"ListItem","position":2,"name":"Prohibir\u00e1n en enero las candidaturas presidenciales PRM: Jos\u00e9 Ignacio Paliza"}]},{"@type":"WebSite","@id":"https:\/\/conexion23.com\/#website","url":"https:\/\/conexion23.com\/","name":"Conexi\u00f3n 23","description":"Peri\u00f3dico 100% Petromacorisano","publisher":{"@id":"https:\/\/conexion23.com\/#organization"},"potentialAction":[{"@type":"SearchAction","target":{"@type":"EntryPoint","urlTemplate":"https:\/\/conexion23.com\/?s={search_term_string}"},"query-input":{"@type":"PropertyValueSpecification","valueRequired":true,"valueName":"search_term_string"}}],"inLanguage":"es"},{"@type":"Organization","@id":"https:\/\/conexion23.com\/#organization","name":"Conexion 23","url":"https:\/\/conexion23.com\/","logo":{"@type":"ImageObject","inLanguage":"es","@id":"https:\/\/conexion23.com\/#\/schema\/logo\/image\/","url":"https:\/\/conexion23.com\/wp-content\/uploads\/2021\/11\/Diseno-sin-titulo-2.png","contentUrl":"https:\/\/conexion23.com\/wp-content\/uploads\/2021\/11\/Diseno-sin-titulo-2.png","width":541,"height":90,"caption":"Conexion 23"},"image":{"@id":"https:\/\/conexion23.com\/#\/schema\/logo\/image\/"},"sameAs":["https:\/\/www.facebook.com\/conexion23com","https:\/\/www.instagram.com\/conexion23com\/","https:\/\/www.youtube.com\/channel\/UCYc7vxxFZMYLIHNsHHxPZ3Q"]},{"@type":"Person","@id":"https:\/\/conexion23.com\/#\/schema\/person\/03e36043331117e97a373299bbcd30a6","name":"Raffy Ben\u00edtez","image":{"@type":"ImageObject","inLanguage":"es","@id":"https:\/\/conexion23.com\/#\/schema\/person\/image\/","url":"https:\/\/secure.gravatar.com\/avatar\/3190a6a6c5e1b0327500f7d6c56b6242472ee6cb974cf09b401ee6b3b0798f23?s=96&d=mm&r=g","contentUrl":"https:\/\/secure.gravatar.com\/avatar\/3190a6a6c5e1b0327500f7d6c56b6242472ee6cb974cf09b401ee6b3b0798f23?s=96&d=mm&r=g","caption":"Raffy Ben\u00edtez"},"url":"https:\/\/conexion23.com\/?author=15"}]}},"_links":{"self":[{"href":"https:\/\/conexion23.com\/index.php?rest_route=\/wp\/v2\/posts\/35332","targetHints":{"allow":["GET"]}}],"collection":[{"href":"https:\/\/conexion23.com\/index.php?rest_route=\/wp\/v2\/posts"}],"about":[{"href":"https:\/\/conexion23.com\/index.php?rest_route=\/wp\/v2\/types\/post"}],"author":[{"embeddable":true,"href":"https:\/\/conexion23.com\/index.php?rest_route=\/wp\/v2\/users\/15"}],"replies":[{"embeddable":true,"href":"https:\/\/conexion23.com\/index.php?rest_route=%2Fwp%2Fv2%2Fcomments&post=35332"}],"version-history":[{"count":1,"href":"https:\/\/conexion23.com\/index.php?rest_route=\/wp\/v2\/posts\/35332\/revisions"}],"predecessor-version":[{"id":35334,"href":"https:\/\/conexion23.com\/index.php?rest_route=\/wp\/v2\/posts\/35332\/revisions\/35334"}],"wp:featuredmedia":[{"embeddable":true,"href":"https:\/\/conexion23.com\/index.php?rest_route=\/wp\/v2\/media\/35333"}],"wp:attachment":[{"href":"https:\/\/conexion23.com\/index.php?rest_route=%2Fwp%2Fv2%2Fmedia&parent=35332"}],"wp:term":[{"taxonomy":"category","embeddable":true,"href":"https:\/\/conexion23.com\/index.php?rest_route=%2Fwp%2Fv2%2Fcategories&post=35332"},{"taxonomy":"post_tag","embeddable":true,"href":"https:\/\/conexion23.com\/index.php?rest_route=%2Fwp%2Fv2%2Ftags&post=35332"}],"curies":[{"name":"wp","href":"https:\/\/api.w.org\/{rel}","templated":true}]}}