{"id":35335,"date":"2024-12-05T07:22:12","date_gmt":"2024-12-05T11:22:12","guid":{"rendered":"https:\/\/conexion23.com\/?p=35335"},"modified":"2024-12-05T07:22:13","modified_gmt":"2024-12-05T11:22:13","slug":"pn-investiga-circunstancias-en-la-que-resulto-muerta-una-femina-en-el-batey-olivares-municipio-ramon-santana-de-spm","status":"publish","type":"post","link":"https:\/\/conexion23.com\/?p=35335","title":{"rendered":"PN investiga circunstancias en la que result\u00f3 muerta una f\u00e9mina en el Batey Olivares, municipio Ram\u00f3n Santana de SPM."},"content":{"rendered":"\n<p>Agentes policiales adscritos a la Sub Direcci\u00f3n Regional Sureste de Investigacion (Dicrim), profundizan las investigaciones para esclarecer las circunstancias en las que result\u00f3 muerta una f\u00e9mina en el Batey Olivares del municipio Ram\u00f3n Santana, de esta ciudad.<\/p>\n\n\n\n<p>La fallecida respond\u00eda al nombre de Liliana Fortuna, Nacionalidad Haitiana, de 23 a\u00f1os, la cual resid\u00eda en la refer\u00eda comunidad, tras presentar seg\u00fan diagn\u00f3stico del m\u00e9dico legista, \u201cHerida cortante en el cuello, amputaci\u00f3n de mano derecha y varias quemaduras\u201d.<\/p>\n\n\n\n<p>El cuerpo sin vida de Liliana fue encontrado en horas de la ma\u00f1ana del pasado Martes 02\/12\/2024, tirado en unos ca\u00f1averales, ubicado en el Batey antes mencionado.<\/p>\n\n\n\n<p>Seg\u00fan el informe preliminar de la investigaci\u00f3n, dichas heridas les fueron provocadas presuntamente por su expareja sentimental (ya identificado), puesto que el mismo asediaba y amenazaba con anterioridad en otras ocasiones a la v\u00edctima, con la intenci\u00f3n de volver a estar con esta, pero la misma se rehusaba.<\/p>\n\n\n\n<p>Cabe destacar que el agresor presenta un proceso abierto en la Unidad de Violencia de Genero de esta ciudad, por haber agredido f\u00edsicamente a la fallecida en una ocasi\u00f3n.<\/p>\n\n\n\n<p>La Polic\u00eda Nacional junto al Ministerio P\u00fablico contin\u00faan profundizando las labores de investigaci\u00f3n correspondientes a este caso; a la vez se activa la b\u00fasqueda y captura de este agresor para ser sometido a la acci\u00f3n de la justicia y responda por el hecho cometido, exhort\u00e1ndole que se entregue por la v\u00eda que considere pertinente.<\/p>\n","protected":false},"excerpt":{"rendered":"<p>Agentes policiales adscritos a la Sub Direcci\u00f3n Regional Sureste de Investigacion (Dicrim), profundizan las investigaciones para esclarecer las circunstancias en las que result\u00f3 muerta una f\u00e9mina en el Batey Olivares del municipio Ram\u00f3n Santana, de esta ciudad. La fallecida respond\u00eda al nombre de Liliana Fortuna, Nacionalidad Haitiana, de 23 a\u00f1os, la cual resid\u00eda en la [&hellip;]<\/p>\n","protected":false},"author":15,"featured_media":35336,"comment_status":"open","ping_status":"open","sticky":false,"template":"","format":"standard","meta":{"footnotes":""},"categories":[16],"tags":[],"class_list":{"0":"post-35335","1":"post","2":"type-post","3":"status-publish","4":"format-standard","5":"has-post-thumbnail","7":"category-ramon-santana"},"yoast_head":"<!-- This site is optimized with the Yoast SEO plugin v27.1.1 - https:\/\/yoast.com\/product\/yoast-seo-wordpress\/ -->\n<title>PN investiga circunstancias en la que result\u00f3 muerta una f\u00e9mina en el Batey Olivares, municipio Ram\u00f3n Santana de SPM. - Conexi\u00f3n 23<\/title>\n<meta name=\"robots\" content=\"index, follow, max-snippet:-1, max-image-preview:large, max-video-preview:-1\" \/>\n<link rel=\"canonical\" href=\"https:\/\/conexion23.com\/?p=35335\" \/>\n<meta property=\"og:locale\" content=\"es_ES\" \/>\n<meta property=\"og:type\" content=\"article\" \/>\n<meta property=\"og:title\" content=\"PN investiga circunstancias en la que result\u00f3 muerta una f\u00e9mina en el Batey Olivares, municipio Ram\u00f3n Santana de SPM. - Conexi\u00f3n 23\" \/>\n<meta property=\"og:description\" content=\"Agentes policiales adscritos a la Sub Direcci\u00f3n Regional Sureste de Investigacion (Dicrim), profundizan las investigaciones para esclarecer las circunstancias en las que result\u00f3 muerta una f\u00e9mina en el Batey Olivares del municipio Ram\u00f3n Santana, de esta ciudad. La fallecida respond\u00eda al nombre de Liliana Fortuna, Nacionalidad Haitiana, de 23 a\u00f1os, la cual resid\u00eda en la [&hellip;]\" \/>\n<meta property=\"og:url\" content=\"https:\/\/conexion23.com\/?p=35335\" \/>\n<meta property=\"og:site_name\" content=\"Conexi\u00f3n 23\" \/>\n<meta property=\"article:publisher\" content=\"https:\/\/www.facebook.com\/conexion23com\" \/>\n<meta property=\"article:published_time\" content=\"2024-12-05T11:22:12+00:00\" \/>\n<meta property=\"article:modified_time\" content=\"2024-12-05T11:22:13+00:00\" \/>\n<meta property=\"og:image\" content=\"https:\/\/conexion23.com\/wp-content\/uploads\/2024\/12\/joniris-youtube-2024-12-03T100545.481.webp\" \/>\n\t<meta property=\"og:image:width\" content=\"1280\" \/>\n\t<meta property=\"og:image:height\" content=\"720\" \/>\n\t<meta property=\"og:image:type\" content=\"image\/webp\" \/>\n<meta name=\"author\" content=\"Raffy Ben\u00edtez\" \/>\n<meta name=\"twitter:card\" content=\"summary_large_image\" \/>\n<meta name=\"twitter:label1\" content=\"Escrito por\" \/>\n\t<meta name=\"twitter:data1\" content=\"Raffy Ben\u00edtez\" \/>\n\t<meta name=\"twitter:label2\" content=\"Tiempo de lectura\" \/>\n\t<meta name=\"twitter:data2\" content=\"2 minutos\" \/>\n<script type=\"application\/ld+json\" class=\"yoast-schema-graph\">{\"@context\":\"https:\/\/schema.org\",\"@graph\":[{\"@type\":\"Article\",\"@id\":\"https:\/\/conexion23.com\/?p=35335#article\",\"isPartOf\":{\"@id\":\"https:\/\/conexion23.com\/?p=35335\"},\"author\":{\"name\":\"Raffy Ben\u00edtez\",\"@id\":\"https:\/\/conexion23.com\/#\/schema\/person\/03e36043331117e97a373299bbcd30a6\"},\"headline\":\"PN investiga circunstancias en la que result\u00f3 muerta una f\u00e9mina en el Batey Olivares, municipio Ram\u00f3n Santana de SPM.\",\"datePublished\":\"2024-12-05T11:22:12+00:00\",\"dateModified\":\"2024-12-05T11:22:13+00:00\",\"mainEntityOfPage\":{\"@id\":\"https:\/\/conexion23.com\/?p=35335\"},\"wordCount\":280,\"commentCount\":0,\"publisher\":{\"@id\":\"https:\/\/conexion23.com\/#organization\"},\"image\":{\"@id\":\"https:\/\/conexion23.com\/?p=35335#primaryimage\"},\"thumbnailUrl\":\"https:\/\/conexion23.com\/wp-content\/uploads\/2024\/12\/joniris-youtube-2024-12-03T100545.481.webp\",\"articleSection\":[\"Ram\u00f3n Santana\"],\"inLanguage\":\"es\",\"potentialAction\":[{\"@type\":\"CommentAction\",\"name\":\"Comment\",\"target\":[\"https:\/\/conexion23.com\/?p=35335#respond\"]}]},{\"@type\":\"WebPage\",\"@id\":\"https:\/\/conexion23.com\/?p=35335\",\"url\":\"https:\/\/conexion23.com\/?p=35335\",\"name\":\"PN investiga circunstancias en la que result\u00f3 muerta una f\u00e9mina en el Batey Olivares, municipio Ram\u00f3n Santana de SPM. - Conexi\u00f3n 23\",\"isPartOf\":{\"@id\":\"https:\/\/conexion23.com\/#website\"},\"primaryImageOfPage\":{\"@id\":\"https:\/\/conexion23.com\/?p=35335#primaryimage\"},\"image\":{\"@id\":\"https:\/\/conexion23.com\/?p=35335#primaryimage\"},\"thumbnailUrl\":\"https:\/\/conexion23.com\/wp-content\/uploads\/2024\/12\/joniris-youtube-2024-12-03T100545.481.webp\",\"datePublished\":\"2024-12-05T11:22:12+00:00\",\"dateModified\":\"2024-12-05T11:22:13+00:00\",\"breadcrumb\":{\"@id\":\"https:\/\/conexion23.com\/?p=35335#breadcrumb\"},\"inLanguage\":\"es\",\"potentialAction\":[{\"@type\":\"ReadAction\",\"target\":[\"https:\/\/conexion23.com\/?p=35335\"]}]},{\"@type\":\"ImageObject\",\"inLanguage\":\"es\",\"@id\":\"https:\/\/conexion23.com\/?p=35335#primaryimage\",\"url\":\"https:\/\/conexion23.com\/wp-content\/uploads\/2024\/12\/joniris-youtube-2024-12-03T100545.481.webp\",\"contentUrl\":\"https:\/\/conexion23.com\/wp-content\/uploads\/2024\/12\/joniris-youtube-2024-12-03T100545.481.webp\",\"width\":1280,\"height\":720},{\"@type\":\"BreadcrumbList\",\"@id\":\"https:\/\/conexion23.com\/?p=35335#breadcrumb\",\"itemListElement\":[{\"@type\":\"ListItem\",\"position\":1,\"name\":\"Portada\",\"item\":\"https:\/\/conexion23.com\/\"},{\"@type\":\"ListItem\",\"position\":2,\"name\":\"PN investiga circunstancias en la que result\u00f3 muerta una f\u00e9mina en el Batey Olivares, municipio Ram\u00f3n Santana de SPM.\"}]},{\"@type\":\"WebSite\",\"@id\":\"https:\/\/conexion23.com\/#website\",\"url\":\"https:\/\/conexion23.com\/\",\"name\":\"Conexi\u00f3n 23\",\"description\":\"Peri\u00f3dico 100% Petromacorisano\",\"publisher\":{\"@id\":\"https:\/\/conexion23.com\/#organization\"},\"potentialAction\":[{\"@type\":\"SearchAction\",\"target\":{\"@type\":\"EntryPoint\",\"urlTemplate\":\"https:\/\/conexion23.com\/?s={search_term_string}\"},\"query-input\":{\"@type\":\"PropertyValueSpecification\",\"valueRequired\":true,\"valueName\":\"search_term_string\"}}],\"inLanguage\":\"es\"},{\"@type\":\"Organization\",\"@id\":\"https:\/\/conexion23.com\/#organization\",\"name\":\"Conexion 23\",\"url\":\"https:\/\/conexion23.com\/\",\"logo\":{\"@type\":\"ImageObject\",\"inLanguage\":\"es\",\"@id\":\"https:\/\/conexion23.com\/#\/schema\/logo\/image\/\",\"url\":\"https:\/\/conexion23.com\/wp-content\/uploads\/2021\/11\/Diseno-sin-titulo-2.png\",\"contentUrl\":\"https:\/\/conexion23.com\/wp-content\/uploads\/2021\/11\/Diseno-sin-titulo-2.png\",\"width\":541,\"height\":90,\"caption\":\"Conexion 23\"},\"image\":{\"@id\":\"https:\/\/conexion23.com\/#\/schema\/logo\/image\/\"},\"sameAs\":[\"https:\/\/www.facebook.com\/conexion23com\",\"https:\/\/www.instagram.com\/conexion23com\/\",\"https:\/\/www.youtube.com\/channel\/UCYc7vxxFZMYLIHNsHHxPZ3Q\"]},{\"@type\":\"Person\",\"@id\":\"https:\/\/conexion23.com\/#\/schema\/person\/03e36043331117e97a373299bbcd30a6\",\"name\":\"Raffy Ben\u00edtez\",\"image\":{\"@type\":\"ImageObject\",\"inLanguage\":\"es\",\"@id\":\"https:\/\/conexion23.com\/#\/schema\/person\/image\/\",\"url\":\"https:\/\/secure.gravatar.com\/avatar\/3190a6a6c5e1b0327500f7d6c56b6242472ee6cb974cf09b401ee6b3b0798f23?s=96&d=mm&r=g\",\"contentUrl\":\"https:\/\/secure.gravatar.com\/avatar\/3190a6a6c5e1b0327500f7d6c56b6242472ee6cb974cf09b401ee6b3b0798f23?s=96&d=mm&r=g\",\"caption\":\"Raffy Ben\u00edtez\"},\"url\":\"https:\/\/conexion23.com\/?author=15\"}]}<\/script>\n<!-- \/ Yoast SEO plugin. -->","yoast_head_json":{"title":"PN investiga circunstancias en la que result\u00f3 muerta una f\u00e9mina en el Batey Olivares, municipio Ram\u00f3n Santana de SPM. - Conexi\u00f3n 23","robots":{"index":"index","follow":"follow","max-snippet":"max-snippet:-1","max-image-preview":"max-image-preview:large","max-video-preview":"max-video-preview:-1"},"canonical":"https:\/\/conexion23.com\/?p=35335","og_locale":"es_ES","og_type":"article","og_title":"PN investiga circunstancias en la que result\u00f3 muerta una f\u00e9mina en el Batey Olivares, municipio Ram\u00f3n Santana de SPM. - Conexi\u00f3n 23","og_description":"Agentes policiales adscritos a la Sub Direcci\u00f3n Regional Sureste de Investigacion (Dicrim), profundizan las investigaciones para esclarecer las circunstancias en las que result\u00f3 muerta una f\u00e9mina en el Batey Olivares del municipio Ram\u00f3n Santana, de esta ciudad. La fallecida respond\u00eda al nombre de Liliana Fortuna, Nacionalidad Haitiana, de 23 a\u00f1os, la cual resid\u00eda en la [&hellip;]","og_url":"https:\/\/conexion23.com\/?p=35335","og_site_name":"Conexi\u00f3n 23","article_publisher":"https:\/\/www.facebook.com\/conexion23com","article_published_time":"2024-12-05T11:22:12+00:00","article_modified_time":"2024-12-05T11:22:13+00:00","og_image":[{"width":1280,"height":720,"url":"https:\/\/conexion23.com\/wp-content\/uploads\/2024\/12\/joniris-youtube-2024-12-03T100545.481.webp","type":"image\/webp"}],"author":"Raffy Ben\u00edtez","twitter_card":"summary_large_image","twitter_misc":{"Escrito por":"Raffy Ben\u00edtez","Tiempo de lectura":"2 minutos"},"schema":{"@context":"https:\/\/schema.org","@graph":[{"@type":"Article","@id":"https:\/\/conexion23.com\/?p=35335#article","isPartOf":{"@id":"https:\/\/conexion23.com\/?p=35335"},"author":{"name":"Raffy Ben\u00edtez","@id":"https:\/\/conexion23.com\/#\/schema\/person\/03e36043331117e97a373299bbcd30a6"},"headline":"PN investiga circunstancias en la que result\u00f3 muerta una f\u00e9mina en el Batey Olivares, municipio Ram\u00f3n Santana de SPM.","datePublished":"2024-12-05T11:22:12+00:00","dateModified":"2024-12-05T11:22:13+00:00","mainEntityOfPage":{"@id":"https:\/\/conexion23.com\/?p=35335"},"wordCount":280,"commentCount":0,"publisher":{"@id":"https:\/\/conexion23.com\/#organization"},"image":{"@id":"https:\/\/conexion23.com\/?p=35335#primaryimage"},"thumbnailUrl":"https:\/\/conexion23.com\/wp-content\/uploads\/2024\/12\/joniris-youtube-2024-12-03T100545.481.webp","articleSection":["Ram\u00f3n Santana"],"inLanguage":"es","potentialAction":[{"@type":"CommentAction","name":"Comment","target":["https:\/\/conexion23.com\/?p=35335#respond"]}]},{"@type":"WebPage","@id":"https:\/\/conexion23.com\/?p=35335","url":"https:\/\/conexion23.com\/?p=35335","name":"PN investiga circunstancias en la que result\u00f3 muerta una f\u00e9mina en el Batey Olivares, municipio Ram\u00f3n Santana de SPM. - Conexi\u00f3n 23","isPartOf":{"@id":"https:\/\/conexion23.com\/#website"},"primaryImageOfPage":{"@id":"https:\/\/conexion23.com\/?p=35335#primaryimage"},"image":{"@id":"https:\/\/conexion23.com\/?p=35335#primaryimage"},"thumbnailUrl":"https:\/\/conexion23.com\/wp-content\/uploads\/2024\/12\/joniris-youtube-2024-12-03T100545.481.webp","datePublished":"2024-12-05T11:22:12+00:00","dateModified":"2024-12-05T11:22:13+00:00","breadcrumb":{"@id":"https:\/\/conexion23.com\/?p=35335#breadcrumb"},"inLanguage":"es","potentialAction":[{"@type":"ReadAction","target":["https:\/\/conexion23.com\/?p=35335"]}]},{"@type":"ImageObject","inLanguage":"es","@id":"https:\/\/conexion23.com\/?p=35335#primaryimage","url":"https:\/\/conexion23.com\/wp-content\/uploads\/2024\/12\/joniris-youtube-2024-12-03T100545.481.webp","contentUrl":"https:\/\/conexion23.com\/wp-content\/uploads\/2024\/12\/joniris-youtube-2024-12-03T100545.481.webp","width":1280,"height":720},{"@type":"BreadcrumbList","@id":"https:\/\/conexion23.com\/?p=35335#breadcrumb","itemListElement":[{"@type":"ListItem","position":1,"name":"Portada","item":"https:\/\/conexion23.com\/"},{"@type":"ListItem","position":2,"name":"PN investiga circunstancias en la que result\u00f3 muerta una f\u00e9mina en el Batey Olivares, municipio Ram\u00f3n Santana de SPM."}]},{"@type":"WebSite","@id":"https:\/\/conexion23.com\/#website","url":"https:\/\/conexion23.com\/","name":"Conexi\u00f3n 23","description":"Peri\u00f3dico 100% Petromacorisano","publisher":{"@id":"https:\/\/conexion23.com\/#organization"},"potentialAction":[{"@type":"SearchAction","target":{"@type":"EntryPoint","urlTemplate":"https:\/\/conexion23.com\/?s={search_term_string}"},"query-input":{"@type":"PropertyValueSpecification","valueRequired":true,"valueName":"search_term_string"}}],"inLanguage":"es"},{"@type":"Organization","@id":"https:\/\/conexion23.com\/#organization","name":"Conexion 23","url":"https:\/\/conexion23.com\/","logo":{"@type":"ImageObject","inLanguage":"es","@id":"https:\/\/conexion23.com\/#\/schema\/logo\/image\/","url":"https:\/\/conexion23.com\/wp-content\/uploads\/2021\/11\/Diseno-sin-titulo-2.png","contentUrl":"https:\/\/conexion23.com\/wp-content\/uploads\/2021\/11\/Diseno-sin-titulo-2.png","width":541,"height":90,"caption":"Conexion 23"},"image":{"@id":"https:\/\/conexion23.com\/#\/schema\/logo\/image\/"},"sameAs":["https:\/\/www.facebook.com\/conexion23com","https:\/\/www.instagram.com\/conexion23com\/","https:\/\/www.youtube.com\/channel\/UCYc7vxxFZMYLIHNsHHxPZ3Q"]},{"@type":"Person","@id":"https:\/\/conexion23.com\/#\/schema\/person\/03e36043331117e97a373299bbcd30a6","name":"Raffy Ben\u00edtez","image":{"@type":"ImageObject","inLanguage":"es","@id":"https:\/\/conexion23.com\/#\/schema\/person\/image\/","url":"https:\/\/secure.gravatar.com\/avatar\/3190a6a6c5e1b0327500f7d6c56b6242472ee6cb974cf09b401ee6b3b0798f23?s=96&d=mm&r=g","contentUrl":"https:\/\/secure.gravatar.com\/avatar\/3190a6a6c5e1b0327500f7d6c56b6242472ee6cb974cf09b401ee6b3b0798f23?s=96&d=mm&r=g","caption":"Raffy Ben\u00edtez"},"url":"https:\/\/conexion23.com\/?author=15"}]}},"_links":{"self":[{"href":"https:\/\/conexion23.com\/index.php?rest_route=\/wp\/v2\/posts\/35335","targetHints":{"allow":["GET"]}}],"collection":[{"href":"https:\/\/conexion23.com\/index.php?rest_route=\/wp\/v2\/posts"}],"about":[{"href":"https:\/\/conexion23.com\/index.php?rest_route=\/wp\/v2\/types\/post"}],"author":[{"embeddable":true,"href":"https:\/\/conexion23.com\/index.php?rest_route=\/wp\/v2\/users\/15"}],"replies":[{"embeddable":true,"href":"https:\/\/conexion23.com\/index.php?rest_route=%2Fwp%2Fv2%2Fcomments&post=35335"}],"version-history":[{"count":1,"href":"https:\/\/conexion23.com\/index.php?rest_route=\/wp\/v2\/posts\/35335\/revisions"}],"predecessor-version":[{"id":35337,"href":"https:\/\/conexion23.com\/index.php?rest_route=\/wp\/v2\/posts\/35335\/revisions\/35337"}],"wp:featuredmedia":[{"embeddable":true,"href":"https:\/\/conexion23.com\/index.php?rest_route=\/wp\/v2\/media\/35336"}],"wp:attachment":[{"href":"https:\/\/conexion23.com\/index.php?rest_route=%2Fwp%2Fv2%2Fmedia&parent=35335"}],"wp:term":[{"taxonomy":"category","embeddable":true,"href":"https:\/\/conexion23.com\/index.php?rest_route=%2Fwp%2Fv2%2Fcategories&post=35335"},{"taxonomy":"post_tag","embeddable":true,"href":"https:\/\/conexion23.com\/index.php?rest_route=%2Fwp%2Fv2%2Ftags&post=35335"}],"curies":[{"name":"wp","href":"https:\/\/api.w.org\/{rel}","templated":true}]}}